{"id":63968,"date":"2015-08-23T17:12:06","date_gmt":"2015-08-23T20:12:06","guid":{"rendered":"http:\/\/www.notibras.com\/site\/?p=63968"},"modified":"2015-08-23T18:18:41","modified_gmt":"2015-08-23T21:18:41","slug":"inter-mostra-nova-cara-desperdica-penalti-mas-derrota-furacao-no-beira-rio","status":"publish","type":"post","link":"https:\/\/www.notibras.com\/site\/inter-mostra-nova-cara-desperdica-penalti-mas-derrota-furacao-no-beira-rio\/","title":{"rendered":"Inter mostra nova cara, desperdi\u00e7a p\u00eanalti mas derrota Furac\u00e3o no Beira-Rio"},"content":{"rendered":"<p>O Inter desperdi\u00e7ou uma s\u00e9rie de chances. No primeiro tempo poderia ter virado vencendo por dois ou tr\u00eas de diferen\u00e7a. No come\u00e7o da etapa final, D&#8217;Alessandro errou p\u00eanalti. Mas neste domingo (23), o ditado &#8216;quem n\u00e3o faz, leva&#8217; n\u00e3o esteve presente no Beira-Rio. O time vermelho venceu por 2 a 0 o Atl\u00e9tico-PR pela 20\u00aa rodada do Brasileir\u00e3o e mostrou &#8216;nova cara&#8217;.<\/p>\n<p>A partir do comando de Argel Fucks, o Internacional tomou nova postura. Marca adiantado, pressiona o tempo todo. \u00c9 uma equipe vibrante, que abusa da velocidade com Vitinho, Vald\u00edvia e Sasha na frente. Diferente do que acontecia desde a elimina\u00e7\u00e3o da Libertadores sob comando de Diego Aguirre. E para simbolizar a vit\u00f3ria com o toque do novo treinador, quem marcou o gol da vit\u00f3ria foi uma aposta pessoal dele: o zagueiro Paul\u00e3o. Vald\u00edvia tinha feito o primeiro.<\/p>\n<p>Com isso chegou ao terceiro jogo de invencibilidade com Argel, quarto no total. E novamente n\u00e3o sofreu gol. A diferen\u00e7a para o grupo de classificados \u00e0 pr\u00f3xima Libertadores caiu para 5 pontos. E cresceu mais um pouco na classifica\u00e7\u00e3o, agora na 10\u00aa posi\u00e7\u00e3o com 28 pontos. J\u00e1 o Atl\u00e9tico-PR, que preservou alguns jogadores adotando rod\u00edzio, permaneceu com 30 pontos em 8\u00ba.<\/p>\n<p>O Inter n\u00e3o tomou conhecimento do Atl\u00e9tico-PR no come\u00e7o do jogo. Atacou, adiantou marca\u00e7\u00e3o e n\u00e3o demorou a abrir o placar. Aos 4 minutos, D&#8217;Alessandro lan\u00e7ou Vald\u00edvia, que dominou e marcou o primeiro. Em seguida, o Colorado teve ainda tr\u00eas chances seguidas para marcar, mas o goleiro Weverton evitou. Enquanto o Atl\u00e9tico-PR teve dificuldades para ficar com a bola, os donos da casa pressionaram atr\u00e1s do segundo gol, algo que n\u00e3o ocorreu na etapa inicial.<\/p>\n<p>No come\u00e7o do segundo tempo, o Inter manteve press\u00e3o. D&#8217;Alessandro lan\u00e7ou Vitinho que foi derrubado por Cadu dentro da \u00e1rea: p\u00eanalti. Mas o argentino foi para cobran\u00e7a e o goleiro Weverton defendeu. O Atl\u00e9tico-PR tentou crescer. Mas as principais chances seguiram com o Colorado. Aos 23, Sasha bateu forte e acertou a trave. E quando o gol insistia em n\u00e3o acontecer, o zagueiro Paul\u00e3o resolveu. Escanteio cobrado e ap\u00f3s o desvio o defensor que \u00e9 aposta de Argel definiu o jogo.<\/p>\n","protected":false},"excerpt":{"rendered":"<p>O Inter desperdi\u00e7ou uma s\u00e9rie de chances. No primeiro tempo poderia ter virado vencendo por dois ou tr\u00eas de diferen\u00e7a. No come\u00e7o da etapa final, D&#8217;Alessandro errou p\u00eanalti. Mas neste domingo (23), o ditado &#8216;quem n\u00e3o faz, leva&#8217; n\u00e3o esteve presente no Beira-Rio. O time vermelho venceu por 2 a 0 o Atl\u00e9tico-PR pela 20\u00aa [&hellip;]<\/p>\n","protected":false},"author":2,"featured_media":63969,"comment_status":"open","ping_status":"closed","sticky":false,"template":"","format":"standard","meta":{"_acf_changed":false,"footnotes":""},"categories":[29],"tags":[],"class_list":["post-63968","post","type-post","status-publish","format-standard","has-post-thumbnail","hentry","category-futebol"],"acf":[],"yoast_head":"<!-- This site is optimized with the Yoast SEO plugin v27.2 - https:\/\/yoast.com\/product\/yoast-seo-wordpress\/ -->\n<title>Inter mostra nova cara, desperdi\u00e7a p\u00eanalti mas derrota Furac\u00e3o no Beira-Rio - Notibras<\/title>\n<meta name=\"robots\" content=\"index, follow, max-snippet:-1, max-image-preview:large, max-video-preview:-1\" \/>\n<link rel=\"canonical\" href=\"https:\/\/www.notibras.com\/site\/inter-mostra-nova-cara-desperdica-penalti-mas-derrota-furacao-no-beira-rio\/\" \/>\n<meta property=\"og:locale\" content=\"pt_BR\" \/>\n<meta property=\"og:type\" content=\"article\" \/>\n<meta property=\"og:title\" content=\"Inter mostra nova cara, desperdi\u00e7a p\u00eanalti mas derrota Furac\u00e3o no Beira-Rio - Notibras\" \/>\n<meta property=\"og:description\" content=\"O Inter desperdi\u00e7ou uma s\u00e9rie de chances. No primeiro tempo poderia ter virado vencendo por dois ou tr\u00eas de diferen\u00e7a. No come\u00e7o da etapa final, D&#8217;Alessandro errou p\u00eanalti. Mas neste domingo (23), o ditado &#8216;quem n\u00e3o faz, leva&#8217; n\u00e3o esteve presente no Beira-Rio. O time vermelho venceu por 2 a 0 o Atl\u00e9tico-PR pela 20\u00aa [&hellip;]\" \/>\n<meta property=\"og:url\" content=\"https:\/\/www.notibras.com\/site\/inter-mostra-nova-cara-desperdica-penalti-mas-derrota-furacao-no-beira-rio\/\" \/>\n<meta property=\"og:site_name\" content=\"Notibras\" \/>\n<meta property=\"article:publisher\" content=\"https:\/\/www.facebook.com\/notibras\/\" \/>\n<meta property=\"article:published_time\" content=\"2015-08-23T20:12:06+00:00\" \/>\n<meta property=\"article:modified_time\" content=\"2015-08-23T21:18:41+00:00\" \/>\n<meta property=\"og:image\" content=\"https:\/\/www.notibras.com\/site\/wp-content\/uploads\/2015\/08\/valdivia-internacional-2-1-fluminense-brasileirao-12-10-2014_e83bwe8702p1wzdegia6l2de.jpg\" \/>\n\t<meta property=\"og:image:width\" content=\"620\" \/>\n\t<meta property=\"og:image:height\" content=\"430\" \/>\n\t<meta property=\"og:image:type\" content=\"image\/jpeg\" \/>\n<meta name=\"author\" content=\"Reda\u00e7\u00e3o\" \/>\n<meta name=\"twitter:card\" content=\"summary_large_image\" \/>\n<meta name=\"twitter:creator\" content=\"@Notibras\" \/>\n<meta name=\"twitter:site\" content=\"@Notibras\" \/>\n<meta name=\"twitter:label1\" content=\"Escrito por\" \/>\n\t<meta name=\"twitter:data1\" content=\"Reda\u00e7\u00e3o\" \/>\n\t<meta name=\"twitter:label2\" content=\"Est. tempo de leitura\" \/>\n\t<meta name=\"twitter:data2\" content=\"2 minutos\" \/>\n<script type=\"application\/ld+json\" class=\"yoast-schema-graph\">{\"@context\":\"https:\/\/schema.org\",\"@graph\":[{\"@type\":\"Article\",\"@id\":\"https:\/\/www.notibras.com\/site\/inter-mostra-nova-cara-desperdica-penalti-mas-derrota-furacao-no-beira-rio\/#article\",\"isPartOf\":{\"@id\":\"https:\/\/www.notibras.com\/site\/inter-mostra-nova-cara-desperdica-penalti-mas-derrota-furacao-no-beira-rio\/\"},\"author\":{\"name\":\"Reda\u00e7\u00e3o\",\"@id\":\"https:\/\/www.notibras.com\/site\/#\/schema\/person\/36ab0979449956132d3e5b517ea76ac8\"},\"headline\":\"Inter mostra nova cara, desperdi\u00e7a p\u00eanalti mas derrota Furac\u00e3o no Beira-Rio\",\"datePublished\":\"2015-08-23T20:12:06+00:00\",\"dateModified\":\"2015-08-23T21:18:41+00:00\",\"mainEntityOfPage\":{\"@id\":\"https:\/\/www.notibras.com\/site\/inter-mostra-nova-cara-desperdica-penalti-mas-derrota-furacao-no-beira-rio\/\"},\"wordCount\":399,\"commentCount\":0,\"publisher\":{\"@id\":\"https:\/\/www.notibras.com\/site\/#organization\"},\"image\":{\"@id\":\"https:\/\/www.notibras.com\/site\/inter-mostra-nova-cara-desperdica-penalti-mas-derrota-furacao-no-beira-rio\/#primaryimage\"},\"thumbnailUrl\":\"https:\/\/www.notibras.com\/site\/wp-content\/uploads\/2015\/08\/valdivia-internacional-2-1-fluminense-brasileirao-12-10-2014_e83bwe8702p1wzdegia6l2de.jpg\",\"articleSection\":[\"Futebol\"],\"inLanguage\":\"pt-BR\",\"potentialAction\":[{\"@type\":\"CommentAction\",\"name\":\"Comment\",\"target\":[\"https:\/\/www.notibras.com\/site\/inter-mostra-nova-cara-desperdica-penalti-mas-derrota-furacao-no-beira-rio\/#respond\"]}]},{\"@type\":\"WebPage\",\"@id\":\"https:\/\/www.notibras.com\/site\/inter-mostra-nova-cara-desperdica-penalti-mas-derrota-furacao-no-beira-rio\/\",\"url\":\"https:\/\/www.notibras.com\/site\/inter-mostra-nova-cara-desperdica-penalti-mas-derrota-furacao-no-beira-rio\/\",\"name\":\"Inter mostra nova cara, desperdi\u00e7a p\u00eanalti mas derrota Furac\u00e3o no Beira-Rio - Notibras\",\"isPartOf\":{\"@id\":\"https:\/\/www.notibras.com\/site\/#website\"},\"primaryImageOfPage\":{\"@id\":\"https:\/\/www.notibras.com\/site\/inter-mostra-nova-cara-desperdica-penalti-mas-derrota-furacao-no-beira-rio\/#primaryimage\"},\"image\":{\"@id\":\"https:\/\/www.notibras.com\/site\/inter-mostra-nova-cara-desperdica-penalti-mas-derrota-furacao-no-beira-rio\/#primaryimage\"},\"thumbnailUrl\":\"https:\/\/www.notibras.com\/site\/wp-content\/uploads\/2015\/08\/valdivia-internacional-2-1-fluminense-brasileirao-12-10-2014_e83bwe8702p1wzdegia6l2de.jpg\",\"datePublished\":\"2015-08-23T20:12:06+00:00\",\"dateModified\":\"2015-08-23T21:18:41+00:00\",\"breadcrumb\":{\"@id\":\"https:\/\/www.notibras.com\/site\/inter-mostra-nova-cara-desperdica-penalti-mas-derrota-furacao-no-beira-rio\/#breadcrumb\"},\"inLanguage\":\"pt-BR\",\"potentialAction\":[{\"@type\":\"ReadAction\",\"target\":[\"https:\/\/www.notibras.com\/site\/inter-mostra-nova-cara-desperdica-penalti-mas-derrota-furacao-no-beira-rio\/\"]}]},{\"@type\":\"ImageObject\",\"inLanguage\":\"pt-BR\",\"@id\":\"https:\/\/www.notibras.com\/site\/inter-mostra-nova-cara-desperdica-penalti-mas-derrota-furacao-no-beira-rio\/#primaryimage\",\"url\":\"https:\/\/www.notibras.com\/site\/wp-content\/uploads\/2015\/08\/valdivia-internacional-2-1-fluminense-brasileirao-12-10-2014_e83bwe8702p1wzdegia6l2de.jpg\",\"contentUrl\":\"https:\/\/www.notibras.com\/site\/wp-content\/uploads\/2015\/08\/valdivia-internacional-2-1-fluminense-brasileirao-12-10-2014_e83bwe8702p1wzdegia6l2de.jpg\",\"width\":620,\"height\":430},{\"@type\":\"BreadcrumbList\",\"@id\":\"https:\/\/www.notibras.com\/site\/inter-mostra-nova-cara-desperdica-penalti-mas-derrota-furacao-no-beira-rio\/#breadcrumb\",\"itemListElement\":[{\"@type\":\"ListItem\",\"position\":1,\"name\":\"In\u00edcio\",\"item\":\"https:\/\/www.notibras.com\/site\/\"},{\"@type\":\"ListItem\",\"position\":2,\"name\":\"Inter mostra nova cara, desperdi\u00e7a p\u00eanalti mas derrota Furac\u00e3o no Beira-Rio\"}]},{\"@type\":\"WebSite\",\"@id\":\"https:\/\/www.notibras.com\/site\/#website\",\"url\":\"https:\/\/www.notibras.com\/site\/\",\"name\":\"Notibras\",\"description\":\"Not\u00edcias de Bras\u00edlia, do Brasil e do Mundo\",\"publisher\":{\"@id\":\"https:\/\/www.notibras.com\/site\/#organization\"},\"potentialAction\":[{\"@type\":\"SearchAction\",\"target\":{\"@type\":\"EntryPoint\",\"urlTemplate\":\"https:\/\/www.notibras.com\/site\/?s={search_term_string}\"},\"query-input\":{\"@type\":\"PropertyValueSpecification\",\"valueRequired\":true,\"valueName\":\"search_term_string\"}}],\"inLanguage\":\"pt-BR\"},{\"@type\":\"Organization\",\"@id\":\"https:\/\/www.notibras.com\/site\/#organization\",\"name\":\"Grupo Notibras de Comunica\u00e7\u00e3o\",\"url\":\"https:\/\/www.notibras.com\/site\/\",\"logo\":{\"@type\":\"ImageObject\",\"inLanguage\":\"pt-BR\",\"@id\":\"https:\/\/www.notibras.com\/site\/#\/schema\/logo\/image\/\",\"url\":\"https:\/\/www.notibras.com\/site\/wp-content\/uploads\/2023\/01\/notibras23.png\",\"contentUrl\":\"https:\/\/www.notibras.com\/site\/wp-content\/uploads\/2023\/01\/notibras23.png\",\"width\":350,\"height\":87,\"caption\":\"Grupo Notibras de Comunica\u00e7\u00e3o\"},\"image\":{\"@id\":\"https:\/\/www.notibras.com\/site\/#\/schema\/logo\/image\/\"},\"sameAs\":[\"https:\/\/www.facebook.com\/notibras\/\",\"https:\/\/x.com\/Notibras\",\"https:\/\/www.instagram.com\/notibras\/\"]},{\"@type\":\"Person\",\"@id\":\"https:\/\/www.notibras.com\/site\/#\/schema\/person\/36ab0979449956132d3e5b517ea76ac8\",\"name\":\"Reda\u00e7\u00e3o\",\"image\":{\"@type\":\"ImageObject\",\"inLanguage\":\"pt-BR\",\"@id\":\"https:\/\/secure.gravatar.com\/avatar\/e0a867bdedb85fd243eadf09663511f96fc81e0720a4a42581f334ad4303aa6b?s=96&d=mm&r=g\",\"url\":\"https:\/\/secure.gravatar.com\/avatar\/e0a867bdedb85fd243eadf09663511f96fc81e0720a4a42581f334ad4303aa6b?s=96&d=mm&r=g\",\"contentUrl\":\"https:\/\/secure.gravatar.com\/avatar\/e0a867bdedb85fd243eadf09663511f96fc81e0720a4a42581f334ad4303aa6b?s=96&d=mm&r=g\",\"caption\":\"Reda\u00e7\u00e3o\"}}]}<\/script>\n<!-- \/ Yoast SEO plugin. -->","yoast_head_json":{"title":"Inter mostra nova cara, desperdi\u00e7a p\u00eanalti mas derrota Furac\u00e3o no Beira-Rio - Notibras","robots":{"index":"index","follow":"follow","max-snippet":"max-snippet:-1","max-image-preview":"max-image-preview:large","max-video-preview":"max-video-preview:-1"},"canonical":"https:\/\/www.notibras.com\/site\/inter-mostra-nova-cara-desperdica-penalti-mas-derrota-furacao-no-beira-rio\/","og_locale":"pt_BR","og_type":"article","og_title":"Inter mostra nova cara, desperdi\u00e7a p\u00eanalti mas derrota Furac\u00e3o no Beira-Rio - Notibras","og_description":"O Inter desperdi\u00e7ou uma s\u00e9rie de chances. No primeiro tempo poderia ter virado vencendo por dois ou tr\u00eas de diferen\u00e7a. No come\u00e7o da etapa final, D&#8217;Alessandro errou p\u00eanalti. Mas neste domingo (23), o ditado &#8216;quem n\u00e3o faz, leva&#8217; n\u00e3o esteve presente no Beira-Rio. O time vermelho venceu por 2 a 0 o Atl\u00e9tico-PR pela 20\u00aa [&hellip;]","og_url":"https:\/\/www.notibras.com\/site\/inter-mostra-nova-cara-desperdica-penalti-mas-derrota-furacao-no-beira-rio\/","og_site_name":"Notibras","article_publisher":"https:\/\/www.facebook.com\/notibras\/","article_published_time":"2015-08-23T20:12:06+00:00","article_modified_time":"2015-08-23T21:18:41+00:00","og_image":[{"width":620,"height":430,"url":"https:\/\/www.notibras.com\/site\/wp-content\/uploads\/2015\/08\/valdivia-internacional-2-1-fluminense-brasileirao-12-10-2014_e83bwe8702p1wzdegia6l2de.jpg","type":"image\/jpeg"}],"author":"Reda\u00e7\u00e3o","twitter_card":"summary_large_image","twitter_creator":"@Notibras","twitter_site":"@Notibras","twitter_misc":{"Escrito por":"Reda\u00e7\u00e3o","Est. tempo de leitura":"2 minutos"},"schema":{"@context":"https:\/\/schema.org","@graph":[{"@type":"Article","@id":"https:\/\/www.notibras.com\/site\/inter-mostra-nova-cara-desperdica-penalti-mas-derrota-furacao-no-beira-rio\/#article","isPartOf":{"@id":"https:\/\/www.notibras.com\/site\/inter-mostra-nova-cara-desperdica-penalti-mas-derrota-furacao-no-beira-rio\/"},"author":{"name":"Reda\u00e7\u00e3o","@id":"https:\/\/www.notibras.com\/site\/#\/schema\/person\/36ab0979449956132d3e5b517ea76ac8"},"headline":"Inter mostra nova cara, desperdi\u00e7a p\u00eanalti mas derrota Furac\u00e3o no Beira-Rio","datePublished":"2015-08-23T20:12:06+00:00","dateModified":"2015-08-23T21:18:41+00:00","mainEntityOfPage":{"@id":"https:\/\/www.notibras.com\/site\/inter-mostra-nova-cara-desperdica-penalti-mas-derrota-furacao-no-beira-rio\/"},"wordCount":399,"commentCount":0,"publisher":{"@id":"https:\/\/www.notibras.com\/site\/#organization"},"image":{"@id":"https:\/\/www.notibras.com\/site\/inter-mostra-nova-cara-desperdica-penalti-mas-derrota-furacao-no-beira-rio\/#primaryimage"},"thumbnailUrl":"https:\/\/www.notibras.com\/site\/wp-content\/uploads\/2015\/08\/valdivia-internacional-2-1-fluminense-brasileirao-12-10-2014_e83bwe8702p1wzdegia6l2de.jpg","articleSection":["Futebol"],"inLanguage":"pt-BR","potentialAction":[{"@type":"CommentAction","name":"Comment","target":["https:\/\/www.notibras.com\/site\/inter-mostra-nova-cara-desperdica-penalti-mas-derrota-furacao-no-beira-rio\/#respond"]}]},{"@type":"WebPage","@id":"https:\/\/www.notibras.com\/site\/inter-mostra-nova-cara-desperdica-penalti-mas-derrota-furacao-no-beira-rio\/","url":"https:\/\/www.notibras.com\/site\/inter-mostra-nova-cara-desperdica-penalti-mas-derrota-furacao-no-beira-rio\/","name":"Inter mostra nova cara, desperdi\u00e7a p\u00eanalti mas derrota Furac\u00e3o no Beira-Rio - Notibras","isPartOf":{"@id":"https:\/\/www.notibras.com\/site\/#website"},"primaryImageOfPage":{"@id":"https:\/\/www.notibras.com\/site\/inter-mostra-nova-cara-desperdica-penalti-mas-derrota-furacao-no-beira-rio\/#primaryimage"},"image":{"@id":"https:\/\/www.notibras.com\/site\/inter-mostra-nova-cara-desperdica-penalti-mas-derrota-furacao-no-beira-rio\/#primaryimage"},"thumbnailUrl":"https:\/\/www.notibras.com\/site\/wp-content\/uploads\/2015\/08\/valdivia-internacional-2-1-fluminense-brasileirao-12-10-2014_e83bwe8702p1wzdegia6l2de.jpg","datePublished":"2015-08-23T20:12:06+00:00","dateModified":"2015-08-23T21:18:41+00:00","breadcrumb":{"@id":"https:\/\/www.notibras.com\/site\/inter-mostra-nova-cara-desperdica-penalti-mas-derrota-furacao-no-beira-rio\/#breadcrumb"},"inLanguage":"pt-BR","potentialAction":[{"@type":"ReadAction","target":["https:\/\/www.notibras.com\/site\/inter-mostra-nova-cara-desperdica-penalti-mas-derrota-furacao-no-beira-rio\/"]}]},{"@type":"ImageObject","inLanguage":"pt-BR","@id":"https:\/\/www.notibras.com\/site\/inter-mostra-nova-cara-desperdica-penalti-mas-derrota-furacao-no-beira-rio\/#primaryimage","url":"https:\/\/www.notibras.com\/site\/wp-content\/uploads\/2015\/08\/valdivia-internacional-2-1-fluminense-brasileirao-12-10-2014_e83bwe8702p1wzdegia6l2de.jpg","contentUrl":"https:\/\/www.notibras.com\/site\/wp-content\/uploads\/2015\/08\/valdivia-internacional-2-1-fluminense-brasileirao-12-10-2014_e83bwe8702p1wzdegia6l2de.jpg","width":620,"height":430},{"@type":"BreadcrumbList","@id":"https:\/\/www.notibras.com\/site\/inter-mostra-nova-cara-desperdica-penalti-mas-derrota-furacao-no-beira-rio\/#breadcrumb","itemListElement":[{"@type":"ListItem","position":1,"name":"In\u00edcio","item":"https:\/\/www.notibras.com\/site\/"},{"@type":"ListItem","position":2,"name":"Inter mostra nova cara, desperdi\u00e7a p\u00eanalti mas derrota Furac\u00e3o no Beira-Rio"}]},{"@type":"WebSite","@id":"https:\/\/www.notibras.com\/site\/#website","url":"https:\/\/www.notibras.com\/site\/","name":"Notibras","description":"Not\u00edcias de Bras\u00edlia, do Brasil e do Mundo","publisher":{"@id":"https:\/\/www.notibras.com\/site\/#organization"},"potentialAction":[{"@type":"SearchAction","target":{"@type":"EntryPoint","urlTemplate":"https:\/\/www.notibras.com\/site\/?s={search_term_string}"},"query-input":{"@type":"PropertyValueSpecification","valueRequired":true,"valueName":"search_term_string"}}],"inLanguage":"pt-BR"},{"@type":"Organization","@id":"https:\/\/www.notibras.com\/site\/#organization","name":"Grupo Notibras de Comunica\u00e7\u00e3o","url":"https:\/\/www.notibras.com\/site\/","logo":{"@type":"ImageObject","inLanguage":"pt-BR","@id":"https:\/\/www.notibras.com\/site\/#\/schema\/logo\/image\/","url":"https:\/\/www.notibras.com\/site\/wp-content\/uploads\/2023\/01\/notibras23.png","contentUrl":"https:\/\/www.notibras.com\/site\/wp-content\/uploads\/2023\/01\/notibras23.png","width":350,"height":87,"caption":"Grupo Notibras de Comunica\u00e7\u00e3o"},"image":{"@id":"https:\/\/www.notibras.com\/site\/#\/schema\/logo\/image\/"},"sameAs":["https:\/\/www.facebook.com\/notibras\/","https:\/\/x.com\/Notibras","https:\/\/www.instagram.com\/notibras\/"]},{"@type":"Person","@id":"https:\/\/www.notibras.com\/site\/#\/schema\/person\/36ab0979449956132d3e5b517ea76ac8","name":"Reda\u00e7\u00e3o","image":{"@type":"ImageObject","inLanguage":"pt-BR","@id":"https:\/\/secure.gravatar.com\/avatar\/e0a867bdedb85fd243eadf09663511f96fc81e0720a4a42581f334ad4303aa6b?s=96&d=mm&r=g","url":"https:\/\/secure.gravatar.com\/avatar\/e0a867bdedb85fd243eadf09663511f96fc81e0720a4a42581f334ad4303aa6b?s=96&d=mm&r=g","contentUrl":"https:\/\/secure.gravatar.com\/avatar\/e0a867bdedb85fd243eadf09663511f96fc81e0720a4a42581f334ad4303aa6b?s=96&d=mm&r=g","caption":"Reda\u00e7\u00e3o"}}]}},"amp_enabled":true,"_links":{"self":[{"href":"https:\/\/www.notibras.com\/site\/wp-json\/wp\/v2\/posts\/63968","targetHints":{"allow":["GET"]}}],"collection":[{"href":"https:\/\/www.notibras.com\/site\/wp-json\/wp\/v2\/posts"}],"about":[{"href":"https:\/\/www.notibras.com\/site\/wp-json\/wp\/v2\/types\/post"}],"author":[{"embeddable":true,"href":"https:\/\/www.notibras.com\/site\/wp-json\/wp\/v2\/users\/2"}],"replies":[{"embeddable":true,"href":"https:\/\/www.notibras.com\/site\/wp-json\/wp\/v2\/comments?post=63968"}],"version-history":[{"count":1,"href":"https:\/\/www.notibras.com\/site\/wp-json\/wp\/v2\/posts\/63968\/revisions"}],"predecessor-version":[{"id":63970,"href":"https:\/\/www.notibras.com\/site\/wp-json\/wp\/v2\/posts\/63968\/revisions\/63970"}],"wp:featuredmedia":[{"embeddable":true,"href":"https:\/\/www.notibras.com\/site\/wp-json\/wp\/v2\/media\/63969"}],"wp:attachment":[{"href":"https:\/\/www.notibras.com\/site\/wp-json\/wp\/v2\/media?parent=63968"}],"wp:term":[{"taxonomy":"category","embeddable":true,"href":"https:\/\/www.notibras.com\/site\/wp-json\/wp\/v2\/categories?post=63968"},{"taxonomy":"post_tag","embeddable":true,"href":"https:\/\/www.notibras.com\/site\/wp-json\/wp\/v2\/tags?post=63968"}],"curies":[{"name":"wp","href":"https:\/\/api.w.org\/{rel}","templated":true}]}}