{"id":6397,"date":"2014-04-09T21:42:15","date_gmt":"2014-04-10T00:42:15","guid":{"rendered":"http:\/\/www.notibras.com\/site\/?p=6397"},"modified":"2014-05-07T21:03:18","modified_gmt":"2014-05-08T00:03:18","slug":"flamengo-perde-para-o-leon-no-maracana-e-esta-fora-da-libertadores","status":"publish","type":"post","link":"https:\/\/www.notibras.com\/site\/flamengo-perde-para-o-leon-no-maracana-e-esta-fora-da-libertadores\/","title":{"rendered":"Flamengo perde em casa para o Le\u00f3n e est\u00e1 fora da Libertadores"},"content":{"rendered":"<p>Maracan\u00e3 lotado, torcida inflamada e esperan\u00e7a de uma noite feliz. O cen\u00e1rio era favor\u00e1vel antes de a bola rolar, mas o Flamengo n\u00e3o correspondeu nesta quarta-feira e perdeu para o Le\u00f3n-MEX por 3 a 2. Arizala, Boselli e Pe\u00f1a marcaram para os visitantes, enquanto Andr\u00e9 Santos e Alecsandro fizeram para os donos da casa. O resultado eliminou o Rubro-negro da Copa Libertadores e fez os torcedores relembrarem vexames recentes na competi\u00e7\u00e3o, como as quedas na primeira fase em 2002 e 2012, al\u00e9m da derrota marcante para o Am\u00e9rica-MEX no ano de 2008.<\/p>\n<p>Os comandados de Jayme de Almeida se complicaram no grupo 7 e entraram em campo com a obriga\u00e7\u00e3o da vit\u00f3ria. A torcida apoiou, mas chegou a perder a paci\u00eancia com a sequ\u00eancia de erros e n\u00e3o poupou os jogadores das vaias. O Bol\u00edvar-BOL terminou na primeira coloca\u00e7\u00e3o do grupo 7 ao somar 11 pontos. O Le\u00f3n-MEX ficou com a segunda vaga do grupo, com dez pontos.<\/p>\n<p>Agora, o Flamengo tenta recuperar as for\u00e7as ap\u00f3s o baque e concentra-se novamente no Campeonato Carioca. No pr\u00f3ximo domingo, o clube da G\u00e1vea decide a competi\u00e7\u00e3o contra o rival Vasco, \u00e0s 16h, no Maracan\u00e3, e tem a vantagem do empate na tentativa de conquistar o seu 33\u00ba t\u00edtulo estadual e dar um &#8220;pr\u00eamio de consola\u00e7\u00e3o&#8221; aos torcedores.<\/p>\n","protected":false},"excerpt":{"rendered":"<p>Maracan\u00e3 lotado, torcida inflamada e esperan\u00e7a de uma noite feliz. O cen\u00e1rio era favor\u00e1vel antes de a bola rolar, mas o Flamengo n\u00e3o correspondeu nesta quarta-feira e perdeu para o Le\u00f3n-MEX por 3 a 2. Arizala, Boselli e Pe\u00f1a marcaram para os visitantes, enquanto Andr\u00e9 Santos e Alecsandro fizeram para os donos da casa. O [&hellip;]<\/p>\n","protected":false},"author":1,"featured_media":6398,"comment_status":"open","ping_status":"closed","sticky":false,"template":"","format":"standard","meta":{"_acf_changed":false,"footnotes":""},"categories":[19,29],"tags":[],"class_list":["post-6397","post","type-post","status-publish","format-standard","has-post-thumbnail","hentry","category-esportes","category-futebol"],"acf":[],"yoast_head":"<!-- This site is optimized with the Yoast SEO plugin v27.2 - https:\/\/yoast.com\/product\/yoast-seo-wordpress\/ -->\n<title>Flamengo perde em casa para o Le\u00f3n e est\u00e1 fora da Libertadores - Notibras<\/title>\n<meta name=\"robots\" content=\"index, follow, max-snippet:-1, max-image-preview:large, max-video-preview:-1\" \/>\n<link rel=\"canonical\" href=\"https:\/\/www.notibras.com\/site\/flamengo-perde-para-o-leon-no-maracana-e-esta-fora-da-libertadores\/\" \/>\n<meta property=\"og:locale\" content=\"pt_BR\" \/>\n<meta property=\"og:type\" content=\"article\" \/>\n<meta property=\"og:title\" content=\"Flamengo perde em casa para o Le\u00f3n e est\u00e1 fora da Libertadores - Notibras\" \/>\n<meta property=\"og:description\" content=\"Maracan\u00e3 lotado, torcida inflamada e esperan\u00e7a de uma noite feliz. O cen\u00e1rio era favor\u00e1vel antes de a bola rolar, mas o Flamengo n\u00e3o correspondeu nesta quarta-feira e perdeu para o Le\u00f3n-MEX por 3 a 2. Arizala, Boselli e Pe\u00f1a marcaram para os visitantes, enquanto Andr\u00e9 Santos e Alecsandro fizeram para os donos da casa. O [&hellip;]\" \/>\n<meta property=\"og:url\" content=\"https:\/\/www.notibras.com\/site\/flamengo-perde-para-o-leon-no-maracana-e-esta-fora-da-libertadores\/\" \/>\n<meta property=\"og:site_name\" content=\"Notibras\" \/>\n<meta property=\"article:publisher\" content=\"https:\/\/www.facebook.com\/notibras\/\" \/>\n<meta property=\"article:published_time\" content=\"2014-04-10T00:42:15+00:00\" \/>\n<meta property=\"article:modified_time\" content=\"2014-05-08T00:03:18+00:00\" \/>\n<meta property=\"og:image\" content=\"https:\/\/www.notibras.com\/site\/wp-content\/uploads\/2014\/04\/Sem-t\u00edtulo-19.jpg\" \/>\n\t<meta property=\"og:image:width\" content=\"500\" \/>\n\t<meta property=\"og:image:height\" content=\"318\" \/>\n\t<meta property=\"og:image:type\" content=\"image\/jpeg\" \/>\n<meta name=\"author\" content=\"Reda\u00e7\u00e3o\" \/>\n<meta name=\"twitter:card\" content=\"summary_large_image\" \/>\n<meta name=\"twitter:creator\" content=\"@Notibras\" \/>\n<meta name=\"twitter:site\" content=\"@Notibras\" \/>\n<meta name=\"twitter:label1\" content=\"Escrito por\" \/>\n\t<meta name=\"twitter:data1\" content=\"Reda\u00e7\u00e3o\" \/>\n\t<meta name=\"twitter:label2\" content=\"Est. tempo de leitura\" \/>\n\t<meta name=\"twitter:data2\" content=\"1 minuto\" \/>\n<script type=\"application\/ld+json\" class=\"yoast-schema-graph\">{\"@context\":\"https:\/\/schema.org\",\"@graph\":[{\"@type\":\"Article\",\"@id\":\"https:\/\/www.notibras.com\/site\/flamengo-perde-para-o-leon-no-maracana-e-esta-fora-da-libertadores\/#article\",\"isPartOf\":{\"@id\":\"https:\/\/www.notibras.com\/site\/flamengo-perde-para-o-leon-no-maracana-e-esta-fora-da-libertadores\/\"},\"author\":{\"name\":\"Reda\u00e7\u00e3o\",\"@id\":\"https:\/\/www.notibras.com\/site\/#\/schema\/person\/00b8e1aa08f9ef6563e878c5159d01cf\"},\"headline\":\"Flamengo perde em casa para o Le\u00f3n e est\u00e1 fora da Libertadores\",\"datePublished\":\"2014-04-10T00:42:15+00:00\",\"dateModified\":\"2014-05-08T00:03:18+00:00\",\"mainEntityOfPage\":{\"@id\":\"https:\/\/www.notibras.com\/site\/flamengo-perde-para-o-leon-no-maracana-e-esta-fora-da-libertadores\/\"},\"wordCount\":244,\"commentCount\":0,\"publisher\":{\"@id\":\"https:\/\/www.notibras.com\/site\/#organization\"},\"image\":{\"@id\":\"https:\/\/www.notibras.com\/site\/flamengo-perde-para-o-leon-no-maracana-e-esta-fora-da-libertadores\/#primaryimage\"},\"thumbnailUrl\":\"https:\/\/www.notibras.com\/site\/wp-content\/uploads\/2014\/04\/Sem-t\u00edtulo-19.jpg\",\"articleSection\":[\"Esportes\",\"Futebol\"],\"inLanguage\":\"pt-BR\",\"potentialAction\":[{\"@type\":\"CommentAction\",\"name\":\"Comment\",\"target\":[\"https:\/\/www.notibras.com\/site\/flamengo-perde-para-o-leon-no-maracana-e-esta-fora-da-libertadores\/#respond\"]}]},{\"@type\":\"WebPage\",\"@id\":\"https:\/\/www.notibras.com\/site\/flamengo-perde-para-o-leon-no-maracana-e-esta-fora-da-libertadores\/\",\"url\":\"https:\/\/www.notibras.com\/site\/flamengo-perde-para-o-leon-no-maracana-e-esta-fora-da-libertadores\/\",\"name\":\"Flamengo perde em casa para o Le\u00f3n e est\u00e1 fora da Libertadores - Notibras\",\"isPartOf\":{\"@id\":\"https:\/\/www.notibras.com\/site\/#website\"},\"primaryImageOfPage\":{\"@id\":\"https:\/\/www.notibras.com\/site\/flamengo-perde-para-o-leon-no-maracana-e-esta-fora-da-libertadores\/#primaryimage\"},\"image\":{\"@id\":\"https:\/\/www.notibras.com\/site\/flamengo-perde-para-o-leon-no-maracana-e-esta-fora-da-libertadores\/#primaryimage\"},\"thumbnailUrl\":\"https:\/\/www.notibras.com\/site\/wp-content\/uploads\/2014\/04\/Sem-t\u00edtulo-19.jpg\",\"datePublished\":\"2014-04-10T00:42:15+00:00\",\"dateModified\":\"2014-05-08T00:03:18+00:00\",\"breadcrumb\":{\"@id\":\"https:\/\/www.notibras.com\/site\/flamengo-perde-para-o-leon-no-maracana-e-esta-fora-da-libertadores\/#breadcrumb\"},\"inLanguage\":\"pt-BR\",\"potentialAction\":[{\"@type\":\"ReadAction\",\"target\":[\"https:\/\/www.notibras.com\/site\/flamengo-perde-para-o-leon-no-maracana-e-esta-fora-da-libertadores\/\"]}]},{\"@type\":\"ImageObject\",\"inLanguage\":\"pt-BR\",\"@id\":\"https:\/\/www.notibras.com\/site\/flamengo-perde-para-o-leon-no-maracana-e-esta-fora-da-libertadores\/#primaryimage\",\"url\":\"https:\/\/www.notibras.com\/site\/wp-content\/uploads\/2014\/04\/Sem-t\u00edtulo-19.jpg\",\"contentUrl\":\"https:\/\/www.notibras.com\/site\/wp-content\/uploads\/2014\/04\/Sem-t\u00edtulo-19.jpg\",\"width\":500,\"height\":318},{\"@type\":\"BreadcrumbList\",\"@id\":\"https:\/\/www.notibras.com\/site\/flamengo-perde-para-o-leon-no-maracana-e-esta-fora-da-libertadores\/#breadcrumb\",\"itemListElement\":[{\"@type\":\"ListItem\",\"position\":1,\"name\":\"In\u00edcio\",\"item\":\"https:\/\/www.notibras.com\/site\/\"},{\"@type\":\"ListItem\",\"position\":2,\"name\":\"Flamengo perde em casa para o Le\u00f3n e est\u00e1 fora da Libertadores\"}]},{\"@type\":\"WebSite\",\"@id\":\"https:\/\/www.notibras.com\/site\/#website\",\"url\":\"https:\/\/www.notibras.com\/site\/\",\"name\":\"Notibras\",\"description\":\"Not\u00edcias de Bras\u00edlia, do Brasil e do Mundo\",\"publisher\":{\"@id\":\"https:\/\/www.notibras.com\/site\/#organization\"},\"potentialAction\":[{\"@type\":\"SearchAction\",\"target\":{\"@type\":\"EntryPoint\",\"urlTemplate\":\"https:\/\/www.notibras.com\/site\/?s={search_term_string}\"},\"query-input\":{\"@type\":\"PropertyValueSpecification\",\"valueRequired\":true,\"valueName\":\"search_term_string\"}}],\"inLanguage\":\"pt-BR\"},{\"@type\":\"Organization\",\"@id\":\"https:\/\/www.notibras.com\/site\/#organization\",\"name\":\"Grupo Notibras de Comunica\u00e7\u00e3o\",\"url\":\"https:\/\/www.notibras.com\/site\/\",\"logo\":{\"@type\":\"ImageObject\",\"inLanguage\":\"pt-BR\",\"@id\":\"https:\/\/www.notibras.com\/site\/#\/schema\/logo\/image\/\",\"url\":\"https:\/\/www.notibras.com\/site\/wp-content\/uploads\/2023\/01\/notibras23.png\",\"contentUrl\":\"https:\/\/www.notibras.com\/site\/wp-content\/uploads\/2023\/01\/notibras23.png\",\"width\":350,\"height\":87,\"caption\":\"Grupo Notibras de Comunica\u00e7\u00e3o\"},\"image\":{\"@id\":\"https:\/\/www.notibras.com\/site\/#\/schema\/logo\/image\/\"},\"sameAs\":[\"https:\/\/www.facebook.com\/notibras\/\",\"https:\/\/x.com\/Notibras\",\"https:\/\/www.instagram.com\/notibras\/\"]},{\"@type\":\"Person\",\"@id\":\"https:\/\/www.notibras.com\/site\/#\/schema\/person\/00b8e1aa08f9ef6563e878c5159d01cf\",\"name\":\"Reda\u00e7\u00e3o\",\"image\":{\"@type\":\"ImageObject\",\"inLanguage\":\"pt-BR\",\"@id\":\"https:\/\/secure.gravatar.com\/avatar\/ac5a707d5b47784a5ed426c6e213e201423c750890f64e4c379114dade67dfb9?s=96&d=mm&r=g\",\"url\":\"https:\/\/secure.gravatar.com\/avatar\/ac5a707d5b47784a5ed426c6e213e201423c750890f64e4c379114dade67dfb9?s=96&d=mm&r=g\",\"contentUrl\":\"https:\/\/secure.gravatar.com\/avatar\/ac5a707d5b47784a5ed426c6e213e201423c750890f64e4c379114dade67dfb9?s=96&d=mm&r=g\",\"caption\":\"Reda\u00e7\u00e3o\"}}]}<\/script>\n<!-- \/ Yoast SEO plugin. -->","yoast_head_json":{"title":"Flamengo perde em casa para o Le\u00f3n e est\u00e1 fora da Libertadores - Notibras","robots":{"index":"index","follow":"follow","max-snippet":"max-snippet:-1","max-image-preview":"max-image-preview:large","max-video-preview":"max-video-preview:-1"},"canonical":"https:\/\/www.notibras.com\/site\/flamengo-perde-para-o-leon-no-maracana-e-esta-fora-da-libertadores\/","og_locale":"pt_BR","og_type":"article","og_title":"Flamengo perde em casa para o Le\u00f3n e est\u00e1 fora da Libertadores - Notibras","og_description":"Maracan\u00e3 lotado, torcida inflamada e esperan\u00e7a de uma noite feliz. O cen\u00e1rio era favor\u00e1vel antes de a bola rolar, mas o Flamengo n\u00e3o correspondeu nesta quarta-feira e perdeu para o Le\u00f3n-MEX por 3 a 2. Arizala, Boselli e Pe\u00f1a marcaram para os visitantes, enquanto Andr\u00e9 Santos e Alecsandro fizeram para os donos da casa. O [&hellip;]","og_url":"https:\/\/www.notibras.com\/site\/flamengo-perde-para-o-leon-no-maracana-e-esta-fora-da-libertadores\/","og_site_name":"Notibras","article_publisher":"https:\/\/www.facebook.com\/notibras\/","article_published_time":"2014-04-10T00:42:15+00:00","article_modified_time":"2014-05-08T00:03:18+00:00","og_image":[{"width":500,"height":318,"url":"https:\/\/www.notibras.com\/site\/wp-content\/uploads\/2014\/04\/Sem-t\u00edtulo-19.jpg","type":"image\/jpeg"}],"author":"Reda\u00e7\u00e3o","twitter_card":"summary_large_image","twitter_creator":"@Notibras","twitter_site":"@Notibras","twitter_misc":{"Escrito por":"Reda\u00e7\u00e3o","Est. tempo de leitura":"1 minuto"},"schema":{"@context":"https:\/\/schema.org","@graph":[{"@type":"Article","@id":"https:\/\/www.notibras.com\/site\/flamengo-perde-para-o-leon-no-maracana-e-esta-fora-da-libertadores\/#article","isPartOf":{"@id":"https:\/\/www.notibras.com\/site\/flamengo-perde-para-o-leon-no-maracana-e-esta-fora-da-libertadores\/"},"author":{"name":"Reda\u00e7\u00e3o","@id":"https:\/\/www.notibras.com\/site\/#\/schema\/person\/00b8e1aa08f9ef6563e878c5159d01cf"},"headline":"Flamengo perde em casa para o Le\u00f3n e est\u00e1 fora da Libertadores","datePublished":"2014-04-10T00:42:15+00:00","dateModified":"2014-05-08T00:03:18+00:00","mainEntityOfPage":{"@id":"https:\/\/www.notibras.com\/site\/flamengo-perde-para-o-leon-no-maracana-e-esta-fora-da-libertadores\/"},"wordCount":244,"commentCount":0,"publisher":{"@id":"https:\/\/www.notibras.com\/site\/#organization"},"image":{"@id":"https:\/\/www.notibras.com\/site\/flamengo-perde-para-o-leon-no-maracana-e-esta-fora-da-libertadores\/#primaryimage"},"thumbnailUrl":"https:\/\/www.notibras.com\/site\/wp-content\/uploads\/2014\/04\/Sem-t\u00edtulo-19.jpg","articleSection":["Esportes","Futebol"],"inLanguage":"pt-BR","potentialAction":[{"@type":"CommentAction","name":"Comment","target":["https:\/\/www.notibras.com\/site\/flamengo-perde-para-o-leon-no-maracana-e-esta-fora-da-libertadores\/#respond"]}]},{"@type":"WebPage","@id":"https:\/\/www.notibras.com\/site\/flamengo-perde-para-o-leon-no-maracana-e-esta-fora-da-libertadores\/","url":"https:\/\/www.notibras.com\/site\/flamengo-perde-para-o-leon-no-maracana-e-esta-fora-da-libertadores\/","name":"Flamengo perde em casa para o Le\u00f3n e est\u00e1 fora da Libertadores - Notibras","isPartOf":{"@id":"https:\/\/www.notibras.com\/site\/#website"},"primaryImageOfPage":{"@id":"https:\/\/www.notibras.com\/site\/flamengo-perde-para-o-leon-no-maracana-e-esta-fora-da-libertadores\/#primaryimage"},"image":{"@id":"https:\/\/www.notibras.com\/site\/flamengo-perde-para-o-leon-no-maracana-e-esta-fora-da-libertadores\/#primaryimage"},"thumbnailUrl":"https:\/\/www.notibras.com\/site\/wp-content\/uploads\/2014\/04\/Sem-t\u00edtulo-19.jpg","datePublished":"2014-04-10T00:42:15+00:00","dateModified":"2014-05-08T00:03:18+00:00","breadcrumb":{"@id":"https:\/\/www.notibras.com\/site\/flamengo-perde-para-o-leon-no-maracana-e-esta-fora-da-libertadores\/#breadcrumb"},"inLanguage":"pt-BR","potentialAction":[{"@type":"ReadAction","target":["https:\/\/www.notibras.com\/site\/flamengo-perde-para-o-leon-no-maracana-e-esta-fora-da-libertadores\/"]}]},{"@type":"ImageObject","inLanguage":"pt-BR","@id":"https:\/\/www.notibras.com\/site\/flamengo-perde-para-o-leon-no-maracana-e-esta-fora-da-libertadores\/#primaryimage","url":"https:\/\/www.notibras.com\/site\/wp-content\/uploads\/2014\/04\/Sem-t\u00edtulo-19.jpg","contentUrl":"https:\/\/www.notibras.com\/site\/wp-content\/uploads\/2014\/04\/Sem-t\u00edtulo-19.jpg","width":500,"height":318},{"@type":"BreadcrumbList","@id":"https:\/\/www.notibras.com\/site\/flamengo-perde-para-o-leon-no-maracana-e-esta-fora-da-libertadores\/#breadcrumb","itemListElement":[{"@type":"ListItem","position":1,"name":"In\u00edcio","item":"https:\/\/www.notibras.com\/site\/"},{"@type":"ListItem","position":2,"name":"Flamengo perde em casa para o Le\u00f3n e est\u00e1 fora da Libertadores"}]},{"@type":"WebSite","@id":"https:\/\/www.notibras.com\/site\/#website","url":"https:\/\/www.notibras.com\/site\/","name":"Notibras","description":"Not\u00edcias de Bras\u00edlia, do Brasil e do Mundo","publisher":{"@id":"https:\/\/www.notibras.com\/site\/#organization"},"potentialAction":[{"@type":"SearchAction","target":{"@type":"EntryPoint","urlTemplate":"https:\/\/www.notibras.com\/site\/?s={search_term_string}"},"query-input":{"@type":"PropertyValueSpecification","valueRequired":true,"valueName":"search_term_string"}}],"inLanguage":"pt-BR"},{"@type":"Organization","@id":"https:\/\/www.notibras.com\/site\/#organization","name":"Grupo Notibras de Comunica\u00e7\u00e3o","url":"https:\/\/www.notibras.com\/site\/","logo":{"@type":"ImageObject","inLanguage":"pt-BR","@id":"https:\/\/www.notibras.com\/site\/#\/schema\/logo\/image\/","url":"https:\/\/www.notibras.com\/site\/wp-content\/uploads\/2023\/01\/notibras23.png","contentUrl":"https:\/\/www.notibras.com\/site\/wp-content\/uploads\/2023\/01\/notibras23.png","width":350,"height":87,"caption":"Grupo Notibras de Comunica\u00e7\u00e3o"},"image":{"@id":"https:\/\/www.notibras.com\/site\/#\/schema\/logo\/image\/"},"sameAs":["https:\/\/www.facebook.com\/notibras\/","https:\/\/x.com\/Notibras","https:\/\/www.instagram.com\/notibras\/"]},{"@type":"Person","@id":"https:\/\/www.notibras.com\/site\/#\/schema\/person\/00b8e1aa08f9ef6563e878c5159d01cf","name":"Reda\u00e7\u00e3o","image":{"@type":"ImageObject","inLanguage":"pt-BR","@id":"https:\/\/secure.gravatar.com\/avatar\/ac5a707d5b47784a5ed426c6e213e201423c750890f64e4c379114dade67dfb9?s=96&d=mm&r=g","url":"https:\/\/secure.gravatar.com\/avatar\/ac5a707d5b47784a5ed426c6e213e201423c750890f64e4c379114dade67dfb9?s=96&d=mm&r=g","contentUrl":"https:\/\/secure.gravatar.com\/avatar\/ac5a707d5b47784a5ed426c6e213e201423c750890f64e4c379114dade67dfb9?s=96&d=mm&r=g","caption":"Reda\u00e7\u00e3o"}}]}},"amp_enabled":true,"_links":{"self":[{"href":"https:\/\/www.notibras.com\/site\/wp-json\/wp\/v2\/posts\/6397","targetHints":{"allow":["GET"]}}],"collection":[{"href":"https:\/\/www.notibras.com\/site\/wp-json\/wp\/v2\/posts"}],"about":[{"href":"https:\/\/www.notibras.com\/site\/wp-json\/wp\/v2\/types\/post"}],"author":[{"embeddable":true,"href":"https:\/\/www.notibras.com\/site\/wp-json\/wp\/v2\/users\/1"}],"replies":[{"embeddable":true,"href":"https:\/\/www.notibras.com\/site\/wp-json\/wp\/v2\/comments?post=6397"}],"version-history":[{"count":0,"href":"https:\/\/www.notibras.com\/site\/wp-json\/wp\/v2\/posts\/6397\/revisions"}],"wp:featuredmedia":[{"embeddable":true,"href":"https:\/\/www.notibras.com\/site\/wp-json\/wp\/v2\/media\/6398"}],"wp:attachment":[{"href":"https:\/\/www.notibras.com\/site\/wp-json\/wp\/v2\/media?parent=6397"}],"wp:term":[{"taxonomy":"category","embeddable":true,"href":"https:\/\/www.notibras.com\/site\/wp-json\/wp\/v2\/categories?post=6397"},{"taxonomy":"post_tag","embeddable":true,"href":"https:\/\/www.notibras.com\/site\/wp-json\/wp\/v2\/tags?post=6397"}],"curies":[{"name":"wp","href":"https:\/\/api.w.org\/{rel}","templated":true}]}}