{"id":6404,"date":"2014-04-09T23:49:39","date_gmt":"2014-04-10T02:49:39","guid":{"rendered":"http:\/\/www.notibras.com\/site\/?p=6404"},"modified":"2014-05-07T21:11:02","modified_gmt":"2014-05-08T00:11:02","slug":"botafogo-e-goleado-se-junta-ao-fla-e-se-despede-da-libertadores","status":"publish","type":"post","link":"https:\/\/www.notibras.com\/site\/botafogo-e-goleado-se-junta-ao-fla-e-se-despede-da-libertadores\/","title":{"rendered":"Botafogo \u00e9 goleado, se junta ao Fla e se despede da Libertadores"},"content":{"rendered":"<p>Ap\u00f3s a elimina\u00e7\u00e3o do Flamengo, foi a vez de o Botafogo dar adeus \u00e0 Libertadores. O Alvinegro foi derrotado por 3 a 0 pelo San Lorenzo nesta quarta-feira, em Bueno Aires, e despencou do segundo lugar para a lanterna do grupo 2, o que o deixou de fora das oitavas de final da competi\u00e7\u00e3o internacional. Os gols foram marcados por Villalba e Piatti (2).<\/p>\n<p>O clima de decis\u00e3o era percebido desde a chegada do Botafogo ao est\u00e1dio, quando o \u00f4nibus da delega\u00e7\u00e3o foi apedrejado por torcedores do San Lorenzo.\u00a0 Em campo, o Alvinegro iniciou a partida retra\u00eddo. Os argentinos buscavam o jogo e levavam perigo ao gol de Jefferson, apesar de n\u00e3o terem criado nenhuma grande oportunidade.<\/p>\n<p>O Botafogo s\u00f3 acordou na partida a partir dos 15min, quando por pouco n\u00e3o abriu o placar. Jorge Wagner encontrou Wallyson na entrada da \u00e1rea. O atacante chutou de primeira e tirou tinta da trave de Torrico. Mas era o San Lorenzo que pressionava o time brasileiro.<\/p>\n<p>E na base do abafa, os argentinos sa\u00edram na frete do placar. Jorge Wagner errou passe no meio de campo e a bola chegou at\u00e9 Villalba, que chutou da entrada da \u00e1rea. A bola desviou nas costas de Julio Cesar, enganou Jefferson e morreu no fundo das redes, aos 28min: 1 a 0. O gol animou o San Lorenzo, que quase marcou o segundo, com Correa, que finalizou com perigo ap\u00f3s grande jogada individual.<\/p>\n<p>Com postura de time pequeno, o Botafogo pouco agredia o advers\u00e1rio. No fim do primeiro tempo, o Alvinegro teve grande oportunidade ap\u00f3s falta em Tanque Ferreyra na entrada da \u00e1rea. Jorge Wagner, no entanto, acertou a barreira. &#8220;Viemos com a op\u00e7\u00e3o do contra-ataque, mas n\u00e3o est\u00e1 dando certo. Precisamos melhorar&#8221;, disse D\u00f3ria no fim do primeiro tempo.<\/p>\n<p>O Botafogo voltou para o segundo tempo parecendo mudar a postura e partir para o ataque.\u00a0 Mas era o San Lorenzo quem continuava em cima, em busca do segundo gol. E ap\u00f3s nova falha do Alvinegro, dessa vez de Airton, que afastou mal a bola, Piatti chutou da entrada da \u00e1rea sem chance para Jefferson: 2 a 0.<\/p>\n<p>Eduardo Hungaro foi para o tudo ou nada. Trocoou Airton e Gabriel por Bolatti e Henrique, deixando o time com tr\u00eas atacantes e apenas um volante. Mas a t\u00e9cnica estava bem longe do Botafogo, que, assim como no \u00faltimo jogo, passou a explorar as jogadas a\u00e9reas.<\/p>\n<p>Com uma das piores atua\u00e7\u00e3o do ano, o Botafogo n\u00e3o conseguia chegar ao gol de Torrico. Sem demonstrar a mesma disposi\u00e7\u00e3o de jogos anteriores, o Alvinegro apenas via o advers\u00e1rio tocar a bola em busca do terceiro, j\u00e1 que Independiente Jos\u00e9 Ter\u00e1n-EQU e Uni\u00f3n Espa\u00f1ola-CHI faziam jogo movimentado em Santiago, em muitas oportunidades eliminando tamb\u00e9m os argentinos, apesar do triunfo.<\/p>\n<p>O terceiro gol, que garantiria a classifica\u00e7\u00e3o sem a necessidade de outros resultados, por pouco n\u00e3o saiu aos 42min. Mauro Mattos recebeu na \u00e1rea, driblou Jefferson e chutou na rede pelo lado de fora, levando a torcida \u00e0 loucura. Mas a press\u00e3o foi insustent\u00e1vel. Piatti marcou seu segundo gol. Ele recebeu na cara de Jefferson e deslocou o goleiro do Botafogo, assegurando vaga nas oitavas de final.<\/p>\n","protected":false},"excerpt":{"rendered":"<p>Ap\u00f3s a elimina\u00e7\u00e3o do Flamengo, foi a vez de o Botafogo dar adeus \u00e0 Libertadores. O Alvinegro foi derrotado por 3 a 0 pelo San Lorenzo nesta quarta-feira, em Bueno Aires, e despencou do segundo lugar para a lanterna do grupo 2, o que o deixou de fora das oitavas de final da competi\u00e7\u00e3o internacional. [&hellip;]<\/p>\n","protected":false},"author":1,"featured_media":6405,"comment_status":"open","ping_status":"closed","sticky":false,"template":"","format":"standard","meta":{"_acf_changed":false,"footnotes":""},"categories":[19,29],"tags":[],"class_list":["post-6404","post","type-post","status-publish","format-standard","has-post-thumbnail","hentry","category-esportes","category-futebol"],"acf":[],"yoast_head":"<!-- This site is optimized with the Yoast SEO plugin v27.2 - https:\/\/yoast.com\/product\/yoast-seo-wordpress\/ -->\n<title>Botafogo \u00e9 goleado, se junta ao Fla e se despede da Libertadores - Notibras<\/title>\n<meta name=\"robots\" content=\"index, follow, max-snippet:-1, max-image-preview:large, max-video-preview:-1\" \/>\n<link rel=\"canonical\" href=\"https:\/\/www.notibras.com\/site\/botafogo-e-goleado-se-junta-ao-fla-e-se-despede-da-libertadores\/\" \/>\n<meta property=\"og:locale\" content=\"pt_BR\" \/>\n<meta property=\"og:type\" content=\"article\" \/>\n<meta property=\"og:title\" content=\"Botafogo \u00e9 goleado, se junta ao Fla e se despede da Libertadores - Notibras\" \/>\n<meta property=\"og:description\" content=\"Ap\u00f3s a elimina\u00e7\u00e3o do Flamengo, foi a vez de o Botafogo dar adeus \u00e0 Libertadores. O Alvinegro foi derrotado por 3 a 0 pelo San Lorenzo nesta quarta-feira, em Bueno Aires, e despencou do segundo lugar para a lanterna do grupo 2, o que o deixou de fora das oitavas de final da competi\u00e7\u00e3o internacional. [&hellip;]\" \/>\n<meta property=\"og:url\" content=\"https:\/\/www.notibras.com\/site\/botafogo-e-goleado-se-junta-ao-fla-e-se-despede-da-libertadores\/\" \/>\n<meta property=\"og:site_name\" content=\"Notibras\" \/>\n<meta property=\"article:publisher\" content=\"https:\/\/www.facebook.com\/notibras\/\" \/>\n<meta property=\"article:published_time\" content=\"2014-04-10T02:49:39+00:00\" \/>\n<meta property=\"article:modified_time\" content=\"2014-05-08T00:11:02+00:00\" \/>\n<meta property=\"og:image\" content=\"https:\/\/www.notibras.com\/site\/wp-content\/uploads\/2014\/04\/Sem-t\u00edtulo-110.jpg\" \/>\n\t<meta property=\"og:image:width\" content=\"500\" \/>\n\t<meta property=\"og:image:height\" content=\"331\" \/>\n\t<meta property=\"og:image:type\" content=\"image\/jpeg\" \/>\n<meta name=\"author\" content=\"Reda\u00e7\u00e3o\" \/>\n<meta name=\"twitter:card\" content=\"summary_large_image\" \/>\n<meta name=\"twitter:creator\" content=\"@Notibras\" \/>\n<meta name=\"twitter:site\" content=\"@Notibras\" \/>\n<meta name=\"twitter:label1\" content=\"Escrito por\" \/>\n\t<meta name=\"twitter:data1\" content=\"Reda\u00e7\u00e3o\" \/>\n\t<meta name=\"twitter:label2\" content=\"Est. tempo de leitura\" \/>\n\t<meta name=\"twitter:data2\" content=\"3 minutos\" \/>\n<script type=\"application\/ld+json\" class=\"yoast-schema-graph\">{\"@context\":\"https:\/\/schema.org\",\"@graph\":[{\"@type\":\"Article\",\"@id\":\"https:\/\/www.notibras.com\/site\/botafogo-e-goleado-se-junta-ao-fla-e-se-despede-da-libertadores\/#article\",\"isPartOf\":{\"@id\":\"https:\/\/www.notibras.com\/site\/botafogo-e-goleado-se-junta-ao-fla-e-se-despede-da-libertadores\/\"},\"author\":{\"name\":\"Reda\u00e7\u00e3o\",\"@id\":\"https:\/\/www.notibras.com\/site\/#\/schema\/person\/00b8e1aa08f9ef6563e878c5159d01cf\"},\"headline\":\"Botafogo \u00e9 goleado, se junta ao Fla e se despede da Libertadores\",\"datePublished\":\"2014-04-10T02:49:39+00:00\",\"dateModified\":\"2014-05-08T00:11:02+00:00\",\"mainEntityOfPage\":{\"@id\":\"https:\/\/www.notibras.com\/site\/botafogo-e-goleado-se-junta-ao-fla-e-se-despede-da-libertadores\/\"},\"wordCount\":559,\"commentCount\":0,\"publisher\":{\"@id\":\"https:\/\/www.notibras.com\/site\/#organization\"},\"image\":{\"@id\":\"https:\/\/www.notibras.com\/site\/botafogo-e-goleado-se-junta-ao-fla-e-se-despede-da-libertadores\/#primaryimage\"},\"thumbnailUrl\":\"https:\/\/www.notibras.com\/site\/wp-content\/uploads\/2014\/04\/Sem-t\u00edtulo-110.jpg\",\"articleSection\":[\"Esportes\",\"Futebol\"],\"inLanguage\":\"pt-BR\",\"potentialAction\":[{\"@type\":\"CommentAction\",\"name\":\"Comment\",\"target\":[\"https:\/\/www.notibras.com\/site\/botafogo-e-goleado-se-junta-ao-fla-e-se-despede-da-libertadores\/#respond\"]}]},{\"@type\":\"WebPage\",\"@id\":\"https:\/\/www.notibras.com\/site\/botafogo-e-goleado-se-junta-ao-fla-e-se-despede-da-libertadores\/\",\"url\":\"https:\/\/www.notibras.com\/site\/botafogo-e-goleado-se-junta-ao-fla-e-se-despede-da-libertadores\/\",\"name\":\"Botafogo \u00e9 goleado, se junta ao Fla e se despede da Libertadores - Notibras\",\"isPartOf\":{\"@id\":\"https:\/\/www.notibras.com\/site\/#website\"},\"primaryImageOfPage\":{\"@id\":\"https:\/\/www.notibras.com\/site\/botafogo-e-goleado-se-junta-ao-fla-e-se-despede-da-libertadores\/#primaryimage\"},\"image\":{\"@id\":\"https:\/\/www.notibras.com\/site\/botafogo-e-goleado-se-junta-ao-fla-e-se-despede-da-libertadores\/#primaryimage\"},\"thumbnailUrl\":\"https:\/\/www.notibras.com\/site\/wp-content\/uploads\/2014\/04\/Sem-t\u00edtulo-110.jpg\",\"datePublished\":\"2014-04-10T02:49:39+00:00\",\"dateModified\":\"2014-05-08T00:11:02+00:00\",\"breadcrumb\":{\"@id\":\"https:\/\/www.notibras.com\/site\/botafogo-e-goleado-se-junta-ao-fla-e-se-despede-da-libertadores\/#breadcrumb\"},\"inLanguage\":\"pt-BR\",\"potentialAction\":[{\"@type\":\"ReadAction\",\"target\":[\"https:\/\/www.notibras.com\/site\/botafogo-e-goleado-se-junta-ao-fla-e-se-despede-da-libertadores\/\"]}]},{\"@type\":\"ImageObject\",\"inLanguage\":\"pt-BR\",\"@id\":\"https:\/\/www.notibras.com\/site\/botafogo-e-goleado-se-junta-ao-fla-e-se-despede-da-libertadores\/#primaryimage\",\"url\":\"https:\/\/www.notibras.com\/site\/wp-content\/uploads\/2014\/04\/Sem-t\u00edtulo-110.jpg\",\"contentUrl\":\"https:\/\/www.notibras.com\/site\/wp-content\/uploads\/2014\/04\/Sem-t\u00edtulo-110.jpg\",\"width\":500,\"height\":331},{\"@type\":\"BreadcrumbList\",\"@id\":\"https:\/\/www.notibras.com\/site\/botafogo-e-goleado-se-junta-ao-fla-e-se-despede-da-libertadores\/#breadcrumb\",\"itemListElement\":[{\"@type\":\"ListItem\",\"position\":1,\"name\":\"In\u00edcio\",\"item\":\"https:\/\/www.notibras.com\/site\/\"},{\"@type\":\"ListItem\",\"position\":2,\"name\":\"Botafogo \u00e9 goleado, se junta ao Fla e se despede da Libertadores\"}]},{\"@type\":\"WebSite\",\"@id\":\"https:\/\/www.notibras.com\/site\/#website\",\"url\":\"https:\/\/www.notibras.com\/site\/\",\"name\":\"Notibras\",\"description\":\"Not\u00edcias de Bras\u00edlia, do Brasil e do Mundo\",\"publisher\":{\"@id\":\"https:\/\/www.notibras.com\/site\/#organization\"},\"potentialAction\":[{\"@type\":\"SearchAction\",\"target\":{\"@type\":\"EntryPoint\",\"urlTemplate\":\"https:\/\/www.notibras.com\/site\/?s={search_term_string}\"},\"query-input\":{\"@type\":\"PropertyValueSpecification\",\"valueRequired\":true,\"valueName\":\"search_term_string\"}}],\"inLanguage\":\"pt-BR\"},{\"@type\":\"Organization\",\"@id\":\"https:\/\/www.notibras.com\/site\/#organization\",\"name\":\"Grupo Notibras de Comunica\u00e7\u00e3o\",\"url\":\"https:\/\/www.notibras.com\/site\/\",\"logo\":{\"@type\":\"ImageObject\",\"inLanguage\":\"pt-BR\",\"@id\":\"https:\/\/www.notibras.com\/site\/#\/schema\/logo\/image\/\",\"url\":\"https:\/\/www.notibras.com\/site\/wp-content\/uploads\/2023\/01\/notibras23.png\",\"contentUrl\":\"https:\/\/www.notibras.com\/site\/wp-content\/uploads\/2023\/01\/notibras23.png\",\"width\":350,\"height\":87,\"caption\":\"Grupo Notibras de Comunica\u00e7\u00e3o\"},\"image\":{\"@id\":\"https:\/\/www.notibras.com\/site\/#\/schema\/logo\/image\/\"},\"sameAs\":[\"https:\/\/www.facebook.com\/notibras\/\",\"https:\/\/x.com\/Notibras\",\"https:\/\/www.instagram.com\/notibras\/\"]},{\"@type\":\"Person\",\"@id\":\"https:\/\/www.notibras.com\/site\/#\/schema\/person\/00b8e1aa08f9ef6563e878c5159d01cf\",\"name\":\"Reda\u00e7\u00e3o\",\"image\":{\"@type\":\"ImageObject\",\"inLanguage\":\"pt-BR\",\"@id\":\"https:\/\/secure.gravatar.com\/avatar\/ac5a707d5b47784a5ed426c6e213e201423c750890f64e4c379114dade67dfb9?s=96&d=mm&r=g\",\"url\":\"https:\/\/secure.gravatar.com\/avatar\/ac5a707d5b47784a5ed426c6e213e201423c750890f64e4c379114dade67dfb9?s=96&d=mm&r=g\",\"contentUrl\":\"https:\/\/secure.gravatar.com\/avatar\/ac5a707d5b47784a5ed426c6e213e201423c750890f64e4c379114dade67dfb9?s=96&d=mm&r=g\",\"caption\":\"Reda\u00e7\u00e3o\"}}]}<\/script>\n<!-- \/ Yoast SEO plugin. -->","yoast_head_json":{"title":"Botafogo \u00e9 goleado, se junta ao Fla e se despede da Libertadores - Notibras","robots":{"index":"index","follow":"follow","max-snippet":"max-snippet:-1","max-image-preview":"max-image-preview:large","max-video-preview":"max-video-preview:-1"},"canonical":"https:\/\/www.notibras.com\/site\/botafogo-e-goleado-se-junta-ao-fla-e-se-despede-da-libertadores\/","og_locale":"pt_BR","og_type":"article","og_title":"Botafogo \u00e9 goleado, se junta ao Fla e se despede da Libertadores - Notibras","og_description":"Ap\u00f3s a elimina\u00e7\u00e3o do Flamengo, foi a vez de o Botafogo dar adeus \u00e0 Libertadores. O Alvinegro foi derrotado por 3 a 0 pelo San Lorenzo nesta quarta-feira, em Bueno Aires, e despencou do segundo lugar para a lanterna do grupo 2, o que o deixou de fora das oitavas de final da competi\u00e7\u00e3o internacional. [&hellip;]","og_url":"https:\/\/www.notibras.com\/site\/botafogo-e-goleado-se-junta-ao-fla-e-se-despede-da-libertadores\/","og_site_name":"Notibras","article_publisher":"https:\/\/www.facebook.com\/notibras\/","article_published_time":"2014-04-10T02:49:39+00:00","article_modified_time":"2014-05-08T00:11:02+00:00","og_image":[{"width":500,"height":331,"url":"https:\/\/www.notibras.com\/site\/wp-content\/uploads\/2014\/04\/Sem-t\u00edtulo-110.jpg","type":"image\/jpeg"}],"author":"Reda\u00e7\u00e3o","twitter_card":"summary_large_image","twitter_creator":"@Notibras","twitter_site":"@Notibras","twitter_misc":{"Escrito por":"Reda\u00e7\u00e3o","Est. tempo de leitura":"3 minutos"},"schema":{"@context":"https:\/\/schema.org","@graph":[{"@type":"Article","@id":"https:\/\/www.notibras.com\/site\/botafogo-e-goleado-se-junta-ao-fla-e-se-despede-da-libertadores\/#article","isPartOf":{"@id":"https:\/\/www.notibras.com\/site\/botafogo-e-goleado-se-junta-ao-fla-e-se-despede-da-libertadores\/"},"author":{"name":"Reda\u00e7\u00e3o","@id":"https:\/\/www.notibras.com\/site\/#\/schema\/person\/00b8e1aa08f9ef6563e878c5159d01cf"},"headline":"Botafogo \u00e9 goleado, se junta ao Fla e se despede da Libertadores","datePublished":"2014-04-10T02:49:39+00:00","dateModified":"2014-05-08T00:11:02+00:00","mainEntityOfPage":{"@id":"https:\/\/www.notibras.com\/site\/botafogo-e-goleado-se-junta-ao-fla-e-se-despede-da-libertadores\/"},"wordCount":559,"commentCount":0,"publisher":{"@id":"https:\/\/www.notibras.com\/site\/#organization"},"image":{"@id":"https:\/\/www.notibras.com\/site\/botafogo-e-goleado-se-junta-ao-fla-e-se-despede-da-libertadores\/#primaryimage"},"thumbnailUrl":"https:\/\/www.notibras.com\/site\/wp-content\/uploads\/2014\/04\/Sem-t\u00edtulo-110.jpg","articleSection":["Esportes","Futebol"],"inLanguage":"pt-BR","potentialAction":[{"@type":"CommentAction","name":"Comment","target":["https:\/\/www.notibras.com\/site\/botafogo-e-goleado-se-junta-ao-fla-e-se-despede-da-libertadores\/#respond"]}]},{"@type":"WebPage","@id":"https:\/\/www.notibras.com\/site\/botafogo-e-goleado-se-junta-ao-fla-e-se-despede-da-libertadores\/","url":"https:\/\/www.notibras.com\/site\/botafogo-e-goleado-se-junta-ao-fla-e-se-despede-da-libertadores\/","name":"Botafogo \u00e9 goleado, se junta ao Fla e se despede da Libertadores - Notibras","isPartOf":{"@id":"https:\/\/www.notibras.com\/site\/#website"},"primaryImageOfPage":{"@id":"https:\/\/www.notibras.com\/site\/botafogo-e-goleado-se-junta-ao-fla-e-se-despede-da-libertadores\/#primaryimage"},"image":{"@id":"https:\/\/www.notibras.com\/site\/botafogo-e-goleado-se-junta-ao-fla-e-se-despede-da-libertadores\/#primaryimage"},"thumbnailUrl":"https:\/\/www.notibras.com\/site\/wp-content\/uploads\/2014\/04\/Sem-t\u00edtulo-110.jpg","datePublished":"2014-04-10T02:49:39+00:00","dateModified":"2014-05-08T00:11:02+00:00","breadcrumb":{"@id":"https:\/\/www.notibras.com\/site\/botafogo-e-goleado-se-junta-ao-fla-e-se-despede-da-libertadores\/#breadcrumb"},"inLanguage":"pt-BR","potentialAction":[{"@type":"ReadAction","target":["https:\/\/www.notibras.com\/site\/botafogo-e-goleado-se-junta-ao-fla-e-se-despede-da-libertadores\/"]}]},{"@type":"ImageObject","inLanguage":"pt-BR","@id":"https:\/\/www.notibras.com\/site\/botafogo-e-goleado-se-junta-ao-fla-e-se-despede-da-libertadores\/#primaryimage","url":"https:\/\/www.notibras.com\/site\/wp-content\/uploads\/2014\/04\/Sem-t\u00edtulo-110.jpg","contentUrl":"https:\/\/www.notibras.com\/site\/wp-content\/uploads\/2014\/04\/Sem-t\u00edtulo-110.jpg","width":500,"height":331},{"@type":"BreadcrumbList","@id":"https:\/\/www.notibras.com\/site\/botafogo-e-goleado-se-junta-ao-fla-e-se-despede-da-libertadores\/#breadcrumb","itemListElement":[{"@type":"ListItem","position":1,"name":"In\u00edcio","item":"https:\/\/www.notibras.com\/site\/"},{"@type":"ListItem","position":2,"name":"Botafogo \u00e9 goleado, se junta ao Fla e se despede da Libertadores"}]},{"@type":"WebSite","@id":"https:\/\/www.notibras.com\/site\/#website","url":"https:\/\/www.notibras.com\/site\/","name":"Notibras","description":"Not\u00edcias de Bras\u00edlia, do Brasil e do Mundo","publisher":{"@id":"https:\/\/www.notibras.com\/site\/#organization"},"potentialAction":[{"@type":"SearchAction","target":{"@type":"EntryPoint","urlTemplate":"https:\/\/www.notibras.com\/site\/?s={search_term_string}"},"query-input":{"@type":"PropertyValueSpecification","valueRequired":true,"valueName":"search_term_string"}}],"inLanguage":"pt-BR"},{"@type":"Organization","@id":"https:\/\/www.notibras.com\/site\/#organization","name":"Grupo Notibras de Comunica\u00e7\u00e3o","url":"https:\/\/www.notibras.com\/site\/","logo":{"@type":"ImageObject","inLanguage":"pt-BR","@id":"https:\/\/www.notibras.com\/site\/#\/schema\/logo\/image\/","url":"https:\/\/www.notibras.com\/site\/wp-content\/uploads\/2023\/01\/notibras23.png","contentUrl":"https:\/\/www.notibras.com\/site\/wp-content\/uploads\/2023\/01\/notibras23.png","width":350,"height":87,"caption":"Grupo Notibras de Comunica\u00e7\u00e3o"},"image":{"@id":"https:\/\/www.notibras.com\/site\/#\/schema\/logo\/image\/"},"sameAs":["https:\/\/www.facebook.com\/notibras\/","https:\/\/x.com\/Notibras","https:\/\/www.instagram.com\/notibras\/"]},{"@type":"Person","@id":"https:\/\/www.notibras.com\/site\/#\/schema\/person\/00b8e1aa08f9ef6563e878c5159d01cf","name":"Reda\u00e7\u00e3o","image":{"@type":"ImageObject","inLanguage":"pt-BR","@id":"https:\/\/secure.gravatar.com\/avatar\/ac5a707d5b47784a5ed426c6e213e201423c750890f64e4c379114dade67dfb9?s=96&d=mm&r=g","url":"https:\/\/secure.gravatar.com\/avatar\/ac5a707d5b47784a5ed426c6e213e201423c750890f64e4c379114dade67dfb9?s=96&d=mm&r=g","contentUrl":"https:\/\/secure.gravatar.com\/avatar\/ac5a707d5b47784a5ed426c6e213e201423c750890f64e4c379114dade67dfb9?s=96&d=mm&r=g","caption":"Reda\u00e7\u00e3o"}}]}},"amp_enabled":true,"_links":{"self":[{"href":"https:\/\/www.notibras.com\/site\/wp-json\/wp\/v2\/posts\/6404","targetHints":{"allow":["GET"]}}],"collection":[{"href":"https:\/\/www.notibras.com\/site\/wp-json\/wp\/v2\/posts"}],"about":[{"href":"https:\/\/www.notibras.com\/site\/wp-json\/wp\/v2\/types\/post"}],"author":[{"embeddable":true,"href":"https:\/\/www.notibras.com\/site\/wp-json\/wp\/v2\/users\/1"}],"replies":[{"embeddable":true,"href":"https:\/\/www.notibras.com\/site\/wp-json\/wp\/v2\/comments?post=6404"}],"version-history":[{"count":0,"href":"https:\/\/www.notibras.com\/site\/wp-json\/wp\/v2\/posts\/6404\/revisions"}],"wp:featuredmedia":[{"embeddable":true,"href":"https:\/\/www.notibras.com\/site\/wp-json\/wp\/v2\/media\/6405"}],"wp:attachment":[{"href":"https:\/\/www.notibras.com\/site\/wp-json\/wp\/v2\/media?parent=6404"}],"wp:term":[{"taxonomy":"category","embeddable":true,"href":"https:\/\/www.notibras.com\/site\/wp-json\/wp\/v2\/categories?post=6404"},{"taxonomy":"post_tag","embeddable":true,"href":"https:\/\/www.notibras.com\/site\/wp-json\/wp\/v2\/tags?post=6404"}],"curies":[{"name":"wp","href":"https:\/\/api.w.org\/{rel}","templated":true}]}}