{"id":64046,"date":"2015-08-24T10:48:53","date_gmt":"2015-08-24T13:48:53","guid":{"rendered":"http:\/\/www.notibras.com\/site\/?p=64046"},"modified":"2015-08-24T10:49:50","modified_gmt":"2015-08-24T13:49:50","slug":"uso-de-aplicativo-para-celular-nas-escolas-comeca-a-ganhar-forca-e-aplauso-de-estudantes","status":"publish","type":"post","link":"https:\/\/www.notibras.com\/site\/uso-de-aplicativo-para-celular-nas-escolas-comeca-a-ganhar-forca-e-aplauso-de-estudantes\/","title":{"rendered":"Uso de aplicativo para celular nas escolas come\u00e7a a ganhar for\u00e7a e aplausos dos alunos"},"content":{"rendered":"<p>Tecnologia e educa\u00e7\u00e3o sempre tiveram uma rela\u00e7\u00e3o dif\u00edcil, sobretudo dentro da sala de aula. Embora o modelo de escola tenha pouco se alterado com o passar dos anos, a cultura digital \u00e9 uma realidade entre alunos e professores &#8211; o que tem desafiado a tradi\u00e7\u00e3o. Com a dissemina\u00e7\u00e3o dos smartphones, escolas, governos e demais institui\u00e7\u00f5es se voltam para potencializar essa tecnologia na melhoria do ensino e da aprendizagem.<\/p>\n<p>A Funda\u00e7\u00e3o Lemann, por exemplo, vai iniciar uma nova linha de atua\u00e7\u00e3o voltada para aplicativos m\u00f3veis de educa\u00e7\u00e3o gratuitos. &#8220;A sociedade como um todo j\u00e1 viveu essa revolu\u00e7\u00e3o tecnol\u00f3gica e, infelizmente, nesse contexto, a escola ficou para tr\u00e1s&#8221;, explica o diretor da funda\u00e7\u00e3o, Denis Mizne. &#8220;O caminho agora \u00e9 proporcionar para alunos, professores e gestores escolares o que j\u00e1 \u00e9 uma realidade fora da escola.&#8221;<\/p>\n<p>A mais recente pesquisa TIC Kids Online, realizada pelo Comit\u00ea Gestor da Internet, mostrou que, pela primeira vez, em 2014, o acesso \u00e0 internet por celular no Brasil foi maior do que por computadores: 82% acessam pelo celular, enquanto 56% usam o desktop.<\/p>\n<p>Os resultados se referem a jovens de 9 a 17 anos de idade. As redes sociais s\u00e3o o maior atrativo, mas 68% dos jovens usam a web para trabalhos escolares.<\/p>\n<p>Isabela dos Santos, de 12 anos, estuda Ingl\u00eas pelo celular, com o aplicativo gratuito Duolingo, e Biologia pelo YouTube. &#8220;Eu nem sempre estou com livros, mas meu celular sempre est\u00e1 comigo&#8221;, diz a aluna do Col\u00e9gio Dom Bosco, na zona norte de S\u00e3o Paulo.<\/p>\n<p>A escola de Isabela vai passar a explorar um novo aplicativo focado no celular. &#8220;Funciona bem quando usado como mecanismo de intera\u00e7\u00e3o em momentos espec\u00edficos da aula&#8221;, diz Andrey Lima, diretor executivo do sistema Ari de S\u00e1, adotado pelo Dom Bosco.<\/p>\n<p>A empresa Ari de S\u00e1 mant\u00e9m uma parte de conte\u00fados, ainda pequena, aberta para o p\u00fablico. &#8220;N\u00e3o temos uma decis\u00e3o de n\u00e3o abrir os conte\u00fados, mas ainda n\u00e3o foi definido&#8221;, diz Lima.<\/p>\n<p>J\u00e1 a professora de M\u00fasica Gina Falc\u00e3o, da Nova Escola, na Vila Mascote, zona sul, toca um projeto com alunos do ensino m\u00e9dio de produ\u00e7\u00e3o de videoclipes em que o celular \u00e9 a ferramenta principal. &#8220;Eles t\u00eam muita facilidade para trabalhar com isso, estamos pedagogicamente no universo deles&#8221;, diz.<\/p>\n<p>Mesmo fora dos sistemas de ensino, os aplicativos educacionais pagos ou com direitos autorais fechados s\u00e3o maioria. Na semana passada, a C\u00e2mara dos Deputados promoveu um debate sobre Recursos Educacionais Abertos (REA).<\/p>\n<p>H\u00e1 a cobran\u00e7a para que todos os materiais digitais adquiridos pelo governo sejam livres. Em 2014, o Minist\u00e9rio da Educa\u00e7\u00e3o gastou R$ 67 milh\u00f5es na aquisi\u00e7\u00e3o de bens digitais did\u00e1ticos, cifra inclu\u00edda no R$ 1,1 bilh\u00e3o investido no Programa Nacional do Livro Did\u00e1tico (PNLD).<\/p>\n<p>Priscila Gonsales, do Instituto Educadigital, afirma que o investimento p\u00fablico em material did\u00e1tico deve ser em plataformas abertas. A reivindica\u00e7\u00e3o de licen\u00e7as passa tanto pelo potencial de acesso quanto pelas possibilidades de remixagem dos materiais. &#8220;Qualquer lugar \u00e9 lugar para aprender, o que a cultura digital vem evidenciar. Acaba a ideia de que somos consumidores de educa\u00e7\u00e3o. A gente pode produzir, um ajuda o outro, \u00e9 a cultura de compartilhar.&#8221;<\/p>\n<p>Criada em 2013 com apoio de v\u00e1rias organiza\u00e7\u00f5es n\u00e3o governamentais, a plataforma escoladigital.org.br re\u00fane 4 mil recursos digitais. Muitos ali s\u00e3o pagos e a maioria tem direitos fechados, mas h\u00e1 uma se\u00e7\u00e3o com dezenas de op\u00e7\u00f5es para professores criarem seus aplicativos.<\/p>\n<p>Segundo Mizne, da Lemann, a ideia com a iniciativa de sua funda\u00e7\u00e3o \u00e9 criar &#8220;um ambiente saud\u00e1vel&#8221; que estimule investimentos em novos recursos inovadores. Respons\u00e1vel pela tradu\u00e7\u00e3o da Khan Academy, portal focado no ensino de Matem\u00e1tica criado pelo educador americano Salman Khan, a funda\u00e7\u00e3o n\u00e3o fala em valores envolvidos.<\/p>\n","protected":false},"excerpt":{"rendered":"<p>Tecnologia e educa\u00e7\u00e3o sempre tiveram uma rela\u00e7\u00e3o dif\u00edcil, sobretudo dentro da sala de aula. Embora o modelo de escola tenha pouco se alterado com o passar dos anos, a cultura digital \u00e9 uma realidade entre alunos e professores &#8211; o que tem desafiado a tradi\u00e7\u00e3o. Com a dissemina\u00e7\u00e3o dos smartphones, escolas, governos e demais institui\u00e7\u00f5es [&hellip;]<\/p>\n","protected":false},"author":2,"featured_media":0,"comment_status":"open","ping_status":"closed","sticky":false,"template":"","format":"standard","meta":{"_acf_changed":false,"footnotes":""},"categories":[16],"tags":[],"class_list":["post-64046","post","type-post","status-publish","format-standard","hentry","category-brasil"],"acf":[],"yoast_head":"<!-- This site is optimized with the Yoast SEO plugin v27.2 - https:\/\/yoast.com\/product\/yoast-seo-wordpress\/ -->\n<title>Uso de aplicativo para celular nas escolas come\u00e7a a ganhar for\u00e7a e aplausos dos alunos - Notibras<\/title>\n<meta name=\"robots\" content=\"index, follow, max-snippet:-1, max-image-preview:large, max-video-preview:-1\" \/>\n<link rel=\"canonical\" href=\"https:\/\/www.notibras.com\/site\/uso-de-aplicativo-para-celular-nas-escolas-comeca-a-ganhar-forca-e-aplauso-de-estudantes\/\" \/>\n<meta property=\"og:locale\" content=\"pt_BR\" \/>\n<meta property=\"og:type\" content=\"article\" \/>\n<meta property=\"og:title\" content=\"Uso de aplicativo para celular nas escolas come\u00e7a a ganhar for\u00e7a e aplausos dos alunos - Notibras\" \/>\n<meta property=\"og:description\" content=\"Tecnologia e educa\u00e7\u00e3o sempre tiveram uma rela\u00e7\u00e3o dif\u00edcil, sobretudo dentro da sala de aula. Embora o modelo de escola tenha pouco se alterado com o passar dos anos, a cultura digital \u00e9 uma realidade entre alunos e professores &#8211; o que tem desafiado a tradi\u00e7\u00e3o. Com a dissemina\u00e7\u00e3o dos smartphones, escolas, governos e demais institui\u00e7\u00f5es [&hellip;]\" \/>\n<meta property=\"og:url\" content=\"https:\/\/www.notibras.com\/site\/uso-de-aplicativo-para-celular-nas-escolas-comeca-a-ganhar-forca-e-aplauso-de-estudantes\/\" \/>\n<meta property=\"og:site_name\" content=\"Notibras\" \/>\n<meta property=\"article:publisher\" content=\"https:\/\/www.facebook.com\/notibras\/\" \/>\n<meta property=\"article:published_time\" content=\"2015-08-24T13:48:53+00:00\" \/>\n<meta property=\"article:modified_time\" content=\"2015-08-24T13:49:50+00:00\" \/>\n<meta property=\"og:image\" content=\"https:\/\/www.notibras.com\/site\/wp-content\/uploads\/2015\/08\/unnamed1.jpg\" \/>\n\t<meta property=\"og:image:width\" content=\"470\" \/>\n\t<meta property=\"og:image:height\" content=\"313\" \/>\n\t<meta property=\"og:image:type\" content=\"image\/jpeg\" \/>\n<meta name=\"author\" content=\"Reda\u00e7\u00e3o\" \/>\n<meta name=\"twitter:card\" content=\"summary_large_image\" \/>\n<meta name=\"twitter:creator\" content=\"@Notibras\" \/>\n<meta name=\"twitter:site\" content=\"@Notibras\" \/>\n<meta name=\"twitter:label1\" content=\"Escrito por\" \/>\n\t<meta name=\"twitter:data1\" content=\"Reda\u00e7\u00e3o\" \/>\n\t<meta name=\"twitter:label2\" content=\"Est. tempo de leitura\" \/>\n\t<meta name=\"twitter:data2\" content=\"3 minutos\" \/>\n<script type=\"application\/ld+json\" class=\"yoast-schema-graph\">{\"@context\":\"https:\/\/schema.org\",\"@graph\":[{\"@type\":\"Article\",\"@id\":\"https:\/\/www.notibras.com\/site\/uso-de-aplicativo-para-celular-nas-escolas-comeca-a-ganhar-forca-e-aplauso-de-estudantes\/#article\",\"isPartOf\":{\"@id\":\"https:\/\/www.notibras.com\/site\/uso-de-aplicativo-para-celular-nas-escolas-comeca-a-ganhar-forca-e-aplauso-de-estudantes\/\"},\"author\":{\"name\":\"Reda\u00e7\u00e3o\",\"@id\":\"https:\/\/www.notibras.com\/site\/#\/schema\/person\/36ab0979449956132d3e5b517ea76ac8\"},\"headline\":\"Uso de aplicativo para celular nas escolas come\u00e7a a ganhar for\u00e7a e aplausos dos alunos\",\"datePublished\":\"2015-08-24T13:48:53+00:00\",\"dateModified\":\"2015-08-24T13:49:50+00:00\",\"mainEntityOfPage\":{\"@id\":\"https:\/\/www.notibras.com\/site\/uso-de-aplicativo-para-celular-nas-escolas-comeca-a-ganhar-forca-e-aplauso-de-estudantes\/\"},\"wordCount\":670,\"commentCount\":0,\"publisher\":{\"@id\":\"https:\/\/www.notibras.com\/site\/#organization\"},\"articleSection\":[\"Brasil\"],\"inLanguage\":\"pt-BR\",\"potentialAction\":[{\"@type\":\"CommentAction\",\"name\":\"Comment\",\"target\":[\"https:\/\/www.notibras.com\/site\/uso-de-aplicativo-para-celular-nas-escolas-comeca-a-ganhar-forca-e-aplauso-de-estudantes\/#respond\"]}]},{\"@type\":\"WebPage\",\"@id\":\"https:\/\/www.notibras.com\/site\/uso-de-aplicativo-para-celular-nas-escolas-comeca-a-ganhar-forca-e-aplauso-de-estudantes\/\",\"url\":\"https:\/\/www.notibras.com\/site\/uso-de-aplicativo-para-celular-nas-escolas-comeca-a-ganhar-forca-e-aplauso-de-estudantes\/\",\"name\":\"Uso de aplicativo para celular nas escolas come\u00e7a a ganhar for\u00e7a e aplausos dos alunos - Notibras\",\"isPartOf\":{\"@id\":\"https:\/\/www.notibras.com\/site\/#website\"},\"datePublished\":\"2015-08-24T13:48:53+00:00\",\"dateModified\":\"2015-08-24T13:49:50+00:00\",\"breadcrumb\":{\"@id\":\"https:\/\/www.notibras.com\/site\/uso-de-aplicativo-para-celular-nas-escolas-comeca-a-ganhar-forca-e-aplauso-de-estudantes\/#breadcrumb\"},\"inLanguage\":\"pt-BR\",\"potentialAction\":[{\"@type\":\"ReadAction\",\"target\":[\"https:\/\/www.notibras.com\/site\/uso-de-aplicativo-para-celular-nas-escolas-comeca-a-ganhar-forca-e-aplauso-de-estudantes\/\"]}]},{\"@type\":\"BreadcrumbList\",\"@id\":\"https:\/\/www.notibras.com\/site\/uso-de-aplicativo-para-celular-nas-escolas-comeca-a-ganhar-forca-e-aplauso-de-estudantes\/#breadcrumb\",\"itemListElement\":[{\"@type\":\"ListItem\",\"position\":1,\"name\":\"In\u00edcio\",\"item\":\"https:\/\/www.notibras.com\/site\/\"},{\"@type\":\"ListItem\",\"position\":2,\"name\":\"Uso de aplicativo para celular nas escolas come\u00e7a a ganhar for\u00e7a e aplausos dos alunos\"}]},{\"@type\":\"WebSite\",\"@id\":\"https:\/\/www.notibras.com\/site\/#website\",\"url\":\"https:\/\/www.notibras.com\/site\/\",\"name\":\"Notibras\",\"description\":\"Not\u00edcias de Bras\u00edlia, do Brasil e do Mundo\",\"publisher\":{\"@id\":\"https:\/\/www.notibras.com\/site\/#organization\"},\"potentialAction\":[{\"@type\":\"SearchAction\",\"target\":{\"@type\":\"EntryPoint\",\"urlTemplate\":\"https:\/\/www.notibras.com\/site\/?s={search_term_string}\"},\"query-input\":{\"@type\":\"PropertyValueSpecification\",\"valueRequired\":true,\"valueName\":\"search_term_string\"}}],\"inLanguage\":\"pt-BR\"},{\"@type\":\"Organization\",\"@id\":\"https:\/\/www.notibras.com\/site\/#organization\",\"name\":\"Grupo Notibras de Comunica\u00e7\u00e3o\",\"url\":\"https:\/\/www.notibras.com\/site\/\",\"logo\":{\"@type\":\"ImageObject\",\"inLanguage\":\"pt-BR\",\"@id\":\"https:\/\/www.notibras.com\/site\/#\/schema\/logo\/image\/\",\"url\":\"https:\/\/www.notibras.com\/site\/wp-content\/uploads\/2023\/01\/notibras23.png\",\"contentUrl\":\"https:\/\/www.notibras.com\/site\/wp-content\/uploads\/2023\/01\/notibras23.png\",\"width\":350,\"height\":87,\"caption\":\"Grupo Notibras de Comunica\u00e7\u00e3o\"},\"image\":{\"@id\":\"https:\/\/www.notibras.com\/site\/#\/schema\/logo\/image\/\"},\"sameAs\":[\"https:\/\/www.facebook.com\/notibras\/\",\"https:\/\/x.com\/Notibras\",\"https:\/\/www.instagram.com\/notibras\/\"]},{\"@type\":\"Person\",\"@id\":\"https:\/\/www.notibras.com\/site\/#\/schema\/person\/36ab0979449956132d3e5b517ea76ac8\",\"name\":\"Reda\u00e7\u00e3o\",\"image\":{\"@type\":\"ImageObject\",\"inLanguage\":\"pt-BR\",\"@id\":\"https:\/\/secure.gravatar.com\/avatar\/e0a867bdedb85fd243eadf09663511f96fc81e0720a4a42581f334ad4303aa6b?s=96&d=mm&r=g\",\"url\":\"https:\/\/secure.gravatar.com\/avatar\/e0a867bdedb85fd243eadf09663511f96fc81e0720a4a42581f334ad4303aa6b?s=96&d=mm&r=g\",\"contentUrl\":\"https:\/\/secure.gravatar.com\/avatar\/e0a867bdedb85fd243eadf09663511f96fc81e0720a4a42581f334ad4303aa6b?s=96&d=mm&r=g\",\"caption\":\"Reda\u00e7\u00e3o\"}}]}<\/script>\n<!-- \/ Yoast SEO plugin. -->","yoast_head_json":{"title":"Uso de aplicativo para celular nas escolas come\u00e7a a ganhar for\u00e7a e aplausos dos alunos - Notibras","robots":{"index":"index","follow":"follow","max-snippet":"max-snippet:-1","max-image-preview":"max-image-preview:large","max-video-preview":"max-video-preview:-1"},"canonical":"https:\/\/www.notibras.com\/site\/uso-de-aplicativo-para-celular-nas-escolas-comeca-a-ganhar-forca-e-aplauso-de-estudantes\/","og_locale":"pt_BR","og_type":"article","og_title":"Uso de aplicativo para celular nas escolas come\u00e7a a ganhar for\u00e7a e aplausos dos alunos - Notibras","og_description":"Tecnologia e educa\u00e7\u00e3o sempre tiveram uma rela\u00e7\u00e3o dif\u00edcil, sobretudo dentro da sala de aula. Embora o modelo de escola tenha pouco se alterado com o passar dos anos, a cultura digital \u00e9 uma realidade entre alunos e professores &#8211; o que tem desafiado a tradi\u00e7\u00e3o. Com a dissemina\u00e7\u00e3o dos smartphones, escolas, governos e demais institui\u00e7\u00f5es [&hellip;]","og_url":"https:\/\/www.notibras.com\/site\/uso-de-aplicativo-para-celular-nas-escolas-comeca-a-ganhar-forca-e-aplauso-de-estudantes\/","og_site_name":"Notibras","article_publisher":"https:\/\/www.facebook.com\/notibras\/","article_published_time":"2015-08-24T13:48:53+00:00","article_modified_time":"2015-08-24T13:49:50+00:00","og_image":[{"width":470,"height":313,"url":"https:\/\/www.notibras.com\/site\/wp-content\/uploads\/2015\/08\/unnamed1.jpg","type":"image\/jpeg"}],"author":"Reda\u00e7\u00e3o","twitter_card":"summary_large_image","twitter_creator":"@Notibras","twitter_site":"@Notibras","twitter_misc":{"Escrito por":"Reda\u00e7\u00e3o","Est. tempo de leitura":"3 minutos"},"schema":{"@context":"https:\/\/schema.org","@graph":[{"@type":"Article","@id":"https:\/\/www.notibras.com\/site\/uso-de-aplicativo-para-celular-nas-escolas-comeca-a-ganhar-forca-e-aplauso-de-estudantes\/#article","isPartOf":{"@id":"https:\/\/www.notibras.com\/site\/uso-de-aplicativo-para-celular-nas-escolas-comeca-a-ganhar-forca-e-aplauso-de-estudantes\/"},"author":{"name":"Reda\u00e7\u00e3o","@id":"https:\/\/www.notibras.com\/site\/#\/schema\/person\/36ab0979449956132d3e5b517ea76ac8"},"headline":"Uso de aplicativo para celular nas escolas come\u00e7a a ganhar for\u00e7a e aplausos dos alunos","datePublished":"2015-08-24T13:48:53+00:00","dateModified":"2015-08-24T13:49:50+00:00","mainEntityOfPage":{"@id":"https:\/\/www.notibras.com\/site\/uso-de-aplicativo-para-celular-nas-escolas-comeca-a-ganhar-forca-e-aplauso-de-estudantes\/"},"wordCount":670,"commentCount":0,"publisher":{"@id":"https:\/\/www.notibras.com\/site\/#organization"},"articleSection":["Brasil"],"inLanguage":"pt-BR","potentialAction":[{"@type":"CommentAction","name":"Comment","target":["https:\/\/www.notibras.com\/site\/uso-de-aplicativo-para-celular-nas-escolas-comeca-a-ganhar-forca-e-aplauso-de-estudantes\/#respond"]}]},{"@type":"WebPage","@id":"https:\/\/www.notibras.com\/site\/uso-de-aplicativo-para-celular-nas-escolas-comeca-a-ganhar-forca-e-aplauso-de-estudantes\/","url":"https:\/\/www.notibras.com\/site\/uso-de-aplicativo-para-celular-nas-escolas-comeca-a-ganhar-forca-e-aplauso-de-estudantes\/","name":"Uso de aplicativo para celular nas escolas come\u00e7a a ganhar for\u00e7a e aplausos dos alunos - Notibras","isPartOf":{"@id":"https:\/\/www.notibras.com\/site\/#website"},"datePublished":"2015-08-24T13:48:53+00:00","dateModified":"2015-08-24T13:49:50+00:00","breadcrumb":{"@id":"https:\/\/www.notibras.com\/site\/uso-de-aplicativo-para-celular-nas-escolas-comeca-a-ganhar-forca-e-aplauso-de-estudantes\/#breadcrumb"},"inLanguage":"pt-BR","potentialAction":[{"@type":"ReadAction","target":["https:\/\/www.notibras.com\/site\/uso-de-aplicativo-para-celular-nas-escolas-comeca-a-ganhar-forca-e-aplauso-de-estudantes\/"]}]},{"@type":"BreadcrumbList","@id":"https:\/\/www.notibras.com\/site\/uso-de-aplicativo-para-celular-nas-escolas-comeca-a-ganhar-forca-e-aplauso-de-estudantes\/#breadcrumb","itemListElement":[{"@type":"ListItem","position":1,"name":"In\u00edcio","item":"https:\/\/www.notibras.com\/site\/"},{"@type":"ListItem","position":2,"name":"Uso de aplicativo para celular nas escolas come\u00e7a a ganhar for\u00e7a e aplausos dos alunos"}]},{"@type":"WebSite","@id":"https:\/\/www.notibras.com\/site\/#website","url":"https:\/\/www.notibras.com\/site\/","name":"Notibras","description":"Not\u00edcias de Bras\u00edlia, do Brasil e do Mundo","publisher":{"@id":"https:\/\/www.notibras.com\/site\/#organization"},"potentialAction":[{"@type":"SearchAction","target":{"@type":"EntryPoint","urlTemplate":"https:\/\/www.notibras.com\/site\/?s={search_term_string}"},"query-input":{"@type":"PropertyValueSpecification","valueRequired":true,"valueName":"search_term_string"}}],"inLanguage":"pt-BR"},{"@type":"Organization","@id":"https:\/\/www.notibras.com\/site\/#organization","name":"Grupo Notibras de Comunica\u00e7\u00e3o","url":"https:\/\/www.notibras.com\/site\/","logo":{"@type":"ImageObject","inLanguage":"pt-BR","@id":"https:\/\/www.notibras.com\/site\/#\/schema\/logo\/image\/","url":"https:\/\/www.notibras.com\/site\/wp-content\/uploads\/2023\/01\/notibras23.png","contentUrl":"https:\/\/www.notibras.com\/site\/wp-content\/uploads\/2023\/01\/notibras23.png","width":350,"height":87,"caption":"Grupo Notibras de Comunica\u00e7\u00e3o"},"image":{"@id":"https:\/\/www.notibras.com\/site\/#\/schema\/logo\/image\/"},"sameAs":["https:\/\/www.facebook.com\/notibras\/","https:\/\/x.com\/Notibras","https:\/\/www.instagram.com\/notibras\/"]},{"@type":"Person","@id":"https:\/\/www.notibras.com\/site\/#\/schema\/person\/36ab0979449956132d3e5b517ea76ac8","name":"Reda\u00e7\u00e3o","image":{"@type":"ImageObject","inLanguage":"pt-BR","@id":"https:\/\/secure.gravatar.com\/avatar\/e0a867bdedb85fd243eadf09663511f96fc81e0720a4a42581f334ad4303aa6b?s=96&d=mm&r=g","url":"https:\/\/secure.gravatar.com\/avatar\/e0a867bdedb85fd243eadf09663511f96fc81e0720a4a42581f334ad4303aa6b?s=96&d=mm&r=g","contentUrl":"https:\/\/secure.gravatar.com\/avatar\/e0a867bdedb85fd243eadf09663511f96fc81e0720a4a42581f334ad4303aa6b?s=96&d=mm&r=g","caption":"Reda\u00e7\u00e3o"}}]}},"amp_enabled":true,"_links":{"self":[{"href":"https:\/\/www.notibras.com\/site\/wp-json\/wp\/v2\/posts\/64046","targetHints":{"allow":["GET"]}}],"collection":[{"href":"https:\/\/www.notibras.com\/site\/wp-json\/wp\/v2\/posts"}],"about":[{"href":"https:\/\/www.notibras.com\/site\/wp-json\/wp\/v2\/types\/post"}],"author":[{"embeddable":true,"href":"https:\/\/www.notibras.com\/site\/wp-json\/wp\/v2\/users\/2"}],"replies":[{"embeddable":true,"href":"https:\/\/www.notibras.com\/site\/wp-json\/wp\/v2\/comments?post=64046"}],"version-history":[{"count":3,"href":"https:\/\/www.notibras.com\/site\/wp-json\/wp\/v2\/posts\/64046\/revisions"}],"predecessor-version":[{"id":64050,"href":"https:\/\/www.notibras.com\/site\/wp-json\/wp\/v2\/posts\/64046\/revisions\/64050"}],"wp:attachment":[{"href":"https:\/\/www.notibras.com\/site\/wp-json\/wp\/v2\/media?parent=64046"}],"wp:term":[{"taxonomy":"category","embeddable":true,"href":"https:\/\/www.notibras.com\/site\/wp-json\/wp\/v2\/categories?post=64046"},{"taxonomy":"post_tag","embeddable":true,"href":"https:\/\/www.notibras.com\/site\/wp-json\/wp\/v2\/tags?post=64046"}],"curies":[{"name":"wp","href":"https:\/\/api.w.org\/{rel}","templated":true}]}}