{"id":6409,"date":"2014-04-09T23:51:05","date_gmt":"2014-04-10T02:51:05","guid":{"rendered":"http:\/\/www.notibras.com\/site\/?p=6409"},"modified":"2014-04-10T21:49:06","modified_gmt":"2014-04-11T00:49:06","slug":"cruzeiro-atropela-garcilaso-no-mineirao-e-garante-vaga-nas-oitavas","status":"publish","type":"post","link":"https:\/\/www.notibras.com\/site\/cruzeiro-atropela-garcilaso-no-mineirao-e-garante-vaga-nas-oitavas\/","title":{"rendered":"Cruzeiro atropela Garcilaso no Mineir\u00e3o e garante vaga"},"content":{"rendered":"<p>Apesar da press\u00e3o, do retrospecto ruim na competi\u00e7\u00e3o e da possibilidade de depender de combina\u00e7\u00e3o de resultados, o Cruzeiro fez exatamente o necess\u00e1rio para avan\u00e7ar sem sustos \u00e0s oitavas de final da Copa Libertadores. Na noite desta quarta-feira, no Mineir\u00e3o, o time celeste fez 3 a 0 no Real Garcilaso, do Peru, ainda no primeiro tempo, resultado que o confirmou no rol dos classificados para a fase de mata-mata do campeonato.<\/p>\n<p>Assim, o Cruzeiro encerra a primeira fase com tr\u00eas vit\u00f3rias conquistadas, duas contra o Real Garcilaso e uma sobre a Universidad de Chile. Com dez\u00a0pontos ganhos, avan\u00e7a como segundo colocado do Grupo 5, atr\u00e1s do Defensor Sporting, do Uruguai, que empatou por 1 a 1 contra a La U\u00a0e ficou com a lideran\u00e7a e 11 pontos. Os chilenos, com dez, ca\u00edram justamente por conta do saldo de gols dos mineiros.<\/p>\n<p>Ciente da necessidade da grande diferen\u00e7a de gols a ser alcan\u00e7ada, o Cruzeiro se atirou no campo ofensivo desde o primeiro minuto de jogo, aproveitando a falta de interesse do advers\u00e1rio. J\u00e1 eliminado, o Garcilaso viajou a Minas Gerais com apenas 16 jogadores e ainda perdeu a conex\u00e3o entre S\u00e3o Paulo e Belo Horizonte, o que o fez chegar \u00e0 capital mineira na tarde da ter\u00e7a-feira.<\/p>\n<p>Assim, o Cruzeiro balan\u00e7ou a rede cinco vezes no primeiro tempo, embora as duas primeiras tenham sido anuladas pela arbitragem?\u00a0Ricardo Goulart, aos 6min, por impedimento, e Ded\u00e9, aos 12min, por falta de ataque. Aos 23min, Mayke cruzou da direita, e Ricardo Goulart cabeceou firme\u00a0para finalmente inaugurar o marcador a favor do dono da casa.<\/p>\n<p>O anfitri\u00e3o, ent\u00e3o, n\u00e3o demorou a buscar o resultado necess\u00e1rio para a classifica\u00e7\u00e3o. Pouco depois, aos 27min, Everton Ribeiro cobrou escanteio para Bruno Rodrigo fazer o segundo, de cabe\u00e7a. Aos 42min, Ricardo Goulart fez jogada pelo meio e deixou para Julio Baptista tocar na sa\u00edda do goleiro Juan Pretel, aumentando para 3 a 0 o marcador. Antes do intervalo, a miss\u00e3o estava parcialmente cumprida.<\/p>\n<p>No segundo tempo, o Cruzeiro manteve o dom\u00ednio, mas inevitavelmente diminuiu o ritmo. Mesmo assim, criou boas chances e voltou a ter gol anulado: aos 25min, linda troca de passes terminou com Dagoberto, impedido, tocando de lado para Everton Ribeiro completar para o gol vazio, mas o assistente indicou a irregularidade.<\/p>\n","protected":false},"excerpt":{"rendered":"<p>Apesar da press\u00e3o, do retrospecto ruim na competi\u00e7\u00e3o e da possibilidade de depender de combina\u00e7\u00e3o de resultados, o Cruzeiro fez exatamente o necess\u00e1rio para avan\u00e7ar sem sustos \u00e0s oitavas de final da Copa Libertadores. Na noite desta quarta-feira, no Mineir\u00e3o, o time celeste fez 3 a 0 no Real Garcilaso, do Peru, ainda no primeiro [&hellip;]<\/p>\n","protected":false},"author":1,"featured_media":6410,"comment_status":"open","ping_status":"closed","sticky":false,"template":"","format":"standard","meta":{"_acf_changed":false,"footnotes":""},"categories":[19],"tags":[],"class_list":["post-6409","post","type-post","status-publish","format-standard","has-post-thumbnail","hentry","category-esportes"],"acf":[],"yoast_head":"<!-- This site is optimized with the Yoast SEO plugin v27.2 - https:\/\/yoast.com\/product\/yoast-seo-wordpress\/ -->\n<title>Cruzeiro atropela Garcilaso no Mineir\u00e3o e garante vaga - Notibras<\/title>\n<meta name=\"robots\" content=\"index, follow, max-snippet:-1, max-image-preview:large, max-video-preview:-1\" \/>\n<link rel=\"canonical\" href=\"https:\/\/www.notibras.com\/site\/cruzeiro-atropela-garcilaso-no-mineirao-e-garante-vaga-nas-oitavas\/\" \/>\n<meta property=\"og:locale\" content=\"pt_BR\" \/>\n<meta property=\"og:type\" content=\"article\" \/>\n<meta property=\"og:title\" content=\"Cruzeiro atropela Garcilaso no Mineir\u00e3o e garante vaga - Notibras\" \/>\n<meta property=\"og:description\" content=\"Apesar da press\u00e3o, do retrospecto ruim na competi\u00e7\u00e3o e da possibilidade de depender de combina\u00e7\u00e3o de resultados, o Cruzeiro fez exatamente o necess\u00e1rio para avan\u00e7ar sem sustos \u00e0s oitavas de final da Copa Libertadores. Na noite desta quarta-feira, no Mineir\u00e3o, o time celeste fez 3 a 0 no Real Garcilaso, do Peru, ainda no primeiro [&hellip;]\" \/>\n<meta property=\"og:url\" content=\"https:\/\/www.notibras.com\/site\/cruzeiro-atropela-garcilaso-no-mineirao-e-garante-vaga-nas-oitavas\/\" \/>\n<meta property=\"og:site_name\" content=\"Notibras\" \/>\n<meta property=\"article:publisher\" content=\"https:\/\/www.facebook.com\/notibras\/\" \/>\n<meta property=\"article:published_time\" content=\"2014-04-10T02:51:05+00:00\" \/>\n<meta property=\"article:modified_time\" content=\"2014-04-11T00:49:06+00:00\" \/>\n<meta property=\"og:image\" content=\"https:\/\/www.notibras.com\/site\/wp-content\/uploads\/2014\/04\/Sem-t\u00edtulo-111.jpg\" \/>\n\t<meta property=\"og:image:width\" content=\"750\" \/>\n\t<meta property=\"og:image:height\" content=\"500\" \/>\n\t<meta property=\"og:image:type\" content=\"image\/jpeg\" \/>\n<meta name=\"author\" content=\"Reda\u00e7\u00e3o\" \/>\n<meta name=\"twitter:card\" content=\"summary_large_image\" \/>\n<meta name=\"twitter:creator\" content=\"@Notibras\" \/>\n<meta name=\"twitter:site\" content=\"@Notibras\" \/>\n<meta name=\"twitter:label1\" content=\"Escrito por\" \/>\n\t<meta name=\"twitter:data1\" content=\"Reda\u00e7\u00e3o\" \/>\n\t<meta name=\"twitter:label2\" content=\"Est. tempo de leitura\" \/>\n\t<meta name=\"twitter:data2\" content=\"2 minutos\" \/>\n<script type=\"application\/ld+json\" class=\"yoast-schema-graph\">{\"@context\":\"https:\/\/schema.org\",\"@graph\":[{\"@type\":\"Article\",\"@id\":\"https:\/\/www.notibras.com\/site\/cruzeiro-atropela-garcilaso-no-mineirao-e-garante-vaga-nas-oitavas\/#article\",\"isPartOf\":{\"@id\":\"https:\/\/www.notibras.com\/site\/cruzeiro-atropela-garcilaso-no-mineirao-e-garante-vaga-nas-oitavas\/\"},\"author\":{\"name\":\"Reda\u00e7\u00e3o\",\"@id\":\"https:\/\/www.notibras.com\/site\/#\/schema\/person\/00b8e1aa08f9ef6563e878c5159d01cf\"},\"headline\":\"Cruzeiro atropela Garcilaso no Mineir\u00e3o e garante vaga\",\"datePublished\":\"2014-04-10T02:51:05+00:00\",\"dateModified\":\"2014-04-11T00:49:06+00:00\",\"mainEntityOfPage\":{\"@id\":\"https:\/\/www.notibras.com\/site\/cruzeiro-atropela-garcilaso-no-mineirao-e-garante-vaga-nas-oitavas\/\"},\"wordCount\":407,\"commentCount\":0,\"publisher\":{\"@id\":\"https:\/\/www.notibras.com\/site\/#organization\"},\"image\":{\"@id\":\"https:\/\/www.notibras.com\/site\/cruzeiro-atropela-garcilaso-no-mineirao-e-garante-vaga-nas-oitavas\/#primaryimage\"},\"thumbnailUrl\":\"https:\/\/www.notibras.com\/site\/wp-content\/uploads\/2014\/04\/Sem-t\u00edtulo-111.jpg\",\"articleSection\":[\"Esportes\"],\"inLanguage\":\"pt-BR\",\"potentialAction\":[{\"@type\":\"CommentAction\",\"name\":\"Comment\",\"target\":[\"https:\/\/www.notibras.com\/site\/cruzeiro-atropela-garcilaso-no-mineirao-e-garante-vaga-nas-oitavas\/#respond\"]}]},{\"@type\":\"WebPage\",\"@id\":\"https:\/\/www.notibras.com\/site\/cruzeiro-atropela-garcilaso-no-mineirao-e-garante-vaga-nas-oitavas\/\",\"url\":\"https:\/\/www.notibras.com\/site\/cruzeiro-atropela-garcilaso-no-mineirao-e-garante-vaga-nas-oitavas\/\",\"name\":\"Cruzeiro atropela Garcilaso no Mineir\u00e3o e garante vaga - Notibras\",\"isPartOf\":{\"@id\":\"https:\/\/www.notibras.com\/site\/#website\"},\"primaryImageOfPage\":{\"@id\":\"https:\/\/www.notibras.com\/site\/cruzeiro-atropela-garcilaso-no-mineirao-e-garante-vaga-nas-oitavas\/#primaryimage\"},\"image\":{\"@id\":\"https:\/\/www.notibras.com\/site\/cruzeiro-atropela-garcilaso-no-mineirao-e-garante-vaga-nas-oitavas\/#primaryimage\"},\"thumbnailUrl\":\"https:\/\/www.notibras.com\/site\/wp-content\/uploads\/2014\/04\/Sem-t\u00edtulo-111.jpg\",\"datePublished\":\"2014-04-10T02:51:05+00:00\",\"dateModified\":\"2014-04-11T00:49:06+00:00\",\"breadcrumb\":{\"@id\":\"https:\/\/www.notibras.com\/site\/cruzeiro-atropela-garcilaso-no-mineirao-e-garante-vaga-nas-oitavas\/#breadcrumb\"},\"inLanguage\":\"pt-BR\",\"potentialAction\":[{\"@type\":\"ReadAction\",\"target\":[\"https:\/\/www.notibras.com\/site\/cruzeiro-atropela-garcilaso-no-mineirao-e-garante-vaga-nas-oitavas\/\"]}]},{\"@type\":\"ImageObject\",\"inLanguage\":\"pt-BR\",\"@id\":\"https:\/\/www.notibras.com\/site\/cruzeiro-atropela-garcilaso-no-mineirao-e-garante-vaga-nas-oitavas\/#primaryimage\",\"url\":\"https:\/\/www.notibras.com\/site\/wp-content\/uploads\/2014\/04\/Sem-t\u00edtulo-111.jpg\",\"contentUrl\":\"https:\/\/www.notibras.com\/site\/wp-content\/uploads\/2014\/04\/Sem-t\u00edtulo-111.jpg\",\"width\":750,\"height\":500},{\"@type\":\"BreadcrumbList\",\"@id\":\"https:\/\/www.notibras.com\/site\/cruzeiro-atropela-garcilaso-no-mineirao-e-garante-vaga-nas-oitavas\/#breadcrumb\",\"itemListElement\":[{\"@type\":\"ListItem\",\"position\":1,\"name\":\"In\u00edcio\",\"item\":\"https:\/\/www.notibras.com\/site\/\"},{\"@type\":\"ListItem\",\"position\":2,\"name\":\"Cruzeiro atropela Garcilaso no Mineir\u00e3o e garante vaga\"}]},{\"@type\":\"WebSite\",\"@id\":\"https:\/\/www.notibras.com\/site\/#website\",\"url\":\"https:\/\/www.notibras.com\/site\/\",\"name\":\"Notibras\",\"description\":\"Not\u00edcias de Bras\u00edlia, do Brasil e do Mundo\",\"publisher\":{\"@id\":\"https:\/\/www.notibras.com\/site\/#organization\"},\"potentialAction\":[{\"@type\":\"SearchAction\",\"target\":{\"@type\":\"EntryPoint\",\"urlTemplate\":\"https:\/\/www.notibras.com\/site\/?s={search_term_string}\"},\"query-input\":{\"@type\":\"PropertyValueSpecification\",\"valueRequired\":true,\"valueName\":\"search_term_string\"}}],\"inLanguage\":\"pt-BR\"},{\"@type\":\"Organization\",\"@id\":\"https:\/\/www.notibras.com\/site\/#organization\",\"name\":\"Grupo Notibras de Comunica\u00e7\u00e3o\",\"url\":\"https:\/\/www.notibras.com\/site\/\",\"logo\":{\"@type\":\"ImageObject\",\"inLanguage\":\"pt-BR\",\"@id\":\"https:\/\/www.notibras.com\/site\/#\/schema\/logo\/image\/\",\"url\":\"https:\/\/www.notibras.com\/site\/wp-content\/uploads\/2023\/01\/notibras23.png\",\"contentUrl\":\"https:\/\/www.notibras.com\/site\/wp-content\/uploads\/2023\/01\/notibras23.png\",\"width\":350,\"height\":87,\"caption\":\"Grupo Notibras de Comunica\u00e7\u00e3o\"},\"image\":{\"@id\":\"https:\/\/www.notibras.com\/site\/#\/schema\/logo\/image\/\"},\"sameAs\":[\"https:\/\/www.facebook.com\/notibras\/\",\"https:\/\/x.com\/Notibras\",\"https:\/\/www.instagram.com\/notibras\/\"]},{\"@type\":\"Person\",\"@id\":\"https:\/\/www.notibras.com\/site\/#\/schema\/person\/00b8e1aa08f9ef6563e878c5159d01cf\",\"name\":\"Reda\u00e7\u00e3o\",\"image\":{\"@type\":\"ImageObject\",\"inLanguage\":\"pt-BR\",\"@id\":\"https:\/\/secure.gravatar.com\/avatar\/ac5a707d5b47784a5ed426c6e213e201423c750890f64e4c379114dade67dfb9?s=96&d=mm&r=g\",\"url\":\"https:\/\/secure.gravatar.com\/avatar\/ac5a707d5b47784a5ed426c6e213e201423c750890f64e4c379114dade67dfb9?s=96&d=mm&r=g\",\"contentUrl\":\"https:\/\/secure.gravatar.com\/avatar\/ac5a707d5b47784a5ed426c6e213e201423c750890f64e4c379114dade67dfb9?s=96&d=mm&r=g\",\"caption\":\"Reda\u00e7\u00e3o\"}}]}<\/script>\n<!-- \/ Yoast SEO plugin. -->","yoast_head_json":{"title":"Cruzeiro atropela Garcilaso no Mineir\u00e3o e garante vaga - Notibras","robots":{"index":"index","follow":"follow","max-snippet":"max-snippet:-1","max-image-preview":"max-image-preview:large","max-video-preview":"max-video-preview:-1"},"canonical":"https:\/\/www.notibras.com\/site\/cruzeiro-atropela-garcilaso-no-mineirao-e-garante-vaga-nas-oitavas\/","og_locale":"pt_BR","og_type":"article","og_title":"Cruzeiro atropela Garcilaso no Mineir\u00e3o e garante vaga - Notibras","og_description":"Apesar da press\u00e3o, do retrospecto ruim na competi\u00e7\u00e3o e da possibilidade de depender de combina\u00e7\u00e3o de resultados, o Cruzeiro fez exatamente o necess\u00e1rio para avan\u00e7ar sem sustos \u00e0s oitavas de final da Copa Libertadores. Na noite desta quarta-feira, no Mineir\u00e3o, o time celeste fez 3 a 0 no Real Garcilaso, do Peru, ainda no primeiro [&hellip;]","og_url":"https:\/\/www.notibras.com\/site\/cruzeiro-atropela-garcilaso-no-mineirao-e-garante-vaga-nas-oitavas\/","og_site_name":"Notibras","article_publisher":"https:\/\/www.facebook.com\/notibras\/","article_published_time":"2014-04-10T02:51:05+00:00","article_modified_time":"2014-04-11T00:49:06+00:00","og_image":[{"width":750,"height":500,"url":"https:\/\/www.notibras.com\/site\/wp-content\/uploads\/2014\/04\/Sem-t\u00edtulo-111.jpg","type":"image\/jpeg"}],"author":"Reda\u00e7\u00e3o","twitter_card":"summary_large_image","twitter_creator":"@Notibras","twitter_site":"@Notibras","twitter_misc":{"Escrito por":"Reda\u00e7\u00e3o","Est. tempo de leitura":"2 minutos"},"schema":{"@context":"https:\/\/schema.org","@graph":[{"@type":"Article","@id":"https:\/\/www.notibras.com\/site\/cruzeiro-atropela-garcilaso-no-mineirao-e-garante-vaga-nas-oitavas\/#article","isPartOf":{"@id":"https:\/\/www.notibras.com\/site\/cruzeiro-atropela-garcilaso-no-mineirao-e-garante-vaga-nas-oitavas\/"},"author":{"name":"Reda\u00e7\u00e3o","@id":"https:\/\/www.notibras.com\/site\/#\/schema\/person\/00b8e1aa08f9ef6563e878c5159d01cf"},"headline":"Cruzeiro atropela Garcilaso no Mineir\u00e3o e garante vaga","datePublished":"2014-04-10T02:51:05+00:00","dateModified":"2014-04-11T00:49:06+00:00","mainEntityOfPage":{"@id":"https:\/\/www.notibras.com\/site\/cruzeiro-atropela-garcilaso-no-mineirao-e-garante-vaga-nas-oitavas\/"},"wordCount":407,"commentCount":0,"publisher":{"@id":"https:\/\/www.notibras.com\/site\/#organization"},"image":{"@id":"https:\/\/www.notibras.com\/site\/cruzeiro-atropela-garcilaso-no-mineirao-e-garante-vaga-nas-oitavas\/#primaryimage"},"thumbnailUrl":"https:\/\/www.notibras.com\/site\/wp-content\/uploads\/2014\/04\/Sem-t\u00edtulo-111.jpg","articleSection":["Esportes"],"inLanguage":"pt-BR","potentialAction":[{"@type":"CommentAction","name":"Comment","target":["https:\/\/www.notibras.com\/site\/cruzeiro-atropela-garcilaso-no-mineirao-e-garante-vaga-nas-oitavas\/#respond"]}]},{"@type":"WebPage","@id":"https:\/\/www.notibras.com\/site\/cruzeiro-atropela-garcilaso-no-mineirao-e-garante-vaga-nas-oitavas\/","url":"https:\/\/www.notibras.com\/site\/cruzeiro-atropela-garcilaso-no-mineirao-e-garante-vaga-nas-oitavas\/","name":"Cruzeiro atropela Garcilaso no Mineir\u00e3o e garante vaga - Notibras","isPartOf":{"@id":"https:\/\/www.notibras.com\/site\/#website"},"primaryImageOfPage":{"@id":"https:\/\/www.notibras.com\/site\/cruzeiro-atropela-garcilaso-no-mineirao-e-garante-vaga-nas-oitavas\/#primaryimage"},"image":{"@id":"https:\/\/www.notibras.com\/site\/cruzeiro-atropela-garcilaso-no-mineirao-e-garante-vaga-nas-oitavas\/#primaryimage"},"thumbnailUrl":"https:\/\/www.notibras.com\/site\/wp-content\/uploads\/2014\/04\/Sem-t\u00edtulo-111.jpg","datePublished":"2014-04-10T02:51:05+00:00","dateModified":"2014-04-11T00:49:06+00:00","breadcrumb":{"@id":"https:\/\/www.notibras.com\/site\/cruzeiro-atropela-garcilaso-no-mineirao-e-garante-vaga-nas-oitavas\/#breadcrumb"},"inLanguage":"pt-BR","potentialAction":[{"@type":"ReadAction","target":["https:\/\/www.notibras.com\/site\/cruzeiro-atropela-garcilaso-no-mineirao-e-garante-vaga-nas-oitavas\/"]}]},{"@type":"ImageObject","inLanguage":"pt-BR","@id":"https:\/\/www.notibras.com\/site\/cruzeiro-atropela-garcilaso-no-mineirao-e-garante-vaga-nas-oitavas\/#primaryimage","url":"https:\/\/www.notibras.com\/site\/wp-content\/uploads\/2014\/04\/Sem-t\u00edtulo-111.jpg","contentUrl":"https:\/\/www.notibras.com\/site\/wp-content\/uploads\/2014\/04\/Sem-t\u00edtulo-111.jpg","width":750,"height":500},{"@type":"BreadcrumbList","@id":"https:\/\/www.notibras.com\/site\/cruzeiro-atropela-garcilaso-no-mineirao-e-garante-vaga-nas-oitavas\/#breadcrumb","itemListElement":[{"@type":"ListItem","position":1,"name":"In\u00edcio","item":"https:\/\/www.notibras.com\/site\/"},{"@type":"ListItem","position":2,"name":"Cruzeiro atropela Garcilaso no Mineir\u00e3o e garante vaga"}]},{"@type":"WebSite","@id":"https:\/\/www.notibras.com\/site\/#website","url":"https:\/\/www.notibras.com\/site\/","name":"Notibras","description":"Not\u00edcias de Bras\u00edlia, do Brasil e do Mundo","publisher":{"@id":"https:\/\/www.notibras.com\/site\/#organization"},"potentialAction":[{"@type":"SearchAction","target":{"@type":"EntryPoint","urlTemplate":"https:\/\/www.notibras.com\/site\/?s={search_term_string}"},"query-input":{"@type":"PropertyValueSpecification","valueRequired":true,"valueName":"search_term_string"}}],"inLanguage":"pt-BR"},{"@type":"Organization","@id":"https:\/\/www.notibras.com\/site\/#organization","name":"Grupo Notibras de Comunica\u00e7\u00e3o","url":"https:\/\/www.notibras.com\/site\/","logo":{"@type":"ImageObject","inLanguage":"pt-BR","@id":"https:\/\/www.notibras.com\/site\/#\/schema\/logo\/image\/","url":"https:\/\/www.notibras.com\/site\/wp-content\/uploads\/2023\/01\/notibras23.png","contentUrl":"https:\/\/www.notibras.com\/site\/wp-content\/uploads\/2023\/01\/notibras23.png","width":350,"height":87,"caption":"Grupo Notibras de Comunica\u00e7\u00e3o"},"image":{"@id":"https:\/\/www.notibras.com\/site\/#\/schema\/logo\/image\/"},"sameAs":["https:\/\/www.facebook.com\/notibras\/","https:\/\/x.com\/Notibras","https:\/\/www.instagram.com\/notibras\/"]},{"@type":"Person","@id":"https:\/\/www.notibras.com\/site\/#\/schema\/person\/00b8e1aa08f9ef6563e878c5159d01cf","name":"Reda\u00e7\u00e3o","image":{"@type":"ImageObject","inLanguage":"pt-BR","@id":"https:\/\/secure.gravatar.com\/avatar\/ac5a707d5b47784a5ed426c6e213e201423c750890f64e4c379114dade67dfb9?s=96&d=mm&r=g","url":"https:\/\/secure.gravatar.com\/avatar\/ac5a707d5b47784a5ed426c6e213e201423c750890f64e4c379114dade67dfb9?s=96&d=mm&r=g","contentUrl":"https:\/\/secure.gravatar.com\/avatar\/ac5a707d5b47784a5ed426c6e213e201423c750890f64e4c379114dade67dfb9?s=96&d=mm&r=g","caption":"Reda\u00e7\u00e3o"}}]}},"amp_enabled":true,"_links":{"self":[{"href":"https:\/\/www.notibras.com\/site\/wp-json\/wp\/v2\/posts\/6409","targetHints":{"allow":["GET"]}}],"collection":[{"href":"https:\/\/www.notibras.com\/site\/wp-json\/wp\/v2\/posts"}],"about":[{"href":"https:\/\/www.notibras.com\/site\/wp-json\/wp\/v2\/types\/post"}],"author":[{"embeddable":true,"href":"https:\/\/www.notibras.com\/site\/wp-json\/wp\/v2\/users\/1"}],"replies":[{"embeddable":true,"href":"https:\/\/www.notibras.com\/site\/wp-json\/wp\/v2\/comments?post=6409"}],"version-history":[{"count":0,"href":"https:\/\/www.notibras.com\/site\/wp-json\/wp\/v2\/posts\/6409\/revisions"}],"wp:featuredmedia":[{"embeddable":true,"href":"https:\/\/www.notibras.com\/site\/wp-json\/wp\/v2\/media\/6410"}],"wp:attachment":[{"href":"https:\/\/www.notibras.com\/site\/wp-json\/wp\/v2\/media?parent=6409"}],"wp:term":[{"taxonomy":"category","embeddable":true,"href":"https:\/\/www.notibras.com\/site\/wp-json\/wp\/v2\/categories?post=6409"},{"taxonomy":"post_tag","embeddable":true,"href":"https:\/\/www.notibras.com\/site\/wp-json\/wp\/v2\/tags?post=6409"}],"curies":[{"name":"wp","href":"https:\/\/api.w.org\/{rel}","templated":true}]}}