{"id":64200,"date":"2015-08-24T22:52:43","date_gmt":"2015-08-25T01:52:43","guid":{"rendered":"http:\/\/www.notibras.com\/site\/?p=64200"},"modified":"2015-08-25T03:56:20","modified_gmt":"2015-08-25T06:56:20","slug":"rio-reune-a-nata-da-cartografia-mundial-em-conferencia-para-debater-as-praticas-do-setor","status":"publish","type":"post","link":"https:\/\/www.notibras.com\/site\/rio-reune-a-nata-da-cartografia-mundial-em-conferencia-para-debater-as-praticas-do-setor\/","title":{"rendered":"Rio re\u00fane a nata da cartografia mundial em confer\u00eancia para debater as pr\u00e1ticas do setor"},"content":{"rendered":"<p>Com o tema Mapas Conectando o Mundo, a Confer\u00eancia Internacional de Cartografia (International Cartographic Conference) ocorre pela primeira vez no Brasil e a sede da 27\u00aa edi\u00e7\u00e3o do evento \u00e9 a cidade do Rio. At\u00e9 sexta-feira (28), cart\u00f3grafos, ge\u00f3grafos, interessados e especialistas v\u00e3o discutir quest\u00f5es de interesse do setor, mostrar\u00e3o como se usa a cartografia e suas melhores pr\u00e1ticas no dia a dia e apresentar\u00e3o novas tecnologias e estudos acad\u00eamicos.<\/p>\n<p>Segundo o diretor de Informa\u00e7\u00f5es do Instituto Pereira Passos (IPP), Luiz Roberto Arueira, o evento \u00e9 amplo e diversificado. \u201cPor exemplo, h\u00e1 uma exposi\u00e7\u00e3o de mapas feitos por crian\u00e7as, com pain\u00e9is elaborados por elas, retratando v\u00e1rios temas e locais. No evento, tamb\u00e9m h\u00e1 uma outra \u00e1rea com produtos voltados para crian\u00e7as.\u201d Arueira disse ainda que esta \u00e9 uma oportunidade \u00fanica de estar pr\u00f3ximo de toda experi\u00eancia mundial na \u00e1rea cartogr\u00e1fica. \u201c\u00c9 uma oportunidade de se conhecer o que tem de mais avan\u00e7ado na cartografia mundial.\u201d<\/p>\n<p>Ele explicou que a cartografia \u00e9 estrat\u00e9gica e importante em fun\u00e7\u00e3o da melhoria dada \u00e0 qualidade da informa\u00e7\u00e3o divulgada ao cidad\u00e3o. \u201cQuando voc\u00ea v\u00ea uma informa\u00e7\u00e3o representada no territ\u00f3rio, voc\u00ea consegue verificar tend\u00eancias e correla\u00e7\u00f5es. A informa\u00e7\u00e3o que n\u00e3o tem refer\u00eancia geogr\u00e1fica \u00e9 uma informa\u00e7\u00e3o muito pobre\u201d, informou. Ele afirmou ainda que conhecer o territ\u00f3rio da cidade \u00e9 estrat\u00e9gico para que a prefeitura possa estabelecer um planejamento de pol\u00edticas p\u00fablicas em diferentes regi\u00f5es do munic\u00edpio.<\/p>\n<p>Os participantes da confer\u00eancia acompanharam nessa segunda-feira (24) o trabalho desenvolvido pelo Instituto Pereira Passos, denominado Armazenzinho, que cont\u00e9m mapas e informa\u00e7\u00f5es sobre o Rio de Janeiro para crian\u00e7as e adolescentes. O projeto apresenta informa\u00e7\u00f5es e mapas que introduzem a crian\u00e7a na \u00e1rea cartogr\u00e1fica. Al\u00e9m disso, s\u00e3o dadas informa\u00e7\u00f5es sobre a cidade, que permitem que o jovem comece a entender como a capital fluminense se divide.<\/p>\n","protected":false},"excerpt":{"rendered":"<p>Com o tema Mapas Conectando o Mundo, a Confer\u00eancia Internacional de Cartografia (International Cartographic Conference) ocorre pela primeira vez no Brasil e a sede da 27\u00aa edi\u00e7\u00e3o do evento \u00e9 a cidade do Rio. At\u00e9 sexta-feira (28), cart\u00f3grafos, ge\u00f3grafos, interessados e especialistas v\u00e3o discutir quest\u00f5es de interesse do setor, mostrar\u00e3o como se usa a cartografia [&hellip;]<\/p>\n","protected":false},"author":2,"featured_media":64201,"comment_status":"open","ping_status":"closed","sticky":false,"template":"","format":"standard","meta":{"_acf_changed":false,"footnotes":""},"categories":[21],"tags":[],"class_list":["post-64200","post","type-post","status-publish","format-standard","has-post-thumbnail","hentry","category-rio-de-janeiro"],"acf":[],"yoast_head":"<!-- This site is optimized with the Yoast SEO plugin v27.2 - https:\/\/yoast.com\/product\/yoast-seo-wordpress\/ -->\n<title>Rio re\u00fane a nata da cartografia mundial em confer\u00eancia para debater as pr\u00e1ticas do setor - Notibras<\/title>\n<meta name=\"robots\" content=\"index, follow, max-snippet:-1, max-image-preview:large, max-video-preview:-1\" \/>\n<link rel=\"canonical\" href=\"https:\/\/www.notibras.com\/site\/rio-reune-a-nata-da-cartografia-mundial-em-conferencia-para-debater-as-praticas-do-setor\/\" \/>\n<meta property=\"og:locale\" content=\"pt_BR\" \/>\n<meta property=\"og:type\" content=\"article\" \/>\n<meta property=\"og:title\" content=\"Rio re\u00fane a nata da cartografia mundial em confer\u00eancia para debater as pr\u00e1ticas do setor - Notibras\" \/>\n<meta property=\"og:description\" content=\"Com o tema Mapas Conectando o Mundo, a Confer\u00eancia Internacional de Cartografia (International Cartographic Conference) ocorre pela primeira vez no Brasil e a sede da 27\u00aa edi\u00e7\u00e3o do evento \u00e9 a cidade do Rio. At\u00e9 sexta-feira (28), cart\u00f3grafos, ge\u00f3grafos, interessados e especialistas v\u00e3o discutir quest\u00f5es de interesse do setor, mostrar\u00e3o como se usa a cartografia [&hellip;]\" \/>\n<meta property=\"og:url\" content=\"https:\/\/www.notibras.com\/site\/rio-reune-a-nata-da-cartografia-mundial-em-conferencia-para-debater-as-praticas-do-setor\/\" \/>\n<meta property=\"og:site_name\" content=\"Notibras\" \/>\n<meta property=\"article:publisher\" content=\"https:\/\/www.facebook.com\/notibras\/\" \/>\n<meta property=\"article:published_time\" content=\"2015-08-25T01:52:43+00:00\" \/>\n<meta property=\"article:modified_time\" content=\"2015-08-25T06:56:20+00:00\" \/>\n<meta property=\"og:image\" content=\"https:\/\/www.notibras.com\/site\/wp-content\/uploads\/2015\/08\/noticia_197.jpg\" \/>\n\t<meta property=\"og:image:width\" content=\"596\" \/>\n\t<meta property=\"og:image:height\" content=\"447\" \/>\n\t<meta property=\"og:image:type\" content=\"image\/jpeg\" \/>\n<meta name=\"author\" content=\"Reda\u00e7\u00e3o\" \/>\n<meta name=\"twitter:card\" content=\"summary_large_image\" \/>\n<meta name=\"twitter:creator\" content=\"@Notibras\" \/>\n<meta name=\"twitter:site\" content=\"@Notibras\" \/>\n<meta name=\"twitter:label1\" content=\"Escrito por\" \/>\n\t<meta name=\"twitter:data1\" content=\"Reda\u00e7\u00e3o\" \/>\n\t<meta name=\"twitter:label2\" content=\"Est. tempo de leitura\" \/>\n\t<meta name=\"twitter:data2\" content=\"2 minutos\" \/>\n<script type=\"application\/ld+json\" class=\"yoast-schema-graph\">{\"@context\":\"https:\/\/schema.org\",\"@graph\":[{\"@type\":\"Article\",\"@id\":\"https:\/\/www.notibras.com\/site\/rio-reune-a-nata-da-cartografia-mundial-em-conferencia-para-debater-as-praticas-do-setor\/#article\",\"isPartOf\":{\"@id\":\"https:\/\/www.notibras.com\/site\/rio-reune-a-nata-da-cartografia-mundial-em-conferencia-para-debater-as-praticas-do-setor\/\"},\"author\":{\"name\":\"Reda\u00e7\u00e3o\",\"@id\":\"https:\/\/www.notibras.com\/site\/#\/schema\/person\/36ab0979449956132d3e5b517ea76ac8\"},\"headline\":\"Rio re\u00fane a nata da cartografia mundial em confer\u00eancia para debater as pr\u00e1ticas do setor\",\"datePublished\":\"2015-08-25T01:52:43+00:00\",\"dateModified\":\"2015-08-25T06:56:20+00:00\",\"mainEntityOfPage\":{\"@id\":\"https:\/\/www.notibras.com\/site\/rio-reune-a-nata-da-cartografia-mundial-em-conferencia-para-debater-as-praticas-do-setor\/\"},\"wordCount\":353,\"commentCount\":0,\"publisher\":{\"@id\":\"https:\/\/www.notibras.com\/site\/#organization\"},\"image\":{\"@id\":\"https:\/\/www.notibras.com\/site\/rio-reune-a-nata-da-cartografia-mundial-em-conferencia-para-debater-as-praticas-do-setor\/#primaryimage\"},\"thumbnailUrl\":\"https:\/\/www.notibras.com\/site\/wp-content\/uploads\/2015\/08\/noticia_197.jpg\",\"articleSection\":[\"Rio\"],\"inLanguage\":\"pt-BR\",\"potentialAction\":[{\"@type\":\"CommentAction\",\"name\":\"Comment\",\"target\":[\"https:\/\/www.notibras.com\/site\/rio-reune-a-nata-da-cartografia-mundial-em-conferencia-para-debater-as-praticas-do-setor\/#respond\"]}]},{\"@type\":\"WebPage\",\"@id\":\"https:\/\/www.notibras.com\/site\/rio-reune-a-nata-da-cartografia-mundial-em-conferencia-para-debater-as-praticas-do-setor\/\",\"url\":\"https:\/\/www.notibras.com\/site\/rio-reune-a-nata-da-cartografia-mundial-em-conferencia-para-debater-as-praticas-do-setor\/\",\"name\":\"Rio re\u00fane a nata da cartografia mundial em confer\u00eancia para debater as pr\u00e1ticas do setor - Notibras\",\"isPartOf\":{\"@id\":\"https:\/\/www.notibras.com\/site\/#website\"},\"primaryImageOfPage\":{\"@id\":\"https:\/\/www.notibras.com\/site\/rio-reune-a-nata-da-cartografia-mundial-em-conferencia-para-debater-as-praticas-do-setor\/#primaryimage\"},\"image\":{\"@id\":\"https:\/\/www.notibras.com\/site\/rio-reune-a-nata-da-cartografia-mundial-em-conferencia-para-debater-as-praticas-do-setor\/#primaryimage\"},\"thumbnailUrl\":\"https:\/\/www.notibras.com\/site\/wp-content\/uploads\/2015\/08\/noticia_197.jpg\",\"datePublished\":\"2015-08-25T01:52:43+00:00\",\"dateModified\":\"2015-08-25T06:56:20+00:00\",\"breadcrumb\":{\"@id\":\"https:\/\/www.notibras.com\/site\/rio-reune-a-nata-da-cartografia-mundial-em-conferencia-para-debater-as-praticas-do-setor\/#breadcrumb\"},\"inLanguage\":\"pt-BR\",\"potentialAction\":[{\"@type\":\"ReadAction\",\"target\":[\"https:\/\/www.notibras.com\/site\/rio-reune-a-nata-da-cartografia-mundial-em-conferencia-para-debater-as-praticas-do-setor\/\"]}]},{\"@type\":\"ImageObject\",\"inLanguage\":\"pt-BR\",\"@id\":\"https:\/\/www.notibras.com\/site\/rio-reune-a-nata-da-cartografia-mundial-em-conferencia-para-debater-as-praticas-do-setor\/#primaryimage\",\"url\":\"https:\/\/www.notibras.com\/site\/wp-content\/uploads\/2015\/08\/noticia_197.jpg\",\"contentUrl\":\"https:\/\/www.notibras.com\/site\/wp-content\/uploads\/2015\/08\/noticia_197.jpg\",\"width\":596,\"height\":447},{\"@type\":\"BreadcrumbList\",\"@id\":\"https:\/\/www.notibras.com\/site\/rio-reune-a-nata-da-cartografia-mundial-em-conferencia-para-debater-as-praticas-do-setor\/#breadcrumb\",\"itemListElement\":[{\"@type\":\"ListItem\",\"position\":1,\"name\":\"In\u00edcio\",\"item\":\"https:\/\/www.notibras.com\/site\/\"},{\"@type\":\"ListItem\",\"position\":2,\"name\":\"Rio re\u00fane a nata da cartografia mundial em confer\u00eancia para debater as pr\u00e1ticas do setor\"}]},{\"@type\":\"WebSite\",\"@id\":\"https:\/\/www.notibras.com\/site\/#website\",\"url\":\"https:\/\/www.notibras.com\/site\/\",\"name\":\"Notibras\",\"description\":\"Not\u00edcias de Bras\u00edlia, do Brasil e do Mundo\",\"publisher\":{\"@id\":\"https:\/\/www.notibras.com\/site\/#organization\"},\"potentialAction\":[{\"@type\":\"SearchAction\",\"target\":{\"@type\":\"EntryPoint\",\"urlTemplate\":\"https:\/\/www.notibras.com\/site\/?s={search_term_string}\"},\"query-input\":{\"@type\":\"PropertyValueSpecification\",\"valueRequired\":true,\"valueName\":\"search_term_string\"}}],\"inLanguage\":\"pt-BR\"},{\"@type\":\"Organization\",\"@id\":\"https:\/\/www.notibras.com\/site\/#organization\",\"name\":\"Grupo Notibras de Comunica\u00e7\u00e3o\",\"url\":\"https:\/\/www.notibras.com\/site\/\",\"logo\":{\"@type\":\"ImageObject\",\"inLanguage\":\"pt-BR\",\"@id\":\"https:\/\/www.notibras.com\/site\/#\/schema\/logo\/image\/\",\"url\":\"https:\/\/www.notibras.com\/site\/wp-content\/uploads\/2023\/01\/notibras23.png\",\"contentUrl\":\"https:\/\/www.notibras.com\/site\/wp-content\/uploads\/2023\/01\/notibras23.png\",\"width\":350,\"height\":87,\"caption\":\"Grupo Notibras de Comunica\u00e7\u00e3o\"},\"image\":{\"@id\":\"https:\/\/www.notibras.com\/site\/#\/schema\/logo\/image\/\"},\"sameAs\":[\"https:\/\/www.facebook.com\/notibras\/\",\"https:\/\/x.com\/Notibras\",\"https:\/\/www.instagram.com\/notibras\/\"]},{\"@type\":\"Person\",\"@id\":\"https:\/\/www.notibras.com\/site\/#\/schema\/person\/36ab0979449956132d3e5b517ea76ac8\",\"name\":\"Reda\u00e7\u00e3o\",\"image\":{\"@type\":\"ImageObject\",\"inLanguage\":\"pt-BR\",\"@id\":\"https:\/\/secure.gravatar.com\/avatar\/e0a867bdedb85fd243eadf09663511f96fc81e0720a4a42581f334ad4303aa6b?s=96&d=mm&r=g\",\"url\":\"https:\/\/secure.gravatar.com\/avatar\/e0a867bdedb85fd243eadf09663511f96fc81e0720a4a42581f334ad4303aa6b?s=96&d=mm&r=g\",\"contentUrl\":\"https:\/\/secure.gravatar.com\/avatar\/e0a867bdedb85fd243eadf09663511f96fc81e0720a4a42581f334ad4303aa6b?s=96&d=mm&r=g\",\"caption\":\"Reda\u00e7\u00e3o\"}}]}<\/script>\n<!-- \/ Yoast SEO plugin. -->","yoast_head_json":{"title":"Rio re\u00fane a nata da cartografia mundial em confer\u00eancia para debater as pr\u00e1ticas do setor - Notibras","robots":{"index":"index","follow":"follow","max-snippet":"max-snippet:-1","max-image-preview":"max-image-preview:large","max-video-preview":"max-video-preview:-1"},"canonical":"https:\/\/www.notibras.com\/site\/rio-reune-a-nata-da-cartografia-mundial-em-conferencia-para-debater-as-praticas-do-setor\/","og_locale":"pt_BR","og_type":"article","og_title":"Rio re\u00fane a nata da cartografia mundial em confer\u00eancia para debater as pr\u00e1ticas do setor - Notibras","og_description":"Com o tema Mapas Conectando o Mundo, a Confer\u00eancia Internacional de Cartografia (International Cartographic Conference) ocorre pela primeira vez no Brasil e a sede da 27\u00aa edi\u00e7\u00e3o do evento \u00e9 a cidade do Rio. At\u00e9 sexta-feira (28), cart\u00f3grafos, ge\u00f3grafos, interessados e especialistas v\u00e3o discutir quest\u00f5es de interesse do setor, mostrar\u00e3o como se usa a cartografia [&hellip;]","og_url":"https:\/\/www.notibras.com\/site\/rio-reune-a-nata-da-cartografia-mundial-em-conferencia-para-debater-as-praticas-do-setor\/","og_site_name":"Notibras","article_publisher":"https:\/\/www.facebook.com\/notibras\/","article_published_time":"2015-08-25T01:52:43+00:00","article_modified_time":"2015-08-25T06:56:20+00:00","og_image":[{"width":596,"height":447,"url":"https:\/\/www.notibras.com\/site\/wp-content\/uploads\/2015\/08\/noticia_197.jpg","type":"image\/jpeg"}],"author":"Reda\u00e7\u00e3o","twitter_card":"summary_large_image","twitter_creator":"@Notibras","twitter_site":"@Notibras","twitter_misc":{"Escrito por":"Reda\u00e7\u00e3o","Est. tempo de leitura":"2 minutos"},"schema":{"@context":"https:\/\/schema.org","@graph":[{"@type":"Article","@id":"https:\/\/www.notibras.com\/site\/rio-reune-a-nata-da-cartografia-mundial-em-conferencia-para-debater-as-praticas-do-setor\/#article","isPartOf":{"@id":"https:\/\/www.notibras.com\/site\/rio-reune-a-nata-da-cartografia-mundial-em-conferencia-para-debater-as-praticas-do-setor\/"},"author":{"name":"Reda\u00e7\u00e3o","@id":"https:\/\/www.notibras.com\/site\/#\/schema\/person\/36ab0979449956132d3e5b517ea76ac8"},"headline":"Rio re\u00fane a nata da cartografia mundial em confer\u00eancia para debater as pr\u00e1ticas do setor","datePublished":"2015-08-25T01:52:43+00:00","dateModified":"2015-08-25T06:56:20+00:00","mainEntityOfPage":{"@id":"https:\/\/www.notibras.com\/site\/rio-reune-a-nata-da-cartografia-mundial-em-conferencia-para-debater-as-praticas-do-setor\/"},"wordCount":353,"commentCount":0,"publisher":{"@id":"https:\/\/www.notibras.com\/site\/#organization"},"image":{"@id":"https:\/\/www.notibras.com\/site\/rio-reune-a-nata-da-cartografia-mundial-em-conferencia-para-debater-as-praticas-do-setor\/#primaryimage"},"thumbnailUrl":"https:\/\/www.notibras.com\/site\/wp-content\/uploads\/2015\/08\/noticia_197.jpg","articleSection":["Rio"],"inLanguage":"pt-BR","potentialAction":[{"@type":"CommentAction","name":"Comment","target":["https:\/\/www.notibras.com\/site\/rio-reune-a-nata-da-cartografia-mundial-em-conferencia-para-debater-as-praticas-do-setor\/#respond"]}]},{"@type":"WebPage","@id":"https:\/\/www.notibras.com\/site\/rio-reune-a-nata-da-cartografia-mundial-em-conferencia-para-debater-as-praticas-do-setor\/","url":"https:\/\/www.notibras.com\/site\/rio-reune-a-nata-da-cartografia-mundial-em-conferencia-para-debater-as-praticas-do-setor\/","name":"Rio re\u00fane a nata da cartografia mundial em confer\u00eancia para debater as pr\u00e1ticas do setor - Notibras","isPartOf":{"@id":"https:\/\/www.notibras.com\/site\/#website"},"primaryImageOfPage":{"@id":"https:\/\/www.notibras.com\/site\/rio-reune-a-nata-da-cartografia-mundial-em-conferencia-para-debater-as-praticas-do-setor\/#primaryimage"},"image":{"@id":"https:\/\/www.notibras.com\/site\/rio-reune-a-nata-da-cartografia-mundial-em-conferencia-para-debater-as-praticas-do-setor\/#primaryimage"},"thumbnailUrl":"https:\/\/www.notibras.com\/site\/wp-content\/uploads\/2015\/08\/noticia_197.jpg","datePublished":"2015-08-25T01:52:43+00:00","dateModified":"2015-08-25T06:56:20+00:00","breadcrumb":{"@id":"https:\/\/www.notibras.com\/site\/rio-reune-a-nata-da-cartografia-mundial-em-conferencia-para-debater-as-praticas-do-setor\/#breadcrumb"},"inLanguage":"pt-BR","potentialAction":[{"@type":"ReadAction","target":["https:\/\/www.notibras.com\/site\/rio-reune-a-nata-da-cartografia-mundial-em-conferencia-para-debater-as-praticas-do-setor\/"]}]},{"@type":"ImageObject","inLanguage":"pt-BR","@id":"https:\/\/www.notibras.com\/site\/rio-reune-a-nata-da-cartografia-mundial-em-conferencia-para-debater-as-praticas-do-setor\/#primaryimage","url":"https:\/\/www.notibras.com\/site\/wp-content\/uploads\/2015\/08\/noticia_197.jpg","contentUrl":"https:\/\/www.notibras.com\/site\/wp-content\/uploads\/2015\/08\/noticia_197.jpg","width":596,"height":447},{"@type":"BreadcrumbList","@id":"https:\/\/www.notibras.com\/site\/rio-reune-a-nata-da-cartografia-mundial-em-conferencia-para-debater-as-praticas-do-setor\/#breadcrumb","itemListElement":[{"@type":"ListItem","position":1,"name":"In\u00edcio","item":"https:\/\/www.notibras.com\/site\/"},{"@type":"ListItem","position":2,"name":"Rio re\u00fane a nata da cartografia mundial em confer\u00eancia para debater as pr\u00e1ticas do setor"}]},{"@type":"WebSite","@id":"https:\/\/www.notibras.com\/site\/#website","url":"https:\/\/www.notibras.com\/site\/","name":"Notibras","description":"Not\u00edcias de Bras\u00edlia, do Brasil e do Mundo","publisher":{"@id":"https:\/\/www.notibras.com\/site\/#organization"},"potentialAction":[{"@type":"SearchAction","target":{"@type":"EntryPoint","urlTemplate":"https:\/\/www.notibras.com\/site\/?s={search_term_string}"},"query-input":{"@type":"PropertyValueSpecification","valueRequired":true,"valueName":"search_term_string"}}],"inLanguage":"pt-BR"},{"@type":"Organization","@id":"https:\/\/www.notibras.com\/site\/#organization","name":"Grupo Notibras de Comunica\u00e7\u00e3o","url":"https:\/\/www.notibras.com\/site\/","logo":{"@type":"ImageObject","inLanguage":"pt-BR","@id":"https:\/\/www.notibras.com\/site\/#\/schema\/logo\/image\/","url":"https:\/\/www.notibras.com\/site\/wp-content\/uploads\/2023\/01\/notibras23.png","contentUrl":"https:\/\/www.notibras.com\/site\/wp-content\/uploads\/2023\/01\/notibras23.png","width":350,"height":87,"caption":"Grupo Notibras de Comunica\u00e7\u00e3o"},"image":{"@id":"https:\/\/www.notibras.com\/site\/#\/schema\/logo\/image\/"},"sameAs":["https:\/\/www.facebook.com\/notibras\/","https:\/\/x.com\/Notibras","https:\/\/www.instagram.com\/notibras\/"]},{"@type":"Person","@id":"https:\/\/www.notibras.com\/site\/#\/schema\/person\/36ab0979449956132d3e5b517ea76ac8","name":"Reda\u00e7\u00e3o","image":{"@type":"ImageObject","inLanguage":"pt-BR","@id":"https:\/\/secure.gravatar.com\/avatar\/e0a867bdedb85fd243eadf09663511f96fc81e0720a4a42581f334ad4303aa6b?s=96&d=mm&r=g","url":"https:\/\/secure.gravatar.com\/avatar\/e0a867bdedb85fd243eadf09663511f96fc81e0720a4a42581f334ad4303aa6b?s=96&d=mm&r=g","contentUrl":"https:\/\/secure.gravatar.com\/avatar\/e0a867bdedb85fd243eadf09663511f96fc81e0720a4a42581f334ad4303aa6b?s=96&d=mm&r=g","caption":"Reda\u00e7\u00e3o"}}]}},"amp_enabled":true,"_links":{"self":[{"href":"https:\/\/www.notibras.com\/site\/wp-json\/wp\/v2\/posts\/64200","targetHints":{"allow":["GET"]}}],"collection":[{"href":"https:\/\/www.notibras.com\/site\/wp-json\/wp\/v2\/posts"}],"about":[{"href":"https:\/\/www.notibras.com\/site\/wp-json\/wp\/v2\/types\/post"}],"author":[{"embeddable":true,"href":"https:\/\/www.notibras.com\/site\/wp-json\/wp\/v2\/users\/2"}],"replies":[{"embeddable":true,"href":"https:\/\/www.notibras.com\/site\/wp-json\/wp\/v2\/comments?post=64200"}],"version-history":[{"count":1,"href":"https:\/\/www.notibras.com\/site\/wp-json\/wp\/v2\/posts\/64200\/revisions"}],"predecessor-version":[{"id":64202,"href":"https:\/\/www.notibras.com\/site\/wp-json\/wp\/v2\/posts\/64200\/revisions\/64202"}],"wp:featuredmedia":[{"embeddable":true,"href":"https:\/\/www.notibras.com\/site\/wp-json\/wp\/v2\/media\/64201"}],"wp:attachment":[{"href":"https:\/\/www.notibras.com\/site\/wp-json\/wp\/v2\/media?parent=64200"}],"wp:term":[{"taxonomy":"category","embeddable":true,"href":"https:\/\/www.notibras.com\/site\/wp-json\/wp\/v2\/categories?post=64200"},{"taxonomy":"post_tag","embeddable":true,"href":"https:\/\/www.notibras.com\/site\/wp-json\/wp\/v2\/tags?post=64200"}],"curies":[{"name":"wp","href":"https:\/\/api.w.org\/{rel}","templated":true}]}}