{"id":6429,"date":"2014-04-10T10:48:49","date_gmt":"2014-04-10T13:48:49","guid":{"rendered":"http:\/\/www.notibras.com\/site\/?p=6429"},"modified":"2016-07-30T16:59:13","modified_gmt":"2016-07-30T19:59:13","slug":"estatua-chorou-e-milhares-de-pessoas-correm-para-ver-o-milagre-de-maria","status":"publish","type":"post","link":"https:\/\/www.notibras.com\/site\/estatua-chorou-e-milhares-de-pessoas-correm-para-ver-o-milagre-de-maria\/","title":{"rendered":"Est\u00e1tua chorou; e milhares de pessoas correm para ver o milagre de Maria"},"content":{"rendered":"<p>Um sinal de Deus ou uma causa natural? \u00c9 o que pessoas se perguntam em torno de uma imagem de Maria, m\u00e3e de Jesus Cristo, na cidade de Griffith, estado de Indiana, Estados Unidos, que supostamente \u2018chorou\u2019.<\/p>\n<p>Segundo informa\u00e7\u00f5es do Daily Mail, um grupo de crian\u00e7as saiu de uma confiss\u00e3o na Igreja de Santa Maria (Saint Mary Church) e teria encontrado \u00e1gua na bochecha direita da imagem \u2013 e que a \u2018l\u00e1grima\u2019 teria permanecido durante um tempo.<\/p>\n<p>As fotos tiradas revelam uma marca que gera pol\u00eamica na cidade. V\u00e1rios fieis est\u00e3o viajando para o local para presenciar o poss\u00edvel milagre.<\/p>\n<p>Apesar da cren\u00e7a de muitos, alguns religiosos de Indiana disseram que \u00e9 preciso aguardar estudos e que ainda \u00e9 prematuro afirmar que se trata de um \u201csinal de Deus\u201d.<\/p>\n","protected":false},"excerpt":{"rendered":"<p>Um sinal de Deus ou uma causa natural? \u00c9 o que pessoas se perguntam em torno de uma imagem de Maria, m\u00e3e de Jesus Cristo, na cidade de Griffith, estado de Indiana, Estados Unidos, que supostamente \u2018chorou\u2019. Segundo informa\u00e7\u00f5es do Daily Mail, um grupo de crian\u00e7as saiu de uma confiss\u00e3o na Igreja de Santa Maria [&hellip;]<\/p>\n","protected":false},"author":2,"featured_media":6430,"comment_status":"open","ping_status":"closed","sticky":false,"template":"","format":"standard","meta":{"_acf_changed":false,"footnotes":""},"categories":[71],"tags":[],"class_list":["post-6429","post","type-post","status-publish","format-standard","has-post-thumbnail","hentry","category-curiosidades"],"acf":[],"yoast_head":"<!-- This site is optimized with the Yoast SEO plugin v27.2 - https:\/\/yoast.com\/product\/yoast-seo-wordpress\/ -->\n<title>Est\u00e1tua chorou; e milhares de pessoas correm para ver o milagre de Maria - Notibras<\/title>\n<meta name=\"robots\" content=\"index, follow, max-snippet:-1, max-image-preview:large, max-video-preview:-1\" \/>\n<link rel=\"canonical\" href=\"https:\/\/www.notibras.com\/site\/estatua-chorou-e-milhares-de-pessoas-correm-para-ver-o-milagre-de-maria\/\" \/>\n<meta property=\"og:locale\" content=\"pt_BR\" \/>\n<meta property=\"og:type\" content=\"article\" \/>\n<meta property=\"og:title\" content=\"Est\u00e1tua chorou; e milhares de pessoas correm para ver o milagre de Maria - Notibras\" \/>\n<meta property=\"og:description\" content=\"Um sinal de Deus ou uma causa natural? \u00c9 o que pessoas se perguntam em torno de uma imagem de Maria, m\u00e3e de Jesus Cristo, na cidade de Griffith, estado de Indiana, Estados Unidos, que supostamente \u2018chorou\u2019. Segundo informa\u00e7\u00f5es do Daily Mail, um grupo de crian\u00e7as saiu de uma confiss\u00e3o na Igreja de Santa Maria [&hellip;]\" \/>\n<meta property=\"og:url\" content=\"https:\/\/www.notibras.com\/site\/estatua-chorou-e-milhares-de-pessoas-correm-para-ver-o-milagre-de-maria\/\" \/>\n<meta property=\"og:site_name\" content=\"Notibras\" \/>\n<meta property=\"article:publisher\" content=\"https:\/\/www.facebook.com\/notibras\/\" \/>\n<meta property=\"article:published_time\" content=\"2014-04-10T13:48:49+00:00\" \/>\n<meta property=\"article:modified_time\" content=\"2016-07-30T19:59:13+00:00\" \/>\n<meta property=\"og:image\" content=\"https:\/\/www.notibras.com\/site\/wp-content\/uploads\/2014\/04\/ma.jpg\" \/>\n\t<meta property=\"og:image:width\" content=\"460\" \/>\n\t<meta property=\"og:image:height\" content=\"340\" \/>\n\t<meta property=\"og:image:type\" content=\"image\/jpeg\" \/>\n<meta name=\"author\" content=\"Reda\u00e7\u00e3o\" \/>\n<meta name=\"twitter:card\" content=\"summary_large_image\" \/>\n<meta name=\"twitter:creator\" content=\"@Notibras\" \/>\n<meta name=\"twitter:site\" content=\"@Notibras\" \/>\n<meta name=\"twitter:label1\" content=\"Escrito por\" \/>\n\t<meta name=\"twitter:data1\" content=\"Reda\u00e7\u00e3o\" \/>\n\t<meta name=\"twitter:label2\" content=\"Est. tempo de leitura\" \/>\n\t<meta name=\"twitter:data2\" content=\"1 minuto\" \/>\n<script type=\"application\/ld+json\" class=\"yoast-schema-graph\">{\"@context\":\"https:\/\/schema.org\",\"@graph\":[{\"@type\":\"Article\",\"@id\":\"https:\/\/www.notibras.com\/site\/estatua-chorou-e-milhares-de-pessoas-correm-para-ver-o-milagre-de-maria\/#article\",\"isPartOf\":{\"@id\":\"https:\/\/www.notibras.com\/site\/estatua-chorou-e-milhares-de-pessoas-correm-para-ver-o-milagre-de-maria\/\"},\"author\":{\"name\":\"Reda\u00e7\u00e3o\",\"@id\":\"https:\/\/www.notibras.com\/site\/#\/schema\/person\/36ab0979449956132d3e5b517ea76ac8\"},\"headline\":\"Est\u00e1tua chorou; e milhares de pessoas correm para ver o milagre de Maria\",\"datePublished\":\"2014-04-10T13:48:49+00:00\",\"dateModified\":\"2016-07-30T19:59:13+00:00\",\"mainEntityOfPage\":{\"@id\":\"https:\/\/www.notibras.com\/site\/estatua-chorou-e-milhares-de-pessoas-correm-para-ver-o-milagre-de-maria\/\"},\"wordCount\":149,\"commentCount\":0,\"publisher\":{\"@id\":\"https:\/\/www.notibras.com\/site\/#organization\"},\"image\":{\"@id\":\"https:\/\/www.notibras.com\/site\/estatua-chorou-e-milhares-de-pessoas-correm-para-ver-o-milagre-de-maria\/#primaryimage\"},\"thumbnailUrl\":\"https:\/\/www.notibras.com\/site\/wp-content\/uploads\/2014\/04\/ma.jpg\",\"articleSection\":[\"Curiosidades\"],\"inLanguage\":\"pt-BR\",\"potentialAction\":[{\"@type\":\"CommentAction\",\"name\":\"Comment\",\"target\":[\"https:\/\/www.notibras.com\/site\/estatua-chorou-e-milhares-de-pessoas-correm-para-ver-o-milagre-de-maria\/#respond\"]}]},{\"@type\":\"WebPage\",\"@id\":\"https:\/\/www.notibras.com\/site\/estatua-chorou-e-milhares-de-pessoas-correm-para-ver-o-milagre-de-maria\/\",\"url\":\"https:\/\/www.notibras.com\/site\/estatua-chorou-e-milhares-de-pessoas-correm-para-ver-o-milagre-de-maria\/\",\"name\":\"Est\u00e1tua chorou; e milhares de pessoas correm para ver o milagre de Maria - Notibras\",\"isPartOf\":{\"@id\":\"https:\/\/www.notibras.com\/site\/#website\"},\"primaryImageOfPage\":{\"@id\":\"https:\/\/www.notibras.com\/site\/estatua-chorou-e-milhares-de-pessoas-correm-para-ver-o-milagre-de-maria\/#primaryimage\"},\"image\":{\"@id\":\"https:\/\/www.notibras.com\/site\/estatua-chorou-e-milhares-de-pessoas-correm-para-ver-o-milagre-de-maria\/#primaryimage\"},\"thumbnailUrl\":\"https:\/\/www.notibras.com\/site\/wp-content\/uploads\/2014\/04\/ma.jpg\",\"datePublished\":\"2014-04-10T13:48:49+00:00\",\"dateModified\":\"2016-07-30T19:59:13+00:00\",\"breadcrumb\":{\"@id\":\"https:\/\/www.notibras.com\/site\/estatua-chorou-e-milhares-de-pessoas-correm-para-ver-o-milagre-de-maria\/#breadcrumb\"},\"inLanguage\":\"pt-BR\",\"potentialAction\":[{\"@type\":\"ReadAction\",\"target\":[\"https:\/\/www.notibras.com\/site\/estatua-chorou-e-milhares-de-pessoas-correm-para-ver-o-milagre-de-maria\/\"]}]},{\"@type\":\"ImageObject\",\"inLanguage\":\"pt-BR\",\"@id\":\"https:\/\/www.notibras.com\/site\/estatua-chorou-e-milhares-de-pessoas-correm-para-ver-o-milagre-de-maria\/#primaryimage\",\"url\":\"https:\/\/www.notibras.com\/site\/wp-content\/uploads\/2014\/04\/ma.jpg\",\"contentUrl\":\"https:\/\/www.notibras.com\/site\/wp-content\/uploads\/2014\/04\/ma.jpg\",\"width\":460,\"height\":340},{\"@type\":\"BreadcrumbList\",\"@id\":\"https:\/\/www.notibras.com\/site\/estatua-chorou-e-milhares-de-pessoas-correm-para-ver-o-milagre-de-maria\/#breadcrumb\",\"itemListElement\":[{\"@type\":\"ListItem\",\"position\":1,\"name\":\"In\u00edcio\",\"item\":\"https:\/\/www.notibras.com\/site\/\"},{\"@type\":\"ListItem\",\"position\":2,\"name\":\"Est\u00e1tua chorou; e milhares de pessoas correm para ver o milagre de Maria\"}]},{\"@type\":\"WebSite\",\"@id\":\"https:\/\/www.notibras.com\/site\/#website\",\"url\":\"https:\/\/www.notibras.com\/site\/\",\"name\":\"Notibras\",\"description\":\"Not\u00edcias de Bras\u00edlia, do Brasil e do Mundo\",\"publisher\":{\"@id\":\"https:\/\/www.notibras.com\/site\/#organization\"},\"potentialAction\":[{\"@type\":\"SearchAction\",\"target\":{\"@type\":\"EntryPoint\",\"urlTemplate\":\"https:\/\/www.notibras.com\/site\/?s={search_term_string}\"},\"query-input\":{\"@type\":\"PropertyValueSpecification\",\"valueRequired\":true,\"valueName\":\"search_term_string\"}}],\"inLanguage\":\"pt-BR\"},{\"@type\":\"Organization\",\"@id\":\"https:\/\/www.notibras.com\/site\/#organization\",\"name\":\"Grupo Notibras de Comunica\u00e7\u00e3o\",\"url\":\"https:\/\/www.notibras.com\/site\/\",\"logo\":{\"@type\":\"ImageObject\",\"inLanguage\":\"pt-BR\",\"@id\":\"https:\/\/www.notibras.com\/site\/#\/schema\/logo\/image\/\",\"url\":\"https:\/\/www.notibras.com\/site\/wp-content\/uploads\/2023\/01\/notibras23.png\",\"contentUrl\":\"https:\/\/www.notibras.com\/site\/wp-content\/uploads\/2023\/01\/notibras23.png\",\"width\":350,\"height\":87,\"caption\":\"Grupo Notibras de Comunica\u00e7\u00e3o\"},\"image\":{\"@id\":\"https:\/\/www.notibras.com\/site\/#\/schema\/logo\/image\/\"},\"sameAs\":[\"https:\/\/www.facebook.com\/notibras\/\",\"https:\/\/x.com\/Notibras\",\"https:\/\/www.instagram.com\/notibras\/\"]},{\"@type\":\"Person\",\"@id\":\"https:\/\/www.notibras.com\/site\/#\/schema\/person\/36ab0979449956132d3e5b517ea76ac8\",\"name\":\"Reda\u00e7\u00e3o\",\"image\":{\"@type\":\"ImageObject\",\"inLanguage\":\"pt-BR\",\"@id\":\"https:\/\/secure.gravatar.com\/avatar\/e0a867bdedb85fd243eadf09663511f96fc81e0720a4a42581f334ad4303aa6b?s=96&d=mm&r=g\",\"url\":\"https:\/\/secure.gravatar.com\/avatar\/e0a867bdedb85fd243eadf09663511f96fc81e0720a4a42581f334ad4303aa6b?s=96&d=mm&r=g\",\"contentUrl\":\"https:\/\/secure.gravatar.com\/avatar\/e0a867bdedb85fd243eadf09663511f96fc81e0720a4a42581f334ad4303aa6b?s=96&d=mm&r=g\",\"caption\":\"Reda\u00e7\u00e3o\"}}]}<\/script>\n<!-- \/ Yoast SEO plugin. -->","yoast_head_json":{"title":"Est\u00e1tua chorou; e milhares de pessoas correm para ver o milagre de Maria - Notibras","robots":{"index":"index","follow":"follow","max-snippet":"max-snippet:-1","max-image-preview":"max-image-preview:large","max-video-preview":"max-video-preview:-1"},"canonical":"https:\/\/www.notibras.com\/site\/estatua-chorou-e-milhares-de-pessoas-correm-para-ver-o-milagre-de-maria\/","og_locale":"pt_BR","og_type":"article","og_title":"Est\u00e1tua chorou; e milhares de pessoas correm para ver o milagre de Maria - Notibras","og_description":"Um sinal de Deus ou uma causa natural? \u00c9 o que pessoas se perguntam em torno de uma imagem de Maria, m\u00e3e de Jesus Cristo, na cidade de Griffith, estado de Indiana, Estados Unidos, que supostamente \u2018chorou\u2019. Segundo informa\u00e7\u00f5es do Daily Mail, um grupo de crian\u00e7as saiu de uma confiss\u00e3o na Igreja de Santa Maria [&hellip;]","og_url":"https:\/\/www.notibras.com\/site\/estatua-chorou-e-milhares-de-pessoas-correm-para-ver-o-milagre-de-maria\/","og_site_name":"Notibras","article_publisher":"https:\/\/www.facebook.com\/notibras\/","article_published_time":"2014-04-10T13:48:49+00:00","article_modified_time":"2016-07-30T19:59:13+00:00","og_image":[{"width":460,"height":340,"url":"https:\/\/www.notibras.com\/site\/wp-content\/uploads\/2014\/04\/ma.jpg","type":"image\/jpeg"}],"author":"Reda\u00e7\u00e3o","twitter_card":"summary_large_image","twitter_creator":"@Notibras","twitter_site":"@Notibras","twitter_misc":{"Escrito por":"Reda\u00e7\u00e3o","Est. tempo de leitura":"1 minuto"},"schema":{"@context":"https:\/\/schema.org","@graph":[{"@type":"Article","@id":"https:\/\/www.notibras.com\/site\/estatua-chorou-e-milhares-de-pessoas-correm-para-ver-o-milagre-de-maria\/#article","isPartOf":{"@id":"https:\/\/www.notibras.com\/site\/estatua-chorou-e-milhares-de-pessoas-correm-para-ver-o-milagre-de-maria\/"},"author":{"name":"Reda\u00e7\u00e3o","@id":"https:\/\/www.notibras.com\/site\/#\/schema\/person\/36ab0979449956132d3e5b517ea76ac8"},"headline":"Est\u00e1tua chorou; e milhares de pessoas correm para ver o milagre de Maria","datePublished":"2014-04-10T13:48:49+00:00","dateModified":"2016-07-30T19:59:13+00:00","mainEntityOfPage":{"@id":"https:\/\/www.notibras.com\/site\/estatua-chorou-e-milhares-de-pessoas-correm-para-ver-o-milagre-de-maria\/"},"wordCount":149,"commentCount":0,"publisher":{"@id":"https:\/\/www.notibras.com\/site\/#organization"},"image":{"@id":"https:\/\/www.notibras.com\/site\/estatua-chorou-e-milhares-de-pessoas-correm-para-ver-o-milagre-de-maria\/#primaryimage"},"thumbnailUrl":"https:\/\/www.notibras.com\/site\/wp-content\/uploads\/2014\/04\/ma.jpg","articleSection":["Curiosidades"],"inLanguage":"pt-BR","potentialAction":[{"@type":"CommentAction","name":"Comment","target":["https:\/\/www.notibras.com\/site\/estatua-chorou-e-milhares-de-pessoas-correm-para-ver-o-milagre-de-maria\/#respond"]}]},{"@type":"WebPage","@id":"https:\/\/www.notibras.com\/site\/estatua-chorou-e-milhares-de-pessoas-correm-para-ver-o-milagre-de-maria\/","url":"https:\/\/www.notibras.com\/site\/estatua-chorou-e-milhares-de-pessoas-correm-para-ver-o-milagre-de-maria\/","name":"Est\u00e1tua chorou; e milhares de pessoas correm para ver o milagre de Maria - Notibras","isPartOf":{"@id":"https:\/\/www.notibras.com\/site\/#website"},"primaryImageOfPage":{"@id":"https:\/\/www.notibras.com\/site\/estatua-chorou-e-milhares-de-pessoas-correm-para-ver-o-milagre-de-maria\/#primaryimage"},"image":{"@id":"https:\/\/www.notibras.com\/site\/estatua-chorou-e-milhares-de-pessoas-correm-para-ver-o-milagre-de-maria\/#primaryimage"},"thumbnailUrl":"https:\/\/www.notibras.com\/site\/wp-content\/uploads\/2014\/04\/ma.jpg","datePublished":"2014-04-10T13:48:49+00:00","dateModified":"2016-07-30T19:59:13+00:00","breadcrumb":{"@id":"https:\/\/www.notibras.com\/site\/estatua-chorou-e-milhares-de-pessoas-correm-para-ver-o-milagre-de-maria\/#breadcrumb"},"inLanguage":"pt-BR","potentialAction":[{"@type":"ReadAction","target":["https:\/\/www.notibras.com\/site\/estatua-chorou-e-milhares-de-pessoas-correm-para-ver-o-milagre-de-maria\/"]}]},{"@type":"ImageObject","inLanguage":"pt-BR","@id":"https:\/\/www.notibras.com\/site\/estatua-chorou-e-milhares-de-pessoas-correm-para-ver-o-milagre-de-maria\/#primaryimage","url":"https:\/\/www.notibras.com\/site\/wp-content\/uploads\/2014\/04\/ma.jpg","contentUrl":"https:\/\/www.notibras.com\/site\/wp-content\/uploads\/2014\/04\/ma.jpg","width":460,"height":340},{"@type":"BreadcrumbList","@id":"https:\/\/www.notibras.com\/site\/estatua-chorou-e-milhares-de-pessoas-correm-para-ver-o-milagre-de-maria\/#breadcrumb","itemListElement":[{"@type":"ListItem","position":1,"name":"In\u00edcio","item":"https:\/\/www.notibras.com\/site\/"},{"@type":"ListItem","position":2,"name":"Est\u00e1tua chorou; e milhares de pessoas correm para ver o milagre de Maria"}]},{"@type":"WebSite","@id":"https:\/\/www.notibras.com\/site\/#website","url":"https:\/\/www.notibras.com\/site\/","name":"Notibras","description":"Not\u00edcias de Bras\u00edlia, do Brasil e do Mundo","publisher":{"@id":"https:\/\/www.notibras.com\/site\/#organization"},"potentialAction":[{"@type":"SearchAction","target":{"@type":"EntryPoint","urlTemplate":"https:\/\/www.notibras.com\/site\/?s={search_term_string}"},"query-input":{"@type":"PropertyValueSpecification","valueRequired":true,"valueName":"search_term_string"}}],"inLanguage":"pt-BR"},{"@type":"Organization","@id":"https:\/\/www.notibras.com\/site\/#organization","name":"Grupo Notibras de Comunica\u00e7\u00e3o","url":"https:\/\/www.notibras.com\/site\/","logo":{"@type":"ImageObject","inLanguage":"pt-BR","@id":"https:\/\/www.notibras.com\/site\/#\/schema\/logo\/image\/","url":"https:\/\/www.notibras.com\/site\/wp-content\/uploads\/2023\/01\/notibras23.png","contentUrl":"https:\/\/www.notibras.com\/site\/wp-content\/uploads\/2023\/01\/notibras23.png","width":350,"height":87,"caption":"Grupo Notibras de Comunica\u00e7\u00e3o"},"image":{"@id":"https:\/\/www.notibras.com\/site\/#\/schema\/logo\/image\/"},"sameAs":["https:\/\/www.facebook.com\/notibras\/","https:\/\/x.com\/Notibras","https:\/\/www.instagram.com\/notibras\/"]},{"@type":"Person","@id":"https:\/\/www.notibras.com\/site\/#\/schema\/person\/36ab0979449956132d3e5b517ea76ac8","name":"Reda\u00e7\u00e3o","image":{"@type":"ImageObject","inLanguage":"pt-BR","@id":"https:\/\/secure.gravatar.com\/avatar\/e0a867bdedb85fd243eadf09663511f96fc81e0720a4a42581f334ad4303aa6b?s=96&d=mm&r=g","url":"https:\/\/secure.gravatar.com\/avatar\/e0a867bdedb85fd243eadf09663511f96fc81e0720a4a42581f334ad4303aa6b?s=96&d=mm&r=g","contentUrl":"https:\/\/secure.gravatar.com\/avatar\/e0a867bdedb85fd243eadf09663511f96fc81e0720a4a42581f334ad4303aa6b?s=96&d=mm&r=g","caption":"Reda\u00e7\u00e3o"}}]}},"amp_enabled":true,"_links":{"self":[{"href":"https:\/\/www.notibras.com\/site\/wp-json\/wp\/v2\/posts\/6429","targetHints":{"allow":["GET"]}}],"collection":[{"href":"https:\/\/www.notibras.com\/site\/wp-json\/wp\/v2\/posts"}],"about":[{"href":"https:\/\/www.notibras.com\/site\/wp-json\/wp\/v2\/types\/post"}],"author":[{"embeddable":true,"href":"https:\/\/www.notibras.com\/site\/wp-json\/wp\/v2\/users\/2"}],"replies":[{"embeddable":true,"href":"https:\/\/www.notibras.com\/site\/wp-json\/wp\/v2\/comments?post=6429"}],"version-history":[{"count":1,"href":"https:\/\/www.notibras.com\/site\/wp-json\/wp\/v2\/posts\/6429\/revisions"}],"predecessor-version":[{"id":110060,"href":"https:\/\/www.notibras.com\/site\/wp-json\/wp\/v2\/posts\/6429\/revisions\/110060"}],"wp:featuredmedia":[{"embeddable":true,"href":"https:\/\/www.notibras.com\/site\/wp-json\/wp\/v2\/media\/6430"}],"wp:attachment":[{"href":"https:\/\/www.notibras.com\/site\/wp-json\/wp\/v2\/media?parent=6429"}],"wp:term":[{"taxonomy":"category","embeddable":true,"href":"https:\/\/www.notibras.com\/site\/wp-json\/wp\/v2\/categories?post=6429"},{"taxonomy":"post_tag","embeddable":true,"href":"https:\/\/www.notibras.com\/site\/wp-json\/wp\/v2\/tags?post=6429"}],"curies":[{"name":"wp","href":"https:\/\/api.w.org\/{rel}","templated":true}]}}