{"id":64299,"date":"2015-08-25T15:51:06","date_gmt":"2015-08-25T18:51:06","guid":{"rendered":"http:\/\/www.notibras.com\/site\/?p=64299"},"modified":"2015-08-25T20:01:31","modified_gmt":"2015-08-25T23:01:31","slug":"orla-do-paranoa-livre-se-trasforma-em-palco-para-farofada-de-pobres","status":"publish","type":"post","link":"https:\/\/www.notibras.com\/site\/orla-do-paranoa-livre-se-trasforma-em-palco-para-farofada-de-pobres\/","title":{"rendered":"Orla do Parano\u00e1 livre vira palco para a farofada dos pobres do DF"},"content":{"rendered":"<p>As quatrocentas cercas de invas\u00e3o de \u00e1rea p\u00fablica da Orla do Lago Parano\u00e1 come\u00e7aram a ir ao ch\u00e3o nesta semana. A tese \u00e9 simples e judicial: contra fatos, n\u00e3o h\u00e1 argumentos. A a\u00e7\u00e3o transitou dez anos na justi\u00e7a ap\u00f3s a omiss\u00e3o do Estado ao deixar a \u00e1rea verde mais cara de Bras\u00edlia ser tomada de &#8220;puxadinhos&#8221; das mans\u00f5es, no lugar da constru\u00e7\u00e3o de \u00e1reas de lazer.<\/p>\n<p>A popula\u00e7\u00e3o do Distrito Federal sempre foi cerceada quanto \u00e0 visita\u00e7\u00e3o da \u00e1rea mais bonita de Bras\u00edlia. O acesso ao Pont\u00e3o do Lago, onde muitas noivas, casais, crian\u00e7as foram fotografados, lugar de bel\u00edssima paisagem, j\u00e1 esteve fechado. A Pen\u00ednsula, outra refer\u00eancia de passeio e paisagem, cercada de grades e port\u00f5es. Ao que tudo indica, a porta do para\u00edso estar\u00e1 aberta ao povo. Ser\u00e1?<\/p>\n<p>A primeira a\u00e7\u00e3o do governo Rollemberg na Orla do Lago foi a cria\u00e7\u00e3o do &#8220;Na Praia&#8221;, ponto de lazer usado para v\u00e1rias finalidades, mas que cobra entrada, mesmo sendo patrocinado pelo Banco de Bras\u00edlia. Pelo visto teremos mais PPPs &#8211; parcerias p\u00fablico-privadas &#8211; que investem em \u00e1reas p\u00fablicas sucateadas e cobram da popula\u00e7\u00e3o por isso, melhoram o caixa do governo e asseguram o poder do Estado no local.<\/p>\n<p>As derrubadas na Orla ir\u00e3o durar dois anos, mas mesmo assim o presidente da Associa\u00e7\u00e3o do Lago e o governador, que acompanha de longe as opera\u00e7\u00f5es da Agefis, acham as interven\u00e7\u00f5es sofridas, embora necess\u00e1rias para o andamento da preserva\u00e7\u00e3o das \u00e1reas p\u00fablicas ainda existentes no DF.<\/p>\n<p>Diferentemente das derrubadas do Sol Nascente e Vicente Pires, a Orla do Lago n\u00e3o tem destrui\u00e7\u00e3o de casas, e sim de \u00e1reas de lazer. Mesmo com muito cuidado, o Governo de Bras\u00edlia recebeu do presidente da associa\u00e7\u00e3o dos moradores do lago uma alfinetada b\u00e1sica, que comprova a separa\u00e7\u00e3o da Capital do Brasil por classes sociais: &#8220;querem chamar aten\u00e7\u00e3o do pobre, agredindo o rico&#8221;. Frase chocante, para uma derrubada que j\u00e1 tinha que ter sido feita h\u00e1 anos.<\/p>\n<p>Com declara\u00e7\u00f5es desastrosas, alguns moradores da classe rica e poderosa do Lago foram infelizes em suas coloca\u00e7\u00f5es, como uma moradora que citou que teria o fundo da casa desprotegido, e que marginais e drogados usariam a \u00e1rea, que foi por ela furtada por um tempo. Tipo assim: a diferen\u00e7a social tr\u00e1s o preconceito contra o povo do DF. Pan! Que feio.<\/p>\n<p>Nem Copacabana com toda sua beleza esplendorosa pensa assim. A cidade tur\u00edstica \u00e9 cercada por comunidades, como o Pav\u00e3o, Pav\u00e3ozinho, Chapel Mangueira e Babil\u00f4nia. Mesmo com diferen\u00e7a social, se misturam no lazer, conversam e trocam favores.<\/p>\n<p>A elite, os artistas famosos e quem habita na grande \u00e1rea tur\u00edstica do Rio de Janeiro, ocupada por coberturas e hot\u00e9is fant\u00e1sticos, de belas estruturas, n\u00e3o deixam de comprar sandu\u00edche natural, biscoito globo e mate le\u00e3o praianos, fonte de renda das fam\u00edlias que habitam as comunidades. Alguns tem tanta amizade que criam seus filhos conhecendo as duas realidades.<\/p>\n<p>As favelas se tornaram comunidades, e recebem turistas para passeio e lazer, como exemplo a feijoada no Chapel Mangueira frequentada por moradores e turistas. A condi\u00e7\u00e3o social do carioca n\u00e3o tira seu lado humano e simp\u00e1tico.<\/p>\n<p>No facebook, o DF comemora e sonha com as ciclovias e o lazer prometidos no futuro Lago Parano\u00e1. Como diz uma amiga famosa de um grupo pol\u00edtico: &#8220;O Frito est\u00e1 pronto, ou a t\u00e3o conhecida farofada misturada com o isopor&#8221;.<\/p>\n","protected":false},"excerpt":{"rendered":"<p>As quatrocentas cercas de invas\u00e3o de \u00e1rea p\u00fablica da Orla do Lago Parano\u00e1 come\u00e7aram a ir ao ch\u00e3o nesta semana. A tese \u00e9 simples e judicial: contra fatos, n\u00e3o h\u00e1 argumentos. A a\u00e7\u00e3o transitou dez anos na justi\u00e7a ap\u00f3s a omiss\u00e3o do Estado ao deixar a \u00e1rea verde mais cara de Bras\u00edlia ser tomada de [&hellip;]<\/p>\n","protected":false},"author":2,"featured_media":64300,"comment_status":"open","ping_status":"closed","sticky":false,"template":"","format":"standard","meta":{"_acf_changed":false,"footnotes":""},"categories":[45],"tags":[],"class_list":["post-64299","post","type-post","status-publish","format-standard","has-post-thumbnail","hentry","category-cris"],"acf":[],"yoast_head":"<!-- This site is optimized with the Yoast SEO plugin v27.2 - https:\/\/yoast.com\/product\/yoast-seo-wordpress\/ -->\n<title>Orla do Parano\u00e1 livre vira palco para a farofada dos pobres do DF - Notibras<\/title>\n<meta name=\"robots\" content=\"index, follow, max-snippet:-1, max-image-preview:large, max-video-preview:-1\" \/>\n<link rel=\"canonical\" href=\"https:\/\/www.notibras.com\/site\/orla-do-paranoa-livre-se-trasforma-em-palco-para-farofada-de-pobres\/\" \/>\n<meta property=\"og:locale\" content=\"pt_BR\" \/>\n<meta property=\"og:type\" content=\"article\" \/>\n<meta property=\"og:title\" content=\"Orla do Parano\u00e1 livre vira palco para a farofada dos pobres do DF - Notibras\" \/>\n<meta property=\"og:description\" content=\"As quatrocentas cercas de invas\u00e3o de \u00e1rea p\u00fablica da Orla do Lago Parano\u00e1 come\u00e7aram a ir ao ch\u00e3o nesta semana. A tese \u00e9 simples e judicial: contra fatos, n\u00e3o h\u00e1 argumentos. A a\u00e7\u00e3o transitou dez anos na justi\u00e7a ap\u00f3s a omiss\u00e3o do Estado ao deixar a \u00e1rea verde mais cara de Bras\u00edlia ser tomada de [&hellip;]\" \/>\n<meta property=\"og:url\" content=\"https:\/\/www.notibras.com\/site\/orla-do-paranoa-livre-se-trasforma-em-palco-para-farofada-de-pobres\/\" \/>\n<meta property=\"og:site_name\" content=\"Notibras\" \/>\n<meta property=\"article:publisher\" content=\"https:\/\/www.facebook.com\/notibras\/\" \/>\n<meta property=\"article:published_time\" content=\"2015-08-25T18:51:06+00:00\" \/>\n<meta property=\"article:modified_time\" content=\"2015-08-25T23:01:31+00:00\" \/>\n<meta property=\"og:image\" content=\"https:\/\/www.notibras.com\/site\/wp-content\/uploads\/2015\/08\/20150824100103907485e.jpg\" \/>\n\t<meta property=\"og:image:width\" content=\"750\" \/>\n\t<meta property=\"og:image:height\" content=\"500\" \/>\n\t<meta property=\"og:image:type\" content=\"image\/jpeg\" \/>\n<meta name=\"author\" content=\"Reda\u00e7\u00e3o\" \/>\n<meta name=\"twitter:card\" content=\"summary_large_image\" \/>\n<meta name=\"twitter:creator\" content=\"@Notibras\" \/>\n<meta name=\"twitter:site\" content=\"@Notibras\" \/>\n<meta name=\"twitter:label1\" content=\"Escrito por\" \/>\n\t<meta name=\"twitter:data1\" content=\"Reda\u00e7\u00e3o\" \/>\n\t<meta name=\"twitter:label2\" content=\"Est. tempo de leitura\" \/>\n\t<meta name=\"twitter:data2\" content=\"3 minutos\" \/>\n<script type=\"application\/ld+json\" class=\"yoast-schema-graph\">{\"@context\":\"https:\/\/schema.org\",\"@graph\":[{\"@type\":\"Article\",\"@id\":\"https:\/\/www.notibras.com\/site\/orla-do-paranoa-livre-se-trasforma-em-palco-para-farofada-de-pobres\/#article\",\"isPartOf\":{\"@id\":\"https:\/\/www.notibras.com\/site\/orla-do-paranoa-livre-se-trasforma-em-palco-para-farofada-de-pobres\/\"},\"author\":{\"name\":\"Reda\u00e7\u00e3o\",\"@id\":\"https:\/\/www.notibras.com\/site\/#\/schema\/person\/36ab0979449956132d3e5b517ea76ac8\"},\"headline\":\"Orla do Parano\u00e1 livre vira palco para a farofada dos pobres do DF\",\"datePublished\":\"2015-08-25T18:51:06+00:00\",\"dateModified\":\"2015-08-25T23:01:31+00:00\",\"mainEntityOfPage\":{\"@id\":\"https:\/\/www.notibras.com\/site\/orla-do-paranoa-livre-se-trasforma-em-palco-para-farofada-de-pobres\/\"},\"wordCount\":625,\"commentCount\":0,\"publisher\":{\"@id\":\"https:\/\/www.notibras.com\/site\/#organization\"},\"image\":{\"@id\":\"https:\/\/www.notibras.com\/site\/orla-do-paranoa-livre-se-trasforma-em-palco-para-farofada-de-pobres\/#primaryimage\"},\"thumbnailUrl\":\"https:\/\/www.notibras.com\/site\/wp-content\/uploads\/2015\/08\/20150824100103907485e.jpg\",\"articleSection\":[\"Cris Oliveira\"],\"inLanguage\":\"pt-BR\",\"potentialAction\":[{\"@type\":\"CommentAction\",\"name\":\"Comment\",\"target\":[\"https:\/\/www.notibras.com\/site\/orla-do-paranoa-livre-se-trasforma-em-palco-para-farofada-de-pobres\/#respond\"]}]},{\"@type\":\"WebPage\",\"@id\":\"https:\/\/www.notibras.com\/site\/orla-do-paranoa-livre-se-trasforma-em-palco-para-farofada-de-pobres\/\",\"url\":\"https:\/\/www.notibras.com\/site\/orla-do-paranoa-livre-se-trasforma-em-palco-para-farofada-de-pobres\/\",\"name\":\"Orla do Parano\u00e1 livre vira palco para a farofada dos pobres do DF - Notibras\",\"isPartOf\":{\"@id\":\"https:\/\/www.notibras.com\/site\/#website\"},\"primaryImageOfPage\":{\"@id\":\"https:\/\/www.notibras.com\/site\/orla-do-paranoa-livre-se-trasforma-em-palco-para-farofada-de-pobres\/#primaryimage\"},\"image\":{\"@id\":\"https:\/\/www.notibras.com\/site\/orla-do-paranoa-livre-se-trasforma-em-palco-para-farofada-de-pobres\/#primaryimage\"},\"thumbnailUrl\":\"https:\/\/www.notibras.com\/site\/wp-content\/uploads\/2015\/08\/20150824100103907485e.jpg\",\"datePublished\":\"2015-08-25T18:51:06+00:00\",\"dateModified\":\"2015-08-25T23:01:31+00:00\",\"breadcrumb\":{\"@id\":\"https:\/\/www.notibras.com\/site\/orla-do-paranoa-livre-se-trasforma-em-palco-para-farofada-de-pobres\/#breadcrumb\"},\"inLanguage\":\"pt-BR\",\"potentialAction\":[{\"@type\":\"ReadAction\",\"target\":[\"https:\/\/www.notibras.com\/site\/orla-do-paranoa-livre-se-trasforma-em-palco-para-farofada-de-pobres\/\"]}]},{\"@type\":\"ImageObject\",\"inLanguage\":\"pt-BR\",\"@id\":\"https:\/\/www.notibras.com\/site\/orla-do-paranoa-livre-se-trasforma-em-palco-para-farofada-de-pobres\/#primaryimage\",\"url\":\"https:\/\/www.notibras.com\/site\/wp-content\/uploads\/2015\/08\/20150824100103907485e.jpg\",\"contentUrl\":\"https:\/\/www.notibras.com\/site\/wp-content\/uploads\/2015\/08\/20150824100103907485e.jpg\",\"width\":750,\"height\":500},{\"@type\":\"BreadcrumbList\",\"@id\":\"https:\/\/www.notibras.com\/site\/orla-do-paranoa-livre-se-trasforma-em-palco-para-farofada-de-pobres\/#breadcrumb\",\"itemListElement\":[{\"@type\":\"ListItem\",\"position\":1,\"name\":\"In\u00edcio\",\"item\":\"https:\/\/www.notibras.com\/site\/\"},{\"@type\":\"ListItem\",\"position\":2,\"name\":\"Orla do Parano\u00e1 livre vira palco para a farofada dos pobres do DF\"}]},{\"@type\":\"WebSite\",\"@id\":\"https:\/\/www.notibras.com\/site\/#website\",\"url\":\"https:\/\/www.notibras.com\/site\/\",\"name\":\"Notibras\",\"description\":\"Not\u00edcias de Bras\u00edlia, do Brasil e do Mundo\",\"publisher\":{\"@id\":\"https:\/\/www.notibras.com\/site\/#organization\"},\"potentialAction\":[{\"@type\":\"SearchAction\",\"target\":{\"@type\":\"EntryPoint\",\"urlTemplate\":\"https:\/\/www.notibras.com\/site\/?s={search_term_string}\"},\"query-input\":{\"@type\":\"PropertyValueSpecification\",\"valueRequired\":true,\"valueName\":\"search_term_string\"}}],\"inLanguage\":\"pt-BR\"},{\"@type\":\"Organization\",\"@id\":\"https:\/\/www.notibras.com\/site\/#organization\",\"name\":\"Grupo Notibras de Comunica\u00e7\u00e3o\",\"url\":\"https:\/\/www.notibras.com\/site\/\",\"logo\":{\"@type\":\"ImageObject\",\"inLanguage\":\"pt-BR\",\"@id\":\"https:\/\/www.notibras.com\/site\/#\/schema\/logo\/image\/\",\"url\":\"https:\/\/www.notibras.com\/site\/wp-content\/uploads\/2023\/01\/notibras23.png\",\"contentUrl\":\"https:\/\/www.notibras.com\/site\/wp-content\/uploads\/2023\/01\/notibras23.png\",\"width\":350,\"height\":87,\"caption\":\"Grupo Notibras de Comunica\u00e7\u00e3o\"},\"image\":{\"@id\":\"https:\/\/www.notibras.com\/site\/#\/schema\/logo\/image\/\"},\"sameAs\":[\"https:\/\/www.facebook.com\/notibras\/\",\"https:\/\/x.com\/Notibras\",\"https:\/\/www.instagram.com\/notibras\/\"]},{\"@type\":\"Person\",\"@id\":\"https:\/\/www.notibras.com\/site\/#\/schema\/person\/36ab0979449956132d3e5b517ea76ac8\",\"name\":\"Reda\u00e7\u00e3o\",\"image\":{\"@type\":\"ImageObject\",\"inLanguage\":\"pt-BR\",\"@id\":\"https:\/\/secure.gravatar.com\/avatar\/e0a867bdedb85fd243eadf09663511f96fc81e0720a4a42581f334ad4303aa6b?s=96&d=mm&r=g\",\"url\":\"https:\/\/secure.gravatar.com\/avatar\/e0a867bdedb85fd243eadf09663511f96fc81e0720a4a42581f334ad4303aa6b?s=96&d=mm&r=g\",\"contentUrl\":\"https:\/\/secure.gravatar.com\/avatar\/e0a867bdedb85fd243eadf09663511f96fc81e0720a4a42581f334ad4303aa6b?s=96&d=mm&r=g\",\"caption\":\"Reda\u00e7\u00e3o\"}}]}<\/script>\n<!-- \/ Yoast SEO plugin. -->","yoast_head_json":{"title":"Orla do Parano\u00e1 livre vira palco para a farofada dos pobres do DF - Notibras","robots":{"index":"index","follow":"follow","max-snippet":"max-snippet:-1","max-image-preview":"max-image-preview:large","max-video-preview":"max-video-preview:-1"},"canonical":"https:\/\/www.notibras.com\/site\/orla-do-paranoa-livre-se-trasforma-em-palco-para-farofada-de-pobres\/","og_locale":"pt_BR","og_type":"article","og_title":"Orla do Parano\u00e1 livre vira palco para a farofada dos pobres do DF - Notibras","og_description":"As quatrocentas cercas de invas\u00e3o de \u00e1rea p\u00fablica da Orla do Lago Parano\u00e1 come\u00e7aram a ir ao ch\u00e3o nesta semana. A tese \u00e9 simples e judicial: contra fatos, n\u00e3o h\u00e1 argumentos. A a\u00e7\u00e3o transitou dez anos na justi\u00e7a ap\u00f3s a omiss\u00e3o do Estado ao deixar a \u00e1rea verde mais cara de Bras\u00edlia ser tomada de [&hellip;]","og_url":"https:\/\/www.notibras.com\/site\/orla-do-paranoa-livre-se-trasforma-em-palco-para-farofada-de-pobres\/","og_site_name":"Notibras","article_publisher":"https:\/\/www.facebook.com\/notibras\/","article_published_time":"2015-08-25T18:51:06+00:00","article_modified_time":"2015-08-25T23:01:31+00:00","og_image":[{"width":750,"height":500,"url":"https:\/\/www.notibras.com\/site\/wp-content\/uploads\/2015\/08\/20150824100103907485e.jpg","type":"image\/jpeg"}],"author":"Reda\u00e7\u00e3o","twitter_card":"summary_large_image","twitter_creator":"@Notibras","twitter_site":"@Notibras","twitter_misc":{"Escrito por":"Reda\u00e7\u00e3o","Est. tempo de leitura":"3 minutos"},"schema":{"@context":"https:\/\/schema.org","@graph":[{"@type":"Article","@id":"https:\/\/www.notibras.com\/site\/orla-do-paranoa-livre-se-trasforma-em-palco-para-farofada-de-pobres\/#article","isPartOf":{"@id":"https:\/\/www.notibras.com\/site\/orla-do-paranoa-livre-se-trasforma-em-palco-para-farofada-de-pobres\/"},"author":{"name":"Reda\u00e7\u00e3o","@id":"https:\/\/www.notibras.com\/site\/#\/schema\/person\/36ab0979449956132d3e5b517ea76ac8"},"headline":"Orla do Parano\u00e1 livre vira palco para a farofada dos pobres do DF","datePublished":"2015-08-25T18:51:06+00:00","dateModified":"2015-08-25T23:01:31+00:00","mainEntityOfPage":{"@id":"https:\/\/www.notibras.com\/site\/orla-do-paranoa-livre-se-trasforma-em-palco-para-farofada-de-pobres\/"},"wordCount":625,"commentCount":0,"publisher":{"@id":"https:\/\/www.notibras.com\/site\/#organization"},"image":{"@id":"https:\/\/www.notibras.com\/site\/orla-do-paranoa-livre-se-trasforma-em-palco-para-farofada-de-pobres\/#primaryimage"},"thumbnailUrl":"https:\/\/www.notibras.com\/site\/wp-content\/uploads\/2015\/08\/20150824100103907485e.jpg","articleSection":["Cris Oliveira"],"inLanguage":"pt-BR","potentialAction":[{"@type":"CommentAction","name":"Comment","target":["https:\/\/www.notibras.com\/site\/orla-do-paranoa-livre-se-trasforma-em-palco-para-farofada-de-pobres\/#respond"]}]},{"@type":"WebPage","@id":"https:\/\/www.notibras.com\/site\/orla-do-paranoa-livre-se-trasforma-em-palco-para-farofada-de-pobres\/","url":"https:\/\/www.notibras.com\/site\/orla-do-paranoa-livre-se-trasforma-em-palco-para-farofada-de-pobres\/","name":"Orla do Parano\u00e1 livre vira palco para a farofada dos pobres do DF - Notibras","isPartOf":{"@id":"https:\/\/www.notibras.com\/site\/#website"},"primaryImageOfPage":{"@id":"https:\/\/www.notibras.com\/site\/orla-do-paranoa-livre-se-trasforma-em-palco-para-farofada-de-pobres\/#primaryimage"},"image":{"@id":"https:\/\/www.notibras.com\/site\/orla-do-paranoa-livre-se-trasforma-em-palco-para-farofada-de-pobres\/#primaryimage"},"thumbnailUrl":"https:\/\/www.notibras.com\/site\/wp-content\/uploads\/2015\/08\/20150824100103907485e.jpg","datePublished":"2015-08-25T18:51:06+00:00","dateModified":"2015-08-25T23:01:31+00:00","breadcrumb":{"@id":"https:\/\/www.notibras.com\/site\/orla-do-paranoa-livre-se-trasforma-em-palco-para-farofada-de-pobres\/#breadcrumb"},"inLanguage":"pt-BR","potentialAction":[{"@type":"ReadAction","target":["https:\/\/www.notibras.com\/site\/orla-do-paranoa-livre-se-trasforma-em-palco-para-farofada-de-pobres\/"]}]},{"@type":"ImageObject","inLanguage":"pt-BR","@id":"https:\/\/www.notibras.com\/site\/orla-do-paranoa-livre-se-trasforma-em-palco-para-farofada-de-pobres\/#primaryimage","url":"https:\/\/www.notibras.com\/site\/wp-content\/uploads\/2015\/08\/20150824100103907485e.jpg","contentUrl":"https:\/\/www.notibras.com\/site\/wp-content\/uploads\/2015\/08\/20150824100103907485e.jpg","width":750,"height":500},{"@type":"BreadcrumbList","@id":"https:\/\/www.notibras.com\/site\/orla-do-paranoa-livre-se-trasforma-em-palco-para-farofada-de-pobres\/#breadcrumb","itemListElement":[{"@type":"ListItem","position":1,"name":"In\u00edcio","item":"https:\/\/www.notibras.com\/site\/"},{"@type":"ListItem","position":2,"name":"Orla do Parano\u00e1 livre vira palco para a farofada dos pobres do DF"}]},{"@type":"WebSite","@id":"https:\/\/www.notibras.com\/site\/#website","url":"https:\/\/www.notibras.com\/site\/","name":"Notibras","description":"Not\u00edcias de Bras\u00edlia, do Brasil e do Mundo","publisher":{"@id":"https:\/\/www.notibras.com\/site\/#organization"},"potentialAction":[{"@type":"SearchAction","target":{"@type":"EntryPoint","urlTemplate":"https:\/\/www.notibras.com\/site\/?s={search_term_string}"},"query-input":{"@type":"PropertyValueSpecification","valueRequired":true,"valueName":"search_term_string"}}],"inLanguage":"pt-BR"},{"@type":"Organization","@id":"https:\/\/www.notibras.com\/site\/#organization","name":"Grupo Notibras de Comunica\u00e7\u00e3o","url":"https:\/\/www.notibras.com\/site\/","logo":{"@type":"ImageObject","inLanguage":"pt-BR","@id":"https:\/\/www.notibras.com\/site\/#\/schema\/logo\/image\/","url":"https:\/\/www.notibras.com\/site\/wp-content\/uploads\/2023\/01\/notibras23.png","contentUrl":"https:\/\/www.notibras.com\/site\/wp-content\/uploads\/2023\/01\/notibras23.png","width":350,"height":87,"caption":"Grupo Notibras de Comunica\u00e7\u00e3o"},"image":{"@id":"https:\/\/www.notibras.com\/site\/#\/schema\/logo\/image\/"},"sameAs":["https:\/\/www.facebook.com\/notibras\/","https:\/\/x.com\/Notibras","https:\/\/www.instagram.com\/notibras\/"]},{"@type":"Person","@id":"https:\/\/www.notibras.com\/site\/#\/schema\/person\/36ab0979449956132d3e5b517ea76ac8","name":"Reda\u00e7\u00e3o","image":{"@type":"ImageObject","inLanguage":"pt-BR","@id":"https:\/\/secure.gravatar.com\/avatar\/e0a867bdedb85fd243eadf09663511f96fc81e0720a4a42581f334ad4303aa6b?s=96&d=mm&r=g","url":"https:\/\/secure.gravatar.com\/avatar\/e0a867bdedb85fd243eadf09663511f96fc81e0720a4a42581f334ad4303aa6b?s=96&d=mm&r=g","contentUrl":"https:\/\/secure.gravatar.com\/avatar\/e0a867bdedb85fd243eadf09663511f96fc81e0720a4a42581f334ad4303aa6b?s=96&d=mm&r=g","caption":"Reda\u00e7\u00e3o"}}]}},"amp_enabled":true,"_links":{"self":[{"href":"https:\/\/www.notibras.com\/site\/wp-json\/wp\/v2\/posts\/64299","targetHints":{"allow":["GET"]}}],"collection":[{"href":"https:\/\/www.notibras.com\/site\/wp-json\/wp\/v2\/posts"}],"about":[{"href":"https:\/\/www.notibras.com\/site\/wp-json\/wp\/v2\/types\/post"}],"author":[{"embeddable":true,"href":"https:\/\/www.notibras.com\/site\/wp-json\/wp\/v2\/users\/2"}],"replies":[{"embeddable":true,"href":"https:\/\/www.notibras.com\/site\/wp-json\/wp\/v2\/comments?post=64299"}],"version-history":[{"count":3,"href":"https:\/\/www.notibras.com\/site\/wp-json\/wp\/v2\/posts\/64299\/revisions"}],"predecessor-version":[{"id":64303,"href":"https:\/\/www.notibras.com\/site\/wp-json\/wp\/v2\/posts\/64299\/revisions\/64303"}],"wp:featuredmedia":[{"embeddable":true,"href":"https:\/\/www.notibras.com\/site\/wp-json\/wp\/v2\/media\/64300"}],"wp:attachment":[{"href":"https:\/\/www.notibras.com\/site\/wp-json\/wp\/v2\/media?parent=64299"}],"wp:term":[{"taxonomy":"category","embeddable":true,"href":"https:\/\/www.notibras.com\/site\/wp-json\/wp\/v2\/categories?post=64299"},{"taxonomy":"post_tag","embeddable":true,"href":"https:\/\/www.notibras.com\/site\/wp-json\/wp\/v2\/tags?post=64299"}],"curies":[{"name":"wp","href":"https:\/\/api.w.org\/{rel}","templated":true}]}}