{"id":64345,"date":"2015-08-25T19:59:45","date_gmt":"2015-08-25T22:59:45","guid":{"rendered":"http:\/\/www.notibras.com\/site\/?p=64345"},"modified":"2015-08-27T08:47:46","modified_gmt":"2015-08-27T11:47:46","slug":"novos-grileiros-estao-a-postos-para-abocanhar-a-orla-do-paranoa","status":"publish","type":"post","link":"https:\/\/www.notibras.com\/site\/novos-grileiros-estao-a-postos-para-abocanhar-a-orla-do-paranoa\/","title":{"rendered":"Novos grileiros est\u00e3o a postos para abocanhar orla do Parano\u00e1"},"content":{"rendered":"<p>Bruna Surfistinha democratizava \u00e1reas de lazer muito mais interessantes que a orla do Lago Parano\u00e1. Ali\u00e1s, ela distribu\u00eda. Talvez esse seja o desejo de quem quer mesmo promover a destrui\u00e7\u00e3o da orla. Mas \u00e9 necess\u00e1rio compet\u00eancia e autenticidade. E raz\u00e3o, motivo propulsor que inibe a demagogia, o cinismo, a inveja. Vamos por partes.<\/p>\n<p>O projeto original de urbanismo de Lucio Costa foi para o espa\u00e7o h\u00e1 d\u00e9cadas. A ideia era original e at\u00e9 ing\u00eanua, imaginando que a for\u00e7a dos movimentos da sociedade poderia ser contida em uma planta baixa arquitet\u00f4nica, direcionando gente tipo A pra c\u00e1, gente tipo B pra l\u00e1, e no meio tudo misturado. Sobre isso nenhum urbanista equilibrado vai discordar.<\/p>\n<p>As fachadas invertidas das lojas nas entrequadras comerciais provaram isso. H\u00e1 anos o com\u00e9rcio est\u00e1 de costas para as quadras, ao contr\u00e1rio do planejado. O sonho das tesourinhas que evitariam sem\u00e1foros deixou de existir nos anos 70.<\/p>\n<p>Agora, oportunamente impulsionado por uma decis\u00e3o judicial, o Governo do Distrito Federal est\u00e1 surfando em uma onda populista e irrespons\u00e1vel. A mesma decis\u00e3o que mandou desocupar as \u00e1reas p\u00fablicas \u00e0s margens do Lago Parano\u00e1 deveria exigir um projeto global, o seu custo de implanta\u00e7\u00e3o e de manuten\u00e7\u00e3o, incluindo limpeza permanente, ilumina\u00e7\u00e3o e seguran\u00e7a, para a opera\u00e7\u00e3o de liberar o pouco que restou de preservado do Lago Parano\u00e1, antes de uma cert\u00edssima degrada\u00e7\u00e3o da orla que vir\u00e1 a seguir.<\/p>\n<p>E ainda existe a malandragem de usar dinheiro privado para oferecer lazer e equipamentos a uma popula\u00e7\u00e3o que n\u00e3o recebe educa\u00e7\u00e3o adequada por falta de recursos para as escolas e programas de cidadania.<\/p>\n<p>Mas h\u00e1 laborat\u00f3rios que indicam como ser\u00e1 o futuro. Na conhecida prainha do Lago Norte, frequentadores despejaram tr\u00eas toneladas de lixo no \u00faltimo final de semana. Duas viaturas da Pol\u00edcia Militar, por volta das 19 horas, faziam revista em autom\u00f3veis suspeitos que deixavam o local.<\/p>\n<p>A imprensa desprovida de reflex\u00e3o apoia e faz a cobertura sensacionalista. Distribui a not\u00edcia nacionalmente, como um fato emblem\u00e1tico de um governo que n\u00e3o sabe nem para onde vai, mas que resolveu surfar nas ondas do Parano\u00e1.<\/p>\n<p>Bruna Surfistinha fez melhor que isso. Era aut\u00eantica. Quais as sans\u00f5es para o GDF caso essas \u00e1reas sejam abandonadas ap\u00f3s a destrui\u00e7\u00e3o daquilo que est\u00e1 preservado? Quem vai pagar a limpeza? O Minist\u00e9rio P\u00fabico, provavelmente.<\/p>\n<p>A mesma imprensa que est\u00e1 dando ampla cobertura ao in\u00edcio da destrui\u00e7\u00e3o do Lago Parano\u00e1 deveria questionar as raz\u00f5es que fizeram o fracasso da m\u00ednima \u00e1rea da Concha Ac\u00fastica, abandonada e sucateada seis meses ap\u00f3s o GDF ter ali instalado infraestrutura para a popula\u00e7\u00e3o, como atitude de democratizar \u2013 o discursos \u00e9 sempre o mesmo \u2013 a orla do nosso sagrado espelho d\u00b4\u00e1gua.<\/p>\n<p>O GDF certamente est\u00e1 liberado da Lei de Responsabilidade Fiscal, pode gastar o que for necess\u00e1rio e dezenas de quil\u00f4metros da orla ser\u00e3o policiados permanentemente. E nem vai precisar ir para a televis\u00e3o dizer que n\u00e3o tem como capinar e evitar os animais pe\u00e7onhentos por falta de verba para comprar rem\u00e9dios de alto custo.<\/p>\n<p>Os traficantes e usu\u00e1rios de drogas estar\u00e3o na lista de recupera\u00e7\u00e3o da fauna local. E a nossa imprensa recalcada produz cenas a\u00e9reas muito interessantes que causam frenesi coletivo.<br \/>\nBruna Surfistinha tinha muito mais responsabilidade, tratava caso a caso, com compet\u00eancia. O fato de ocupar \u00e1reas p\u00fablicas, os excessos, todos esses fatores combatidos fazem sentido e os ocupantes irregulares exageraram em muitos casos. At\u00e9 debocharam do poder p\u00fablico.<\/p>\n<p>A quest\u00e3o, entretanto, n\u00e3o \u00e9 essa. A an\u00e1lise deveria ter sido mais respons\u00e1vel. Mesmo que irregular, o fato aconteceu espontaneamente pela aus\u00eancia do Estado, e a realidade \u00e9 que a orla foi preservada por esses ocupantes, \u00e0s suas custas. Estimam que pelo menos mil empregados de casas, clubes e outras unidades \u00e0s margens do Parano\u00e1, fazem a sua privada manuten\u00e7\u00e3o di\u00e1ria. O governo bonitinho democr\u00e1tico vai manter mil servidores na \u00e1rea?<\/p>\n<p>A imprensa tem papel muito importante em revelar o que \u00e9 sensacionalismo e o que \u00e9 racional, equilibrado, justo. Mas prefere o sensacional. O discurso de que o GDF est\u00e1 democratizando o Lago Parano\u00e1 \u00e9 uma mentira que vai durar muito pouco. E ela ser\u00e1 not\u00f3ria no primeiro crime hediondo que ocorrer por conta de uma decis\u00e3o irrespons\u00e1vel, sem observar costumes, desprezando a contribui\u00e7\u00e3o que as \u00e1reas privatizadas deram quando Joaquim Roriz despoluiu um lago que era imprest\u00e1vel e condenado, onde hoje \u00e9 poss\u00edvel navegar e nadar.<\/p>\n<p>Os propriet\u00e1rios invasores v\u00e3o cruzar os bra\u00e7os at\u00e9 que o Minist\u00e9rio P\u00fablico pe\u00e7a para que eles reocupem e voltem a manter as \u00e1reas que a partir de agora ser\u00e3o seriamente degradadas.<\/p>\n<p>O Projeto Orla, concebido no mais alto padr\u00e3o internacional est\u00e1 paralisado h\u00e1 anos, onde o pov\u00e3o que tanto o Buriti deseja, poderia frequentar com organiza\u00e7\u00e3o, ordem, limpeza e seguran\u00e7a. Isso, sim, \u00e9 prioridade.<\/p>\n<p>Agora que \u00e9 governador, Rollemberg deveria saber que a Terracap \u00e9 foco de investiga\u00e7\u00e3o como a maior grileira da hist\u00f3ria do Distrito Federal. E que ele n\u00e3o pense que vai ganhar votos com a destrui\u00e7\u00e3o do Lago Parano\u00e1 e seu apelo populista. Nem seus comandados. A menos que reserve muito dinheiro para manter a criatura que acaba de criar. E ainda assim sua aventura pode naufragar. Quando abrir os olhos, vai ver que no subterr\u00e2neo promover surfistinhas no Lago Parano\u00e1 pode custar caro.<\/p>\n<p>Conhecendo Bras\u00edlia, Rollemberg poderia ter chamado o Minist\u00e9rio P\u00fablico para uma avalia\u00e7\u00e3o mais prudente da decis\u00e3o, utilizando o mesmo fundamento que fez o projeto urban\u00edstico de L\u00facio Costa virar apenas um sonho de ver\u00e3o. Muito pouco sobrou dele. Quem manda na ocupa\u00e7\u00e3o urbana, quando o Estado \u00e9 relapso, s\u00e3o os cidad\u00e3os.<\/p>\n<p>Tem coisa podre por tr\u00e1s disso. A \u00faltima informa\u00e7\u00e3o que chegou foi sobre uma reuni\u00e3o secreta entre interessados que pretendem vender quiosques e \u00e1reas comerciais na orla do Lago Parano\u00e1. A grande imprensa vai combater essa falcatrua? O Minist\u00e9rio P\u00fablico j\u00e1 proibiu essa possibilidade?<\/p>\n<p>O dia 24 de agosto de 2015 dever\u00e1 ser grifado como o dia em que um governo tresloucado, apoiado por uma decis\u00e3o impensada, iniciou a destrui\u00e7\u00e3o do Lago Parano\u00e1 que vai abrir uma avenida a interesses escusos. Em entrevista no jornal matinal local da emissora de TV que apoia o absurdo, um representante do GDF reconhece que n\u00e3o h\u00e1 nenhum projeto para a \u00e1rea que est\u00e1 sendo, segundo ele, desocupada. \u00d3rg\u00e3os ambientais n\u00e3o t\u00eam a menor ideia do que fazer por l\u00e1. Mas os novos grileiros das mesmas \u00e1reas p\u00fablicas j\u00e1 est\u00e3o a postos. A grilagem s\u00f3 vai mudar de m\u00e3os.<\/p>\n","protected":false},"excerpt":{"rendered":"<p>Bruna Surfistinha democratizava \u00e1reas de lazer muito mais interessantes que a orla do Lago Parano\u00e1. Ali\u00e1s, ela distribu\u00eda. Talvez esse seja o desejo de quem quer mesmo promover a destrui\u00e7\u00e3o da orla. Mas \u00e9 necess\u00e1rio compet\u00eancia e autenticidade. E raz\u00e3o, motivo propulsor que inibe a demagogia, o cinismo, a inveja. Vamos por partes. O projeto [&hellip;]<\/p>\n","protected":false},"author":2,"featured_media":64346,"comment_status":"open","ping_status":"closed","sticky":false,"template":"","format":"standard","meta":{"_acf_changed":false,"footnotes":""},"categories":[49],"tags":[],"class_list":["post-64345","post","type-post","status-publish","format-standard","has-post-thumbnail","hentry","category-max"],"acf":[],"yoast_head":"<!-- This site is optimized with the Yoast SEO plugin v27.2 - https:\/\/yoast.com\/product\/yoast-seo-wordpress\/ -->\n<title>Novos grileiros est\u00e3o a postos para abocanhar orla do Parano\u00e1 - Notibras<\/title>\n<meta name=\"robots\" content=\"index, follow, max-snippet:-1, max-image-preview:large, max-video-preview:-1\" \/>\n<link rel=\"canonical\" href=\"https:\/\/www.notibras.com\/site\/novos-grileiros-estao-a-postos-para-abocanhar-a-orla-do-paranoa\/\" \/>\n<meta property=\"og:locale\" content=\"pt_BR\" \/>\n<meta property=\"og:type\" content=\"article\" \/>\n<meta property=\"og:title\" content=\"Novos grileiros est\u00e3o a postos para abocanhar orla do Parano\u00e1 - Notibras\" \/>\n<meta property=\"og:description\" content=\"Bruna Surfistinha democratizava \u00e1reas de lazer muito mais interessantes que a orla do Lago Parano\u00e1. Ali\u00e1s, ela distribu\u00eda. Talvez esse seja o desejo de quem quer mesmo promover a destrui\u00e7\u00e3o da orla. Mas \u00e9 necess\u00e1rio compet\u00eancia e autenticidade. E raz\u00e3o, motivo propulsor que inibe a demagogia, o cinismo, a inveja. Vamos por partes. O projeto [&hellip;]\" \/>\n<meta property=\"og:url\" content=\"https:\/\/www.notibras.com\/site\/novos-grileiros-estao-a-postos-para-abocanhar-a-orla-do-paranoa\/\" \/>\n<meta property=\"og:site_name\" content=\"Notibras\" \/>\n<meta property=\"article:publisher\" content=\"https:\/\/www.facebook.com\/notibras\/\" \/>\n<meta property=\"article:published_time\" content=\"2015-08-25T22:59:45+00:00\" \/>\n<meta property=\"article:modified_time\" content=\"2015-08-27T11:47:46+00:00\" \/>\n<meta property=\"og:image\" content=\"https:\/\/www.notibras.com\/site\/wp-content\/uploads\/2015\/08\/trator-cerca-viva.jpg\" \/>\n\t<meta property=\"og:image:width\" content=\"620\" \/>\n\t<meta property=\"og:image:height\" content=\"465\" \/>\n\t<meta property=\"og:image:type\" content=\"image\/jpeg\" \/>\n<meta name=\"author\" content=\"Reda\u00e7\u00e3o\" \/>\n<meta name=\"twitter:card\" content=\"summary_large_image\" \/>\n<meta name=\"twitter:creator\" content=\"@Notibras\" \/>\n<meta name=\"twitter:site\" content=\"@Notibras\" \/>\n<meta name=\"twitter:label1\" content=\"Escrito por\" \/>\n\t<meta name=\"twitter:data1\" content=\"Reda\u00e7\u00e3o\" \/>\n\t<meta name=\"twitter:label2\" content=\"Est. tempo de leitura\" \/>\n\t<meta name=\"twitter:data2\" content=\"6 minutos\" \/>\n<script type=\"application\/ld+json\" class=\"yoast-schema-graph\">{\"@context\":\"https:\/\/schema.org\",\"@graph\":[{\"@type\":\"Article\",\"@id\":\"https:\/\/www.notibras.com\/site\/novos-grileiros-estao-a-postos-para-abocanhar-a-orla-do-paranoa\/#article\",\"isPartOf\":{\"@id\":\"https:\/\/www.notibras.com\/site\/novos-grileiros-estao-a-postos-para-abocanhar-a-orla-do-paranoa\/\"},\"author\":{\"name\":\"Reda\u00e7\u00e3o\",\"@id\":\"https:\/\/www.notibras.com\/site\/#\/schema\/person\/36ab0979449956132d3e5b517ea76ac8\"},\"headline\":\"Novos grileiros est\u00e3o a postos para abocanhar orla do Parano\u00e1\",\"datePublished\":\"2015-08-25T22:59:45+00:00\",\"dateModified\":\"2015-08-27T11:47:46+00:00\",\"mainEntityOfPage\":{\"@id\":\"https:\/\/www.notibras.com\/site\/novos-grileiros-estao-a-postos-para-abocanhar-a-orla-do-paranoa\/\"},\"wordCount\":1175,\"commentCount\":0,\"publisher\":{\"@id\":\"https:\/\/www.notibras.com\/site\/#organization\"},\"image\":{\"@id\":\"https:\/\/www.notibras.com\/site\/novos-grileiros-estao-a-postos-para-abocanhar-a-orla-do-paranoa\/#primaryimage\"},\"thumbnailUrl\":\"https:\/\/www.notibras.com\/site\/wp-content\/uploads\/2015\/08\/trator-cerca-viva.jpg\",\"articleSection\":[\"Max de Quental\"],\"inLanguage\":\"pt-BR\",\"potentialAction\":[{\"@type\":\"CommentAction\",\"name\":\"Comment\",\"target\":[\"https:\/\/www.notibras.com\/site\/novos-grileiros-estao-a-postos-para-abocanhar-a-orla-do-paranoa\/#respond\"]}]},{\"@type\":\"WebPage\",\"@id\":\"https:\/\/www.notibras.com\/site\/novos-grileiros-estao-a-postos-para-abocanhar-a-orla-do-paranoa\/\",\"url\":\"https:\/\/www.notibras.com\/site\/novos-grileiros-estao-a-postos-para-abocanhar-a-orla-do-paranoa\/\",\"name\":\"Novos grileiros est\u00e3o a postos para abocanhar orla do Parano\u00e1 - Notibras\",\"isPartOf\":{\"@id\":\"https:\/\/www.notibras.com\/site\/#website\"},\"primaryImageOfPage\":{\"@id\":\"https:\/\/www.notibras.com\/site\/novos-grileiros-estao-a-postos-para-abocanhar-a-orla-do-paranoa\/#primaryimage\"},\"image\":{\"@id\":\"https:\/\/www.notibras.com\/site\/novos-grileiros-estao-a-postos-para-abocanhar-a-orla-do-paranoa\/#primaryimage\"},\"thumbnailUrl\":\"https:\/\/www.notibras.com\/site\/wp-content\/uploads\/2015\/08\/trator-cerca-viva.jpg\",\"datePublished\":\"2015-08-25T22:59:45+00:00\",\"dateModified\":\"2015-08-27T11:47:46+00:00\",\"breadcrumb\":{\"@id\":\"https:\/\/www.notibras.com\/site\/novos-grileiros-estao-a-postos-para-abocanhar-a-orla-do-paranoa\/#breadcrumb\"},\"inLanguage\":\"pt-BR\",\"potentialAction\":[{\"@type\":\"ReadAction\",\"target\":[\"https:\/\/www.notibras.com\/site\/novos-grileiros-estao-a-postos-para-abocanhar-a-orla-do-paranoa\/\"]}]},{\"@type\":\"ImageObject\",\"inLanguage\":\"pt-BR\",\"@id\":\"https:\/\/www.notibras.com\/site\/novos-grileiros-estao-a-postos-para-abocanhar-a-orla-do-paranoa\/#primaryimage\",\"url\":\"https:\/\/www.notibras.com\/site\/wp-content\/uploads\/2015\/08\/trator-cerca-viva.jpg\",\"contentUrl\":\"https:\/\/www.notibras.com\/site\/wp-content\/uploads\/2015\/08\/trator-cerca-viva.jpg\",\"width\":620,\"height\":465},{\"@type\":\"BreadcrumbList\",\"@id\":\"https:\/\/www.notibras.com\/site\/novos-grileiros-estao-a-postos-para-abocanhar-a-orla-do-paranoa\/#breadcrumb\",\"itemListElement\":[{\"@type\":\"ListItem\",\"position\":1,\"name\":\"In\u00edcio\",\"item\":\"https:\/\/www.notibras.com\/site\/\"},{\"@type\":\"ListItem\",\"position\":2,\"name\":\"Novos grileiros est\u00e3o a postos para abocanhar orla do Parano\u00e1\"}]},{\"@type\":\"WebSite\",\"@id\":\"https:\/\/www.notibras.com\/site\/#website\",\"url\":\"https:\/\/www.notibras.com\/site\/\",\"name\":\"Notibras\",\"description\":\"Not\u00edcias de Bras\u00edlia, do Brasil e do Mundo\",\"publisher\":{\"@id\":\"https:\/\/www.notibras.com\/site\/#organization\"},\"potentialAction\":[{\"@type\":\"SearchAction\",\"target\":{\"@type\":\"EntryPoint\",\"urlTemplate\":\"https:\/\/www.notibras.com\/site\/?s={search_term_string}\"},\"query-input\":{\"@type\":\"PropertyValueSpecification\",\"valueRequired\":true,\"valueName\":\"search_term_string\"}}],\"inLanguage\":\"pt-BR\"},{\"@type\":\"Organization\",\"@id\":\"https:\/\/www.notibras.com\/site\/#organization\",\"name\":\"Grupo Notibras de Comunica\u00e7\u00e3o\",\"url\":\"https:\/\/www.notibras.com\/site\/\",\"logo\":{\"@type\":\"ImageObject\",\"inLanguage\":\"pt-BR\",\"@id\":\"https:\/\/www.notibras.com\/site\/#\/schema\/logo\/image\/\",\"url\":\"https:\/\/www.notibras.com\/site\/wp-content\/uploads\/2023\/01\/notibras23.png\",\"contentUrl\":\"https:\/\/www.notibras.com\/site\/wp-content\/uploads\/2023\/01\/notibras23.png\",\"width\":350,\"height\":87,\"caption\":\"Grupo Notibras de Comunica\u00e7\u00e3o\"},\"image\":{\"@id\":\"https:\/\/www.notibras.com\/site\/#\/schema\/logo\/image\/\"},\"sameAs\":[\"https:\/\/www.facebook.com\/notibras\/\",\"https:\/\/x.com\/Notibras\",\"https:\/\/www.instagram.com\/notibras\/\"]},{\"@type\":\"Person\",\"@id\":\"https:\/\/www.notibras.com\/site\/#\/schema\/person\/36ab0979449956132d3e5b517ea76ac8\",\"name\":\"Reda\u00e7\u00e3o\",\"image\":{\"@type\":\"ImageObject\",\"inLanguage\":\"pt-BR\",\"@id\":\"https:\/\/secure.gravatar.com\/avatar\/e0a867bdedb85fd243eadf09663511f96fc81e0720a4a42581f334ad4303aa6b?s=96&d=mm&r=g\",\"url\":\"https:\/\/secure.gravatar.com\/avatar\/e0a867bdedb85fd243eadf09663511f96fc81e0720a4a42581f334ad4303aa6b?s=96&d=mm&r=g\",\"contentUrl\":\"https:\/\/secure.gravatar.com\/avatar\/e0a867bdedb85fd243eadf09663511f96fc81e0720a4a42581f334ad4303aa6b?s=96&d=mm&r=g\",\"caption\":\"Reda\u00e7\u00e3o\"}}]}<\/script>\n<!-- \/ Yoast SEO plugin. -->","yoast_head_json":{"title":"Novos grileiros est\u00e3o a postos para abocanhar orla do Parano\u00e1 - Notibras","robots":{"index":"index","follow":"follow","max-snippet":"max-snippet:-1","max-image-preview":"max-image-preview:large","max-video-preview":"max-video-preview:-1"},"canonical":"https:\/\/www.notibras.com\/site\/novos-grileiros-estao-a-postos-para-abocanhar-a-orla-do-paranoa\/","og_locale":"pt_BR","og_type":"article","og_title":"Novos grileiros est\u00e3o a postos para abocanhar orla do Parano\u00e1 - Notibras","og_description":"Bruna Surfistinha democratizava \u00e1reas de lazer muito mais interessantes que a orla do Lago Parano\u00e1. Ali\u00e1s, ela distribu\u00eda. Talvez esse seja o desejo de quem quer mesmo promover a destrui\u00e7\u00e3o da orla. Mas \u00e9 necess\u00e1rio compet\u00eancia e autenticidade. E raz\u00e3o, motivo propulsor que inibe a demagogia, o cinismo, a inveja. Vamos por partes. O projeto [&hellip;]","og_url":"https:\/\/www.notibras.com\/site\/novos-grileiros-estao-a-postos-para-abocanhar-a-orla-do-paranoa\/","og_site_name":"Notibras","article_publisher":"https:\/\/www.facebook.com\/notibras\/","article_published_time":"2015-08-25T22:59:45+00:00","article_modified_time":"2015-08-27T11:47:46+00:00","og_image":[{"width":620,"height":465,"url":"https:\/\/www.notibras.com\/site\/wp-content\/uploads\/2015\/08\/trator-cerca-viva.jpg","type":"image\/jpeg"}],"author":"Reda\u00e7\u00e3o","twitter_card":"summary_large_image","twitter_creator":"@Notibras","twitter_site":"@Notibras","twitter_misc":{"Escrito por":"Reda\u00e7\u00e3o","Est. tempo de leitura":"6 minutos"},"schema":{"@context":"https:\/\/schema.org","@graph":[{"@type":"Article","@id":"https:\/\/www.notibras.com\/site\/novos-grileiros-estao-a-postos-para-abocanhar-a-orla-do-paranoa\/#article","isPartOf":{"@id":"https:\/\/www.notibras.com\/site\/novos-grileiros-estao-a-postos-para-abocanhar-a-orla-do-paranoa\/"},"author":{"name":"Reda\u00e7\u00e3o","@id":"https:\/\/www.notibras.com\/site\/#\/schema\/person\/36ab0979449956132d3e5b517ea76ac8"},"headline":"Novos grileiros est\u00e3o a postos para abocanhar orla do Parano\u00e1","datePublished":"2015-08-25T22:59:45+00:00","dateModified":"2015-08-27T11:47:46+00:00","mainEntityOfPage":{"@id":"https:\/\/www.notibras.com\/site\/novos-grileiros-estao-a-postos-para-abocanhar-a-orla-do-paranoa\/"},"wordCount":1175,"commentCount":0,"publisher":{"@id":"https:\/\/www.notibras.com\/site\/#organization"},"image":{"@id":"https:\/\/www.notibras.com\/site\/novos-grileiros-estao-a-postos-para-abocanhar-a-orla-do-paranoa\/#primaryimage"},"thumbnailUrl":"https:\/\/www.notibras.com\/site\/wp-content\/uploads\/2015\/08\/trator-cerca-viva.jpg","articleSection":["Max de Quental"],"inLanguage":"pt-BR","potentialAction":[{"@type":"CommentAction","name":"Comment","target":["https:\/\/www.notibras.com\/site\/novos-grileiros-estao-a-postos-para-abocanhar-a-orla-do-paranoa\/#respond"]}]},{"@type":"WebPage","@id":"https:\/\/www.notibras.com\/site\/novos-grileiros-estao-a-postos-para-abocanhar-a-orla-do-paranoa\/","url":"https:\/\/www.notibras.com\/site\/novos-grileiros-estao-a-postos-para-abocanhar-a-orla-do-paranoa\/","name":"Novos grileiros est\u00e3o a postos para abocanhar orla do Parano\u00e1 - Notibras","isPartOf":{"@id":"https:\/\/www.notibras.com\/site\/#website"},"primaryImageOfPage":{"@id":"https:\/\/www.notibras.com\/site\/novos-grileiros-estao-a-postos-para-abocanhar-a-orla-do-paranoa\/#primaryimage"},"image":{"@id":"https:\/\/www.notibras.com\/site\/novos-grileiros-estao-a-postos-para-abocanhar-a-orla-do-paranoa\/#primaryimage"},"thumbnailUrl":"https:\/\/www.notibras.com\/site\/wp-content\/uploads\/2015\/08\/trator-cerca-viva.jpg","datePublished":"2015-08-25T22:59:45+00:00","dateModified":"2015-08-27T11:47:46+00:00","breadcrumb":{"@id":"https:\/\/www.notibras.com\/site\/novos-grileiros-estao-a-postos-para-abocanhar-a-orla-do-paranoa\/#breadcrumb"},"inLanguage":"pt-BR","potentialAction":[{"@type":"ReadAction","target":["https:\/\/www.notibras.com\/site\/novos-grileiros-estao-a-postos-para-abocanhar-a-orla-do-paranoa\/"]}]},{"@type":"ImageObject","inLanguage":"pt-BR","@id":"https:\/\/www.notibras.com\/site\/novos-grileiros-estao-a-postos-para-abocanhar-a-orla-do-paranoa\/#primaryimage","url":"https:\/\/www.notibras.com\/site\/wp-content\/uploads\/2015\/08\/trator-cerca-viva.jpg","contentUrl":"https:\/\/www.notibras.com\/site\/wp-content\/uploads\/2015\/08\/trator-cerca-viva.jpg","width":620,"height":465},{"@type":"BreadcrumbList","@id":"https:\/\/www.notibras.com\/site\/novos-grileiros-estao-a-postos-para-abocanhar-a-orla-do-paranoa\/#breadcrumb","itemListElement":[{"@type":"ListItem","position":1,"name":"In\u00edcio","item":"https:\/\/www.notibras.com\/site\/"},{"@type":"ListItem","position":2,"name":"Novos grileiros est\u00e3o a postos para abocanhar orla do Parano\u00e1"}]},{"@type":"WebSite","@id":"https:\/\/www.notibras.com\/site\/#website","url":"https:\/\/www.notibras.com\/site\/","name":"Notibras","description":"Not\u00edcias de Bras\u00edlia, do Brasil e do Mundo","publisher":{"@id":"https:\/\/www.notibras.com\/site\/#organization"},"potentialAction":[{"@type":"SearchAction","target":{"@type":"EntryPoint","urlTemplate":"https:\/\/www.notibras.com\/site\/?s={search_term_string}"},"query-input":{"@type":"PropertyValueSpecification","valueRequired":true,"valueName":"search_term_string"}}],"inLanguage":"pt-BR"},{"@type":"Organization","@id":"https:\/\/www.notibras.com\/site\/#organization","name":"Grupo Notibras de Comunica\u00e7\u00e3o","url":"https:\/\/www.notibras.com\/site\/","logo":{"@type":"ImageObject","inLanguage":"pt-BR","@id":"https:\/\/www.notibras.com\/site\/#\/schema\/logo\/image\/","url":"https:\/\/www.notibras.com\/site\/wp-content\/uploads\/2023\/01\/notibras23.png","contentUrl":"https:\/\/www.notibras.com\/site\/wp-content\/uploads\/2023\/01\/notibras23.png","width":350,"height":87,"caption":"Grupo Notibras de Comunica\u00e7\u00e3o"},"image":{"@id":"https:\/\/www.notibras.com\/site\/#\/schema\/logo\/image\/"},"sameAs":["https:\/\/www.facebook.com\/notibras\/","https:\/\/x.com\/Notibras","https:\/\/www.instagram.com\/notibras\/"]},{"@type":"Person","@id":"https:\/\/www.notibras.com\/site\/#\/schema\/person\/36ab0979449956132d3e5b517ea76ac8","name":"Reda\u00e7\u00e3o","image":{"@type":"ImageObject","inLanguage":"pt-BR","@id":"https:\/\/secure.gravatar.com\/avatar\/e0a867bdedb85fd243eadf09663511f96fc81e0720a4a42581f334ad4303aa6b?s=96&d=mm&r=g","url":"https:\/\/secure.gravatar.com\/avatar\/e0a867bdedb85fd243eadf09663511f96fc81e0720a4a42581f334ad4303aa6b?s=96&d=mm&r=g","contentUrl":"https:\/\/secure.gravatar.com\/avatar\/e0a867bdedb85fd243eadf09663511f96fc81e0720a4a42581f334ad4303aa6b?s=96&d=mm&r=g","caption":"Reda\u00e7\u00e3o"}}]}},"amp_enabled":true,"_links":{"self":[{"href":"https:\/\/www.notibras.com\/site\/wp-json\/wp\/v2\/posts\/64345","targetHints":{"allow":["GET"]}}],"collection":[{"href":"https:\/\/www.notibras.com\/site\/wp-json\/wp\/v2\/posts"}],"about":[{"href":"https:\/\/www.notibras.com\/site\/wp-json\/wp\/v2\/types\/post"}],"author":[{"embeddable":true,"href":"https:\/\/www.notibras.com\/site\/wp-json\/wp\/v2\/users\/2"}],"replies":[{"embeddable":true,"href":"https:\/\/www.notibras.com\/site\/wp-json\/wp\/v2\/comments?post=64345"}],"version-history":[{"count":2,"href":"https:\/\/www.notibras.com\/site\/wp-json\/wp\/v2\/posts\/64345\/revisions"}],"predecessor-version":[{"id":64348,"href":"https:\/\/www.notibras.com\/site\/wp-json\/wp\/v2\/posts\/64345\/revisions\/64348"}],"wp:featuredmedia":[{"embeddable":true,"href":"https:\/\/www.notibras.com\/site\/wp-json\/wp\/v2\/media\/64346"}],"wp:attachment":[{"href":"https:\/\/www.notibras.com\/site\/wp-json\/wp\/v2\/media?parent=64345"}],"wp:term":[{"taxonomy":"category","embeddable":true,"href":"https:\/\/www.notibras.com\/site\/wp-json\/wp\/v2\/categories?post=64345"},{"taxonomy":"post_tag","embeddable":true,"href":"https:\/\/www.notibras.com\/site\/wp-json\/wp\/v2\/tags?post=64345"}],"curies":[{"name":"wp","href":"https:\/\/api.w.org\/{rel}","templated":true}]}}