{"id":64386,"date":"2015-08-26T02:33:25","date_gmt":"2015-08-26T05:33:25","guid":{"rendered":"http:\/\/www.notibras.com\/site\/?p=64386"},"modified":"2015-10-29T14:51:54","modified_gmt":"2015-10-29T16:51:54","slug":"policia-prende-quadrilha-e-apreende-pedras-preciosas-avaliadas-em-10-milhoes","status":"publish","type":"post","link":"https:\/\/www.notibras.com\/site\/policia-prende-quadrilha-e-apreende-pedras-preciosas-avaliadas-em-10-milhoes\/","title":{"rendered":"Pol\u00edcia prende quadrilha e apreende pedras preciosas avaliadas em 10 milh\u00f5es"},"content":{"rendered":"<p>Dois homens foram presos e tr\u00eas menores aprendidos, na ter\u00e7a-feira (25) suspeitos de roubar um carro com algumas pedras preciosas, em Goi\u00e2nia. Segundo a Pol\u00edcia Militar, um documento encontrado com o grupo avaliava o material em US$ 3 milh\u00f5es. Tomando por base a cota\u00e7\u00e3o desta ter\u00e7a-feira (25), quando o d\u00f3lar fechou em R$ 3,60, o produto apreendido vale cerca de R$ 10,8 milh\u00f5es.<\/p>\n<p>Entre as pedras, havia, por exemplo, turmalinas, rubis e diamantes. Segundo o tenente Edson Lins Siqueira Filho, o Renault Sandeiro havia sido roubado na segunda-feira (24), no Setor Parque Amaz\u00f4nia. Atrav\u00e9s das caracter\u00edsticas, a corpora\u00e7\u00e3o localizou um dos suspeitos trafegando com o ve\u00edculo no Setor Jardim Imperial, em Aparecida de Goi\u00e2nia, na Regi\u00e3o Metropolitana.<\/p>\n<p>&#8220;Quando ele foi abordado, acabou nos levando para uma casa no mesmo setor onde estavam os outros quatro suspeitos. No momento em que chegamos, eles estavam dividindo as pedras preciosas entre si e tentando queimar os documentos encontrados com elas&#8221;, explicou o tenente.<\/p>\n<p>Com os suspeitos tamb\u00e9m foi apreendida uma arma de brinquedo. Eles foram levados para o 1\u00ba DP de Aparecida de Goi\u00e2nia. A pol\u00edcia j\u00e1 entrou em contato com o propriet\u00e1rio do carro e informou que ele trabalha com joias.<\/p>\n","protected":false},"excerpt":{"rendered":"<p>Dois homens foram presos e tr\u00eas menores aprendidos, na ter\u00e7a-feira (25) suspeitos de roubar um carro com algumas pedras preciosas, em Goi\u00e2nia. Segundo a Pol\u00edcia Militar, um documento encontrado com o grupo avaliava o material em US$ 3 milh\u00f5es. Tomando por base a cota\u00e7\u00e3o desta ter\u00e7a-feira (25), quando o d\u00f3lar fechou em R$ 3,60, o [&hellip;]<\/p>\n","protected":false},"author":2,"featured_media":64387,"comment_status":"open","ping_status":"closed","sticky":false,"template":"","format":"standard","meta":{"_acf_changed":false,"footnotes":""},"categories":[16],"tags":[],"class_list":["post-64386","post","type-post","status-publish","format-standard","has-post-thumbnail","hentry","category-brasil"],"acf":[],"yoast_head":"<!-- This site is optimized with the Yoast SEO plugin v27.2 - https:\/\/yoast.com\/product\/yoast-seo-wordpress\/ -->\n<title>Pol\u00edcia prende quadrilha e apreende pedras preciosas avaliadas em 10 milh\u00f5es - Notibras<\/title>\n<meta name=\"robots\" content=\"index, follow, max-snippet:-1, max-image-preview:large, max-video-preview:-1\" \/>\n<link rel=\"canonical\" href=\"https:\/\/www.notibras.com\/site\/policia-prende-quadrilha-e-apreende-pedras-preciosas-avaliadas-em-10-milhoes\/\" \/>\n<meta property=\"og:locale\" content=\"pt_BR\" \/>\n<meta property=\"og:type\" content=\"article\" \/>\n<meta property=\"og:title\" content=\"Pol\u00edcia prende quadrilha e apreende pedras preciosas avaliadas em 10 milh\u00f5es - Notibras\" \/>\n<meta property=\"og:description\" content=\"Dois homens foram presos e tr\u00eas menores aprendidos, na ter\u00e7a-feira (25) suspeitos de roubar um carro com algumas pedras preciosas, em Goi\u00e2nia. Segundo a Pol\u00edcia Militar, um documento encontrado com o grupo avaliava o material em US$ 3 milh\u00f5es. Tomando por base a cota\u00e7\u00e3o desta ter\u00e7a-feira (25), quando o d\u00f3lar fechou em R$ 3,60, o [&hellip;]\" \/>\n<meta property=\"og:url\" content=\"https:\/\/www.notibras.com\/site\/policia-prende-quadrilha-e-apreende-pedras-preciosas-avaliadas-em-10-milhoes\/\" \/>\n<meta property=\"og:site_name\" content=\"Notibras\" \/>\n<meta property=\"article:publisher\" content=\"https:\/\/www.facebook.com\/notibras\/\" \/>\n<meta property=\"article:published_time\" content=\"2015-08-26T05:33:25+00:00\" \/>\n<meta property=\"article:modified_time\" content=\"2015-10-29T16:51:54+00:00\" \/>\n<meta property=\"og:image\" content=\"https:\/\/www.notibras.com\/site\/wp-content\/uploads\/2015\/08\/pedras.jpg\" \/>\n\t<meta property=\"og:image:width\" content=\"620\" \/>\n\t<meta property=\"og:image:height\" content=\"400\" \/>\n\t<meta property=\"og:image:type\" content=\"image\/jpeg\" \/>\n<meta name=\"author\" content=\"Reda\u00e7\u00e3o\" \/>\n<meta name=\"twitter:card\" content=\"summary_large_image\" \/>\n<meta name=\"twitter:creator\" content=\"@Notibras\" \/>\n<meta name=\"twitter:site\" content=\"@Notibras\" \/>\n<meta name=\"twitter:label1\" content=\"Escrito por\" \/>\n\t<meta name=\"twitter:data1\" content=\"Reda\u00e7\u00e3o\" \/>\n\t<meta name=\"twitter:label2\" content=\"Est. tempo de leitura\" \/>\n\t<meta name=\"twitter:data2\" content=\"1 minuto\" \/>\n<script type=\"application\/ld+json\" class=\"yoast-schema-graph\">{\"@context\":\"https:\/\/schema.org\",\"@graph\":[{\"@type\":\"Article\",\"@id\":\"https:\/\/www.notibras.com\/site\/policia-prende-quadrilha-e-apreende-pedras-preciosas-avaliadas-em-10-milhoes\/#article\",\"isPartOf\":{\"@id\":\"https:\/\/www.notibras.com\/site\/policia-prende-quadrilha-e-apreende-pedras-preciosas-avaliadas-em-10-milhoes\/\"},\"author\":{\"name\":\"Reda\u00e7\u00e3o\",\"@id\":\"https:\/\/www.notibras.com\/site\/#\/schema\/person\/36ab0979449956132d3e5b517ea76ac8\"},\"headline\":\"Pol\u00edcia prende quadrilha e apreende pedras preciosas avaliadas em 10 milh\u00f5es\",\"datePublished\":\"2015-08-26T05:33:25+00:00\",\"dateModified\":\"2015-10-29T16:51:54+00:00\",\"mainEntityOfPage\":{\"@id\":\"https:\/\/www.notibras.com\/site\/policia-prende-quadrilha-e-apreende-pedras-preciosas-avaliadas-em-10-milhoes\/\"},\"wordCount\":224,\"commentCount\":0,\"publisher\":{\"@id\":\"https:\/\/www.notibras.com\/site\/#organization\"},\"image\":{\"@id\":\"https:\/\/www.notibras.com\/site\/policia-prende-quadrilha-e-apreende-pedras-preciosas-avaliadas-em-10-milhoes\/#primaryimage\"},\"thumbnailUrl\":\"https:\/\/www.notibras.com\/site\/wp-content\/uploads\/2015\/08\/pedras.jpg\",\"articleSection\":[\"Brasil\"],\"inLanguage\":\"pt-BR\",\"potentialAction\":[{\"@type\":\"CommentAction\",\"name\":\"Comment\",\"target\":[\"https:\/\/www.notibras.com\/site\/policia-prende-quadrilha-e-apreende-pedras-preciosas-avaliadas-em-10-milhoes\/#respond\"]}]},{\"@type\":\"WebPage\",\"@id\":\"https:\/\/www.notibras.com\/site\/policia-prende-quadrilha-e-apreende-pedras-preciosas-avaliadas-em-10-milhoes\/\",\"url\":\"https:\/\/www.notibras.com\/site\/policia-prende-quadrilha-e-apreende-pedras-preciosas-avaliadas-em-10-milhoes\/\",\"name\":\"Pol\u00edcia prende quadrilha e apreende pedras preciosas avaliadas em 10 milh\u00f5es - Notibras\",\"isPartOf\":{\"@id\":\"https:\/\/www.notibras.com\/site\/#website\"},\"primaryImageOfPage\":{\"@id\":\"https:\/\/www.notibras.com\/site\/policia-prende-quadrilha-e-apreende-pedras-preciosas-avaliadas-em-10-milhoes\/#primaryimage\"},\"image\":{\"@id\":\"https:\/\/www.notibras.com\/site\/policia-prende-quadrilha-e-apreende-pedras-preciosas-avaliadas-em-10-milhoes\/#primaryimage\"},\"thumbnailUrl\":\"https:\/\/www.notibras.com\/site\/wp-content\/uploads\/2015\/08\/pedras.jpg\",\"datePublished\":\"2015-08-26T05:33:25+00:00\",\"dateModified\":\"2015-10-29T16:51:54+00:00\",\"breadcrumb\":{\"@id\":\"https:\/\/www.notibras.com\/site\/policia-prende-quadrilha-e-apreende-pedras-preciosas-avaliadas-em-10-milhoes\/#breadcrumb\"},\"inLanguage\":\"pt-BR\",\"potentialAction\":[{\"@type\":\"ReadAction\",\"target\":[\"https:\/\/www.notibras.com\/site\/policia-prende-quadrilha-e-apreende-pedras-preciosas-avaliadas-em-10-milhoes\/\"]}]},{\"@type\":\"ImageObject\",\"inLanguage\":\"pt-BR\",\"@id\":\"https:\/\/www.notibras.com\/site\/policia-prende-quadrilha-e-apreende-pedras-preciosas-avaliadas-em-10-milhoes\/#primaryimage\",\"url\":\"https:\/\/www.notibras.com\/site\/wp-content\/uploads\/2015\/08\/pedras.jpg\",\"contentUrl\":\"https:\/\/www.notibras.com\/site\/wp-content\/uploads\/2015\/08\/pedras.jpg\",\"width\":620,\"height\":400},{\"@type\":\"BreadcrumbList\",\"@id\":\"https:\/\/www.notibras.com\/site\/policia-prende-quadrilha-e-apreende-pedras-preciosas-avaliadas-em-10-milhoes\/#breadcrumb\",\"itemListElement\":[{\"@type\":\"ListItem\",\"position\":1,\"name\":\"In\u00edcio\",\"item\":\"https:\/\/www.notibras.com\/site\/\"},{\"@type\":\"ListItem\",\"position\":2,\"name\":\"Pol\u00edcia prende quadrilha e apreende pedras preciosas avaliadas em 10 milh\u00f5es\"}]},{\"@type\":\"WebSite\",\"@id\":\"https:\/\/www.notibras.com\/site\/#website\",\"url\":\"https:\/\/www.notibras.com\/site\/\",\"name\":\"Notibras\",\"description\":\"Not\u00edcias de Bras\u00edlia, do Brasil e do Mundo\",\"publisher\":{\"@id\":\"https:\/\/www.notibras.com\/site\/#organization\"},\"potentialAction\":[{\"@type\":\"SearchAction\",\"target\":{\"@type\":\"EntryPoint\",\"urlTemplate\":\"https:\/\/www.notibras.com\/site\/?s={search_term_string}\"},\"query-input\":{\"@type\":\"PropertyValueSpecification\",\"valueRequired\":true,\"valueName\":\"search_term_string\"}}],\"inLanguage\":\"pt-BR\"},{\"@type\":\"Organization\",\"@id\":\"https:\/\/www.notibras.com\/site\/#organization\",\"name\":\"Grupo Notibras de Comunica\u00e7\u00e3o\",\"url\":\"https:\/\/www.notibras.com\/site\/\",\"logo\":{\"@type\":\"ImageObject\",\"inLanguage\":\"pt-BR\",\"@id\":\"https:\/\/www.notibras.com\/site\/#\/schema\/logo\/image\/\",\"url\":\"https:\/\/www.notibras.com\/site\/wp-content\/uploads\/2023\/01\/notibras23.png\",\"contentUrl\":\"https:\/\/www.notibras.com\/site\/wp-content\/uploads\/2023\/01\/notibras23.png\",\"width\":350,\"height\":87,\"caption\":\"Grupo Notibras de Comunica\u00e7\u00e3o\"},\"image\":{\"@id\":\"https:\/\/www.notibras.com\/site\/#\/schema\/logo\/image\/\"},\"sameAs\":[\"https:\/\/www.facebook.com\/notibras\/\",\"https:\/\/x.com\/Notibras\",\"https:\/\/www.instagram.com\/notibras\/\"]},{\"@type\":\"Person\",\"@id\":\"https:\/\/www.notibras.com\/site\/#\/schema\/person\/36ab0979449956132d3e5b517ea76ac8\",\"name\":\"Reda\u00e7\u00e3o\",\"image\":{\"@type\":\"ImageObject\",\"inLanguage\":\"pt-BR\",\"@id\":\"https:\/\/secure.gravatar.com\/avatar\/e0a867bdedb85fd243eadf09663511f96fc81e0720a4a42581f334ad4303aa6b?s=96&d=mm&r=g\",\"url\":\"https:\/\/secure.gravatar.com\/avatar\/e0a867bdedb85fd243eadf09663511f96fc81e0720a4a42581f334ad4303aa6b?s=96&d=mm&r=g\",\"contentUrl\":\"https:\/\/secure.gravatar.com\/avatar\/e0a867bdedb85fd243eadf09663511f96fc81e0720a4a42581f334ad4303aa6b?s=96&d=mm&r=g\",\"caption\":\"Reda\u00e7\u00e3o\"}}]}<\/script>\n<!-- \/ Yoast SEO plugin. -->","yoast_head_json":{"title":"Pol\u00edcia prende quadrilha e apreende pedras preciosas avaliadas em 10 milh\u00f5es - Notibras","robots":{"index":"index","follow":"follow","max-snippet":"max-snippet:-1","max-image-preview":"max-image-preview:large","max-video-preview":"max-video-preview:-1"},"canonical":"https:\/\/www.notibras.com\/site\/policia-prende-quadrilha-e-apreende-pedras-preciosas-avaliadas-em-10-milhoes\/","og_locale":"pt_BR","og_type":"article","og_title":"Pol\u00edcia prende quadrilha e apreende pedras preciosas avaliadas em 10 milh\u00f5es - Notibras","og_description":"Dois homens foram presos e tr\u00eas menores aprendidos, na ter\u00e7a-feira (25) suspeitos de roubar um carro com algumas pedras preciosas, em Goi\u00e2nia. Segundo a Pol\u00edcia Militar, um documento encontrado com o grupo avaliava o material em US$ 3 milh\u00f5es. Tomando por base a cota\u00e7\u00e3o desta ter\u00e7a-feira (25), quando o d\u00f3lar fechou em R$ 3,60, o [&hellip;]","og_url":"https:\/\/www.notibras.com\/site\/policia-prende-quadrilha-e-apreende-pedras-preciosas-avaliadas-em-10-milhoes\/","og_site_name":"Notibras","article_publisher":"https:\/\/www.facebook.com\/notibras\/","article_published_time":"2015-08-26T05:33:25+00:00","article_modified_time":"2015-10-29T16:51:54+00:00","og_image":[{"width":620,"height":400,"url":"https:\/\/www.notibras.com\/site\/wp-content\/uploads\/2015\/08\/pedras.jpg","type":"image\/jpeg"}],"author":"Reda\u00e7\u00e3o","twitter_card":"summary_large_image","twitter_creator":"@Notibras","twitter_site":"@Notibras","twitter_misc":{"Escrito por":"Reda\u00e7\u00e3o","Est. tempo de leitura":"1 minuto"},"schema":{"@context":"https:\/\/schema.org","@graph":[{"@type":"Article","@id":"https:\/\/www.notibras.com\/site\/policia-prende-quadrilha-e-apreende-pedras-preciosas-avaliadas-em-10-milhoes\/#article","isPartOf":{"@id":"https:\/\/www.notibras.com\/site\/policia-prende-quadrilha-e-apreende-pedras-preciosas-avaliadas-em-10-milhoes\/"},"author":{"name":"Reda\u00e7\u00e3o","@id":"https:\/\/www.notibras.com\/site\/#\/schema\/person\/36ab0979449956132d3e5b517ea76ac8"},"headline":"Pol\u00edcia prende quadrilha e apreende pedras preciosas avaliadas em 10 milh\u00f5es","datePublished":"2015-08-26T05:33:25+00:00","dateModified":"2015-10-29T16:51:54+00:00","mainEntityOfPage":{"@id":"https:\/\/www.notibras.com\/site\/policia-prende-quadrilha-e-apreende-pedras-preciosas-avaliadas-em-10-milhoes\/"},"wordCount":224,"commentCount":0,"publisher":{"@id":"https:\/\/www.notibras.com\/site\/#organization"},"image":{"@id":"https:\/\/www.notibras.com\/site\/policia-prende-quadrilha-e-apreende-pedras-preciosas-avaliadas-em-10-milhoes\/#primaryimage"},"thumbnailUrl":"https:\/\/www.notibras.com\/site\/wp-content\/uploads\/2015\/08\/pedras.jpg","articleSection":["Brasil"],"inLanguage":"pt-BR","potentialAction":[{"@type":"CommentAction","name":"Comment","target":["https:\/\/www.notibras.com\/site\/policia-prende-quadrilha-e-apreende-pedras-preciosas-avaliadas-em-10-milhoes\/#respond"]}]},{"@type":"WebPage","@id":"https:\/\/www.notibras.com\/site\/policia-prende-quadrilha-e-apreende-pedras-preciosas-avaliadas-em-10-milhoes\/","url":"https:\/\/www.notibras.com\/site\/policia-prende-quadrilha-e-apreende-pedras-preciosas-avaliadas-em-10-milhoes\/","name":"Pol\u00edcia prende quadrilha e apreende pedras preciosas avaliadas em 10 milh\u00f5es - Notibras","isPartOf":{"@id":"https:\/\/www.notibras.com\/site\/#website"},"primaryImageOfPage":{"@id":"https:\/\/www.notibras.com\/site\/policia-prende-quadrilha-e-apreende-pedras-preciosas-avaliadas-em-10-milhoes\/#primaryimage"},"image":{"@id":"https:\/\/www.notibras.com\/site\/policia-prende-quadrilha-e-apreende-pedras-preciosas-avaliadas-em-10-milhoes\/#primaryimage"},"thumbnailUrl":"https:\/\/www.notibras.com\/site\/wp-content\/uploads\/2015\/08\/pedras.jpg","datePublished":"2015-08-26T05:33:25+00:00","dateModified":"2015-10-29T16:51:54+00:00","breadcrumb":{"@id":"https:\/\/www.notibras.com\/site\/policia-prende-quadrilha-e-apreende-pedras-preciosas-avaliadas-em-10-milhoes\/#breadcrumb"},"inLanguage":"pt-BR","potentialAction":[{"@type":"ReadAction","target":["https:\/\/www.notibras.com\/site\/policia-prende-quadrilha-e-apreende-pedras-preciosas-avaliadas-em-10-milhoes\/"]}]},{"@type":"ImageObject","inLanguage":"pt-BR","@id":"https:\/\/www.notibras.com\/site\/policia-prende-quadrilha-e-apreende-pedras-preciosas-avaliadas-em-10-milhoes\/#primaryimage","url":"https:\/\/www.notibras.com\/site\/wp-content\/uploads\/2015\/08\/pedras.jpg","contentUrl":"https:\/\/www.notibras.com\/site\/wp-content\/uploads\/2015\/08\/pedras.jpg","width":620,"height":400},{"@type":"BreadcrumbList","@id":"https:\/\/www.notibras.com\/site\/policia-prende-quadrilha-e-apreende-pedras-preciosas-avaliadas-em-10-milhoes\/#breadcrumb","itemListElement":[{"@type":"ListItem","position":1,"name":"In\u00edcio","item":"https:\/\/www.notibras.com\/site\/"},{"@type":"ListItem","position":2,"name":"Pol\u00edcia prende quadrilha e apreende pedras preciosas avaliadas em 10 milh\u00f5es"}]},{"@type":"WebSite","@id":"https:\/\/www.notibras.com\/site\/#website","url":"https:\/\/www.notibras.com\/site\/","name":"Notibras","description":"Not\u00edcias de Bras\u00edlia, do Brasil e do Mundo","publisher":{"@id":"https:\/\/www.notibras.com\/site\/#organization"},"potentialAction":[{"@type":"SearchAction","target":{"@type":"EntryPoint","urlTemplate":"https:\/\/www.notibras.com\/site\/?s={search_term_string}"},"query-input":{"@type":"PropertyValueSpecification","valueRequired":true,"valueName":"search_term_string"}}],"inLanguage":"pt-BR"},{"@type":"Organization","@id":"https:\/\/www.notibras.com\/site\/#organization","name":"Grupo Notibras de Comunica\u00e7\u00e3o","url":"https:\/\/www.notibras.com\/site\/","logo":{"@type":"ImageObject","inLanguage":"pt-BR","@id":"https:\/\/www.notibras.com\/site\/#\/schema\/logo\/image\/","url":"https:\/\/www.notibras.com\/site\/wp-content\/uploads\/2023\/01\/notibras23.png","contentUrl":"https:\/\/www.notibras.com\/site\/wp-content\/uploads\/2023\/01\/notibras23.png","width":350,"height":87,"caption":"Grupo Notibras de Comunica\u00e7\u00e3o"},"image":{"@id":"https:\/\/www.notibras.com\/site\/#\/schema\/logo\/image\/"},"sameAs":["https:\/\/www.facebook.com\/notibras\/","https:\/\/x.com\/Notibras","https:\/\/www.instagram.com\/notibras\/"]},{"@type":"Person","@id":"https:\/\/www.notibras.com\/site\/#\/schema\/person\/36ab0979449956132d3e5b517ea76ac8","name":"Reda\u00e7\u00e3o","image":{"@type":"ImageObject","inLanguage":"pt-BR","@id":"https:\/\/secure.gravatar.com\/avatar\/e0a867bdedb85fd243eadf09663511f96fc81e0720a4a42581f334ad4303aa6b?s=96&d=mm&r=g","url":"https:\/\/secure.gravatar.com\/avatar\/e0a867bdedb85fd243eadf09663511f96fc81e0720a4a42581f334ad4303aa6b?s=96&d=mm&r=g","contentUrl":"https:\/\/secure.gravatar.com\/avatar\/e0a867bdedb85fd243eadf09663511f96fc81e0720a4a42581f334ad4303aa6b?s=96&d=mm&r=g","caption":"Reda\u00e7\u00e3o"}}]}},"amp_enabled":true,"_links":{"self":[{"href":"https:\/\/www.notibras.com\/site\/wp-json\/wp\/v2\/posts\/64386","targetHints":{"allow":["GET"]}}],"collection":[{"href":"https:\/\/www.notibras.com\/site\/wp-json\/wp\/v2\/posts"}],"about":[{"href":"https:\/\/www.notibras.com\/site\/wp-json\/wp\/v2\/types\/post"}],"author":[{"embeddable":true,"href":"https:\/\/www.notibras.com\/site\/wp-json\/wp\/v2\/users\/2"}],"replies":[{"embeddable":true,"href":"https:\/\/www.notibras.com\/site\/wp-json\/wp\/v2\/comments?post=64386"}],"version-history":[{"count":1,"href":"https:\/\/www.notibras.com\/site\/wp-json\/wp\/v2\/posts\/64386\/revisions"}],"predecessor-version":[{"id":64388,"href":"https:\/\/www.notibras.com\/site\/wp-json\/wp\/v2\/posts\/64386\/revisions\/64388"}],"wp:featuredmedia":[{"embeddable":true,"href":"https:\/\/www.notibras.com\/site\/wp-json\/wp\/v2\/media\/64387"}],"wp:attachment":[{"href":"https:\/\/www.notibras.com\/site\/wp-json\/wp\/v2\/media?parent=64386"}],"wp:term":[{"taxonomy":"category","embeddable":true,"href":"https:\/\/www.notibras.com\/site\/wp-json\/wp\/v2\/categories?post=64386"},{"taxonomy":"post_tag","embeddable":true,"href":"https:\/\/www.notibras.com\/site\/wp-json\/wp\/v2\/tags?post=64386"}],"curies":[{"name":"wp","href":"https:\/\/api.w.org\/{rel}","templated":true}]}}