{"id":64415,"date":"2015-08-26T05:39:48","date_gmt":"2015-08-26T08:39:48","guid":{"rendered":"http:\/\/www.notibras.com\/site\/?p=64415"},"modified":"2015-08-26T11:49:52","modified_gmt":"2015-08-26T14:49:52","slug":"impugnacao-de-dilma-vence-no-tse-mas-pedido-de-vistas-paralisa-todo-o-processo","status":"publish","type":"post","link":"https:\/\/www.notibras.com\/site\/impugnacao-de-dilma-vence-no-tse-mas-pedido-de-vistas-paralisa-todo-o-processo\/","title":{"rendered":"Impugna\u00e7\u00e3o de Dilma vence no TSE, mas pedido de vistas paralisa todo o processo"},"content":{"rendered":"<p>Ap\u00f3s um pedido de vistas da ministra Luciana L\u00f3ssio, o Tribunal Superior Eleitoral (TSE) votou nesta ter\u00e7a-feira (25) pelo adiamento de uma das quatro a\u00e7\u00f5es na Corte que pedem a impugna\u00e7\u00e3o do mandato da presidente Dilma Rousseff e de seu vice, Michel Temer.<\/p>\n<p>Pouco antes de encerrar a sess\u00e3o do dia sobre o processo 97613, que investiga a presta\u00e7\u00e3o de contas de Dilma em sua campanha eleitoral de 2014, o presidente do TSE, ministro Dias Toffoli, j\u00e1 contabilizou quatro votos a favor da continuidade da a\u00e7\u00e3o, o que constitui maioria na Corte.<\/p>\n<p>Maria Thereza, que tamb\u00e9m \u00e9 relatora, votou contra o seguimento do processo. Votaram favoravelmente os ministros Jo\u00e3o Ot\u00e1vio de Noronha, Gilmar Mendes, Luiz Fux e Henrique Neves. Faltam ainda os votos de Toffoli e Luciana L\u00f3ssio.<\/p>\n<p>Mendes pediu, na \u00faltima sexta-feira (21), a abertura de investiga\u00e7\u00e3o de suposta pr\u00e1tica de atos il\u00edcitos na campanha da petista. Nesta ter\u00e7a, ele tamb\u00e9m enviou ao Minist\u00e9rio P\u00fablico de S\u00e3o Paulo relat\u00f3rio t\u00e9cnico elaborado pelo Fisco Paulista que detectou irregularidades em empresa contratada pela campanha de Dilma no ano passado.<\/p>\n<p>Maria Thereza e Mendes divergiram sobre o processo, pois para a ministra, os fatos expostos para pedir a abertura de investiga\u00e7\u00e3o foram acrescentados ap\u00f3s recentes descobertas da Opera\u00e7\u00e3o Lava Jato, mas que n\u00e3o poderiam ser acrescentadas ao processo em andamento.<\/p>\n<p>Protocolada em janeiro pela Coliga\u00e7\u00e3o Muda Brasil, cujo candidato era o senador A\u00e9cio Neves (PSDB-MG), a a\u00e7\u00e3o foi retomada h\u00e1 cerca de dez dias. O PSDB acusa a chapa Dilma-Temer de usar estruturas p\u00fablicas para promover a campanha, aponta abuso de poder econ\u00f4mico ao listar gastos acima do limite previsto e afirma que propinas oriundas do esquema de corrup\u00e7\u00e3o na Petrobras podem ter sido misturadas \u00e0s doa\u00e7\u00f5es oficiais.<\/p>\n","protected":false},"excerpt":{"rendered":"<p>Ap\u00f3s um pedido de vistas da ministra Luciana L\u00f3ssio, o Tribunal Superior Eleitoral (TSE) votou nesta ter\u00e7a-feira (25) pelo adiamento de uma das quatro a\u00e7\u00f5es na Corte que pedem a impugna\u00e7\u00e3o do mandato da presidente Dilma Rousseff e de seu vice, Michel Temer. Pouco antes de encerrar a sess\u00e3o do dia sobre o processo 97613, [&hellip;]<\/p>\n","protected":false},"author":2,"featured_media":64416,"comment_status":"open","ping_status":"closed","sticky":false,"template":"","format":"standard","meta":{"_acf_changed":false,"footnotes":""},"categories":[16],"tags":[],"class_list":["post-64415","post","type-post","status-publish","format-standard","has-post-thumbnail","hentry","category-brasil"],"acf":[],"yoast_head":"<!-- This site is optimized with the Yoast SEO plugin v27.2 - https:\/\/yoast.com\/product\/yoast-seo-wordpress\/ -->\n<title>Impugna\u00e7\u00e3o de Dilma vence no TSE, mas pedido de vistas paralisa todo o processo - Notibras<\/title>\n<meta name=\"robots\" content=\"index, follow, max-snippet:-1, max-image-preview:large, max-video-preview:-1\" \/>\n<link rel=\"canonical\" href=\"https:\/\/www.notibras.com\/site\/impugnacao-de-dilma-vence-no-tse-mas-pedido-de-vistas-paralisa-todo-o-processo\/\" \/>\n<meta property=\"og:locale\" content=\"pt_BR\" \/>\n<meta property=\"og:type\" content=\"article\" \/>\n<meta property=\"og:title\" content=\"Impugna\u00e7\u00e3o de Dilma vence no TSE, mas pedido de vistas paralisa todo o processo - Notibras\" \/>\n<meta property=\"og:description\" content=\"Ap\u00f3s um pedido de vistas da ministra Luciana L\u00f3ssio, o Tribunal Superior Eleitoral (TSE) votou nesta ter\u00e7a-feira (25) pelo adiamento de uma das quatro a\u00e7\u00f5es na Corte que pedem a impugna\u00e7\u00e3o do mandato da presidente Dilma Rousseff e de seu vice, Michel Temer. Pouco antes de encerrar a sess\u00e3o do dia sobre o processo 97613, [&hellip;]\" \/>\n<meta property=\"og:url\" content=\"https:\/\/www.notibras.com\/site\/impugnacao-de-dilma-vence-no-tse-mas-pedido-de-vistas-paralisa-todo-o-processo\/\" \/>\n<meta property=\"og:site_name\" content=\"Notibras\" \/>\n<meta property=\"article:publisher\" content=\"https:\/\/www.facebook.com\/notibras\/\" \/>\n<meta property=\"article:published_time\" content=\"2015-08-26T08:39:48+00:00\" \/>\n<meta property=\"article:modified_time\" content=\"2015-08-26T14:49:52+00:00\" \/>\n<meta property=\"og:image\" content=\"https:\/\/www.notibras.com\/site\/wp-content\/uploads\/2015\/08\/2014100900716.jpg\" \/>\n\t<meta property=\"og:image:width\" content=\"1086\" \/>\n\t<meta property=\"og:image:height\" content=\"652\" \/>\n\t<meta property=\"og:image:type\" content=\"image\/jpeg\" \/>\n<meta name=\"author\" content=\"Reda\u00e7\u00e3o\" \/>\n<meta name=\"twitter:card\" content=\"summary_large_image\" \/>\n<meta name=\"twitter:creator\" content=\"@Notibras\" \/>\n<meta name=\"twitter:site\" content=\"@Notibras\" \/>\n<meta name=\"twitter:label1\" content=\"Escrito por\" \/>\n\t<meta name=\"twitter:data1\" content=\"Reda\u00e7\u00e3o\" \/>\n\t<meta name=\"twitter:label2\" content=\"Est. tempo de leitura\" \/>\n\t<meta name=\"twitter:data2\" content=\"2 minutos\" \/>\n<script type=\"application\/ld+json\" class=\"yoast-schema-graph\">{\"@context\":\"https:\/\/schema.org\",\"@graph\":[{\"@type\":\"Article\",\"@id\":\"https:\/\/www.notibras.com\/site\/impugnacao-de-dilma-vence-no-tse-mas-pedido-de-vistas-paralisa-todo-o-processo\/#article\",\"isPartOf\":{\"@id\":\"https:\/\/www.notibras.com\/site\/impugnacao-de-dilma-vence-no-tse-mas-pedido-de-vistas-paralisa-todo-o-processo\/\"},\"author\":{\"name\":\"Reda\u00e7\u00e3o\",\"@id\":\"https:\/\/www.notibras.com\/site\/#\/schema\/person\/36ab0979449956132d3e5b517ea76ac8\"},\"headline\":\"Impugna\u00e7\u00e3o de Dilma vence no TSE, mas pedido de vistas paralisa todo o processo\",\"datePublished\":\"2015-08-26T08:39:48+00:00\",\"dateModified\":\"2015-08-26T14:49:52+00:00\",\"mainEntityOfPage\":{\"@id\":\"https:\/\/www.notibras.com\/site\/impugnacao-de-dilma-vence-no-tse-mas-pedido-de-vistas-paralisa-todo-o-processo\/\"},\"wordCount\":329,\"commentCount\":0,\"publisher\":{\"@id\":\"https:\/\/www.notibras.com\/site\/#organization\"},\"image\":{\"@id\":\"https:\/\/www.notibras.com\/site\/impugnacao-de-dilma-vence-no-tse-mas-pedido-de-vistas-paralisa-todo-o-processo\/#primaryimage\"},\"thumbnailUrl\":\"https:\/\/www.notibras.com\/site\/wp-content\/uploads\/2015\/08\/2014100900716.jpg\",\"articleSection\":[\"Brasil\"],\"inLanguage\":\"pt-BR\",\"potentialAction\":[{\"@type\":\"CommentAction\",\"name\":\"Comment\",\"target\":[\"https:\/\/www.notibras.com\/site\/impugnacao-de-dilma-vence-no-tse-mas-pedido-de-vistas-paralisa-todo-o-processo\/#respond\"]}]},{\"@type\":\"WebPage\",\"@id\":\"https:\/\/www.notibras.com\/site\/impugnacao-de-dilma-vence-no-tse-mas-pedido-de-vistas-paralisa-todo-o-processo\/\",\"url\":\"https:\/\/www.notibras.com\/site\/impugnacao-de-dilma-vence-no-tse-mas-pedido-de-vistas-paralisa-todo-o-processo\/\",\"name\":\"Impugna\u00e7\u00e3o de Dilma vence no TSE, mas pedido de vistas paralisa todo o processo - Notibras\",\"isPartOf\":{\"@id\":\"https:\/\/www.notibras.com\/site\/#website\"},\"primaryImageOfPage\":{\"@id\":\"https:\/\/www.notibras.com\/site\/impugnacao-de-dilma-vence-no-tse-mas-pedido-de-vistas-paralisa-todo-o-processo\/#primaryimage\"},\"image\":{\"@id\":\"https:\/\/www.notibras.com\/site\/impugnacao-de-dilma-vence-no-tse-mas-pedido-de-vistas-paralisa-todo-o-processo\/#primaryimage\"},\"thumbnailUrl\":\"https:\/\/www.notibras.com\/site\/wp-content\/uploads\/2015\/08\/2014100900716.jpg\",\"datePublished\":\"2015-08-26T08:39:48+00:00\",\"dateModified\":\"2015-08-26T14:49:52+00:00\",\"breadcrumb\":{\"@id\":\"https:\/\/www.notibras.com\/site\/impugnacao-de-dilma-vence-no-tse-mas-pedido-de-vistas-paralisa-todo-o-processo\/#breadcrumb\"},\"inLanguage\":\"pt-BR\",\"potentialAction\":[{\"@type\":\"ReadAction\",\"target\":[\"https:\/\/www.notibras.com\/site\/impugnacao-de-dilma-vence-no-tse-mas-pedido-de-vistas-paralisa-todo-o-processo\/\"]}]},{\"@type\":\"ImageObject\",\"inLanguage\":\"pt-BR\",\"@id\":\"https:\/\/www.notibras.com\/site\/impugnacao-de-dilma-vence-no-tse-mas-pedido-de-vistas-paralisa-todo-o-processo\/#primaryimage\",\"url\":\"https:\/\/www.notibras.com\/site\/wp-content\/uploads\/2015\/08\/2014100900716.jpg\",\"contentUrl\":\"https:\/\/www.notibras.com\/site\/wp-content\/uploads\/2015\/08\/2014100900716.jpg\",\"width\":1086,\"height\":652},{\"@type\":\"BreadcrumbList\",\"@id\":\"https:\/\/www.notibras.com\/site\/impugnacao-de-dilma-vence-no-tse-mas-pedido-de-vistas-paralisa-todo-o-processo\/#breadcrumb\",\"itemListElement\":[{\"@type\":\"ListItem\",\"position\":1,\"name\":\"In\u00edcio\",\"item\":\"https:\/\/www.notibras.com\/site\/\"},{\"@type\":\"ListItem\",\"position\":2,\"name\":\"Impugna\u00e7\u00e3o de Dilma vence no TSE, mas pedido de vistas paralisa todo o processo\"}]},{\"@type\":\"WebSite\",\"@id\":\"https:\/\/www.notibras.com\/site\/#website\",\"url\":\"https:\/\/www.notibras.com\/site\/\",\"name\":\"Notibras\",\"description\":\"Not\u00edcias de Bras\u00edlia, do Brasil e do Mundo\",\"publisher\":{\"@id\":\"https:\/\/www.notibras.com\/site\/#organization\"},\"potentialAction\":[{\"@type\":\"SearchAction\",\"target\":{\"@type\":\"EntryPoint\",\"urlTemplate\":\"https:\/\/www.notibras.com\/site\/?s={search_term_string}\"},\"query-input\":{\"@type\":\"PropertyValueSpecification\",\"valueRequired\":true,\"valueName\":\"search_term_string\"}}],\"inLanguage\":\"pt-BR\"},{\"@type\":\"Organization\",\"@id\":\"https:\/\/www.notibras.com\/site\/#organization\",\"name\":\"Grupo Notibras de Comunica\u00e7\u00e3o\",\"url\":\"https:\/\/www.notibras.com\/site\/\",\"logo\":{\"@type\":\"ImageObject\",\"inLanguage\":\"pt-BR\",\"@id\":\"https:\/\/www.notibras.com\/site\/#\/schema\/logo\/image\/\",\"url\":\"https:\/\/www.notibras.com\/site\/wp-content\/uploads\/2023\/01\/notibras23.png\",\"contentUrl\":\"https:\/\/www.notibras.com\/site\/wp-content\/uploads\/2023\/01\/notibras23.png\",\"width\":350,\"height\":87,\"caption\":\"Grupo Notibras de Comunica\u00e7\u00e3o\"},\"image\":{\"@id\":\"https:\/\/www.notibras.com\/site\/#\/schema\/logo\/image\/\"},\"sameAs\":[\"https:\/\/www.facebook.com\/notibras\/\",\"https:\/\/x.com\/Notibras\",\"https:\/\/www.instagram.com\/notibras\/\"]},{\"@type\":\"Person\",\"@id\":\"https:\/\/www.notibras.com\/site\/#\/schema\/person\/36ab0979449956132d3e5b517ea76ac8\",\"name\":\"Reda\u00e7\u00e3o\",\"image\":{\"@type\":\"ImageObject\",\"inLanguage\":\"pt-BR\",\"@id\":\"https:\/\/secure.gravatar.com\/avatar\/e0a867bdedb85fd243eadf09663511f96fc81e0720a4a42581f334ad4303aa6b?s=96&d=mm&r=g\",\"url\":\"https:\/\/secure.gravatar.com\/avatar\/e0a867bdedb85fd243eadf09663511f96fc81e0720a4a42581f334ad4303aa6b?s=96&d=mm&r=g\",\"contentUrl\":\"https:\/\/secure.gravatar.com\/avatar\/e0a867bdedb85fd243eadf09663511f96fc81e0720a4a42581f334ad4303aa6b?s=96&d=mm&r=g\",\"caption\":\"Reda\u00e7\u00e3o\"}}]}<\/script>\n<!-- \/ Yoast SEO plugin. -->","yoast_head_json":{"title":"Impugna\u00e7\u00e3o de Dilma vence no TSE, mas pedido de vistas paralisa todo o processo - Notibras","robots":{"index":"index","follow":"follow","max-snippet":"max-snippet:-1","max-image-preview":"max-image-preview:large","max-video-preview":"max-video-preview:-1"},"canonical":"https:\/\/www.notibras.com\/site\/impugnacao-de-dilma-vence-no-tse-mas-pedido-de-vistas-paralisa-todo-o-processo\/","og_locale":"pt_BR","og_type":"article","og_title":"Impugna\u00e7\u00e3o de Dilma vence no TSE, mas pedido de vistas paralisa todo o processo - Notibras","og_description":"Ap\u00f3s um pedido de vistas da ministra Luciana L\u00f3ssio, o Tribunal Superior Eleitoral (TSE) votou nesta ter\u00e7a-feira (25) pelo adiamento de uma das quatro a\u00e7\u00f5es na Corte que pedem a impugna\u00e7\u00e3o do mandato da presidente Dilma Rousseff e de seu vice, Michel Temer. Pouco antes de encerrar a sess\u00e3o do dia sobre o processo 97613, [&hellip;]","og_url":"https:\/\/www.notibras.com\/site\/impugnacao-de-dilma-vence-no-tse-mas-pedido-de-vistas-paralisa-todo-o-processo\/","og_site_name":"Notibras","article_publisher":"https:\/\/www.facebook.com\/notibras\/","article_published_time":"2015-08-26T08:39:48+00:00","article_modified_time":"2015-08-26T14:49:52+00:00","og_image":[{"width":1086,"height":652,"url":"https:\/\/www.notibras.com\/site\/wp-content\/uploads\/2015\/08\/2014100900716.jpg","type":"image\/jpeg"}],"author":"Reda\u00e7\u00e3o","twitter_card":"summary_large_image","twitter_creator":"@Notibras","twitter_site":"@Notibras","twitter_misc":{"Escrito por":"Reda\u00e7\u00e3o","Est. tempo de leitura":"2 minutos"},"schema":{"@context":"https:\/\/schema.org","@graph":[{"@type":"Article","@id":"https:\/\/www.notibras.com\/site\/impugnacao-de-dilma-vence-no-tse-mas-pedido-de-vistas-paralisa-todo-o-processo\/#article","isPartOf":{"@id":"https:\/\/www.notibras.com\/site\/impugnacao-de-dilma-vence-no-tse-mas-pedido-de-vistas-paralisa-todo-o-processo\/"},"author":{"name":"Reda\u00e7\u00e3o","@id":"https:\/\/www.notibras.com\/site\/#\/schema\/person\/36ab0979449956132d3e5b517ea76ac8"},"headline":"Impugna\u00e7\u00e3o de Dilma vence no TSE, mas pedido de vistas paralisa todo o processo","datePublished":"2015-08-26T08:39:48+00:00","dateModified":"2015-08-26T14:49:52+00:00","mainEntityOfPage":{"@id":"https:\/\/www.notibras.com\/site\/impugnacao-de-dilma-vence-no-tse-mas-pedido-de-vistas-paralisa-todo-o-processo\/"},"wordCount":329,"commentCount":0,"publisher":{"@id":"https:\/\/www.notibras.com\/site\/#organization"},"image":{"@id":"https:\/\/www.notibras.com\/site\/impugnacao-de-dilma-vence-no-tse-mas-pedido-de-vistas-paralisa-todo-o-processo\/#primaryimage"},"thumbnailUrl":"https:\/\/www.notibras.com\/site\/wp-content\/uploads\/2015\/08\/2014100900716.jpg","articleSection":["Brasil"],"inLanguage":"pt-BR","potentialAction":[{"@type":"CommentAction","name":"Comment","target":["https:\/\/www.notibras.com\/site\/impugnacao-de-dilma-vence-no-tse-mas-pedido-de-vistas-paralisa-todo-o-processo\/#respond"]}]},{"@type":"WebPage","@id":"https:\/\/www.notibras.com\/site\/impugnacao-de-dilma-vence-no-tse-mas-pedido-de-vistas-paralisa-todo-o-processo\/","url":"https:\/\/www.notibras.com\/site\/impugnacao-de-dilma-vence-no-tse-mas-pedido-de-vistas-paralisa-todo-o-processo\/","name":"Impugna\u00e7\u00e3o de Dilma vence no TSE, mas pedido de vistas paralisa todo o processo - Notibras","isPartOf":{"@id":"https:\/\/www.notibras.com\/site\/#website"},"primaryImageOfPage":{"@id":"https:\/\/www.notibras.com\/site\/impugnacao-de-dilma-vence-no-tse-mas-pedido-de-vistas-paralisa-todo-o-processo\/#primaryimage"},"image":{"@id":"https:\/\/www.notibras.com\/site\/impugnacao-de-dilma-vence-no-tse-mas-pedido-de-vistas-paralisa-todo-o-processo\/#primaryimage"},"thumbnailUrl":"https:\/\/www.notibras.com\/site\/wp-content\/uploads\/2015\/08\/2014100900716.jpg","datePublished":"2015-08-26T08:39:48+00:00","dateModified":"2015-08-26T14:49:52+00:00","breadcrumb":{"@id":"https:\/\/www.notibras.com\/site\/impugnacao-de-dilma-vence-no-tse-mas-pedido-de-vistas-paralisa-todo-o-processo\/#breadcrumb"},"inLanguage":"pt-BR","potentialAction":[{"@type":"ReadAction","target":["https:\/\/www.notibras.com\/site\/impugnacao-de-dilma-vence-no-tse-mas-pedido-de-vistas-paralisa-todo-o-processo\/"]}]},{"@type":"ImageObject","inLanguage":"pt-BR","@id":"https:\/\/www.notibras.com\/site\/impugnacao-de-dilma-vence-no-tse-mas-pedido-de-vistas-paralisa-todo-o-processo\/#primaryimage","url":"https:\/\/www.notibras.com\/site\/wp-content\/uploads\/2015\/08\/2014100900716.jpg","contentUrl":"https:\/\/www.notibras.com\/site\/wp-content\/uploads\/2015\/08\/2014100900716.jpg","width":1086,"height":652},{"@type":"BreadcrumbList","@id":"https:\/\/www.notibras.com\/site\/impugnacao-de-dilma-vence-no-tse-mas-pedido-de-vistas-paralisa-todo-o-processo\/#breadcrumb","itemListElement":[{"@type":"ListItem","position":1,"name":"In\u00edcio","item":"https:\/\/www.notibras.com\/site\/"},{"@type":"ListItem","position":2,"name":"Impugna\u00e7\u00e3o de Dilma vence no TSE, mas pedido de vistas paralisa todo o processo"}]},{"@type":"WebSite","@id":"https:\/\/www.notibras.com\/site\/#website","url":"https:\/\/www.notibras.com\/site\/","name":"Notibras","description":"Not\u00edcias de Bras\u00edlia, do Brasil e do Mundo","publisher":{"@id":"https:\/\/www.notibras.com\/site\/#organization"},"potentialAction":[{"@type":"SearchAction","target":{"@type":"EntryPoint","urlTemplate":"https:\/\/www.notibras.com\/site\/?s={search_term_string}"},"query-input":{"@type":"PropertyValueSpecification","valueRequired":true,"valueName":"search_term_string"}}],"inLanguage":"pt-BR"},{"@type":"Organization","@id":"https:\/\/www.notibras.com\/site\/#organization","name":"Grupo Notibras de Comunica\u00e7\u00e3o","url":"https:\/\/www.notibras.com\/site\/","logo":{"@type":"ImageObject","inLanguage":"pt-BR","@id":"https:\/\/www.notibras.com\/site\/#\/schema\/logo\/image\/","url":"https:\/\/www.notibras.com\/site\/wp-content\/uploads\/2023\/01\/notibras23.png","contentUrl":"https:\/\/www.notibras.com\/site\/wp-content\/uploads\/2023\/01\/notibras23.png","width":350,"height":87,"caption":"Grupo Notibras de Comunica\u00e7\u00e3o"},"image":{"@id":"https:\/\/www.notibras.com\/site\/#\/schema\/logo\/image\/"},"sameAs":["https:\/\/www.facebook.com\/notibras\/","https:\/\/x.com\/Notibras","https:\/\/www.instagram.com\/notibras\/"]},{"@type":"Person","@id":"https:\/\/www.notibras.com\/site\/#\/schema\/person\/36ab0979449956132d3e5b517ea76ac8","name":"Reda\u00e7\u00e3o","image":{"@type":"ImageObject","inLanguage":"pt-BR","@id":"https:\/\/secure.gravatar.com\/avatar\/e0a867bdedb85fd243eadf09663511f96fc81e0720a4a42581f334ad4303aa6b?s=96&d=mm&r=g","url":"https:\/\/secure.gravatar.com\/avatar\/e0a867bdedb85fd243eadf09663511f96fc81e0720a4a42581f334ad4303aa6b?s=96&d=mm&r=g","contentUrl":"https:\/\/secure.gravatar.com\/avatar\/e0a867bdedb85fd243eadf09663511f96fc81e0720a4a42581f334ad4303aa6b?s=96&d=mm&r=g","caption":"Reda\u00e7\u00e3o"}}]}},"amp_enabled":true,"_links":{"self":[{"href":"https:\/\/www.notibras.com\/site\/wp-json\/wp\/v2\/posts\/64415","targetHints":{"allow":["GET"]}}],"collection":[{"href":"https:\/\/www.notibras.com\/site\/wp-json\/wp\/v2\/posts"}],"about":[{"href":"https:\/\/www.notibras.com\/site\/wp-json\/wp\/v2\/types\/post"}],"author":[{"embeddable":true,"href":"https:\/\/www.notibras.com\/site\/wp-json\/wp\/v2\/users\/2"}],"replies":[{"embeddable":true,"href":"https:\/\/www.notibras.com\/site\/wp-json\/wp\/v2\/comments?post=64415"}],"version-history":[{"count":1,"href":"https:\/\/www.notibras.com\/site\/wp-json\/wp\/v2\/posts\/64415\/revisions"}],"predecessor-version":[{"id":64417,"href":"https:\/\/www.notibras.com\/site\/wp-json\/wp\/v2\/posts\/64415\/revisions\/64417"}],"wp:featuredmedia":[{"embeddable":true,"href":"https:\/\/www.notibras.com\/site\/wp-json\/wp\/v2\/media\/64416"}],"wp:attachment":[{"href":"https:\/\/www.notibras.com\/site\/wp-json\/wp\/v2\/media?parent=64415"}],"wp:term":[{"taxonomy":"category","embeddable":true,"href":"https:\/\/www.notibras.com\/site\/wp-json\/wp\/v2\/categories?post=64415"},{"taxonomy":"post_tag","embeddable":true,"href":"https:\/\/www.notibras.com\/site\/wp-json\/wp\/v2\/tags?post=64415"}],"curies":[{"name":"wp","href":"https:\/\/api.w.org\/{rel}","templated":true}]}}