{"id":64455,"date":"2015-08-26T11:20:46","date_gmt":"2015-08-26T14:20:46","guid":{"rendered":"http:\/\/www.notibras.com\/site\/?p=64455"},"modified":"2015-08-26T17:37:20","modified_gmt":"2015-08-26T20:37:20","slug":"juro-do-cheque-vai-a-249-e-do-cartao-rotativo-bate-em-396","status":"publish","type":"post","link":"https:\/\/www.notibras.com\/site\/juro-do-cheque-vai-a-249-e-do-cartao-rotativo-bate-em-396\/","title":{"rendered":"Juro do cheque especial dispara e vai a 249%, e o do cart\u00e3o de cr\u00e9dito rotativo bate em 396%"},"content":{"rendered":"<p>A taxa de juros do cheque especial em julho subiu para 246,9% ao ano, alta de 5,6 pontos percentuais em rela\u00e7\u00e3o a junho (241,3% a.a.). Por sua vez, os juros do rotativo do cart\u00e3o de cr\u00e9dito subiram de 372,1% ao ano em junho para 395,3% ao ano em julho, o maior valor desde o in\u00edcio da s\u00e9rie hist\u00f3rica deste indicador, em mar\u00e7o de 2011.<\/p>\n<p>Os dados s\u00e3o referentes apenas a juros cobrados de pessoas f\u00edsicas e foram divulgados nesta quarta-feira (26) pelo Banco Central.<\/p>\n<p>Confira a varia\u00e7\u00e3o nas taxas de juros de outras modalidades de cr\u00e9dito monitoradas pelo BC:<\/p>\n<p>A m\u00e9dia da taxa de juros cobrada das fam\u00edlias subiu 1,1 ponto percentual de junho para julho, alcan\u00e7ando 59,5% ao ano no m\u00eas passado. As principais altas foram do cr\u00e9dito n\u00e3o-consignado, do cheque especial e do rotativo do cart\u00e3o, j\u00e1 mencionadas.<\/p>\n<p>Para as empresas, a taxa m\u00e9dia de juros foi de 27,9% ao ano, uma alta de 0,4 ponto percentual em rela\u00e7\u00e3o a julho.<\/p>\n<p>Todos os dados s\u00e3o referentes \u00e0s opera\u00e7\u00f5es com recursos livres (n\u00e3o inclui cr\u00e9dito rural, financiamento imobili\u00e1rio e empr\u00e9stimos do BNDES).<\/p>\n<p>O n\u00famero de d\u00edvidas com mais de 90 dias de atraso teve leve alta de junho para julho. No geral, este indicador correspondeu a 3% de toda a carteira de cr\u00e9dito do pa\u00eds, o que representa uma alta de 0,1 ponto percentual em rela\u00e7\u00e3o a junho.<\/p>\n<p>O indicador aumentou 0,1 ponto percentual entre as pessoas f\u00edsicas, para 3,8% de todas as opera\u00e7\u00f5es, e entre as empresas, para 2,4%.<\/p>\n<p>Estes n\u00fameros se referem \u00e0 inadimpl\u00eancia tanto em opera\u00e7\u00f5es com recursos livres quanto com recursos direcionados (em que os juros s\u00e3o fixos).<\/p>\n","protected":false},"excerpt":{"rendered":"<p>A taxa de juros do cheque especial em julho subiu para 246,9% ao ano, alta de 5,6 pontos percentuais em rela\u00e7\u00e3o a junho (241,3% a.a.). Por sua vez, os juros do rotativo do cart\u00e3o de cr\u00e9dito subiram de 372,1% ao ano em junho para 395,3% ao ano em julho, o maior valor desde o in\u00edcio [&hellip;]<\/p>\n","protected":false},"author":2,"featured_media":64456,"comment_status":"open","ping_status":"closed","sticky":false,"template":"","format":"standard","meta":{"_acf_changed":false,"footnotes":""},"categories":[16],"tags":[],"class_list":["post-64455","post","type-post","status-publish","format-standard","has-post-thumbnail","hentry","category-brasil"],"acf":[],"yoast_head":"<!-- This site is optimized with the Yoast SEO plugin v27.2 - https:\/\/yoast.com\/product\/yoast-seo-wordpress\/ -->\n<title>Juro do cheque especial dispara e vai a 249%, e o do cart\u00e3o de cr\u00e9dito rotativo bate em 396% - Notibras<\/title>\n<meta name=\"robots\" content=\"index, follow, max-snippet:-1, max-image-preview:large, max-video-preview:-1\" \/>\n<link rel=\"canonical\" href=\"https:\/\/www.notibras.com\/site\/juro-do-cheque-vai-a-249-e-do-cartao-rotativo-bate-em-396\/\" \/>\n<meta property=\"og:locale\" content=\"pt_BR\" \/>\n<meta property=\"og:type\" content=\"article\" \/>\n<meta property=\"og:title\" content=\"Juro do cheque especial dispara e vai a 249%, e o do cart\u00e3o de cr\u00e9dito rotativo bate em 396% - Notibras\" \/>\n<meta property=\"og:description\" content=\"A taxa de juros do cheque especial em julho subiu para 246,9% ao ano, alta de 5,6 pontos percentuais em rela\u00e7\u00e3o a junho (241,3% a.a.). Por sua vez, os juros do rotativo do cart\u00e3o de cr\u00e9dito subiram de 372,1% ao ano em junho para 395,3% ao ano em julho, o maior valor desde o in\u00edcio [&hellip;]\" \/>\n<meta property=\"og:url\" content=\"https:\/\/www.notibras.com\/site\/juro-do-cheque-vai-a-249-e-do-cartao-rotativo-bate-em-396\/\" \/>\n<meta property=\"og:site_name\" content=\"Notibras\" \/>\n<meta property=\"article:publisher\" content=\"https:\/\/www.facebook.com\/notibras\/\" \/>\n<meta property=\"article:published_time\" content=\"2015-08-26T14:20:46+00:00\" \/>\n<meta property=\"article:modified_time\" content=\"2015-08-26T20:37:20+00:00\" \/>\n<meta property=\"og:image\" content=\"https:\/\/www.notibras.com\/site\/wp-content\/uploads\/2015\/08\/ori_e14a144fbec3d7e86089092113222d79.jpg\" \/>\n\t<meta property=\"og:image:width\" content=\"2290\" \/>\n\t<meta property=\"og:image:height\" content=\"1527\" \/>\n\t<meta property=\"og:image:type\" content=\"image\/jpeg\" \/>\n<meta name=\"author\" content=\"Reda\u00e7\u00e3o\" \/>\n<meta name=\"twitter:card\" content=\"summary_large_image\" \/>\n<meta name=\"twitter:creator\" content=\"@Notibras\" \/>\n<meta name=\"twitter:site\" content=\"@Notibras\" \/>\n<meta name=\"twitter:label1\" content=\"Escrito por\" \/>\n\t<meta name=\"twitter:data1\" content=\"Reda\u00e7\u00e3o\" \/>\n\t<meta name=\"twitter:label2\" content=\"Est. tempo de leitura\" \/>\n\t<meta name=\"twitter:data2\" content=\"1 minuto\" \/>\n<script type=\"application\/ld+json\" class=\"yoast-schema-graph\">{\"@context\":\"https:\/\/schema.org\",\"@graph\":[{\"@type\":\"Article\",\"@id\":\"https:\/\/www.notibras.com\/site\/juro-do-cheque-vai-a-249-e-do-cartao-rotativo-bate-em-396\/#article\",\"isPartOf\":{\"@id\":\"https:\/\/www.notibras.com\/site\/juro-do-cheque-vai-a-249-e-do-cartao-rotativo-bate-em-396\/\"},\"author\":{\"name\":\"Reda\u00e7\u00e3o\",\"@id\":\"https:\/\/www.notibras.com\/site\/#\/schema\/person\/36ab0979449956132d3e5b517ea76ac8\"},\"headline\":\"Juro do cheque especial dispara e vai a 249%, e o do cart\u00e3o de cr\u00e9dito rotativo bate em 396%\",\"datePublished\":\"2015-08-26T14:20:46+00:00\",\"dateModified\":\"2015-08-26T20:37:20+00:00\",\"mainEntityOfPage\":{\"@id\":\"https:\/\/www.notibras.com\/site\/juro-do-cheque-vai-a-249-e-do-cartao-rotativo-bate-em-396\/\"},\"wordCount\":312,\"commentCount\":0,\"publisher\":{\"@id\":\"https:\/\/www.notibras.com\/site\/#organization\"},\"image\":{\"@id\":\"https:\/\/www.notibras.com\/site\/juro-do-cheque-vai-a-249-e-do-cartao-rotativo-bate-em-396\/#primaryimage\"},\"thumbnailUrl\":\"https:\/\/www.notibras.com\/site\/wp-content\/uploads\/2015\/08\/ori_e14a144fbec3d7e86089092113222d79.jpg\",\"articleSection\":[\"Brasil\"],\"inLanguage\":\"pt-BR\",\"potentialAction\":[{\"@type\":\"CommentAction\",\"name\":\"Comment\",\"target\":[\"https:\/\/www.notibras.com\/site\/juro-do-cheque-vai-a-249-e-do-cartao-rotativo-bate-em-396\/#respond\"]}]},{\"@type\":\"WebPage\",\"@id\":\"https:\/\/www.notibras.com\/site\/juro-do-cheque-vai-a-249-e-do-cartao-rotativo-bate-em-396\/\",\"url\":\"https:\/\/www.notibras.com\/site\/juro-do-cheque-vai-a-249-e-do-cartao-rotativo-bate-em-396\/\",\"name\":\"Juro do cheque especial dispara e vai a 249%, e o do cart\u00e3o de cr\u00e9dito rotativo bate em 396% - Notibras\",\"isPartOf\":{\"@id\":\"https:\/\/www.notibras.com\/site\/#website\"},\"primaryImageOfPage\":{\"@id\":\"https:\/\/www.notibras.com\/site\/juro-do-cheque-vai-a-249-e-do-cartao-rotativo-bate-em-396\/#primaryimage\"},\"image\":{\"@id\":\"https:\/\/www.notibras.com\/site\/juro-do-cheque-vai-a-249-e-do-cartao-rotativo-bate-em-396\/#primaryimage\"},\"thumbnailUrl\":\"https:\/\/www.notibras.com\/site\/wp-content\/uploads\/2015\/08\/ori_e14a144fbec3d7e86089092113222d79.jpg\",\"datePublished\":\"2015-08-26T14:20:46+00:00\",\"dateModified\":\"2015-08-26T20:37:20+00:00\",\"breadcrumb\":{\"@id\":\"https:\/\/www.notibras.com\/site\/juro-do-cheque-vai-a-249-e-do-cartao-rotativo-bate-em-396\/#breadcrumb\"},\"inLanguage\":\"pt-BR\",\"potentialAction\":[{\"@type\":\"ReadAction\",\"target\":[\"https:\/\/www.notibras.com\/site\/juro-do-cheque-vai-a-249-e-do-cartao-rotativo-bate-em-396\/\"]}]},{\"@type\":\"ImageObject\",\"inLanguage\":\"pt-BR\",\"@id\":\"https:\/\/www.notibras.com\/site\/juro-do-cheque-vai-a-249-e-do-cartao-rotativo-bate-em-396\/#primaryimage\",\"url\":\"https:\/\/www.notibras.com\/site\/wp-content\/uploads\/2015\/08\/ori_e14a144fbec3d7e86089092113222d79.jpg\",\"contentUrl\":\"https:\/\/www.notibras.com\/site\/wp-content\/uploads\/2015\/08\/ori_e14a144fbec3d7e86089092113222d79.jpg\",\"width\":2290,\"height\":1527},{\"@type\":\"BreadcrumbList\",\"@id\":\"https:\/\/www.notibras.com\/site\/juro-do-cheque-vai-a-249-e-do-cartao-rotativo-bate-em-396\/#breadcrumb\",\"itemListElement\":[{\"@type\":\"ListItem\",\"position\":1,\"name\":\"In\u00edcio\",\"item\":\"https:\/\/www.notibras.com\/site\/\"},{\"@type\":\"ListItem\",\"position\":2,\"name\":\"Juro do cheque especial dispara e vai a 249%, e o do cart\u00e3o de cr\u00e9dito rotativo bate em 396%\"}]},{\"@type\":\"WebSite\",\"@id\":\"https:\/\/www.notibras.com\/site\/#website\",\"url\":\"https:\/\/www.notibras.com\/site\/\",\"name\":\"Notibras\",\"description\":\"Not\u00edcias de Bras\u00edlia, do Brasil e do Mundo\",\"publisher\":{\"@id\":\"https:\/\/www.notibras.com\/site\/#organization\"},\"potentialAction\":[{\"@type\":\"SearchAction\",\"target\":{\"@type\":\"EntryPoint\",\"urlTemplate\":\"https:\/\/www.notibras.com\/site\/?s={search_term_string}\"},\"query-input\":{\"@type\":\"PropertyValueSpecification\",\"valueRequired\":true,\"valueName\":\"search_term_string\"}}],\"inLanguage\":\"pt-BR\"},{\"@type\":\"Organization\",\"@id\":\"https:\/\/www.notibras.com\/site\/#organization\",\"name\":\"Grupo Notibras de Comunica\u00e7\u00e3o\",\"url\":\"https:\/\/www.notibras.com\/site\/\",\"logo\":{\"@type\":\"ImageObject\",\"inLanguage\":\"pt-BR\",\"@id\":\"https:\/\/www.notibras.com\/site\/#\/schema\/logo\/image\/\",\"url\":\"https:\/\/www.notibras.com\/site\/wp-content\/uploads\/2023\/01\/notibras23.png\",\"contentUrl\":\"https:\/\/www.notibras.com\/site\/wp-content\/uploads\/2023\/01\/notibras23.png\",\"width\":350,\"height\":87,\"caption\":\"Grupo Notibras de Comunica\u00e7\u00e3o\"},\"image\":{\"@id\":\"https:\/\/www.notibras.com\/site\/#\/schema\/logo\/image\/\"},\"sameAs\":[\"https:\/\/www.facebook.com\/notibras\/\",\"https:\/\/x.com\/Notibras\",\"https:\/\/www.instagram.com\/notibras\/\"]},{\"@type\":\"Person\",\"@id\":\"https:\/\/www.notibras.com\/site\/#\/schema\/person\/36ab0979449956132d3e5b517ea76ac8\",\"name\":\"Reda\u00e7\u00e3o\",\"image\":{\"@type\":\"ImageObject\",\"inLanguage\":\"pt-BR\",\"@id\":\"https:\/\/secure.gravatar.com\/avatar\/e0a867bdedb85fd243eadf09663511f96fc81e0720a4a42581f334ad4303aa6b?s=96&d=mm&r=g\",\"url\":\"https:\/\/secure.gravatar.com\/avatar\/e0a867bdedb85fd243eadf09663511f96fc81e0720a4a42581f334ad4303aa6b?s=96&d=mm&r=g\",\"contentUrl\":\"https:\/\/secure.gravatar.com\/avatar\/e0a867bdedb85fd243eadf09663511f96fc81e0720a4a42581f334ad4303aa6b?s=96&d=mm&r=g\",\"caption\":\"Reda\u00e7\u00e3o\"}}]}<\/script>\n<!-- \/ Yoast SEO plugin. -->","yoast_head_json":{"title":"Juro do cheque especial dispara e vai a 249%, e o do cart\u00e3o de cr\u00e9dito rotativo bate em 396% - Notibras","robots":{"index":"index","follow":"follow","max-snippet":"max-snippet:-1","max-image-preview":"max-image-preview:large","max-video-preview":"max-video-preview:-1"},"canonical":"https:\/\/www.notibras.com\/site\/juro-do-cheque-vai-a-249-e-do-cartao-rotativo-bate-em-396\/","og_locale":"pt_BR","og_type":"article","og_title":"Juro do cheque especial dispara e vai a 249%, e o do cart\u00e3o de cr\u00e9dito rotativo bate em 396% - Notibras","og_description":"A taxa de juros do cheque especial em julho subiu para 246,9% ao ano, alta de 5,6 pontos percentuais em rela\u00e7\u00e3o a junho (241,3% a.a.). Por sua vez, os juros do rotativo do cart\u00e3o de cr\u00e9dito subiram de 372,1% ao ano em junho para 395,3% ao ano em julho, o maior valor desde o in\u00edcio [&hellip;]","og_url":"https:\/\/www.notibras.com\/site\/juro-do-cheque-vai-a-249-e-do-cartao-rotativo-bate-em-396\/","og_site_name":"Notibras","article_publisher":"https:\/\/www.facebook.com\/notibras\/","article_published_time":"2015-08-26T14:20:46+00:00","article_modified_time":"2015-08-26T20:37:20+00:00","og_image":[{"width":2290,"height":1527,"url":"https:\/\/www.notibras.com\/site\/wp-content\/uploads\/2015\/08\/ori_e14a144fbec3d7e86089092113222d79.jpg","type":"image\/jpeg"}],"author":"Reda\u00e7\u00e3o","twitter_card":"summary_large_image","twitter_creator":"@Notibras","twitter_site":"@Notibras","twitter_misc":{"Escrito por":"Reda\u00e7\u00e3o","Est. tempo de leitura":"1 minuto"},"schema":{"@context":"https:\/\/schema.org","@graph":[{"@type":"Article","@id":"https:\/\/www.notibras.com\/site\/juro-do-cheque-vai-a-249-e-do-cartao-rotativo-bate-em-396\/#article","isPartOf":{"@id":"https:\/\/www.notibras.com\/site\/juro-do-cheque-vai-a-249-e-do-cartao-rotativo-bate-em-396\/"},"author":{"name":"Reda\u00e7\u00e3o","@id":"https:\/\/www.notibras.com\/site\/#\/schema\/person\/36ab0979449956132d3e5b517ea76ac8"},"headline":"Juro do cheque especial dispara e vai a 249%, e o do cart\u00e3o de cr\u00e9dito rotativo bate em 396%","datePublished":"2015-08-26T14:20:46+00:00","dateModified":"2015-08-26T20:37:20+00:00","mainEntityOfPage":{"@id":"https:\/\/www.notibras.com\/site\/juro-do-cheque-vai-a-249-e-do-cartao-rotativo-bate-em-396\/"},"wordCount":312,"commentCount":0,"publisher":{"@id":"https:\/\/www.notibras.com\/site\/#organization"},"image":{"@id":"https:\/\/www.notibras.com\/site\/juro-do-cheque-vai-a-249-e-do-cartao-rotativo-bate-em-396\/#primaryimage"},"thumbnailUrl":"https:\/\/www.notibras.com\/site\/wp-content\/uploads\/2015\/08\/ori_e14a144fbec3d7e86089092113222d79.jpg","articleSection":["Brasil"],"inLanguage":"pt-BR","potentialAction":[{"@type":"CommentAction","name":"Comment","target":["https:\/\/www.notibras.com\/site\/juro-do-cheque-vai-a-249-e-do-cartao-rotativo-bate-em-396\/#respond"]}]},{"@type":"WebPage","@id":"https:\/\/www.notibras.com\/site\/juro-do-cheque-vai-a-249-e-do-cartao-rotativo-bate-em-396\/","url":"https:\/\/www.notibras.com\/site\/juro-do-cheque-vai-a-249-e-do-cartao-rotativo-bate-em-396\/","name":"Juro do cheque especial dispara e vai a 249%, e o do cart\u00e3o de cr\u00e9dito rotativo bate em 396% - Notibras","isPartOf":{"@id":"https:\/\/www.notibras.com\/site\/#website"},"primaryImageOfPage":{"@id":"https:\/\/www.notibras.com\/site\/juro-do-cheque-vai-a-249-e-do-cartao-rotativo-bate-em-396\/#primaryimage"},"image":{"@id":"https:\/\/www.notibras.com\/site\/juro-do-cheque-vai-a-249-e-do-cartao-rotativo-bate-em-396\/#primaryimage"},"thumbnailUrl":"https:\/\/www.notibras.com\/site\/wp-content\/uploads\/2015\/08\/ori_e14a144fbec3d7e86089092113222d79.jpg","datePublished":"2015-08-26T14:20:46+00:00","dateModified":"2015-08-26T20:37:20+00:00","breadcrumb":{"@id":"https:\/\/www.notibras.com\/site\/juro-do-cheque-vai-a-249-e-do-cartao-rotativo-bate-em-396\/#breadcrumb"},"inLanguage":"pt-BR","potentialAction":[{"@type":"ReadAction","target":["https:\/\/www.notibras.com\/site\/juro-do-cheque-vai-a-249-e-do-cartao-rotativo-bate-em-396\/"]}]},{"@type":"ImageObject","inLanguage":"pt-BR","@id":"https:\/\/www.notibras.com\/site\/juro-do-cheque-vai-a-249-e-do-cartao-rotativo-bate-em-396\/#primaryimage","url":"https:\/\/www.notibras.com\/site\/wp-content\/uploads\/2015\/08\/ori_e14a144fbec3d7e86089092113222d79.jpg","contentUrl":"https:\/\/www.notibras.com\/site\/wp-content\/uploads\/2015\/08\/ori_e14a144fbec3d7e86089092113222d79.jpg","width":2290,"height":1527},{"@type":"BreadcrumbList","@id":"https:\/\/www.notibras.com\/site\/juro-do-cheque-vai-a-249-e-do-cartao-rotativo-bate-em-396\/#breadcrumb","itemListElement":[{"@type":"ListItem","position":1,"name":"In\u00edcio","item":"https:\/\/www.notibras.com\/site\/"},{"@type":"ListItem","position":2,"name":"Juro do cheque especial dispara e vai a 249%, e o do cart\u00e3o de cr\u00e9dito rotativo bate em 396%"}]},{"@type":"WebSite","@id":"https:\/\/www.notibras.com\/site\/#website","url":"https:\/\/www.notibras.com\/site\/","name":"Notibras","description":"Not\u00edcias de Bras\u00edlia, do Brasil e do Mundo","publisher":{"@id":"https:\/\/www.notibras.com\/site\/#organization"},"potentialAction":[{"@type":"SearchAction","target":{"@type":"EntryPoint","urlTemplate":"https:\/\/www.notibras.com\/site\/?s={search_term_string}"},"query-input":{"@type":"PropertyValueSpecification","valueRequired":true,"valueName":"search_term_string"}}],"inLanguage":"pt-BR"},{"@type":"Organization","@id":"https:\/\/www.notibras.com\/site\/#organization","name":"Grupo Notibras de Comunica\u00e7\u00e3o","url":"https:\/\/www.notibras.com\/site\/","logo":{"@type":"ImageObject","inLanguage":"pt-BR","@id":"https:\/\/www.notibras.com\/site\/#\/schema\/logo\/image\/","url":"https:\/\/www.notibras.com\/site\/wp-content\/uploads\/2023\/01\/notibras23.png","contentUrl":"https:\/\/www.notibras.com\/site\/wp-content\/uploads\/2023\/01\/notibras23.png","width":350,"height":87,"caption":"Grupo Notibras de Comunica\u00e7\u00e3o"},"image":{"@id":"https:\/\/www.notibras.com\/site\/#\/schema\/logo\/image\/"},"sameAs":["https:\/\/www.facebook.com\/notibras\/","https:\/\/x.com\/Notibras","https:\/\/www.instagram.com\/notibras\/"]},{"@type":"Person","@id":"https:\/\/www.notibras.com\/site\/#\/schema\/person\/36ab0979449956132d3e5b517ea76ac8","name":"Reda\u00e7\u00e3o","image":{"@type":"ImageObject","inLanguage":"pt-BR","@id":"https:\/\/secure.gravatar.com\/avatar\/e0a867bdedb85fd243eadf09663511f96fc81e0720a4a42581f334ad4303aa6b?s=96&d=mm&r=g","url":"https:\/\/secure.gravatar.com\/avatar\/e0a867bdedb85fd243eadf09663511f96fc81e0720a4a42581f334ad4303aa6b?s=96&d=mm&r=g","contentUrl":"https:\/\/secure.gravatar.com\/avatar\/e0a867bdedb85fd243eadf09663511f96fc81e0720a4a42581f334ad4303aa6b?s=96&d=mm&r=g","caption":"Reda\u00e7\u00e3o"}}]}},"amp_enabled":true,"_links":{"self":[{"href":"https:\/\/www.notibras.com\/site\/wp-json\/wp\/v2\/posts\/64455","targetHints":{"allow":["GET"]}}],"collection":[{"href":"https:\/\/www.notibras.com\/site\/wp-json\/wp\/v2\/posts"}],"about":[{"href":"https:\/\/www.notibras.com\/site\/wp-json\/wp\/v2\/types\/post"}],"author":[{"embeddable":true,"href":"https:\/\/www.notibras.com\/site\/wp-json\/wp\/v2\/users\/2"}],"replies":[{"embeddable":true,"href":"https:\/\/www.notibras.com\/site\/wp-json\/wp\/v2\/comments?post=64455"}],"version-history":[{"count":3,"href":"https:\/\/www.notibras.com\/site\/wp-json\/wp\/v2\/posts\/64455\/revisions"}],"predecessor-version":[{"id":64531,"href":"https:\/\/www.notibras.com\/site\/wp-json\/wp\/v2\/posts\/64455\/revisions\/64531"}],"wp:featuredmedia":[{"embeddable":true,"href":"https:\/\/www.notibras.com\/site\/wp-json\/wp\/v2\/media\/64456"}],"wp:attachment":[{"href":"https:\/\/www.notibras.com\/site\/wp-json\/wp\/v2\/media?parent=64455"}],"wp:term":[{"taxonomy":"category","embeddable":true,"href":"https:\/\/www.notibras.com\/site\/wp-json\/wp\/v2\/categories?post=64455"},{"taxonomy":"post_tag","embeddable":true,"href":"https:\/\/www.notibras.com\/site\/wp-json\/wp\/v2\/tags?post=64455"}],"curies":[{"name":"wp","href":"https:\/\/api.w.org\/{rel}","templated":true}]}}