{"id":64515,"date":"2015-08-26T17:15:37","date_gmt":"2015-08-26T20:15:37","guid":{"rendered":"http:\/\/www.notibras.com\/site\/?p=64515"},"modified":"2015-08-26T17:34:23","modified_gmt":"2015-08-26T20:34:23","slug":"comeca-a-correr-prazo-para-cunha-se-defender-de-receber-vantagens-no-petrolao","status":"publish","type":"post","link":"https:\/\/www.notibras.com\/site\/comeca-a-correr-prazo-para-cunha-se-defender-de-receber-vantagens-no-petrolao\/","title":{"rendered":"Come\u00e7a a correr prazo para Cunha se defender de receber vantagens com o Petrol\u00e3o"},"content":{"rendered":"<p>O presidente da C\u00e2mara dos Deputados, Eduardo Cunha (PMDB-RJ), foi notificado nesta quarta (26) pelo Supremo Tribunal Federal (STF) sobre a den\u00fancia apresentada contra ele pela Procuradoria-Geral da Rep\u00fablica. Com a notifica\u00e7\u00e3o, os advogados de Cunha ter\u00e3o 15 dias para apresentar defesa ao STF.<\/p>\n<p>Na semana passada, Cunha foi denunciado pelo crime de corrup\u00e7\u00e3o. Segundo o procurador-geral da Rep\u00fablica, Rodrigo Janot, Eduardo Cunha recebeu US$ 5 milh\u00f5es para viabilizar a contrata\u00e7\u00e3o de dois navios-sonda pela Petrobras, junto ao estaleiro Samsung Heavy Industries em 2006 e 2007. O neg\u00f3cio foi formalizado sem licita\u00e7\u00e3o e ocorreu com intermedia\u00e7\u00e3o do empres\u00e1rio Fernando Soares, conhecido como Fernando Baiano, que est\u00e1 preso h\u00e1 nove meses em Curitiba, e do ex-diretor da \u00c1rea Internacional da Petrobras Nestor Cerver\u00f3. Todos s\u00e3o investigados pela Opera\u00e7\u00e3o Lava Jato, da Pol\u00edcia Federal.<\/p>\n<p>O caso foi descoberto ap\u00f3s depoimento de J\u00falio Camargo, que fez acordo de dela\u00e7\u00e3o premiada. Camargo tamb\u00e9m participou do neg\u00f3cio e recebeu US$ 40,3 milh\u00f5es da Samsung Heavy para concretizar a contrata\u00e7\u00e3o, segundo a den\u00fancia.<\/p>\n<p>A den\u00fancia foi rebatida com \u201cveem\u00eancia\u201d por Cunha, que chamou de \u201cila\u00e7\u00f5es\u201d os argumentos apresentados por Janot. Na \u00e9poca, o deputado se disse inocente e aliviado, \u201cj\u00e1 que agora o assunto passa para o Poder Judici\u00e1rio\u201d.<\/p>\n<p>Depois de receber a manifesta\u00e7\u00e3o da defesa de Cunha, o ministro Teori Zavascki vai elaborar seu voto e lev\u00e1-lo a julgamento no plen\u00e1rio do STF. Se a maioria dos ministros entender que existem provas para abertura da a\u00e7\u00e3o penal, Cunha passar\u00e1 \u00e0 condi\u00e7\u00e3o de r\u00e9u.<\/p>\n<p><strong>Andr\u00e9 Richter \u2013 ABr<\/strong><\/p>\n","protected":false},"excerpt":{"rendered":"<p>O presidente da C\u00e2mara dos Deputados, Eduardo Cunha (PMDB-RJ), foi notificado nesta quarta (26) pelo Supremo Tribunal Federal (STF) sobre a den\u00fancia apresentada contra ele pela Procuradoria-Geral da Rep\u00fablica. Com a notifica\u00e7\u00e3o, os advogados de Cunha ter\u00e3o 15 dias para apresentar defesa ao STF. Na semana passada, Cunha foi denunciado pelo crime de corrup\u00e7\u00e3o. Segundo [&hellip;]<\/p>\n","protected":false},"author":2,"featured_media":64516,"comment_status":"open","ping_status":"closed","sticky":false,"template":"","format":"standard","meta":{"_acf_changed":false,"footnotes":""},"categories":[16],"tags":[],"class_list":["post-64515","post","type-post","status-publish","format-standard","has-post-thumbnail","hentry","category-brasil"],"acf":[],"yoast_head":"<!-- This site is optimized with the Yoast SEO plugin v27.2 - https:\/\/yoast.com\/product\/yoast-seo-wordpress\/ -->\n<title>Come\u00e7a a correr prazo para Cunha se defender de receber vantagens com o Petrol\u00e3o - Notibras<\/title>\n<meta name=\"robots\" content=\"index, follow, max-snippet:-1, max-image-preview:large, max-video-preview:-1\" \/>\n<link rel=\"canonical\" href=\"https:\/\/www.notibras.com\/site\/comeca-a-correr-prazo-para-cunha-se-defender-de-receber-vantagens-no-petrolao\/\" \/>\n<meta property=\"og:locale\" content=\"pt_BR\" \/>\n<meta property=\"og:type\" content=\"article\" \/>\n<meta property=\"og:title\" content=\"Come\u00e7a a correr prazo para Cunha se defender de receber vantagens com o Petrol\u00e3o - Notibras\" \/>\n<meta property=\"og:description\" content=\"O presidente da C\u00e2mara dos Deputados, Eduardo Cunha (PMDB-RJ), foi notificado nesta quarta (26) pelo Supremo Tribunal Federal (STF) sobre a den\u00fancia apresentada contra ele pela Procuradoria-Geral da Rep\u00fablica. Com a notifica\u00e7\u00e3o, os advogados de Cunha ter\u00e3o 15 dias para apresentar defesa ao STF. Na semana passada, Cunha foi denunciado pelo crime de corrup\u00e7\u00e3o. Segundo [&hellip;]\" \/>\n<meta property=\"og:url\" content=\"https:\/\/www.notibras.com\/site\/comeca-a-correr-prazo-para-cunha-se-defender-de-receber-vantagens-no-petrolao\/\" \/>\n<meta property=\"og:site_name\" content=\"Notibras\" \/>\n<meta property=\"article:publisher\" content=\"https:\/\/www.facebook.com\/notibras\/\" \/>\n<meta property=\"article:published_time\" content=\"2015-08-26T20:15:37+00:00\" \/>\n<meta property=\"article:modified_time\" content=\"2015-08-26T20:34:23+00:00\" \/>\n<meta property=\"og:image\" content=\"https:\/\/www.notibras.com\/site\/wp-content\/uploads\/2015\/08\/Eduardo-Cunha1.jpeg\" \/>\n\t<meta property=\"og:image:width\" content=\"690\" \/>\n\t<meta property=\"og:image:height\" content=\"518\" \/>\n\t<meta property=\"og:image:type\" content=\"image\/jpeg\" \/>\n<meta name=\"author\" content=\"Reda\u00e7\u00e3o\" \/>\n<meta name=\"twitter:card\" content=\"summary_large_image\" \/>\n<meta name=\"twitter:creator\" content=\"@Notibras\" \/>\n<meta name=\"twitter:site\" content=\"@Notibras\" \/>\n<meta name=\"twitter:label1\" content=\"Escrito por\" \/>\n\t<meta name=\"twitter:data1\" content=\"Reda\u00e7\u00e3o\" \/>\n\t<meta name=\"twitter:label2\" content=\"Est. tempo de leitura\" \/>\n\t<meta name=\"twitter:data2\" content=\"1 minuto\" \/>\n<script type=\"application\/ld+json\" class=\"yoast-schema-graph\">{\"@context\":\"https:\/\/schema.org\",\"@graph\":[{\"@type\":\"Article\",\"@id\":\"https:\/\/www.notibras.com\/site\/comeca-a-correr-prazo-para-cunha-se-defender-de-receber-vantagens-no-petrolao\/#article\",\"isPartOf\":{\"@id\":\"https:\/\/www.notibras.com\/site\/comeca-a-correr-prazo-para-cunha-se-defender-de-receber-vantagens-no-petrolao\/\"},\"author\":{\"name\":\"Reda\u00e7\u00e3o\",\"@id\":\"https:\/\/www.notibras.com\/site\/#\/schema\/person\/36ab0979449956132d3e5b517ea76ac8\"},\"headline\":\"Come\u00e7a a correr prazo para Cunha se defender de receber vantagens com o Petrol\u00e3o\",\"datePublished\":\"2015-08-26T20:15:37+00:00\",\"dateModified\":\"2015-08-26T20:34:23+00:00\",\"mainEntityOfPage\":{\"@id\":\"https:\/\/www.notibras.com\/site\/comeca-a-correr-prazo-para-cunha-se-defender-de-receber-vantagens-no-petrolao\/\"},\"wordCount\":294,\"commentCount\":0,\"publisher\":{\"@id\":\"https:\/\/www.notibras.com\/site\/#organization\"},\"image\":{\"@id\":\"https:\/\/www.notibras.com\/site\/comeca-a-correr-prazo-para-cunha-se-defender-de-receber-vantagens-no-petrolao\/#primaryimage\"},\"thumbnailUrl\":\"https:\/\/www.notibras.com\/site\/wp-content\/uploads\/2015\/08\/Eduardo-Cunha1.jpeg\",\"articleSection\":[\"Brasil\"],\"inLanguage\":\"pt-BR\",\"potentialAction\":[{\"@type\":\"CommentAction\",\"name\":\"Comment\",\"target\":[\"https:\/\/www.notibras.com\/site\/comeca-a-correr-prazo-para-cunha-se-defender-de-receber-vantagens-no-petrolao\/#respond\"]}]},{\"@type\":\"WebPage\",\"@id\":\"https:\/\/www.notibras.com\/site\/comeca-a-correr-prazo-para-cunha-se-defender-de-receber-vantagens-no-petrolao\/\",\"url\":\"https:\/\/www.notibras.com\/site\/comeca-a-correr-prazo-para-cunha-se-defender-de-receber-vantagens-no-petrolao\/\",\"name\":\"Come\u00e7a a correr prazo para Cunha se defender de receber vantagens com o Petrol\u00e3o - Notibras\",\"isPartOf\":{\"@id\":\"https:\/\/www.notibras.com\/site\/#website\"},\"primaryImageOfPage\":{\"@id\":\"https:\/\/www.notibras.com\/site\/comeca-a-correr-prazo-para-cunha-se-defender-de-receber-vantagens-no-petrolao\/#primaryimage\"},\"image\":{\"@id\":\"https:\/\/www.notibras.com\/site\/comeca-a-correr-prazo-para-cunha-se-defender-de-receber-vantagens-no-petrolao\/#primaryimage\"},\"thumbnailUrl\":\"https:\/\/www.notibras.com\/site\/wp-content\/uploads\/2015\/08\/Eduardo-Cunha1.jpeg\",\"datePublished\":\"2015-08-26T20:15:37+00:00\",\"dateModified\":\"2015-08-26T20:34:23+00:00\",\"breadcrumb\":{\"@id\":\"https:\/\/www.notibras.com\/site\/comeca-a-correr-prazo-para-cunha-se-defender-de-receber-vantagens-no-petrolao\/#breadcrumb\"},\"inLanguage\":\"pt-BR\",\"potentialAction\":[{\"@type\":\"ReadAction\",\"target\":[\"https:\/\/www.notibras.com\/site\/comeca-a-correr-prazo-para-cunha-se-defender-de-receber-vantagens-no-petrolao\/\"]}]},{\"@type\":\"ImageObject\",\"inLanguage\":\"pt-BR\",\"@id\":\"https:\/\/www.notibras.com\/site\/comeca-a-correr-prazo-para-cunha-se-defender-de-receber-vantagens-no-petrolao\/#primaryimage\",\"url\":\"https:\/\/www.notibras.com\/site\/wp-content\/uploads\/2015\/08\/Eduardo-Cunha1.jpeg\",\"contentUrl\":\"https:\/\/www.notibras.com\/site\/wp-content\/uploads\/2015\/08\/Eduardo-Cunha1.jpeg\",\"width\":690,\"height\":518},{\"@type\":\"BreadcrumbList\",\"@id\":\"https:\/\/www.notibras.com\/site\/comeca-a-correr-prazo-para-cunha-se-defender-de-receber-vantagens-no-petrolao\/#breadcrumb\",\"itemListElement\":[{\"@type\":\"ListItem\",\"position\":1,\"name\":\"In\u00edcio\",\"item\":\"https:\/\/www.notibras.com\/site\/\"},{\"@type\":\"ListItem\",\"position\":2,\"name\":\"Come\u00e7a a correr prazo para Cunha se defender de receber vantagens com o Petrol\u00e3o\"}]},{\"@type\":\"WebSite\",\"@id\":\"https:\/\/www.notibras.com\/site\/#website\",\"url\":\"https:\/\/www.notibras.com\/site\/\",\"name\":\"Notibras\",\"description\":\"Not\u00edcias de Bras\u00edlia, do Brasil e do Mundo\",\"publisher\":{\"@id\":\"https:\/\/www.notibras.com\/site\/#organization\"},\"potentialAction\":[{\"@type\":\"SearchAction\",\"target\":{\"@type\":\"EntryPoint\",\"urlTemplate\":\"https:\/\/www.notibras.com\/site\/?s={search_term_string}\"},\"query-input\":{\"@type\":\"PropertyValueSpecification\",\"valueRequired\":true,\"valueName\":\"search_term_string\"}}],\"inLanguage\":\"pt-BR\"},{\"@type\":\"Organization\",\"@id\":\"https:\/\/www.notibras.com\/site\/#organization\",\"name\":\"Grupo Notibras de Comunica\u00e7\u00e3o\",\"url\":\"https:\/\/www.notibras.com\/site\/\",\"logo\":{\"@type\":\"ImageObject\",\"inLanguage\":\"pt-BR\",\"@id\":\"https:\/\/www.notibras.com\/site\/#\/schema\/logo\/image\/\",\"url\":\"https:\/\/www.notibras.com\/site\/wp-content\/uploads\/2023\/01\/notibras23.png\",\"contentUrl\":\"https:\/\/www.notibras.com\/site\/wp-content\/uploads\/2023\/01\/notibras23.png\",\"width\":350,\"height\":87,\"caption\":\"Grupo Notibras de Comunica\u00e7\u00e3o\"},\"image\":{\"@id\":\"https:\/\/www.notibras.com\/site\/#\/schema\/logo\/image\/\"},\"sameAs\":[\"https:\/\/www.facebook.com\/notibras\/\",\"https:\/\/x.com\/Notibras\",\"https:\/\/www.instagram.com\/notibras\/\"]},{\"@type\":\"Person\",\"@id\":\"https:\/\/www.notibras.com\/site\/#\/schema\/person\/36ab0979449956132d3e5b517ea76ac8\",\"name\":\"Reda\u00e7\u00e3o\",\"image\":{\"@type\":\"ImageObject\",\"inLanguage\":\"pt-BR\",\"@id\":\"https:\/\/secure.gravatar.com\/avatar\/e0a867bdedb85fd243eadf09663511f96fc81e0720a4a42581f334ad4303aa6b?s=96&d=mm&r=g\",\"url\":\"https:\/\/secure.gravatar.com\/avatar\/e0a867bdedb85fd243eadf09663511f96fc81e0720a4a42581f334ad4303aa6b?s=96&d=mm&r=g\",\"contentUrl\":\"https:\/\/secure.gravatar.com\/avatar\/e0a867bdedb85fd243eadf09663511f96fc81e0720a4a42581f334ad4303aa6b?s=96&d=mm&r=g\",\"caption\":\"Reda\u00e7\u00e3o\"}}]}<\/script>\n<!-- \/ Yoast SEO plugin. -->","yoast_head_json":{"title":"Come\u00e7a a correr prazo para Cunha se defender de receber vantagens com o Petrol\u00e3o - Notibras","robots":{"index":"index","follow":"follow","max-snippet":"max-snippet:-1","max-image-preview":"max-image-preview:large","max-video-preview":"max-video-preview:-1"},"canonical":"https:\/\/www.notibras.com\/site\/comeca-a-correr-prazo-para-cunha-se-defender-de-receber-vantagens-no-petrolao\/","og_locale":"pt_BR","og_type":"article","og_title":"Come\u00e7a a correr prazo para Cunha se defender de receber vantagens com o Petrol\u00e3o - Notibras","og_description":"O presidente da C\u00e2mara dos Deputados, Eduardo Cunha (PMDB-RJ), foi notificado nesta quarta (26) pelo Supremo Tribunal Federal (STF) sobre a den\u00fancia apresentada contra ele pela Procuradoria-Geral da Rep\u00fablica. Com a notifica\u00e7\u00e3o, os advogados de Cunha ter\u00e3o 15 dias para apresentar defesa ao STF. Na semana passada, Cunha foi denunciado pelo crime de corrup\u00e7\u00e3o. Segundo [&hellip;]","og_url":"https:\/\/www.notibras.com\/site\/comeca-a-correr-prazo-para-cunha-se-defender-de-receber-vantagens-no-petrolao\/","og_site_name":"Notibras","article_publisher":"https:\/\/www.facebook.com\/notibras\/","article_published_time":"2015-08-26T20:15:37+00:00","article_modified_time":"2015-08-26T20:34:23+00:00","og_image":[{"width":690,"height":518,"url":"https:\/\/www.notibras.com\/site\/wp-content\/uploads\/2015\/08\/Eduardo-Cunha1.jpeg","type":"image\/jpeg"}],"author":"Reda\u00e7\u00e3o","twitter_card":"summary_large_image","twitter_creator":"@Notibras","twitter_site":"@Notibras","twitter_misc":{"Escrito por":"Reda\u00e7\u00e3o","Est. tempo de leitura":"1 minuto"},"schema":{"@context":"https:\/\/schema.org","@graph":[{"@type":"Article","@id":"https:\/\/www.notibras.com\/site\/comeca-a-correr-prazo-para-cunha-se-defender-de-receber-vantagens-no-petrolao\/#article","isPartOf":{"@id":"https:\/\/www.notibras.com\/site\/comeca-a-correr-prazo-para-cunha-se-defender-de-receber-vantagens-no-petrolao\/"},"author":{"name":"Reda\u00e7\u00e3o","@id":"https:\/\/www.notibras.com\/site\/#\/schema\/person\/36ab0979449956132d3e5b517ea76ac8"},"headline":"Come\u00e7a a correr prazo para Cunha se defender de receber vantagens com o Petrol\u00e3o","datePublished":"2015-08-26T20:15:37+00:00","dateModified":"2015-08-26T20:34:23+00:00","mainEntityOfPage":{"@id":"https:\/\/www.notibras.com\/site\/comeca-a-correr-prazo-para-cunha-se-defender-de-receber-vantagens-no-petrolao\/"},"wordCount":294,"commentCount":0,"publisher":{"@id":"https:\/\/www.notibras.com\/site\/#organization"},"image":{"@id":"https:\/\/www.notibras.com\/site\/comeca-a-correr-prazo-para-cunha-se-defender-de-receber-vantagens-no-petrolao\/#primaryimage"},"thumbnailUrl":"https:\/\/www.notibras.com\/site\/wp-content\/uploads\/2015\/08\/Eduardo-Cunha1.jpeg","articleSection":["Brasil"],"inLanguage":"pt-BR","potentialAction":[{"@type":"CommentAction","name":"Comment","target":["https:\/\/www.notibras.com\/site\/comeca-a-correr-prazo-para-cunha-se-defender-de-receber-vantagens-no-petrolao\/#respond"]}]},{"@type":"WebPage","@id":"https:\/\/www.notibras.com\/site\/comeca-a-correr-prazo-para-cunha-se-defender-de-receber-vantagens-no-petrolao\/","url":"https:\/\/www.notibras.com\/site\/comeca-a-correr-prazo-para-cunha-se-defender-de-receber-vantagens-no-petrolao\/","name":"Come\u00e7a a correr prazo para Cunha se defender de receber vantagens com o Petrol\u00e3o - Notibras","isPartOf":{"@id":"https:\/\/www.notibras.com\/site\/#website"},"primaryImageOfPage":{"@id":"https:\/\/www.notibras.com\/site\/comeca-a-correr-prazo-para-cunha-se-defender-de-receber-vantagens-no-petrolao\/#primaryimage"},"image":{"@id":"https:\/\/www.notibras.com\/site\/comeca-a-correr-prazo-para-cunha-se-defender-de-receber-vantagens-no-petrolao\/#primaryimage"},"thumbnailUrl":"https:\/\/www.notibras.com\/site\/wp-content\/uploads\/2015\/08\/Eduardo-Cunha1.jpeg","datePublished":"2015-08-26T20:15:37+00:00","dateModified":"2015-08-26T20:34:23+00:00","breadcrumb":{"@id":"https:\/\/www.notibras.com\/site\/comeca-a-correr-prazo-para-cunha-se-defender-de-receber-vantagens-no-petrolao\/#breadcrumb"},"inLanguage":"pt-BR","potentialAction":[{"@type":"ReadAction","target":["https:\/\/www.notibras.com\/site\/comeca-a-correr-prazo-para-cunha-se-defender-de-receber-vantagens-no-petrolao\/"]}]},{"@type":"ImageObject","inLanguage":"pt-BR","@id":"https:\/\/www.notibras.com\/site\/comeca-a-correr-prazo-para-cunha-se-defender-de-receber-vantagens-no-petrolao\/#primaryimage","url":"https:\/\/www.notibras.com\/site\/wp-content\/uploads\/2015\/08\/Eduardo-Cunha1.jpeg","contentUrl":"https:\/\/www.notibras.com\/site\/wp-content\/uploads\/2015\/08\/Eduardo-Cunha1.jpeg","width":690,"height":518},{"@type":"BreadcrumbList","@id":"https:\/\/www.notibras.com\/site\/comeca-a-correr-prazo-para-cunha-se-defender-de-receber-vantagens-no-petrolao\/#breadcrumb","itemListElement":[{"@type":"ListItem","position":1,"name":"In\u00edcio","item":"https:\/\/www.notibras.com\/site\/"},{"@type":"ListItem","position":2,"name":"Come\u00e7a a correr prazo para Cunha se defender de receber vantagens com o Petrol\u00e3o"}]},{"@type":"WebSite","@id":"https:\/\/www.notibras.com\/site\/#website","url":"https:\/\/www.notibras.com\/site\/","name":"Notibras","description":"Not\u00edcias de Bras\u00edlia, do Brasil e do Mundo","publisher":{"@id":"https:\/\/www.notibras.com\/site\/#organization"},"potentialAction":[{"@type":"SearchAction","target":{"@type":"EntryPoint","urlTemplate":"https:\/\/www.notibras.com\/site\/?s={search_term_string}"},"query-input":{"@type":"PropertyValueSpecification","valueRequired":true,"valueName":"search_term_string"}}],"inLanguage":"pt-BR"},{"@type":"Organization","@id":"https:\/\/www.notibras.com\/site\/#organization","name":"Grupo Notibras de Comunica\u00e7\u00e3o","url":"https:\/\/www.notibras.com\/site\/","logo":{"@type":"ImageObject","inLanguage":"pt-BR","@id":"https:\/\/www.notibras.com\/site\/#\/schema\/logo\/image\/","url":"https:\/\/www.notibras.com\/site\/wp-content\/uploads\/2023\/01\/notibras23.png","contentUrl":"https:\/\/www.notibras.com\/site\/wp-content\/uploads\/2023\/01\/notibras23.png","width":350,"height":87,"caption":"Grupo Notibras de Comunica\u00e7\u00e3o"},"image":{"@id":"https:\/\/www.notibras.com\/site\/#\/schema\/logo\/image\/"},"sameAs":["https:\/\/www.facebook.com\/notibras\/","https:\/\/x.com\/Notibras","https:\/\/www.instagram.com\/notibras\/"]},{"@type":"Person","@id":"https:\/\/www.notibras.com\/site\/#\/schema\/person\/36ab0979449956132d3e5b517ea76ac8","name":"Reda\u00e7\u00e3o","image":{"@type":"ImageObject","inLanguage":"pt-BR","@id":"https:\/\/secure.gravatar.com\/avatar\/e0a867bdedb85fd243eadf09663511f96fc81e0720a4a42581f334ad4303aa6b?s=96&d=mm&r=g","url":"https:\/\/secure.gravatar.com\/avatar\/e0a867bdedb85fd243eadf09663511f96fc81e0720a4a42581f334ad4303aa6b?s=96&d=mm&r=g","contentUrl":"https:\/\/secure.gravatar.com\/avatar\/e0a867bdedb85fd243eadf09663511f96fc81e0720a4a42581f334ad4303aa6b?s=96&d=mm&r=g","caption":"Reda\u00e7\u00e3o"}}]}},"amp_enabled":true,"_links":{"self":[{"href":"https:\/\/www.notibras.com\/site\/wp-json\/wp\/v2\/posts\/64515","targetHints":{"allow":["GET"]}}],"collection":[{"href":"https:\/\/www.notibras.com\/site\/wp-json\/wp\/v2\/posts"}],"about":[{"href":"https:\/\/www.notibras.com\/site\/wp-json\/wp\/v2\/types\/post"}],"author":[{"embeddable":true,"href":"https:\/\/www.notibras.com\/site\/wp-json\/wp\/v2\/users\/2"}],"replies":[{"embeddable":true,"href":"https:\/\/www.notibras.com\/site\/wp-json\/wp\/v2\/comments?post=64515"}],"version-history":[{"count":2,"href":"https:\/\/www.notibras.com\/site\/wp-json\/wp\/v2\/posts\/64515\/revisions"}],"predecessor-version":[{"id":64518,"href":"https:\/\/www.notibras.com\/site\/wp-json\/wp\/v2\/posts\/64515\/revisions\/64518"}],"wp:featuredmedia":[{"embeddable":true,"href":"https:\/\/www.notibras.com\/site\/wp-json\/wp\/v2\/media\/64516"}],"wp:attachment":[{"href":"https:\/\/www.notibras.com\/site\/wp-json\/wp\/v2\/media?parent=64515"}],"wp:term":[{"taxonomy":"category","embeddable":true,"href":"https:\/\/www.notibras.com\/site\/wp-json\/wp\/v2\/categories?post=64515"},{"taxonomy":"post_tag","embeddable":true,"href":"https:\/\/www.notibras.com\/site\/wp-json\/wp\/v2\/tags?post=64515"}],"curies":[{"name":"wp","href":"https:\/\/api.w.org\/{rel}","templated":true}]}}