{"id":64532,"date":"2015-08-26T14:42:07","date_gmt":"2015-08-26T17:42:07","guid":{"rendered":"http:\/\/www.notibras.com\/site\/?p=64532"},"modified":"2015-08-27T09:26:51","modified_gmt":"2015-08-27T12:26:51","slug":"bovespa-segue-otimismo-do-mercado-externo-se-recupera-e-fecha-em-alta-de-335","status":"publish","type":"post","link":"https:\/\/www.notibras.com\/site\/bovespa-segue-otimismo-do-mercado-externo-se-recupera-e-fecha-em-alta-de-335\/","title":{"rendered":"Bovespa segue otimismo do mercado externo, se recupera e fecha em alta de 3,35%"},"content":{"rendered":"<p>A Bolsa de Valores de S\u00e3o Paulo fechou em forte alta nesta quarta-feira (26), seguindo o otimismo dos \u00edndices dos Estados Unidos, apesar de uma nova queda nas bolsas da China e do pessimismo no mercado de a\u00e7\u00f5es da Europa. O bom humor do mercado norte-americano, no entanto, ajudou a impulsionar a bolsa brasileira, aliado ao forte avan\u00e7o das a\u00e7\u00f5es de bancos.<\/p>\n<p>O Ibovespa, principal indicador da bolsa paulista, subiu 3,35%, a 46.038 pontos, ap\u00f3s tombo de 3,03% na v\u00e9spera. Veja cota\u00e7\u00e3o.\u00a0Esta foi a maior alta di\u00e1ria desde dezembro de 2014, quando, no dia 17, a bolsa fechou em alta de 3,63%.<\/p>\n<p>Ita\u00fa e Bradesco, que t\u00eam grande peso na bolsa (juntos comp\u00f5em quase 20% do \u00edndice Bovespa), tinham alta de perto de 5% no final do preg\u00e3o, ap\u00f3s comiss\u00e3o mista no Congresso concluir vota\u00e7\u00e3o estabelecendo a al\u00edquota da contribui\u00e7\u00e3o social sobre o lucro l\u00edquido (CSLL) sobre institui\u00e7\u00f5es financeiras em 20% at\u00e9 1\u00ba de janeiro de 2019, quando volta a vigorar o percentual de 15%.<\/p>\n<p>Perto do mesmo hor\u00e1rio, as a\u00e7\u00f5es da Petrobrassubiam mais de 2% nas preferenciais (com prefer\u00eancia na distribui\u00e7\u00e3o de dividendos) e quase 3% nas ordin\u00e1rias (com direito a voto).<\/p>\n<p>Na semana, a Bovespa acumula alta de 0,7%. No m\u00eas e no ano, h\u00e1 desvaloriza\u00e7\u00e3o de 9,49% e 7,94%, respectivamente.<\/p>\n","protected":false},"excerpt":{"rendered":"<p>A Bolsa de Valores de S\u00e3o Paulo fechou em forte alta nesta quarta-feira (26), seguindo o otimismo dos \u00edndices dos Estados Unidos, apesar de uma nova queda nas bolsas da China e do pessimismo no mercado de a\u00e7\u00f5es da Europa. O bom humor do mercado norte-americano, no entanto, ajudou a impulsionar a bolsa brasileira, aliado [&hellip;]<\/p>\n","protected":false},"author":2,"featured_media":64533,"comment_status":"open","ping_status":"closed","sticky":false,"template":"","format":"standard","meta":{"_acf_changed":false,"footnotes":""},"categories":[16],"tags":[],"class_list":["post-64532","post","type-post","status-publish","format-standard","has-post-thumbnail","hentry","category-brasil"],"acf":[],"yoast_head":"<!-- This site is optimized with the Yoast SEO plugin v27.2 - https:\/\/yoast.com\/product\/yoast-seo-wordpress\/ -->\n<title>Bovespa segue otimismo do mercado externo, se recupera e fecha em alta de 3,35% - Notibras<\/title>\n<meta name=\"robots\" content=\"index, follow, max-snippet:-1, max-image-preview:large, max-video-preview:-1\" \/>\n<link rel=\"canonical\" href=\"https:\/\/www.notibras.com\/site\/bovespa-segue-otimismo-do-mercado-externo-se-recupera-e-fecha-em-alta-de-335\/\" \/>\n<meta property=\"og:locale\" content=\"pt_BR\" \/>\n<meta property=\"og:type\" content=\"article\" \/>\n<meta property=\"og:title\" content=\"Bovespa segue otimismo do mercado externo, se recupera e fecha em alta de 3,35% - Notibras\" \/>\n<meta property=\"og:description\" content=\"A Bolsa de Valores de S\u00e3o Paulo fechou em forte alta nesta quarta-feira (26), seguindo o otimismo dos \u00edndices dos Estados Unidos, apesar de uma nova queda nas bolsas da China e do pessimismo no mercado de a\u00e7\u00f5es da Europa. O bom humor do mercado norte-americano, no entanto, ajudou a impulsionar a bolsa brasileira, aliado [&hellip;]\" \/>\n<meta property=\"og:url\" content=\"https:\/\/www.notibras.com\/site\/bovespa-segue-otimismo-do-mercado-externo-se-recupera-e-fecha-em-alta-de-335\/\" \/>\n<meta property=\"og:site_name\" content=\"Notibras\" \/>\n<meta property=\"article:publisher\" content=\"https:\/\/www.facebook.com\/notibras\/\" \/>\n<meta property=\"article:published_time\" content=\"2015-08-26T17:42:07+00:00\" \/>\n<meta property=\"article:modified_time\" content=\"2015-08-27T12:26:51+00:00\" \/>\n<meta property=\"og:image\" content=\"https:\/\/www.notibras.com\/site\/wp-content\/uploads\/2015\/08\/boves.jpg\" \/>\n\t<meta property=\"og:image:width\" content=\"600\" \/>\n\t<meta property=\"og:image:height\" content=\"400\" \/>\n\t<meta property=\"og:image:type\" content=\"image\/jpeg\" \/>\n<meta name=\"author\" content=\"Reda\u00e7\u00e3o\" \/>\n<meta name=\"twitter:card\" content=\"summary_large_image\" \/>\n<meta name=\"twitter:creator\" content=\"@Notibras\" \/>\n<meta name=\"twitter:site\" content=\"@Notibras\" \/>\n<meta name=\"twitter:label1\" content=\"Escrito por\" \/>\n\t<meta name=\"twitter:data1\" content=\"Reda\u00e7\u00e3o\" \/>\n\t<meta name=\"twitter:label2\" content=\"Est. tempo de leitura\" \/>\n\t<meta name=\"twitter:data2\" content=\"1 minuto\" \/>\n<script type=\"application\/ld+json\" class=\"yoast-schema-graph\">{\"@context\":\"https:\/\/schema.org\",\"@graph\":[{\"@type\":\"Article\",\"@id\":\"https:\/\/www.notibras.com\/site\/bovespa-segue-otimismo-do-mercado-externo-se-recupera-e-fecha-em-alta-de-335\/#article\",\"isPartOf\":{\"@id\":\"https:\/\/www.notibras.com\/site\/bovespa-segue-otimismo-do-mercado-externo-se-recupera-e-fecha-em-alta-de-335\/\"},\"author\":{\"name\":\"Reda\u00e7\u00e3o\",\"@id\":\"https:\/\/www.notibras.com\/site\/#\/schema\/person\/36ab0979449956132d3e5b517ea76ac8\"},\"headline\":\"Bovespa segue otimismo do mercado externo, se recupera e fecha em alta de 3,35%\",\"datePublished\":\"2015-08-26T17:42:07+00:00\",\"dateModified\":\"2015-08-27T12:26:51+00:00\",\"mainEntityOfPage\":{\"@id\":\"https:\/\/www.notibras.com\/site\/bovespa-segue-otimismo-do-mercado-externo-se-recupera-e-fecha-em-alta-de-335\/\"},\"wordCount\":234,\"commentCount\":0,\"publisher\":{\"@id\":\"https:\/\/www.notibras.com\/site\/#organization\"},\"image\":{\"@id\":\"https:\/\/www.notibras.com\/site\/bovespa-segue-otimismo-do-mercado-externo-se-recupera-e-fecha-em-alta-de-335\/#primaryimage\"},\"thumbnailUrl\":\"https:\/\/www.notibras.com\/site\/wp-content\/uploads\/2015\/08\/boves.jpg\",\"articleSection\":[\"Brasil\"],\"inLanguage\":\"pt-BR\",\"potentialAction\":[{\"@type\":\"CommentAction\",\"name\":\"Comment\",\"target\":[\"https:\/\/www.notibras.com\/site\/bovespa-segue-otimismo-do-mercado-externo-se-recupera-e-fecha-em-alta-de-335\/#respond\"]}]},{\"@type\":\"WebPage\",\"@id\":\"https:\/\/www.notibras.com\/site\/bovespa-segue-otimismo-do-mercado-externo-se-recupera-e-fecha-em-alta-de-335\/\",\"url\":\"https:\/\/www.notibras.com\/site\/bovespa-segue-otimismo-do-mercado-externo-se-recupera-e-fecha-em-alta-de-335\/\",\"name\":\"Bovespa segue otimismo do mercado externo, se recupera e fecha em alta de 3,35% - Notibras\",\"isPartOf\":{\"@id\":\"https:\/\/www.notibras.com\/site\/#website\"},\"primaryImageOfPage\":{\"@id\":\"https:\/\/www.notibras.com\/site\/bovespa-segue-otimismo-do-mercado-externo-se-recupera-e-fecha-em-alta-de-335\/#primaryimage\"},\"image\":{\"@id\":\"https:\/\/www.notibras.com\/site\/bovespa-segue-otimismo-do-mercado-externo-se-recupera-e-fecha-em-alta-de-335\/#primaryimage\"},\"thumbnailUrl\":\"https:\/\/www.notibras.com\/site\/wp-content\/uploads\/2015\/08\/boves.jpg\",\"datePublished\":\"2015-08-26T17:42:07+00:00\",\"dateModified\":\"2015-08-27T12:26:51+00:00\",\"breadcrumb\":{\"@id\":\"https:\/\/www.notibras.com\/site\/bovespa-segue-otimismo-do-mercado-externo-se-recupera-e-fecha-em-alta-de-335\/#breadcrumb\"},\"inLanguage\":\"pt-BR\",\"potentialAction\":[{\"@type\":\"ReadAction\",\"target\":[\"https:\/\/www.notibras.com\/site\/bovespa-segue-otimismo-do-mercado-externo-se-recupera-e-fecha-em-alta-de-335\/\"]}]},{\"@type\":\"ImageObject\",\"inLanguage\":\"pt-BR\",\"@id\":\"https:\/\/www.notibras.com\/site\/bovespa-segue-otimismo-do-mercado-externo-se-recupera-e-fecha-em-alta-de-335\/#primaryimage\",\"url\":\"https:\/\/www.notibras.com\/site\/wp-content\/uploads\/2015\/08\/boves.jpg\",\"contentUrl\":\"https:\/\/www.notibras.com\/site\/wp-content\/uploads\/2015\/08\/boves.jpg\",\"width\":600,\"height\":400},{\"@type\":\"BreadcrumbList\",\"@id\":\"https:\/\/www.notibras.com\/site\/bovespa-segue-otimismo-do-mercado-externo-se-recupera-e-fecha-em-alta-de-335\/#breadcrumb\",\"itemListElement\":[{\"@type\":\"ListItem\",\"position\":1,\"name\":\"In\u00edcio\",\"item\":\"https:\/\/www.notibras.com\/site\/\"},{\"@type\":\"ListItem\",\"position\":2,\"name\":\"Bovespa segue otimismo do mercado externo, se recupera e fecha em alta de 3,35%\"}]},{\"@type\":\"WebSite\",\"@id\":\"https:\/\/www.notibras.com\/site\/#website\",\"url\":\"https:\/\/www.notibras.com\/site\/\",\"name\":\"Notibras\",\"description\":\"Not\u00edcias de Bras\u00edlia, do Brasil e do Mundo\",\"publisher\":{\"@id\":\"https:\/\/www.notibras.com\/site\/#organization\"},\"potentialAction\":[{\"@type\":\"SearchAction\",\"target\":{\"@type\":\"EntryPoint\",\"urlTemplate\":\"https:\/\/www.notibras.com\/site\/?s={search_term_string}\"},\"query-input\":{\"@type\":\"PropertyValueSpecification\",\"valueRequired\":true,\"valueName\":\"search_term_string\"}}],\"inLanguage\":\"pt-BR\"},{\"@type\":\"Organization\",\"@id\":\"https:\/\/www.notibras.com\/site\/#organization\",\"name\":\"Grupo Notibras de Comunica\u00e7\u00e3o\",\"url\":\"https:\/\/www.notibras.com\/site\/\",\"logo\":{\"@type\":\"ImageObject\",\"inLanguage\":\"pt-BR\",\"@id\":\"https:\/\/www.notibras.com\/site\/#\/schema\/logo\/image\/\",\"url\":\"https:\/\/www.notibras.com\/site\/wp-content\/uploads\/2023\/01\/notibras23.png\",\"contentUrl\":\"https:\/\/www.notibras.com\/site\/wp-content\/uploads\/2023\/01\/notibras23.png\",\"width\":350,\"height\":87,\"caption\":\"Grupo Notibras de Comunica\u00e7\u00e3o\"},\"image\":{\"@id\":\"https:\/\/www.notibras.com\/site\/#\/schema\/logo\/image\/\"},\"sameAs\":[\"https:\/\/www.facebook.com\/notibras\/\",\"https:\/\/x.com\/Notibras\",\"https:\/\/www.instagram.com\/notibras\/\"]},{\"@type\":\"Person\",\"@id\":\"https:\/\/www.notibras.com\/site\/#\/schema\/person\/36ab0979449956132d3e5b517ea76ac8\",\"name\":\"Reda\u00e7\u00e3o\",\"image\":{\"@type\":\"ImageObject\",\"inLanguage\":\"pt-BR\",\"@id\":\"https:\/\/secure.gravatar.com\/avatar\/e0a867bdedb85fd243eadf09663511f96fc81e0720a4a42581f334ad4303aa6b?s=96&d=mm&r=g\",\"url\":\"https:\/\/secure.gravatar.com\/avatar\/e0a867bdedb85fd243eadf09663511f96fc81e0720a4a42581f334ad4303aa6b?s=96&d=mm&r=g\",\"contentUrl\":\"https:\/\/secure.gravatar.com\/avatar\/e0a867bdedb85fd243eadf09663511f96fc81e0720a4a42581f334ad4303aa6b?s=96&d=mm&r=g\",\"caption\":\"Reda\u00e7\u00e3o\"}}]}<\/script>\n<!-- \/ Yoast SEO plugin. -->","yoast_head_json":{"title":"Bovespa segue otimismo do mercado externo, se recupera e fecha em alta de 3,35% - Notibras","robots":{"index":"index","follow":"follow","max-snippet":"max-snippet:-1","max-image-preview":"max-image-preview:large","max-video-preview":"max-video-preview:-1"},"canonical":"https:\/\/www.notibras.com\/site\/bovespa-segue-otimismo-do-mercado-externo-se-recupera-e-fecha-em-alta-de-335\/","og_locale":"pt_BR","og_type":"article","og_title":"Bovespa segue otimismo do mercado externo, se recupera e fecha em alta de 3,35% - Notibras","og_description":"A Bolsa de Valores de S\u00e3o Paulo fechou em forte alta nesta quarta-feira (26), seguindo o otimismo dos \u00edndices dos Estados Unidos, apesar de uma nova queda nas bolsas da China e do pessimismo no mercado de a\u00e7\u00f5es da Europa. O bom humor do mercado norte-americano, no entanto, ajudou a impulsionar a bolsa brasileira, aliado [&hellip;]","og_url":"https:\/\/www.notibras.com\/site\/bovespa-segue-otimismo-do-mercado-externo-se-recupera-e-fecha-em-alta-de-335\/","og_site_name":"Notibras","article_publisher":"https:\/\/www.facebook.com\/notibras\/","article_published_time":"2015-08-26T17:42:07+00:00","article_modified_time":"2015-08-27T12:26:51+00:00","og_image":[{"width":600,"height":400,"url":"https:\/\/www.notibras.com\/site\/wp-content\/uploads\/2015\/08\/boves.jpg","type":"image\/jpeg"}],"author":"Reda\u00e7\u00e3o","twitter_card":"summary_large_image","twitter_creator":"@Notibras","twitter_site":"@Notibras","twitter_misc":{"Escrito por":"Reda\u00e7\u00e3o","Est. tempo de leitura":"1 minuto"},"schema":{"@context":"https:\/\/schema.org","@graph":[{"@type":"Article","@id":"https:\/\/www.notibras.com\/site\/bovespa-segue-otimismo-do-mercado-externo-se-recupera-e-fecha-em-alta-de-335\/#article","isPartOf":{"@id":"https:\/\/www.notibras.com\/site\/bovespa-segue-otimismo-do-mercado-externo-se-recupera-e-fecha-em-alta-de-335\/"},"author":{"name":"Reda\u00e7\u00e3o","@id":"https:\/\/www.notibras.com\/site\/#\/schema\/person\/36ab0979449956132d3e5b517ea76ac8"},"headline":"Bovespa segue otimismo do mercado externo, se recupera e fecha em alta de 3,35%","datePublished":"2015-08-26T17:42:07+00:00","dateModified":"2015-08-27T12:26:51+00:00","mainEntityOfPage":{"@id":"https:\/\/www.notibras.com\/site\/bovespa-segue-otimismo-do-mercado-externo-se-recupera-e-fecha-em-alta-de-335\/"},"wordCount":234,"commentCount":0,"publisher":{"@id":"https:\/\/www.notibras.com\/site\/#organization"},"image":{"@id":"https:\/\/www.notibras.com\/site\/bovespa-segue-otimismo-do-mercado-externo-se-recupera-e-fecha-em-alta-de-335\/#primaryimage"},"thumbnailUrl":"https:\/\/www.notibras.com\/site\/wp-content\/uploads\/2015\/08\/boves.jpg","articleSection":["Brasil"],"inLanguage":"pt-BR","potentialAction":[{"@type":"CommentAction","name":"Comment","target":["https:\/\/www.notibras.com\/site\/bovespa-segue-otimismo-do-mercado-externo-se-recupera-e-fecha-em-alta-de-335\/#respond"]}]},{"@type":"WebPage","@id":"https:\/\/www.notibras.com\/site\/bovespa-segue-otimismo-do-mercado-externo-se-recupera-e-fecha-em-alta-de-335\/","url":"https:\/\/www.notibras.com\/site\/bovespa-segue-otimismo-do-mercado-externo-se-recupera-e-fecha-em-alta-de-335\/","name":"Bovespa segue otimismo do mercado externo, se recupera e fecha em alta de 3,35% - Notibras","isPartOf":{"@id":"https:\/\/www.notibras.com\/site\/#website"},"primaryImageOfPage":{"@id":"https:\/\/www.notibras.com\/site\/bovespa-segue-otimismo-do-mercado-externo-se-recupera-e-fecha-em-alta-de-335\/#primaryimage"},"image":{"@id":"https:\/\/www.notibras.com\/site\/bovespa-segue-otimismo-do-mercado-externo-se-recupera-e-fecha-em-alta-de-335\/#primaryimage"},"thumbnailUrl":"https:\/\/www.notibras.com\/site\/wp-content\/uploads\/2015\/08\/boves.jpg","datePublished":"2015-08-26T17:42:07+00:00","dateModified":"2015-08-27T12:26:51+00:00","breadcrumb":{"@id":"https:\/\/www.notibras.com\/site\/bovespa-segue-otimismo-do-mercado-externo-se-recupera-e-fecha-em-alta-de-335\/#breadcrumb"},"inLanguage":"pt-BR","potentialAction":[{"@type":"ReadAction","target":["https:\/\/www.notibras.com\/site\/bovespa-segue-otimismo-do-mercado-externo-se-recupera-e-fecha-em-alta-de-335\/"]}]},{"@type":"ImageObject","inLanguage":"pt-BR","@id":"https:\/\/www.notibras.com\/site\/bovespa-segue-otimismo-do-mercado-externo-se-recupera-e-fecha-em-alta-de-335\/#primaryimage","url":"https:\/\/www.notibras.com\/site\/wp-content\/uploads\/2015\/08\/boves.jpg","contentUrl":"https:\/\/www.notibras.com\/site\/wp-content\/uploads\/2015\/08\/boves.jpg","width":600,"height":400},{"@type":"BreadcrumbList","@id":"https:\/\/www.notibras.com\/site\/bovespa-segue-otimismo-do-mercado-externo-se-recupera-e-fecha-em-alta-de-335\/#breadcrumb","itemListElement":[{"@type":"ListItem","position":1,"name":"In\u00edcio","item":"https:\/\/www.notibras.com\/site\/"},{"@type":"ListItem","position":2,"name":"Bovespa segue otimismo do mercado externo, se recupera e fecha em alta de 3,35%"}]},{"@type":"WebSite","@id":"https:\/\/www.notibras.com\/site\/#website","url":"https:\/\/www.notibras.com\/site\/","name":"Notibras","description":"Not\u00edcias de Bras\u00edlia, do Brasil e do Mundo","publisher":{"@id":"https:\/\/www.notibras.com\/site\/#organization"},"potentialAction":[{"@type":"SearchAction","target":{"@type":"EntryPoint","urlTemplate":"https:\/\/www.notibras.com\/site\/?s={search_term_string}"},"query-input":{"@type":"PropertyValueSpecification","valueRequired":true,"valueName":"search_term_string"}}],"inLanguage":"pt-BR"},{"@type":"Organization","@id":"https:\/\/www.notibras.com\/site\/#organization","name":"Grupo Notibras de Comunica\u00e7\u00e3o","url":"https:\/\/www.notibras.com\/site\/","logo":{"@type":"ImageObject","inLanguage":"pt-BR","@id":"https:\/\/www.notibras.com\/site\/#\/schema\/logo\/image\/","url":"https:\/\/www.notibras.com\/site\/wp-content\/uploads\/2023\/01\/notibras23.png","contentUrl":"https:\/\/www.notibras.com\/site\/wp-content\/uploads\/2023\/01\/notibras23.png","width":350,"height":87,"caption":"Grupo Notibras de Comunica\u00e7\u00e3o"},"image":{"@id":"https:\/\/www.notibras.com\/site\/#\/schema\/logo\/image\/"},"sameAs":["https:\/\/www.facebook.com\/notibras\/","https:\/\/x.com\/Notibras","https:\/\/www.instagram.com\/notibras\/"]},{"@type":"Person","@id":"https:\/\/www.notibras.com\/site\/#\/schema\/person\/36ab0979449956132d3e5b517ea76ac8","name":"Reda\u00e7\u00e3o","image":{"@type":"ImageObject","inLanguage":"pt-BR","@id":"https:\/\/secure.gravatar.com\/avatar\/e0a867bdedb85fd243eadf09663511f96fc81e0720a4a42581f334ad4303aa6b?s=96&d=mm&r=g","url":"https:\/\/secure.gravatar.com\/avatar\/e0a867bdedb85fd243eadf09663511f96fc81e0720a4a42581f334ad4303aa6b?s=96&d=mm&r=g","contentUrl":"https:\/\/secure.gravatar.com\/avatar\/e0a867bdedb85fd243eadf09663511f96fc81e0720a4a42581f334ad4303aa6b?s=96&d=mm&r=g","caption":"Reda\u00e7\u00e3o"}}]}},"amp_enabled":true,"_links":{"self":[{"href":"https:\/\/www.notibras.com\/site\/wp-json\/wp\/v2\/posts\/64532","targetHints":{"allow":["GET"]}}],"collection":[{"href":"https:\/\/www.notibras.com\/site\/wp-json\/wp\/v2\/posts"}],"about":[{"href":"https:\/\/www.notibras.com\/site\/wp-json\/wp\/v2\/types\/post"}],"author":[{"embeddable":true,"href":"https:\/\/www.notibras.com\/site\/wp-json\/wp\/v2\/users\/2"}],"replies":[{"embeddable":true,"href":"https:\/\/www.notibras.com\/site\/wp-json\/wp\/v2\/comments?post=64532"}],"version-history":[{"count":1,"href":"https:\/\/www.notibras.com\/site\/wp-json\/wp\/v2\/posts\/64532\/revisions"}],"predecessor-version":[{"id":64534,"href":"https:\/\/www.notibras.com\/site\/wp-json\/wp\/v2\/posts\/64532\/revisions\/64534"}],"wp:featuredmedia":[{"embeddable":true,"href":"https:\/\/www.notibras.com\/site\/wp-json\/wp\/v2\/media\/64533"}],"wp:attachment":[{"href":"https:\/\/www.notibras.com\/site\/wp-json\/wp\/v2\/media?parent=64532"}],"wp:term":[{"taxonomy":"category","embeddable":true,"href":"https:\/\/www.notibras.com\/site\/wp-json\/wp\/v2\/categories?post=64532"},{"taxonomy":"post_tag","embeddable":true,"href":"https:\/\/www.notibras.com\/site\/wp-json\/wp\/v2\/tags?post=64532"}],"curies":[{"name":"wp","href":"https:\/\/api.w.org\/{rel}","templated":true}]}}