{"id":64549,"date":"2015-08-26T18:19:42","date_gmt":"2015-08-26T21:19:42","guid":{"rendered":"http:\/\/www.notibras.com\/site\/?p=64549"},"modified":"2015-08-27T09:07:31","modified_gmt":"2015-08-27T12:07:31","slug":"explosao-de-caldeira-da-br-distribuidora-deixa-dois-mortos-no-porto-de-tubarao","status":"publish","type":"post","link":"https:\/\/www.notibras.com\/site\/explosao-de-caldeira-da-br-distribuidora-deixa-dois-mortos-no-porto-de-tubarao\/","title":{"rendered":"Explos\u00e3o de caldeira da BR Distribuidora deixa dois mortos no porto capixaba de Tubar\u00e3o"},"content":{"rendered":"<p>A explos\u00e3o em uma caldeira da BR Distribuidora, no Porto de Tubar\u00e3o, em Vit\u00f3ria, matou dois trabalhadores nesta quarta (26). De acordo com o Sindicato dos Petroleiros do Esp\u00edrito Santo (Sindipetro-ES), a explos\u00e3o foi de grande impacto, e os trabalhadores de uma empresa terceirizada, a JB Produtos Industriais, morreram carbonizados. Segundo o Sindipetro, o primeiro combate ao fogo foi feito por petroleiros do terminal da Transpetro, que funciona em anexo \u00e0s instala\u00e7\u00f5es da BR Distribuidora.<\/p>\n<p>Em nota, a empresa informa que instaurou uma comiss\u00e3o de investiga\u00e7\u00e3o que j\u00e1 iniciou os trabalhos para apura\u00e7\u00e3o das causas da explos\u00e3o seguida de inc\u00eandio. O acidente ocorreu por volta das 10h, durante manuten\u00e7\u00e3o programada da tubula\u00e7\u00e3o de \u00f3leo combust\u00edvel do tanque de alimenta\u00e7\u00e3o da caldeira do Terminal de Vit\u00f3ria, localizado no Complexo de Tubar\u00e3o. O inc\u00eandio foi controlado pelas equipes de emerg\u00eancia e pelo Corpo de Bombeiros, segundo o qual, n\u00e3o houve vazamento, nem h\u00e1 risco para a popula\u00e7\u00e3o.<\/p>\n<p>No acidente, morreram dois prestadores de servi\u00e7o da empresa JB Produtos Industriais: Rubens Pereira Santos, de 43 anos; e Ademilton Flor\u00eancio Burini, de 35 anos. Outro prestador de servi\u00e7o e tr\u00eas empregados da Petrobras Distribuidora foram encaminhados a um hospital, para exames complementares, e j\u00e1 foram liberados.<\/p>\n<p>A BR Distribuidora esclareceu que o acidente n\u00e3o ocorreu na caldeira, que estava fora de opera\u00e7\u00e3o, e que est\u00e1 prestando apoio \u00e0s v\u00edtimas e suas fam\u00edlias.<\/p>\n<p>De acordo com a Federa\u00e7\u00e3o \u00danica dos Petroleiros (FUP), este foi o terceiro acidente com mortes somente este ano em unidades do Sistema Petrobras no Esp\u00edrito Santo. Em julho, dois trabalhadores terceirizados da Transpetro morreram quando montavam um andaime no Terminal Aquavi\u00e1rio de Barra do Riacho, na regi\u00e3o da Aracruz. Em fevereiro, uma explos\u00e3o na FPSO Cidade de S\u00e3o Mateus, da empresa BW Offshore, matou nove trabalhadores e deixou 26 feridos.<\/p>\n<p><strong>Douglas Correa \u2013 ABr<\/strong><\/p>\n","protected":false},"excerpt":{"rendered":"<p>A explos\u00e3o em uma caldeira da BR Distribuidora, no Porto de Tubar\u00e3o, em Vit\u00f3ria, matou dois trabalhadores nesta quarta (26). De acordo com o Sindicato dos Petroleiros do Esp\u00edrito Santo (Sindipetro-ES), a explos\u00e3o foi de grande impacto, e os trabalhadores de uma empresa terceirizada, a JB Produtos Industriais, morreram carbonizados. Segundo o Sindipetro, o primeiro [&hellip;]<\/p>\n","protected":false},"author":2,"featured_media":64551,"comment_status":"open","ping_status":"closed","sticky":false,"template":"","format":"standard","meta":{"_acf_changed":false,"footnotes":""},"categories":[16],"tags":[],"class_list":["post-64549","post","type-post","status-publish","format-standard","has-post-thumbnail","hentry","category-brasil"],"acf":[],"yoast_head":"<!-- This site is optimized with the Yoast SEO plugin v27.2 - https:\/\/yoast.com\/product\/yoast-seo-wordpress\/ -->\n<title>Explos\u00e3o de caldeira da BR Distribuidora deixa dois mortos no porto capixaba de Tubar\u00e3o - Notibras<\/title>\n<meta name=\"robots\" content=\"index, follow, max-snippet:-1, max-image-preview:large, max-video-preview:-1\" \/>\n<link rel=\"canonical\" href=\"https:\/\/www.notibras.com\/site\/explosao-de-caldeira-da-br-distribuidora-deixa-dois-mortos-no-porto-de-tubarao\/\" \/>\n<meta property=\"og:locale\" content=\"pt_BR\" \/>\n<meta property=\"og:type\" content=\"article\" \/>\n<meta property=\"og:title\" content=\"Explos\u00e3o de caldeira da BR Distribuidora deixa dois mortos no porto capixaba de Tubar\u00e3o - Notibras\" \/>\n<meta property=\"og:description\" content=\"A explos\u00e3o em uma caldeira da BR Distribuidora, no Porto de Tubar\u00e3o, em Vit\u00f3ria, matou dois trabalhadores nesta quarta (26). De acordo com o Sindicato dos Petroleiros do Esp\u00edrito Santo (Sindipetro-ES), a explos\u00e3o foi de grande impacto, e os trabalhadores de uma empresa terceirizada, a JB Produtos Industriais, morreram carbonizados. Segundo o Sindipetro, o primeiro [&hellip;]\" \/>\n<meta property=\"og:url\" content=\"https:\/\/www.notibras.com\/site\/explosao-de-caldeira-da-br-distribuidora-deixa-dois-mortos-no-porto-de-tubarao\/\" \/>\n<meta property=\"og:site_name\" content=\"Notibras\" \/>\n<meta property=\"article:publisher\" content=\"https:\/\/www.facebook.com\/notibras\/\" \/>\n<meta property=\"article:published_time\" content=\"2015-08-26T21:19:42+00:00\" \/>\n<meta property=\"article:modified_time\" content=\"2015-08-27T12:07:31+00:00\" \/>\n<meta property=\"og:image\" content=\"https:\/\/www.notibras.com\/site\/wp-content\/uploads\/2015\/08\/unnamed-1.jpg\" \/>\n\t<meta property=\"og:image:width\" content=\"699\" \/>\n\t<meta property=\"og:image:height\" content=\"420\" \/>\n\t<meta property=\"og:image:type\" content=\"image\/jpeg\" \/>\n<meta name=\"author\" content=\"Reda\u00e7\u00e3o\" \/>\n<meta name=\"twitter:card\" content=\"summary_large_image\" \/>\n<meta name=\"twitter:creator\" content=\"@Notibras\" \/>\n<meta name=\"twitter:site\" content=\"@Notibras\" \/>\n<meta name=\"twitter:label1\" content=\"Escrito por\" \/>\n\t<meta name=\"twitter:data1\" content=\"Reda\u00e7\u00e3o\" \/>\n\t<meta name=\"twitter:label2\" content=\"Est. tempo de leitura\" \/>\n\t<meta name=\"twitter:data2\" content=\"2 minutos\" \/>\n<script type=\"application\/ld+json\" class=\"yoast-schema-graph\">{\"@context\":\"https:\/\/schema.org\",\"@graph\":[{\"@type\":\"Article\",\"@id\":\"https:\/\/www.notibras.com\/site\/explosao-de-caldeira-da-br-distribuidora-deixa-dois-mortos-no-porto-de-tubarao\/#article\",\"isPartOf\":{\"@id\":\"https:\/\/www.notibras.com\/site\/explosao-de-caldeira-da-br-distribuidora-deixa-dois-mortos-no-porto-de-tubarao\/\"},\"author\":{\"name\":\"Reda\u00e7\u00e3o\",\"@id\":\"https:\/\/www.notibras.com\/site\/#\/schema\/person\/36ab0979449956132d3e5b517ea76ac8\"},\"headline\":\"Explos\u00e3o de caldeira da BR Distribuidora deixa dois mortos no porto capixaba de Tubar\u00e3o\",\"datePublished\":\"2015-08-26T21:19:42+00:00\",\"dateModified\":\"2015-08-27T12:07:31+00:00\",\"mainEntityOfPage\":{\"@id\":\"https:\/\/www.notibras.com\/site\/explosao-de-caldeira-da-br-distribuidora-deixa-dois-mortos-no-porto-de-tubarao\/\"},\"wordCount\":349,\"commentCount\":0,\"publisher\":{\"@id\":\"https:\/\/www.notibras.com\/site\/#organization\"},\"image\":{\"@id\":\"https:\/\/www.notibras.com\/site\/explosao-de-caldeira-da-br-distribuidora-deixa-dois-mortos-no-porto-de-tubarao\/#primaryimage\"},\"thumbnailUrl\":\"https:\/\/www.notibras.com\/site\/wp-content\/uploads\/2015\/08\/unnamed-1.jpg\",\"articleSection\":[\"Brasil\"],\"inLanguage\":\"pt-BR\",\"potentialAction\":[{\"@type\":\"CommentAction\",\"name\":\"Comment\",\"target\":[\"https:\/\/www.notibras.com\/site\/explosao-de-caldeira-da-br-distribuidora-deixa-dois-mortos-no-porto-de-tubarao\/#respond\"]}]},{\"@type\":\"WebPage\",\"@id\":\"https:\/\/www.notibras.com\/site\/explosao-de-caldeira-da-br-distribuidora-deixa-dois-mortos-no-porto-de-tubarao\/\",\"url\":\"https:\/\/www.notibras.com\/site\/explosao-de-caldeira-da-br-distribuidora-deixa-dois-mortos-no-porto-de-tubarao\/\",\"name\":\"Explos\u00e3o de caldeira da BR Distribuidora deixa dois mortos no porto capixaba de Tubar\u00e3o - Notibras\",\"isPartOf\":{\"@id\":\"https:\/\/www.notibras.com\/site\/#website\"},\"primaryImageOfPage\":{\"@id\":\"https:\/\/www.notibras.com\/site\/explosao-de-caldeira-da-br-distribuidora-deixa-dois-mortos-no-porto-de-tubarao\/#primaryimage\"},\"image\":{\"@id\":\"https:\/\/www.notibras.com\/site\/explosao-de-caldeira-da-br-distribuidora-deixa-dois-mortos-no-porto-de-tubarao\/#primaryimage\"},\"thumbnailUrl\":\"https:\/\/www.notibras.com\/site\/wp-content\/uploads\/2015\/08\/unnamed-1.jpg\",\"datePublished\":\"2015-08-26T21:19:42+00:00\",\"dateModified\":\"2015-08-27T12:07:31+00:00\",\"breadcrumb\":{\"@id\":\"https:\/\/www.notibras.com\/site\/explosao-de-caldeira-da-br-distribuidora-deixa-dois-mortos-no-porto-de-tubarao\/#breadcrumb\"},\"inLanguage\":\"pt-BR\",\"potentialAction\":[{\"@type\":\"ReadAction\",\"target\":[\"https:\/\/www.notibras.com\/site\/explosao-de-caldeira-da-br-distribuidora-deixa-dois-mortos-no-porto-de-tubarao\/\"]}]},{\"@type\":\"ImageObject\",\"inLanguage\":\"pt-BR\",\"@id\":\"https:\/\/www.notibras.com\/site\/explosao-de-caldeira-da-br-distribuidora-deixa-dois-mortos-no-porto-de-tubarao\/#primaryimage\",\"url\":\"https:\/\/www.notibras.com\/site\/wp-content\/uploads\/2015\/08\/unnamed-1.jpg\",\"contentUrl\":\"https:\/\/www.notibras.com\/site\/wp-content\/uploads\/2015\/08\/unnamed-1.jpg\",\"width\":699,\"height\":420},{\"@type\":\"BreadcrumbList\",\"@id\":\"https:\/\/www.notibras.com\/site\/explosao-de-caldeira-da-br-distribuidora-deixa-dois-mortos-no-porto-de-tubarao\/#breadcrumb\",\"itemListElement\":[{\"@type\":\"ListItem\",\"position\":1,\"name\":\"In\u00edcio\",\"item\":\"https:\/\/www.notibras.com\/site\/\"},{\"@type\":\"ListItem\",\"position\":2,\"name\":\"Explos\u00e3o de caldeira da BR Distribuidora deixa dois mortos no porto capixaba de Tubar\u00e3o\"}]},{\"@type\":\"WebSite\",\"@id\":\"https:\/\/www.notibras.com\/site\/#website\",\"url\":\"https:\/\/www.notibras.com\/site\/\",\"name\":\"Notibras\",\"description\":\"Not\u00edcias de Bras\u00edlia, do Brasil e do Mundo\",\"publisher\":{\"@id\":\"https:\/\/www.notibras.com\/site\/#organization\"},\"potentialAction\":[{\"@type\":\"SearchAction\",\"target\":{\"@type\":\"EntryPoint\",\"urlTemplate\":\"https:\/\/www.notibras.com\/site\/?s={search_term_string}\"},\"query-input\":{\"@type\":\"PropertyValueSpecification\",\"valueRequired\":true,\"valueName\":\"search_term_string\"}}],\"inLanguage\":\"pt-BR\"},{\"@type\":\"Organization\",\"@id\":\"https:\/\/www.notibras.com\/site\/#organization\",\"name\":\"Grupo Notibras de Comunica\u00e7\u00e3o\",\"url\":\"https:\/\/www.notibras.com\/site\/\",\"logo\":{\"@type\":\"ImageObject\",\"inLanguage\":\"pt-BR\",\"@id\":\"https:\/\/www.notibras.com\/site\/#\/schema\/logo\/image\/\",\"url\":\"https:\/\/www.notibras.com\/site\/wp-content\/uploads\/2023\/01\/notibras23.png\",\"contentUrl\":\"https:\/\/www.notibras.com\/site\/wp-content\/uploads\/2023\/01\/notibras23.png\",\"width\":350,\"height\":87,\"caption\":\"Grupo Notibras de Comunica\u00e7\u00e3o\"},\"image\":{\"@id\":\"https:\/\/www.notibras.com\/site\/#\/schema\/logo\/image\/\"},\"sameAs\":[\"https:\/\/www.facebook.com\/notibras\/\",\"https:\/\/x.com\/Notibras\",\"https:\/\/www.instagram.com\/notibras\/\"]},{\"@type\":\"Person\",\"@id\":\"https:\/\/www.notibras.com\/site\/#\/schema\/person\/36ab0979449956132d3e5b517ea76ac8\",\"name\":\"Reda\u00e7\u00e3o\",\"image\":{\"@type\":\"ImageObject\",\"inLanguage\":\"pt-BR\",\"@id\":\"https:\/\/secure.gravatar.com\/avatar\/e0a867bdedb85fd243eadf09663511f96fc81e0720a4a42581f334ad4303aa6b?s=96&d=mm&r=g\",\"url\":\"https:\/\/secure.gravatar.com\/avatar\/e0a867bdedb85fd243eadf09663511f96fc81e0720a4a42581f334ad4303aa6b?s=96&d=mm&r=g\",\"contentUrl\":\"https:\/\/secure.gravatar.com\/avatar\/e0a867bdedb85fd243eadf09663511f96fc81e0720a4a42581f334ad4303aa6b?s=96&d=mm&r=g\",\"caption\":\"Reda\u00e7\u00e3o\"}}]}<\/script>\n<!-- \/ Yoast SEO plugin. -->","yoast_head_json":{"title":"Explos\u00e3o de caldeira da BR Distribuidora deixa dois mortos no porto capixaba de Tubar\u00e3o - Notibras","robots":{"index":"index","follow":"follow","max-snippet":"max-snippet:-1","max-image-preview":"max-image-preview:large","max-video-preview":"max-video-preview:-1"},"canonical":"https:\/\/www.notibras.com\/site\/explosao-de-caldeira-da-br-distribuidora-deixa-dois-mortos-no-porto-de-tubarao\/","og_locale":"pt_BR","og_type":"article","og_title":"Explos\u00e3o de caldeira da BR Distribuidora deixa dois mortos no porto capixaba de Tubar\u00e3o - Notibras","og_description":"A explos\u00e3o em uma caldeira da BR Distribuidora, no Porto de Tubar\u00e3o, em Vit\u00f3ria, matou dois trabalhadores nesta quarta (26). De acordo com o Sindicato dos Petroleiros do Esp\u00edrito Santo (Sindipetro-ES), a explos\u00e3o foi de grande impacto, e os trabalhadores de uma empresa terceirizada, a JB Produtos Industriais, morreram carbonizados. Segundo o Sindipetro, o primeiro [&hellip;]","og_url":"https:\/\/www.notibras.com\/site\/explosao-de-caldeira-da-br-distribuidora-deixa-dois-mortos-no-porto-de-tubarao\/","og_site_name":"Notibras","article_publisher":"https:\/\/www.facebook.com\/notibras\/","article_published_time":"2015-08-26T21:19:42+00:00","article_modified_time":"2015-08-27T12:07:31+00:00","og_image":[{"width":699,"height":420,"url":"https:\/\/www.notibras.com\/site\/wp-content\/uploads\/2015\/08\/unnamed-1.jpg","type":"image\/jpeg"}],"author":"Reda\u00e7\u00e3o","twitter_card":"summary_large_image","twitter_creator":"@Notibras","twitter_site":"@Notibras","twitter_misc":{"Escrito por":"Reda\u00e7\u00e3o","Est. tempo de leitura":"2 minutos"},"schema":{"@context":"https:\/\/schema.org","@graph":[{"@type":"Article","@id":"https:\/\/www.notibras.com\/site\/explosao-de-caldeira-da-br-distribuidora-deixa-dois-mortos-no-porto-de-tubarao\/#article","isPartOf":{"@id":"https:\/\/www.notibras.com\/site\/explosao-de-caldeira-da-br-distribuidora-deixa-dois-mortos-no-porto-de-tubarao\/"},"author":{"name":"Reda\u00e7\u00e3o","@id":"https:\/\/www.notibras.com\/site\/#\/schema\/person\/36ab0979449956132d3e5b517ea76ac8"},"headline":"Explos\u00e3o de caldeira da BR Distribuidora deixa dois mortos no porto capixaba de Tubar\u00e3o","datePublished":"2015-08-26T21:19:42+00:00","dateModified":"2015-08-27T12:07:31+00:00","mainEntityOfPage":{"@id":"https:\/\/www.notibras.com\/site\/explosao-de-caldeira-da-br-distribuidora-deixa-dois-mortos-no-porto-de-tubarao\/"},"wordCount":349,"commentCount":0,"publisher":{"@id":"https:\/\/www.notibras.com\/site\/#organization"},"image":{"@id":"https:\/\/www.notibras.com\/site\/explosao-de-caldeira-da-br-distribuidora-deixa-dois-mortos-no-porto-de-tubarao\/#primaryimage"},"thumbnailUrl":"https:\/\/www.notibras.com\/site\/wp-content\/uploads\/2015\/08\/unnamed-1.jpg","articleSection":["Brasil"],"inLanguage":"pt-BR","potentialAction":[{"@type":"CommentAction","name":"Comment","target":["https:\/\/www.notibras.com\/site\/explosao-de-caldeira-da-br-distribuidora-deixa-dois-mortos-no-porto-de-tubarao\/#respond"]}]},{"@type":"WebPage","@id":"https:\/\/www.notibras.com\/site\/explosao-de-caldeira-da-br-distribuidora-deixa-dois-mortos-no-porto-de-tubarao\/","url":"https:\/\/www.notibras.com\/site\/explosao-de-caldeira-da-br-distribuidora-deixa-dois-mortos-no-porto-de-tubarao\/","name":"Explos\u00e3o de caldeira da BR Distribuidora deixa dois mortos no porto capixaba de Tubar\u00e3o - Notibras","isPartOf":{"@id":"https:\/\/www.notibras.com\/site\/#website"},"primaryImageOfPage":{"@id":"https:\/\/www.notibras.com\/site\/explosao-de-caldeira-da-br-distribuidora-deixa-dois-mortos-no-porto-de-tubarao\/#primaryimage"},"image":{"@id":"https:\/\/www.notibras.com\/site\/explosao-de-caldeira-da-br-distribuidora-deixa-dois-mortos-no-porto-de-tubarao\/#primaryimage"},"thumbnailUrl":"https:\/\/www.notibras.com\/site\/wp-content\/uploads\/2015\/08\/unnamed-1.jpg","datePublished":"2015-08-26T21:19:42+00:00","dateModified":"2015-08-27T12:07:31+00:00","breadcrumb":{"@id":"https:\/\/www.notibras.com\/site\/explosao-de-caldeira-da-br-distribuidora-deixa-dois-mortos-no-porto-de-tubarao\/#breadcrumb"},"inLanguage":"pt-BR","potentialAction":[{"@type":"ReadAction","target":["https:\/\/www.notibras.com\/site\/explosao-de-caldeira-da-br-distribuidora-deixa-dois-mortos-no-porto-de-tubarao\/"]}]},{"@type":"ImageObject","inLanguage":"pt-BR","@id":"https:\/\/www.notibras.com\/site\/explosao-de-caldeira-da-br-distribuidora-deixa-dois-mortos-no-porto-de-tubarao\/#primaryimage","url":"https:\/\/www.notibras.com\/site\/wp-content\/uploads\/2015\/08\/unnamed-1.jpg","contentUrl":"https:\/\/www.notibras.com\/site\/wp-content\/uploads\/2015\/08\/unnamed-1.jpg","width":699,"height":420},{"@type":"BreadcrumbList","@id":"https:\/\/www.notibras.com\/site\/explosao-de-caldeira-da-br-distribuidora-deixa-dois-mortos-no-porto-de-tubarao\/#breadcrumb","itemListElement":[{"@type":"ListItem","position":1,"name":"In\u00edcio","item":"https:\/\/www.notibras.com\/site\/"},{"@type":"ListItem","position":2,"name":"Explos\u00e3o de caldeira da BR Distribuidora deixa dois mortos no porto capixaba de Tubar\u00e3o"}]},{"@type":"WebSite","@id":"https:\/\/www.notibras.com\/site\/#website","url":"https:\/\/www.notibras.com\/site\/","name":"Notibras","description":"Not\u00edcias de Bras\u00edlia, do Brasil e do Mundo","publisher":{"@id":"https:\/\/www.notibras.com\/site\/#organization"},"potentialAction":[{"@type":"SearchAction","target":{"@type":"EntryPoint","urlTemplate":"https:\/\/www.notibras.com\/site\/?s={search_term_string}"},"query-input":{"@type":"PropertyValueSpecification","valueRequired":true,"valueName":"search_term_string"}}],"inLanguage":"pt-BR"},{"@type":"Organization","@id":"https:\/\/www.notibras.com\/site\/#organization","name":"Grupo Notibras de Comunica\u00e7\u00e3o","url":"https:\/\/www.notibras.com\/site\/","logo":{"@type":"ImageObject","inLanguage":"pt-BR","@id":"https:\/\/www.notibras.com\/site\/#\/schema\/logo\/image\/","url":"https:\/\/www.notibras.com\/site\/wp-content\/uploads\/2023\/01\/notibras23.png","contentUrl":"https:\/\/www.notibras.com\/site\/wp-content\/uploads\/2023\/01\/notibras23.png","width":350,"height":87,"caption":"Grupo Notibras de Comunica\u00e7\u00e3o"},"image":{"@id":"https:\/\/www.notibras.com\/site\/#\/schema\/logo\/image\/"},"sameAs":["https:\/\/www.facebook.com\/notibras\/","https:\/\/x.com\/Notibras","https:\/\/www.instagram.com\/notibras\/"]},{"@type":"Person","@id":"https:\/\/www.notibras.com\/site\/#\/schema\/person\/36ab0979449956132d3e5b517ea76ac8","name":"Reda\u00e7\u00e3o","image":{"@type":"ImageObject","inLanguage":"pt-BR","@id":"https:\/\/secure.gravatar.com\/avatar\/e0a867bdedb85fd243eadf09663511f96fc81e0720a4a42581f334ad4303aa6b?s=96&d=mm&r=g","url":"https:\/\/secure.gravatar.com\/avatar\/e0a867bdedb85fd243eadf09663511f96fc81e0720a4a42581f334ad4303aa6b?s=96&d=mm&r=g","contentUrl":"https:\/\/secure.gravatar.com\/avatar\/e0a867bdedb85fd243eadf09663511f96fc81e0720a4a42581f334ad4303aa6b?s=96&d=mm&r=g","caption":"Reda\u00e7\u00e3o"}}]}},"amp_enabled":true,"_links":{"self":[{"href":"https:\/\/www.notibras.com\/site\/wp-json\/wp\/v2\/posts\/64549","targetHints":{"allow":["GET"]}}],"collection":[{"href":"https:\/\/www.notibras.com\/site\/wp-json\/wp\/v2\/posts"}],"about":[{"href":"https:\/\/www.notibras.com\/site\/wp-json\/wp\/v2\/types\/post"}],"author":[{"embeddable":true,"href":"https:\/\/www.notibras.com\/site\/wp-json\/wp\/v2\/users\/2"}],"replies":[{"embeddable":true,"href":"https:\/\/www.notibras.com\/site\/wp-json\/wp\/v2\/comments?post=64549"}],"version-history":[{"count":2,"href":"https:\/\/www.notibras.com\/site\/wp-json\/wp\/v2\/posts\/64549\/revisions"}],"predecessor-version":[{"id":64697,"href":"https:\/\/www.notibras.com\/site\/wp-json\/wp\/v2\/posts\/64549\/revisions\/64697"}],"wp:featuredmedia":[{"embeddable":true,"href":"https:\/\/www.notibras.com\/site\/wp-json\/wp\/v2\/media\/64551"}],"wp:attachment":[{"href":"https:\/\/www.notibras.com\/site\/wp-json\/wp\/v2\/media?parent=64549"}],"wp:term":[{"taxonomy":"category","embeddable":true,"href":"https:\/\/www.notibras.com\/site\/wp-json\/wp\/v2\/categories?post=64549"},{"taxonomy":"post_tag","embeddable":true,"href":"https:\/\/www.notibras.com\/site\/wp-json\/wp\/v2\/tags?post=64549"}],"curies":[{"name":"wp","href":"https:\/\/api.w.org\/{rel}","templated":true}]}}