{"id":64580,"date":"2015-08-26T18:33:42","date_gmt":"2015-08-26T21:33:42","guid":{"rendered":"http:\/\/www.notibras.com\/site\/?p=64580"},"modified":"2015-08-27T09:26:01","modified_gmt":"2015-08-27T12:26:01","slug":"cadu-assassino-sarcastico-que-matou-cartunista-glauco-e-condenado-a-61-anos-de-prisao","status":"publish","type":"post","link":"https:\/\/www.notibras.com\/site\/cadu-assassino-sarcastico-que-matou-cartunista-glauco-e-condenado-a-61-anos-de-prisao\/","title":{"rendered":"Cadu, assassino sarc\u00e1stico que matou o cartunista Glauco, vai cumprir 61 anos de pris\u00e3o"},"content":{"rendered":"<p>Um dia depois de interrogar o estudante de Psicologia Carlos Eduardo Sundsfeld Nunes, mais conhecido como Cadu, de 27 anos, a ju\u00edza Bianca Melo Cintra, da 5\u00aa Vara Criminal de Goi\u00e2nia, proferiu a senten\u00e7a condenando o rapaz a 61 anos e 6 meses de pris\u00e3o. Ele permanece preso, sem direito a recurso em liberdade. A decis\u00e3o, onde foi mencionado o &#8220;sarcasmo e o egocentrismo&#8221; do acusado, inclusive durante o interrogat\u00f3rio, foi divulgada no in\u00edcio da noite desta quarta-feira, 26, pelo Tribunal de Justi\u00e7a de Goi\u00e1s.<\/p>\n<p>O julgamento desta semana foi por conta de duas mortes ocorridas em assaltos, em 2014, em Goi\u00e2nia, dos quais ele foi protagonista, gozando de liberdade para um tratamento psiqui\u00e1trico que n\u00e3o seguia. Cadu tamb\u00e9m \u00e9 assassino confesso do cartunista Glauco Vilas Boas e do filho dele, Raoni Vilas Boas, crimes cometidos em S\u00e3o Paulo, em 2010, \u00e9poca em que foi considerado incapaz de responder criminalmente por conta de um laudo que atestava se tratar de portador de esquizofrenia.<\/p>\n<p>Cadu pegou 54 anos de pris\u00e3o pelos dois latroc\u00ednios (27 cada) cometidos em Goi\u00e2nia no ano passado, mais 2 anos e 6 meses pelo crime de recepta\u00e7\u00e3o &#8211; ele foi preso dirigindo um dos carros que roubou &#8211; e mais 5 anos por porte de arma, al\u00e9m de 630 dias-multa.<\/p>\n<p>Inicialmente, ele vai cumprir a pena em regime fechado, por recepta\u00e7\u00e3o, porte de arma de fogo e pelos latroc\u00ednios cometidos contra o estudante Matheus Pinheiro de Morais e o agente penitenci\u00e1rio Marcos Vin\u00edcius Lemes d&#8217;Abadia.<\/p>\n<p>Al\u00e9m disso, a ju\u00edza negou o pedido da defesa para que ele seja submetido a avalia\u00e7\u00e3o psiqui\u00e1trica e tratamento particular, uma vez que sua imputabilidade foi claramente atestada em novo laudo m\u00e9dico.<\/p>\n<p>De acordo com a magistrada, que tinha dez dias para decidir, provas materiais e depoimentos das testemunhas arroladas pela acusa\u00e7\u00e3o foram robustos e suficientes para embasar a condena\u00e7\u00e3o. A ju\u00edza levou em considera\u00e7\u00e3o, al\u00e9m dos testemunhos, o laudo do confronto pirobal\u00edstico, que corrobora que a arma de fogo apreendida em poder de Cadu foi a mesma utilizada nos crimes de roubo seguido de morte.<\/p>\n<p>Bianca Melo descartou a tese da defesa de que Cadu estaria em local diverso ao dos crimes, apoiada no rastreamento do IMEI do celular. Segundo a ju\u00edza, o pr\u00f3prio Cadu admitiu em seu interrogat\u00f3rio que tinha diversas linhas de telefone celular.<\/p>\n<p>Ao fazer a dosimetria da pena, a magistrada ressaltou que a culpabilidade de Cadu \u00e9 excedente em rela\u00e7\u00e3o aos homic\u00eddios, uma vez que ele foi o respons\u00e1vel direto pelas mortes das v\u00edtimas. Al\u00e9m disso, ela ressaltou que Cadu demonstrou maior grau de periculosidade e friez, o que indica a reprovabilidade de sua atitude.<\/p>\n<p>Quanto aos antecedentes criminais do rapaz, ela observou que ele \u00e9 r\u00e9u prim\u00e1rio, mas que sua conduta \u00e9 social \u00e9 desfavor\u00e1vel. &#8220;As informa\u00e7\u00f5es que se inferem dos autos denotam ser aversivo o seu papel inserto na sociedade, sendo eficaz ludibriador, al\u00e9m de dissimulador e manipulador de ideias, fazendo-se passar por v\u00edtima&#8221;, afirmou.<\/p>\n<p>A magistrada mencionou ainda vis\u00edveis sentimentos de raiva e de descaso com o Poder Judici\u00e1rio. &#8220;A despeito que a medida de seguran\u00e7a ao r\u00e9u aplicada n\u00e3o possa ser levada em conta a torn\u00e1-lo reincidente ou possuidor de maus antecedentes criminais, o fato de j\u00e1 ter ceifado a vida de dois seres humanos n\u00e3o obstante inimput\u00e1vel \u00e0 \u00e9poca (2010), indica sua repulsa ao bem maior alheio&#8221;, afirmou.<\/p>\n","protected":false},"excerpt":{"rendered":"<p>Um dia depois de interrogar o estudante de Psicologia Carlos Eduardo Sundsfeld Nunes, mais conhecido como Cadu, de 27 anos, a ju\u00edza Bianca Melo Cintra, da 5\u00aa Vara Criminal de Goi\u00e2nia, proferiu a senten\u00e7a condenando o rapaz a 61 anos e 6 meses de pris\u00e3o. Ele permanece preso, sem direito a recurso em liberdade. A [&hellip;]<\/p>\n","protected":false},"author":2,"featured_media":64581,"comment_status":"open","ping_status":"closed","sticky":false,"template":"","format":"standard","meta":{"_acf_changed":false,"footnotes":""},"categories":[16],"tags":[],"class_list":["post-64580","post","type-post","status-publish","format-standard","has-post-thumbnail","hentry","category-brasil"],"acf":[],"yoast_head":"<!-- This site is optimized with the Yoast SEO plugin v27.2 - https:\/\/yoast.com\/product\/yoast-seo-wordpress\/ -->\n<title>Cadu, assassino sarc\u00e1stico que matou o cartunista Glauco, vai cumprir 61 anos de pris\u00e3o - Notibras<\/title>\n<meta name=\"robots\" content=\"index, follow, max-snippet:-1, max-image-preview:large, max-video-preview:-1\" \/>\n<link rel=\"canonical\" href=\"https:\/\/www.notibras.com\/site\/cadu-assassino-sarcastico-que-matou-cartunista-glauco-e-condenado-a-61-anos-de-prisao\/\" \/>\n<meta property=\"og:locale\" content=\"pt_BR\" \/>\n<meta property=\"og:type\" content=\"article\" \/>\n<meta property=\"og:title\" content=\"Cadu, assassino sarc\u00e1stico que matou o cartunista Glauco, vai cumprir 61 anos de pris\u00e3o - Notibras\" \/>\n<meta property=\"og:description\" content=\"Um dia depois de interrogar o estudante de Psicologia Carlos Eduardo Sundsfeld Nunes, mais conhecido como Cadu, de 27 anos, a ju\u00edza Bianca Melo Cintra, da 5\u00aa Vara Criminal de Goi\u00e2nia, proferiu a senten\u00e7a condenando o rapaz a 61 anos e 6 meses de pris\u00e3o. Ele permanece preso, sem direito a recurso em liberdade. A [&hellip;]\" \/>\n<meta property=\"og:url\" content=\"https:\/\/www.notibras.com\/site\/cadu-assassino-sarcastico-que-matou-cartunista-glauco-e-condenado-a-61-anos-de-prisao\/\" \/>\n<meta property=\"og:site_name\" content=\"Notibras\" \/>\n<meta property=\"article:publisher\" content=\"https:\/\/www.facebook.com\/notibras\/\" \/>\n<meta property=\"article:published_time\" content=\"2015-08-26T21:33:42+00:00\" \/>\n<meta property=\"article:modified_time\" content=\"2015-08-27T12:26:01+00:00\" \/>\n<meta property=\"og:image\" content=\"https:\/\/www.notibras.com\/site\/wp-content\/uploads\/2015\/08\/FOTO2-317305-2013-08-09-15-14.jpg\" \/>\n\t<meta property=\"og:image:width\" content=\"500\" \/>\n\t<meta property=\"og:image:height\" content=\"375\" \/>\n\t<meta property=\"og:image:type\" content=\"image\/jpeg\" \/>\n<meta name=\"author\" content=\"Reda\u00e7\u00e3o\" \/>\n<meta name=\"twitter:card\" content=\"summary_large_image\" \/>\n<meta name=\"twitter:creator\" content=\"@Notibras\" \/>\n<meta name=\"twitter:site\" content=\"@Notibras\" \/>\n<meta name=\"twitter:label1\" content=\"Escrito por\" \/>\n\t<meta name=\"twitter:data1\" content=\"Reda\u00e7\u00e3o\" \/>\n\t<meta name=\"twitter:label2\" content=\"Est. tempo de leitura\" \/>\n\t<meta name=\"twitter:data2\" content=\"3 minutos\" \/>\n<script type=\"application\/ld+json\" class=\"yoast-schema-graph\">{\"@context\":\"https:\/\/schema.org\",\"@graph\":[{\"@type\":\"Article\",\"@id\":\"https:\/\/www.notibras.com\/site\/cadu-assassino-sarcastico-que-matou-cartunista-glauco-e-condenado-a-61-anos-de-prisao\/#article\",\"isPartOf\":{\"@id\":\"https:\/\/www.notibras.com\/site\/cadu-assassino-sarcastico-que-matou-cartunista-glauco-e-condenado-a-61-anos-de-prisao\/\"},\"author\":{\"name\":\"Reda\u00e7\u00e3o\",\"@id\":\"https:\/\/www.notibras.com\/site\/#\/schema\/person\/36ab0979449956132d3e5b517ea76ac8\"},\"headline\":\"Cadu, assassino sarc\u00e1stico que matou o cartunista Glauco, vai cumprir 61 anos de pris\u00e3o\",\"datePublished\":\"2015-08-26T21:33:42+00:00\",\"dateModified\":\"2015-08-27T12:26:01+00:00\",\"mainEntityOfPage\":{\"@id\":\"https:\/\/www.notibras.com\/site\/cadu-assassino-sarcastico-que-matou-cartunista-glauco-e-condenado-a-61-anos-de-prisao\/\"},\"wordCount\":607,\"commentCount\":0,\"publisher\":{\"@id\":\"https:\/\/www.notibras.com\/site\/#organization\"},\"image\":{\"@id\":\"https:\/\/www.notibras.com\/site\/cadu-assassino-sarcastico-que-matou-cartunista-glauco-e-condenado-a-61-anos-de-prisao\/#primaryimage\"},\"thumbnailUrl\":\"https:\/\/www.notibras.com\/site\/wp-content\/uploads\/2015\/08\/FOTO2-317305-2013-08-09-15-14.jpg\",\"articleSection\":[\"Brasil\"],\"inLanguage\":\"pt-BR\",\"potentialAction\":[{\"@type\":\"CommentAction\",\"name\":\"Comment\",\"target\":[\"https:\/\/www.notibras.com\/site\/cadu-assassino-sarcastico-que-matou-cartunista-glauco-e-condenado-a-61-anos-de-prisao\/#respond\"]}]},{\"@type\":\"WebPage\",\"@id\":\"https:\/\/www.notibras.com\/site\/cadu-assassino-sarcastico-que-matou-cartunista-glauco-e-condenado-a-61-anos-de-prisao\/\",\"url\":\"https:\/\/www.notibras.com\/site\/cadu-assassino-sarcastico-que-matou-cartunista-glauco-e-condenado-a-61-anos-de-prisao\/\",\"name\":\"Cadu, assassino sarc\u00e1stico que matou o cartunista Glauco, vai cumprir 61 anos de pris\u00e3o - Notibras\",\"isPartOf\":{\"@id\":\"https:\/\/www.notibras.com\/site\/#website\"},\"primaryImageOfPage\":{\"@id\":\"https:\/\/www.notibras.com\/site\/cadu-assassino-sarcastico-que-matou-cartunista-glauco-e-condenado-a-61-anos-de-prisao\/#primaryimage\"},\"image\":{\"@id\":\"https:\/\/www.notibras.com\/site\/cadu-assassino-sarcastico-que-matou-cartunista-glauco-e-condenado-a-61-anos-de-prisao\/#primaryimage\"},\"thumbnailUrl\":\"https:\/\/www.notibras.com\/site\/wp-content\/uploads\/2015\/08\/FOTO2-317305-2013-08-09-15-14.jpg\",\"datePublished\":\"2015-08-26T21:33:42+00:00\",\"dateModified\":\"2015-08-27T12:26:01+00:00\",\"breadcrumb\":{\"@id\":\"https:\/\/www.notibras.com\/site\/cadu-assassino-sarcastico-que-matou-cartunista-glauco-e-condenado-a-61-anos-de-prisao\/#breadcrumb\"},\"inLanguage\":\"pt-BR\",\"potentialAction\":[{\"@type\":\"ReadAction\",\"target\":[\"https:\/\/www.notibras.com\/site\/cadu-assassino-sarcastico-que-matou-cartunista-glauco-e-condenado-a-61-anos-de-prisao\/\"]}]},{\"@type\":\"ImageObject\",\"inLanguage\":\"pt-BR\",\"@id\":\"https:\/\/www.notibras.com\/site\/cadu-assassino-sarcastico-que-matou-cartunista-glauco-e-condenado-a-61-anos-de-prisao\/#primaryimage\",\"url\":\"https:\/\/www.notibras.com\/site\/wp-content\/uploads\/2015\/08\/FOTO2-317305-2013-08-09-15-14.jpg\",\"contentUrl\":\"https:\/\/www.notibras.com\/site\/wp-content\/uploads\/2015\/08\/FOTO2-317305-2013-08-09-15-14.jpg\",\"width\":500,\"height\":375},{\"@type\":\"BreadcrumbList\",\"@id\":\"https:\/\/www.notibras.com\/site\/cadu-assassino-sarcastico-que-matou-cartunista-glauco-e-condenado-a-61-anos-de-prisao\/#breadcrumb\",\"itemListElement\":[{\"@type\":\"ListItem\",\"position\":1,\"name\":\"In\u00edcio\",\"item\":\"https:\/\/www.notibras.com\/site\/\"},{\"@type\":\"ListItem\",\"position\":2,\"name\":\"Cadu, assassino sarc\u00e1stico que matou o cartunista Glauco, vai cumprir 61 anos de pris\u00e3o\"}]},{\"@type\":\"WebSite\",\"@id\":\"https:\/\/www.notibras.com\/site\/#website\",\"url\":\"https:\/\/www.notibras.com\/site\/\",\"name\":\"Notibras\",\"description\":\"Not\u00edcias de Bras\u00edlia, do Brasil e do Mundo\",\"publisher\":{\"@id\":\"https:\/\/www.notibras.com\/site\/#organization\"},\"potentialAction\":[{\"@type\":\"SearchAction\",\"target\":{\"@type\":\"EntryPoint\",\"urlTemplate\":\"https:\/\/www.notibras.com\/site\/?s={search_term_string}\"},\"query-input\":{\"@type\":\"PropertyValueSpecification\",\"valueRequired\":true,\"valueName\":\"search_term_string\"}}],\"inLanguage\":\"pt-BR\"},{\"@type\":\"Organization\",\"@id\":\"https:\/\/www.notibras.com\/site\/#organization\",\"name\":\"Grupo Notibras de Comunica\u00e7\u00e3o\",\"url\":\"https:\/\/www.notibras.com\/site\/\",\"logo\":{\"@type\":\"ImageObject\",\"inLanguage\":\"pt-BR\",\"@id\":\"https:\/\/www.notibras.com\/site\/#\/schema\/logo\/image\/\",\"url\":\"https:\/\/www.notibras.com\/site\/wp-content\/uploads\/2023\/01\/notibras23.png\",\"contentUrl\":\"https:\/\/www.notibras.com\/site\/wp-content\/uploads\/2023\/01\/notibras23.png\",\"width\":350,\"height\":87,\"caption\":\"Grupo Notibras de Comunica\u00e7\u00e3o\"},\"image\":{\"@id\":\"https:\/\/www.notibras.com\/site\/#\/schema\/logo\/image\/\"},\"sameAs\":[\"https:\/\/www.facebook.com\/notibras\/\",\"https:\/\/x.com\/Notibras\",\"https:\/\/www.instagram.com\/notibras\/\"]},{\"@type\":\"Person\",\"@id\":\"https:\/\/www.notibras.com\/site\/#\/schema\/person\/36ab0979449956132d3e5b517ea76ac8\",\"name\":\"Reda\u00e7\u00e3o\",\"image\":{\"@type\":\"ImageObject\",\"inLanguage\":\"pt-BR\",\"@id\":\"https:\/\/secure.gravatar.com\/avatar\/e0a867bdedb85fd243eadf09663511f96fc81e0720a4a42581f334ad4303aa6b?s=96&d=mm&r=g\",\"url\":\"https:\/\/secure.gravatar.com\/avatar\/e0a867bdedb85fd243eadf09663511f96fc81e0720a4a42581f334ad4303aa6b?s=96&d=mm&r=g\",\"contentUrl\":\"https:\/\/secure.gravatar.com\/avatar\/e0a867bdedb85fd243eadf09663511f96fc81e0720a4a42581f334ad4303aa6b?s=96&d=mm&r=g\",\"caption\":\"Reda\u00e7\u00e3o\"}}]}<\/script>\n<!-- \/ Yoast SEO plugin. -->","yoast_head_json":{"title":"Cadu, assassino sarc\u00e1stico que matou o cartunista Glauco, vai cumprir 61 anos de pris\u00e3o - Notibras","robots":{"index":"index","follow":"follow","max-snippet":"max-snippet:-1","max-image-preview":"max-image-preview:large","max-video-preview":"max-video-preview:-1"},"canonical":"https:\/\/www.notibras.com\/site\/cadu-assassino-sarcastico-que-matou-cartunista-glauco-e-condenado-a-61-anos-de-prisao\/","og_locale":"pt_BR","og_type":"article","og_title":"Cadu, assassino sarc\u00e1stico que matou o cartunista Glauco, vai cumprir 61 anos de pris\u00e3o - Notibras","og_description":"Um dia depois de interrogar o estudante de Psicologia Carlos Eduardo Sundsfeld Nunes, mais conhecido como Cadu, de 27 anos, a ju\u00edza Bianca Melo Cintra, da 5\u00aa Vara Criminal de Goi\u00e2nia, proferiu a senten\u00e7a condenando o rapaz a 61 anos e 6 meses de pris\u00e3o. Ele permanece preso, sem direito a recurso em liberdade. A [&hellip;]","og_url":"https:\/\/www.notibras.com\/site\/cadu-assassino-sarcastico-que-matou-cartunista-glauco-e-condenado-a-61-anos-de-prisao\/","og_site_name":"Notibras","article_publisher":"https:\/\/www.facebook.com\/notibras\/","article_published_time":"2015-08-26T21:33:42+00:00","article_modified_time":"2015-08-27T12:26:01+00:00","og_image":[{"width":500,"height":375,"url":"https:\/\/www.notibras.com\/site\/wp-content\/uploads\/2015\/08\/FOTO2-317305-2013-08-09-15-14.jpg","type":"image\/jpeg"}],"author":"Reda\u00e7\u00e3o","twitter_card":"summary_large_image","twitter_creator":"@Notibras","twitter_site":"@Notibras","twitter_misc":{"Escrito por":"Reda\u00e7\u00e3o","Est. tempo de leitura":"3 minutos"},"schema":{"@context":"https:\/\/schema.org","@graph":[{"@type":"Article","@id":"https:\/\/www.notibras.com\/site\/cadu-assassino-sarcastico-que-matou-cartunista-glauco-e-condenado-a-61-anos-de-prisao\/#article","isPartOf":{"@id":"https:\/\/www.notibras.com\/site\/cadu-assassino-sarcastico-que-matou-cartunista-glauco-e-condenado-a-61-anos-de-prisao\/"},"author":{"name":"Reda\u00e7\u00e3o","@id":"https:\/\/www.notibras.com\/site\/#\/schema\/person\/36ab0979449956132d3e5b517ea76ac8"},"headline":"Cadu, assassino sarc\u00e1stico que matou o cartunista Glauco, vai cumprir 61 anos de pris\u00e3o","datePublished":"2015-08-26T21:33:42+00:00","dateModified":"2015-08-27T12:26:01+00:00","mainEntityOfPage":{"@id":"https:\/\/www.notibras.com\/site\/cadu-assassino-sarcastico-que-matou-cartunista-glauco-e-condenado-a-61-anos-de-prisao\/"},"wordCount":607,"commentCount":0,"publisher":{"@id":"https:\/\/www.notibras.com\/site\/#organization"},"image":{"@id":"https:\/\/www.notibras.com\/site\/cadu-assassino-sarcastico-que-matou-cartunista-glauco-e-condenado-a-61-anos-de-prisao\/#primaryimage"},"thumbnailUrl":"https:\/\/www.notibras.com\/site\/wp-content\/uploads\/2015\/08\/FOTO2-317305-2013-08-09-15-14.jpg","articleSection":["Brasil"],"inLanguage":"pt-BR","potentialAction":[{"@type":"CommentAction","name":"Comment","target":["https:\/\/www.notibras.com\/site\/cadu-assassino-sarcastico-que-matou-cartunista-glauco-e-condenado-a-61-anos-de-prisao\/#respond"]}]},{"@type":"WebPage","@id":"https:\/\/www.notibras.com\/site\/cadu-assassino-sarcastico-que-matou-cartunista-glauco-e-condenado-a-61-anos-de-prisao\/","url":"https:\/\/www.notibras.com\/site\/cadu-assassino-sarcastico-que-matou-cartunista-glauco-e-condenado-a-61-anos-de-prisao\/","name":"Cadu, assassino sarc\u00e1stico que matou o cartunista Glauco, vai cumprir 61 anos de pris\u00e3o - Notibras","isPartOf":{"@id":"https:\/\/www.notibras.com\/site\/#website"},"primaryImageOfPage":{"@id":"https:\/\/www.notibras.com\/site\/cadu-assassino-sarcastico-que-matou-cartunista-glauco-e-condenado-a-61-anos-de-prisao\/#primaryimage"},"image":{"@id":"https:\/\/www.notibras.com\/site\/cadu-assassino-sarcastico-que-matou-cartunista-glauco-e-condenado-a-61-anos-de-prisao\/#primaryimage"},"thumbnailUrl":"https:\/\/www.notibras.com\/site\/wp-content\/uploads\/2015\/08\/FOTO2-317305-2013-08-09-15-14.jpg","datePublished":"2015-08-26T21:33:42+00:00","dateModified":"2015-08-27T12:26:01+00:00","breadcrumb":{"@id":"https:\/\/www.notibras.com\/site\/cadu-assassino-sarcastico-que-matou-cartunista-glauco-e-condenado-a-61-anos-de-prisao\/#breadcrumb"},"inLanguage":"pt-BR","potentialAction":[{"@type":"ReadAction","target":["https:\/\/www.notibras.com\/site\/cadu-assassino-sarcastico-que-matou-cartunista-glauco-e-condenado-a-61-anos-de-prisao\/"]}]},{"@type":"ImageObject","inLanguage":"pt-BR","@id":"https:\/\/www.notibras.com\/site\/cadu-assassino-sarcastico-que-matou-cartunista-glauco-e-condenado-a-61-anos-de-prisao\/#primaryimage","url":"https:\/\/www.notibras.com\/site\/wp-content\/uploads\/2015\/08\/FOTO2-317305-2013-08-09-15-14.jpg","contentUrl":"https:\/\/www.notibras.com\/site\/wp-content\/uploads\/2015\/08\/FOTO2-317305-2013-08-09-15-14.jpg","width":500,"height":375},{"@type":"BreadcrumbList","@id":"https:\/\/www.notibras.com\/site\/cadu-assassino-sarcastico-que-matou-cartunista-glauco-e-condenado-a-61-anos-de-prisao\/#breadcrumb","itemListElement":[{"@type":"ListItem","position":1,"name":"In\u00edcio","item":"https:\/\/www.notibras.com\/site\/"},{"@type":"ListItem","position":2,"name":"Cadu, assassino sarc\u00e1stico que matou o cartunista Glauco, vai cumprir 61 anos de pris\u00e3o"}]},{"@type":"WebSite","@id":"https:\/\/www.notibras.com\/site\/#website","url":"https:\/\/www.notibras.com\/site\/","name":"Notibras","description":"Not\u00edcias de Bras\u00edlia, do Brasil e do Mundo","publisher":{"@id":"https:\/\/www.notibras.com\/site\/#organization"},"potentialAction":[{"@type":"SearchAction","target":{"@type":"EntryPoint","urlTemplate":"https:\/\/www.notibras.com\/site\/?s={search_term_string}"},"query-input":{"@type":"PropertyValueSpecification","valueRequired":true,"valueName":"search_term_string"}}],"inLanguage":"pt-BR"},{"@type":"Organization","@id":"https:\/\/www.notibras.com\/site\/#organization","name":"Grupo Notibras de Comunica\u00e7\u00e3o","url":"https:\/\/www.notibras.com\/site\/","logo":{"@type":"ImageObject","inLanguage":"pt-BR","@id":"https:\/\/www.notibras.com\/site\/#\/schema\/logo\/image\/","url":"https:\/\/www.notibras.com\/site\/wp-content\/uploads\/2023\/01\/notibras23.png","contentUrl":"https:\/\/www.notibras.com\/site\/wp-content\/uploads\/2023\/01\/notibras23.png","width":350,"height":87,"caption":"Grupo Notibras de Comunica\u00e7\u00e3o"},"image":{"@id":"https:\/\/www.notibras.com\/site\/#\/schema\/logo\/image\/"},"sameAs":["https:\/\/www.facebook.com\/notibras\/","https:\/\/x.com\/Notibras","https:\/\/www.instagram.com\/notibras\/"]},{"@type":"Person","@id":"https:\/\/www.notibras.com\/site\/#\/schema\/person\/36ab0979449956132d3e5b517ea76ac8","name":"Reda\u00e7\u00e3o","image":{"@type":"ImageObject","inLanguage":"pt-BR","@id":"https:\/\/secure.gravatar.com\/avatar\/e0a867bdedb85fd243eadf09663511f96fc81e0720a4a42581f334ad4303aa6b?s=96&d=mm&r=g","url":"https:\/\/secure.gravatar.com\/avatar\/e0a867bdedb85fd243eadf09663511f96fc81e0720a4a42581f334ad4303aa6b?s=96&d=mm&r=g","contentUrl":"https:\/\/secure.gravatar.com\/avatar\/e0a867bdedb85fd243eadf09663511f96fc81e0720a4a42581f334ad4303aa6b?s=96&d=mm&r=g","caption":"Reda\u00e7\u00e3o"}}]}},"amp_enabled":true,"_links":{"self":[{"href":"https:\/\/www.notibras.com\/site\/wp-json\/wp\/v2\/posts\/64580","targetHints":{"allow":["GET"]}}],"collection":[{"href":"https:\/\/www.notibras.com\/site\/wp-json\/wp\/v2\/posts"}],"about":[{"href":"https:\/\/www.notibras.com\/site\/wp-json\/wp\/v2\/types\/post"}],"author":[{"embeddable":true,"href":"https:\/\/www.notibras.com\/site\/wp-json\/wp\/v2\/users\/2"}],"replies":[{"embeddable":true,"href":"https:\/\/www.notibras.com\/site\/wp-json\/wp\/v2\/comments?post=64580"}],"version-history":[{"count":5,"href":"https:\/\/www.notibras.com\/site\/wp-json\/wp\/v2\/posts\/64580\/revisions"}],"predecessor-version":[{"id":64710,"href":"https:\/\/www.notibras.com\/site\/wp-json\/wp\/v2\/posts\/64580\/revisions\/64710"}],"wp:featuredmedia":[{"embeddable":true,"href":"https:\/\/www.notibras.com\/site\/wp-json\/wp\/v2\/media\/64581"}],"wp:attachment":[{"href":"https:\/\/www.notibras.com\/site\/wp-json\/wp\/v2\/media?parent=64580"}],"wp:term":[{"taxonomy":"category","embeddable":true,"href":"https:\/\/www.notibras.com\/site\/wp-json\/wp\/v2\/categories?post=64580"},{"taxonomy":"post_tag","embeddable":true,"href":"https:\/\/www.notibras.com\/site\/wp-json\/wp\/v2\/tags?post=64580"}],"curies":[{"name":"wp","href":"https:\/\/api.w.org\/{rel}","templated":true}]}}