{"id":6459,"date":"2014-04-10T15:49:57","date_gmt":"2014-04-10T18:49:57","guid":{"rendered":"http:\/\/www.notibras.com\/site\/?p=6459"},"modified":"2014-04-11T07:56:08","modified_gmt":"2014-04-11T10:56:08","slug":"juro-de-emprestimo-registra-10a-alta-seguida-e-assusta-os-consumidores","status":"publish","type":"post","link":"https:\/\/www.notibras.com\/site\/juro-de-emprestimo-registra-10a-alta-seguida-e-assusta-os-consumidores\/","title":{"rendered":"Juro de empr\u00e9stimo registra 10\u00aa alta seguida e assusta consumidor j\u00e1 endividado"},"content":{"rendered":"<p>As taxas de juros das opera\u00e7\u00f5es de cr\u00e9dito para pessoa f\u00edsica e jur\u00eddica tiveram alta em mar\u00e7o, segundo a Pesquisa de Juros da Associa\u00e7\u00e3o Nacional dos Executivos de Finan\u00e7as, Administra\u00e7\u00e3o e Contabilidade (Anefac). De acordo com a entidade, essa foi a d\u00e9cima alta consecutiva.<\/p>\n<p>Para pessoa f\u00edsica, a m\u00e9dia geral dos juros cresceu 0,04 ponto percentual no m\u00eas (0,89 ponto percentual no ano), passando de 5,82% ao m\u00eas (97,16% ao ano) em fevereiro para 5,86% ao m\u00eas (98,05% ao ano) em mar\u00e7o. Essa foi a maior taxa de juros desde agosto de 2012.<\/p>\n<p>Entre as seis linhas de cr\u00e9dito pesquisadas, cinco apresentaram alta: a de juros do com\u00e9rcio, do cheque especial, do Cr\u00e9dito Direto ao Consumidor (CDC-Bancos), do financiamento de autom\u00f3veis, do empr\u00e9stimo pessoal de bancos e do empr\u00e9stimo pessoal de financeiras. A taxa do cart\u00e3o de cr\u00e9dito rotativo n\u00e3o teve altera\u00e7\u00e3o.<\/p>\n<p>Para pessoa jur\u00eddica, a m\u00e9dia na taxa de juros teve eleva\u00e7\u00e3o de 0,03 ponto percentual no m\u00eas (0,52 ponto percentual em doze meses), passando de 3,32% ao m\u00eas (47,98% ao ano) em fevereiro para 3,35% ao m\u00eas (48,50% ao ano) em mar\u00e7o de 2014. Essa tamb\u00e9m foi a maior taxa de juros desde agosto de 2012.<\/p>\n<p>A entidade prev\u00ea que, nos pr\u00f3ximos meses, as taxas de juros das opera\u00e7\u00f5es de cr\u00e9dito ter\u00e3o novas altas. \u201cAs eleva\u00e7\u00f5es podem ser atribu\u00eddas \u00e0 expectativa de aumentos da taxa b\u00e1sica de luros (Selic), ao cen\u00e1rio econ\u00f4mico com tend\u00eancia negativa e \u00e0 expectativa de piora nos \u00edndices de infla\u00e7\u00e3o e de crescimento econ\u00f4mico\u201d, diz Miguel de Oliveira, diretor executivo da Anefac.<\/p>\n","protected":false},"excerpt":{"rendered":"<p>As taxas de juros das opera\u00e7\u00f5es de cr\u00e9dito para pessoa f\u00edsica e jur\u00eddica tiveram alta em mar\u00e7o, segundo a Pesquisa de Juros da Associa\u00e7\u00e3o Nacional dos Executivos de Finan\u00e7as, Administra\u00e7\u00e3o e Contabilidade (Anefac). De acordo com a entidade, essa foi a d\u00e9cima alta consecutiva. Para pessoa f\u00edsica, a m\u00e9dia geral dos juros cresceu 0,04 ponto [&hellip;]<\/p>\n","protected":false},"author":2,"featured_media":6460,"comment_status":"open","ping_status":"closed","sticky":false,"template":"","format":"standard","meta":{"_acf_changed":false,"footnotes":""},"categories":[16],"tags":[],"class_list":["post-6459","post","type-post","status-publish","format-standard","has-post-thumbnail","hentry","category-brasil"],"acf":[],"yoast_head":"<!-- This site is optimized with the Yoast SEO plugin v27.2 - https:\/\/yoast.com\/product\/yoast-seo-wordpress\/ -->\n<title>Juro de empr\u00e9stimo registra 10\u00aa alta seguida e assusta consumidor j\u00e1 endividado - Notibras<\/title>\n<meta name=\"robots\" content=\"index, follow, max-snippet:-1, max-image-preview:large, max-video-preview:-1\" \/>\n<link rel=\"canonical\" href=\"https:\/\/www.notibras.com\/site\/juro-de-emprestimo-registra-10a-alta-seguida-e-assusta-os-consumidores\/\" \/>\n<meta property=\"og:locale\" content=\"pt_BR\" \/>\n<meta property=\"og:type\" content=\"article\" \/>\n<meta property=\"og:title\" content=\"Juro de empr\u00e9stimo registra 10\u00aa alta seguida e assusta consumidor j\u00e1 endividado - Notibras\" \/>\n<meta property=\"og:description\" content=\"As taxas de juros das opera\u00e7\u00f5es de cr\u00e9dito para pessoa f\u00edsica e jur\u00eddica tiveram alta em mar\u00e7o, segundo a Pesquisa de Juros da Associa\u00e7\u00e3o Nacional dos Executivos de Finan\u00e7as, Administra\u00e7\u00e3o e Contabilidade (Anefac). De acordo com a entidade, essa foi a d\u00e9cima alta consecutiva. Para pessoa f\u00edsica, a m\u00e9dia geral dos juros cresceu 0,04 ponto [&hellip;]\" \/>\n<meta property=\"og:url\" content=\"https:\/\/www.notibras.com\/site\/juro-de-emprestimo-registra-10a-alta-seguida-e-assusta-os-consumidores\/\" \/>\n<meta property=\"og:site_name\" content=\"Notibras\" \/>\n<meta property=\"article:publisher\" content=\"https:\/\/www.facebook.com\/notibras\/\" \/>\n<meta property=\"article:published_time\" content=\"2014-04-10T18:49:57+00:00\" \/>\n<meta property=\"article:modified_time\" content=\"2014-04-11T10:56:08+00:00\" \/>\n<meta property=\"og:image\" content=\"https:\/\/www.notibras.com\/site\/wp-content\/uploads\/2014\/04\/em.jpg\" \/>\n\t<meta property=\"og:image:width\" content=\"400\" \/>\n\t<meta property=\"og:image:height\" content=\"350\" \/>\n\t<meta property=\"og:image:type\" content=\"image\/jpeg\" \/>\n<meta name=\"author\" content=\"Reda\u00e7\u00e3o\" \/>\n<meta name=\"twitter:card\" content=\"summary_large_image\" \/>\n<meta name=\"twitter:creator\" content=\"@Notibras\" \/>\n<meta name=\"twitter:site\" content=\"@Notibras\" \/>\n<meta name=\"twitter:label1\" content=\"Escrito por\" \/>\n\t<meta name=\"twitter:data1\" content=\"Reda\u00e7\u00e3o\" \/>\n\t<meta name=\"twitter:label2\" content=\"Est. tempo de leitura\" \/>\n\t<meta name=\"twitter:data2\" content=\"1 minuto\" \/>\n<script type=\"application\/ld+json\" class=\"yoast-schema-graph\">{\"@context\":\"https:\/\/schema.org\",\"@graph\":[{\"@type\":\"Article\",\"@id\":\"https:\/\/www.notibras.com\/site\/juro-de-emprestimo-registra-10a-alta-seguida-e-assusta-os-consumidores\/#article\",\"isPartOf\":{\"@id\":\"https:\/\/www.notibras.com\/site\/juro-de-emprestimo-registra-10a-alta-seguida-e-assusta-os-consumidores\/\"},\"author\":{\"name\":\"Reda\u00e7\u00e3o\",\"@id\":\"https:\/\/www.notibras.com\/site\/#\/schema\/person\/36ab0979449956132d3e5b517ea76ac8\"},\"headline\":\"Juro de empr\u00e9stimo registra 10\u00aa alta seguida e assusta consumidor j\u00e1 endividado\",\"datePublished\":\"2014-04-10T18:49:57+00:00\",\"dateModified\":\"2014-04-11T10:56:08+00:00\",\"mainEntityOfPage\":{\"@id\":\"https:\/\/www.notibras.com\/site\/juro-de-emprestimo-registra-10a-alta-seguida-e-assusta-os-consumidores\/\"},\"wordCount\":298,\"commentCount\":0,\"publisher\":{\"@id\":\"https:\/\/www.notibras.com\/site\/#organization\"},\"image\":{\"@id\":\"https:\/\/www.notibras.com\/site\/juro-de-emprestimo-registra-10a-alta-seguida-e-assusta-os-consumidores\/#primaryimage\"},\"thumbnailUrl\":\"https:\/\/www.notibras.com\/site\/wp-content\/uploads\/2014\/04\/em.jpg\",\"articleSection\":[\"Brasil\"],\"inLanguage\":\"pt-BR\",\"potentialAction\":[{\"@type\":\"CommentAction\",\"name\":\"Comment\",\"target\":[\"https:\/\/www.notibras.com\/site\/juro-de-emprestimo-registra-10a-alta-seguida-e-assusta-os-consumidores\/#respond\"]}]},{\"@type\":\"WebPage\",\"@id\":\"https:\/\/www.notibras.com\/site\/juro-de-emprestimo-registra-10a-alta-seguida-e-assusta-os-consumidores\/\",\"url\":\"https:\/\/www.notibras.com\/site\/juro-de-emprestimo-registra-10a-alta-seguida-e-assusta-os-consumidores\/\",\"name\":\"Juro de empr\u00e9stimo registra 10\u00aa alta seguida e assusta consumidor j\u00e1 endividado - Notibras\",\"isPartOf\":{\"@id\":\"https:\/\/www.notibras.com\/site\/#website\"},\"primaryImageOfPage\":{\"@id\":\"https:\/\/www.notibras.com\/site\/juro-de-emprestimo-registra-10a-alta-seguida-e-assusta-os-consumidores\/#primaryimage\"},\"image\":{\"@id\":\"https:\/\/www.notibras.com\/site\/juro-de-emprestimo-registra-10a-alta-seguida-e-assusta-os-consumidores\/#primaryimage\"},\"thumbnailUrl\":\"https:\/\/www.notibras.com\/site\/wp-content\/uploads\/2014\/04\/em.jpg\",\"datePublished\":\"2014-04-10T18:49:57+00:00\",\"dateModified\":\"2014-04-11T10:56:08+00:00\",\"breadcrumb\":{\"@id\":\"https:\/\/www.notibras.com\/site\/juro-de-emprestimo-registra-10a-alta-seguida-e-assusta-os-consumidores\/#breadcrumb\"},\"inLanguage\":\"pt-BR\",\"potentialAction\":[{\"@type\":\"ReadAction\",\"target\":[\"https:\/\/www.notibras.com\/site\/juro-de-emprestimo-registra-10a-alta-seguida-e-assusta-os-consumidores\/\"]}]},{\"@type\":\"ImageObject\",\"inLanguage\":\"pt-BR\",\"@id\":\"https:\/\/www.notibras.com\/site\/juro-de-emprestimo-registra-10a-alta-seguida-e-assusta-os-consumidores\/#primaryimage\",\"url\":\"https:\/\/www.notibras.com\/site\/wp-content\/uploads\/2014\/04\/em.jpg\",\"contentUrl\":\"https:\/\/www.notibras.com\/site\/wp-content\/uploads\/2014\/04\/em.jpg\",\"width\":400,\"height\":350},{\"@type\":\"BreadcrumbList\",\"@id\":\"https:\/\/www.notibras.com\/site\/juro-de-emprestimo-registra-10a-alta-seguida-e-assusta-os-consumidores\/#breadcrumb\",\"itemListElement\":[{\"@type\":\"ListItem\",\"position\":1,\"name\":\"In\u00edcio\",\"item\":\"https:\/\/www.notibras.com\/site\/\"},{\"@type\":\"ListItem\",\"position\":2,\"name\":\"Juro de empr\u00e9stimo registra 10\u00aa alta seguida e assusta consumidor j\u00e1 endividado\"}]},{\"@type\":\"WebSite\",\"@id\":\"https:\/\/www.notibras.com\/site\/#website\",\"url\":\"https:\/\/www.notibras.com\/site\/\",\"name\":\"Notibras\",\"description\":\"Not\u00edcias de Bras\u00edlia, do Brasil e do Mundo\",\"publisher\":{\"@id\":\"https:\/\/www.notibras.com\/site\/#organization\"},\"potentialAction\":[{\"@type\":\"SearchAction\",\"target\":{\"@type\":\"EntryPoint\",\"urlTemplate\":\"https:\/\/www.notibras.com\/site\/?s={search_term_string}\"},\"query-input\":{\"@type\":\"PropertyValueSpecification\",\"valueRequired\":true,\"valueName\":\"search_term_string\"}}],\"inLanguage\":\"pt-BR\"},{\"@type\":\"Organization\",\"@id\":\"https:\/\/www.notibras.com\/site\/#organization\",\"name\":\"Grupo Notibras de Comunica\u00e7\u00e3o\",\"url\":\"https:\/\/www.notibras.com\/site\/\",\"logo\":{\"@type\":\"ImageObject\",\"inLanguage\":\"pt-BR\",\"@id\":\"https:\/\/www.notibras.com\/site\/#\/schema\/logo\/image\/\",\"url\":\"https:\/\/www.notibras.com\/site\/wp-content\/uploads\/2023\/01\/notibras23.png\",\"contentUrl\":\"https:\/\/www.notibras.com\/site\/wp-content\/uploads\/2023\/01\/notibras23.png\",\"width\":350,\"height\":87,\"caption\":\"Grupo Notibras de Comunica\u00e7\u00e3o\"},\"image\":{\"@id\":\"https:\/\/www.notibras.com\/site\/#\/schema\/logo\/image\/\"},\"sameAs\":[\"https:\/\/www.facebook.com\/notibras\/\",\"https:\/\/x.com\/Notibras\",\"https:\/\/www.instagram.com\/notibras\/\"]},{\"@type\":\"Person\",\"@id\":\"https:\/\/www.notibras.com\/site\/#\/schema\/person\/36ab0979449956132d3e5b517ea76ac8\",\"name\":\"Reda\u00e7\u00e3o\",\"image\":{\"@type\":\"ImageObject\",\"inLanguage\":\"pt-BR\",\"@id\":\"https:\/\/secure.gravatar.com\/avatar\/e0a867bdedb85fd243eadf09663511f96fc81e0720a4a42581f334ad4303aa6b?s=96&d=mm&r=g\",\"url\":\"https:\/\/secure.gravatar.com\/avatar\/e0a867bdedb85fd243eadf09663511f96fc81e0720a4a42581f334ad4303aa6b?s=96&d=mm&r=g\",\"contentUrl\":\"https:\/\/secure.gravatar.com\/avatar\/e0a867bdedb85fd243eadf09663511f96fc81e0720a4a42581f334ad4303aa6b?s=96&d=mm&r=g\",\"caption\":\"Reda\u00e7\u00e3o\"}}]}<\/script>\n<!-- \/ Yoast SEO plugin. -->","yoast_head_json":{"title":"Juro de empr\u00e9stimo registra 10\u00aa alta seguida e assusta consumidor j\u00e1 endividado - Notibras","robots":{"index":"index","follow":"follow","max-snippet":"max-snippet:-1","max-image-preview":"max-image-preview:large","max-video-preview":"max-video-preview:-1"},"canonical":"https:\/\/www.notibras.com\/site\/juro-de-emprestimo-registra-10a-alta-seguida-e-assusta-os-consumidores\/","og_locale":"pt_BR","og_type":"article","og_title":"Juro de empr\u00e9stimo registra 10\u00aa alta seguida e assusta consumidor j\u00e1 endividado - Notibras","og_description":"As taxas de juros das opera\u00e7\u00f5es de cr\u00e9dito para pessoa f\u00edsica e jur\u00eddica tiveram alta em mar\u00e7o, segundo a Pesquisa de Juros da Associa\u00e7\u00e3o Nacional dos Executivos de Finan\u00e7as, Administra\u00e7\u00e3o e Contabilidade (Anefac). De acordo com a entidade, essa foi a d\u00e9cima alta consecutiva. Para pessoa f\u00edsica, a m\u00e9dia geral dos juros cresceu 0,04 ponto [&hellip;]","og_url":"https:\/\/www.notibras.com\/site\/juro-de-emprestimo-registra-10a-alta-seguida-e-assusta-os-consumidores\/","og_site_name":"Notibras","article_publisher":"https:\/\/www.facebook.com\/notibras\/","article_published_time":"2014-04-10T18:49:57+00:00","article_modified_time":"2014-04-11T10:56:08+00:00","og_image":[{"width":400,"height":350,"url":"https:\/\/www.notibras.com\/site\/wp-content\/uploads\/2014\/04\/em.jpg","type":"image\/jpeg"}],"author":"Reda\u00e7\u00e3o","twitter_card":"summary_large_image","twitter_creator":"@Notibras","twitter_site":"@Notibras","twitter_misc":{"Escrito por":"Reda\u00e7\u00e3o","Est. tempo de leitura":"1 minuto"},"schema":{"@context":"https:\/\/schema.org","@graph":[{"@type":"Article","@id":"https:\/\/www.notibras.com\/site\/juro-de-emprestimo-registra-10a-alta-seguida-e-assusta-os-consumidores\/#article","isPartOf":{"@id":"https:\/\/www.notibras.com\/site\/juro-de-emprestimo-registra-10a-alta-seguida-e-assusta-os-consumidores\/"},"author":{"name":"Reda\u00e7\u00e3o","@id":"https:\/\/www.notibras.com\/site\/#\/schema\/person\/36ab0979449956132d3e5b517ea76ac8"},"headline":"Juro de empr\u00e9stimo registra 10\u00aa alta seguida e assusta consumidor j\u00e1 endividado","datePublished":"2014-04-10T18:49:57+00:00","dateModified":"2014-04-11T10:56:08+00:00","mainEntityOfPage":{"@id":"https:\/\/www.notibras.com\/site\/juro-de-emprestimo-registra-10a-alta-seguida-e-assusta-os-consumidores\/"},"wordCount":298,"commentCount":0,"publisher":{"@id":"https:\/\/www.notibras.com\/site\/#organization"},"image":{"@id":"https:\/\/www.notibras.com\/site\/juro-de-emprestimo-registra-10a-alta-seguida-e-assusta-os-consumidores\/#primaryimage"},"thumbnailUrl":"https:\/\/www.notibras.com\/site\/wp-content\/uploads\/2014\/04\/em.jpg","articleSection":["Brasil"],"inLanguage":"pt-BR","potentialAction":[{"@type":"CommentAction","name":"Comment","target":["https:\/\/www.notibras.com\/site\/juro-de-emprestimo-registra-10a-alta-seguida-e-assusta-os-consumidores\/#respond"]}]},{"@type":"WebPage","@id":"https:\/\/www.notibras.com\/site\/juro-de-emprestimo-registra-10a-alta-seguida-e-assusta-os-consumidores\/","url":"https:\/\/www.notibras.com\/site\/juro-de-emprestimo-registra-10a-alta-seguida-e-assusta-os-consumidores\/","name":"Juro de empr\u00e9stimo registra 10\u00aa alta seguida e assusta consumidor j\u00e1 endividado - Notibras","isPartOf":{"@id":"https:\/\/www.notibras.com\/site\/#website"},"primaryImageOfPage":{"@id":"https:\/\/www.notibras.com\/site\/juro-de-emprestimo-registra-10a-alta-seguida-e-assusta-os-consumidores\/#primaryimage"},"image":{"@id":"https:\/\/www.notibras.com\/site\/juro-de-emprestimo-registra-10a-alta-seguida-e-assusta-os-consumidores\/#primaryimage"},"thumbnailUrl":"https:\/\/www.notibras.com\/site\/wp-content\/uploads\/2014\/04\/em.jpg","datePublished":"2014-04-10T18:49:57+00:00","dateModified":"2014-04-11T10:56:08+00:00","breadcrumb":{"@id":"https:\/\/www.notibras.com\/site\/juro-de-emprestimo-registra-10a-alta-seguida-e-assusta-os-consumidores\/#breadcrumb"},"inLanguage":"pt-BR","potentialAction":[{"@type":"ReadAction","target":["https:\/\/www.notibras.com\/site\/juro-de-emprestimo-registra-10a-alta-seguida-e-assusta-os-consumidores\/"]}]},{"@type":"ImageObject","inLanguage":"pt-BR","@id":"https:\/\/www.notibras.com\/site\/juro-de-emprestimo-registra-10a-alta-seguida-e-assusta-os-consumidores\/#primaryimage","url":"https:\/\/www.notibras.com\/site\/wp-content\/uploads\/2014\/04\/em.jpg","contentUrl":"https:\/\/www.notibras.com\/site\/wp-content\/uploads\/2014\/04\/em.jpg","width":400,"height":350},{"@type":"BreadcrumbList","@id":"https:\/\/www.notibras.com\/site\/juro-de-emprestimo-registra-10a-alta-seguida-e-assusta-os-consumidores\/#breadcrumb","itemListElement":[{"@type":"ListItem","position":1,"name":"In\u00edcio","item":"https:\/\/www.notibras.com\/site\/"},{"@type":"ListItem","position":2,"name":"Juro de empr\u00e9stimo registra 10\u00aa alta seguida e assusta consumidor j\u00e1 endividado"}]},{"@type":"WebSite","@id":"https:\/\/www.notibras.com\/site\/#website","url":"https:\/\/www.notibras.com\/site\/","name":"Notibras","description":"Not\u00edcias de Bras\u00edlia, do Brasil e do Mundo","publisher":{"@id":"https:\/\/www.notibras.com\/site\/#organization"},"potentialAction":[{"@type":"SearchAction","target":{"@type":"EntryPoint","urlTemplate":"https:\/\/www.notibras.com\/site\/?s={search_term_string}"},"query-input":{"@type":"PropertyValueSpecification","valueRequired":true,"valueName":"search_term_string"}}],"inLanguage":"pt-BR"},{"@type":"Organization","@id":"https:\/\/www.notibras.com\/site\/#organization","name":"Grupo Notibras de Comunica\u00e7\u00e3o","url":"https:\/\/www.notibras.com\/site\/","logo":{"@type":"ImageObject","inLanguage":"pt-BR","@id":"https:\/\/www.notibras.com\/site\/#\/schema\/logo\/image\/","url":"https:\/\/www.notibras.com\/site\/wp-content\/uploads\/2023\/01\/notibras23.png","contentUrl":"https:\/\/www.notibras.com\/site\/wp-content\/uploads\/2023\/01\/notibras23.png","width":350,"height":87,"caption":"Grupo Notibras de Comunica\u00e7\u00e3o"},"image":{"@id":"https:\/\/www.notibras.com\/site\/#\/schema\/logo\/image\/"},"sameAs":["https:\/\/www.facebook.com\/notibras\/","https:\/\/x.com\/Notibras","https:\/\/www.instagram.com\/notibras\/"]},{"@type":"Person","@id":"https:\/\/www.notibras.com\/site\/#\/schema\/person\/36ab0979449956132d3e5b517ea76ac8","name":"Reda\u00e7\u00e3o","image":{"@type":"ImageObject","inLanguage":"pt-BR","@id":"https:\/\/secure.gravatar.com\/avatar\/e0a867bdedb85fd243eadf09663511f96fc81e0720a4a42581f334ad4303aa6b?s=96&d=mm&r=g","url":"https:\/\/secure.gravatar.com\/avatar\/e0a867bdedb85fd243eadf09663511f96fc81e0720a4a42581f334ad4303aa6b?s=96&d=mm&r=g","contentUrl":"https:\/\/secure.gravatar.com\/avatar\/e0a867bdedb85fd243eadf09663511f96fc81e0720a4a42581f334ad4303aa6b?s=96&d=mm&r=g","caption":"Reda\u00e7\u00e3o"}}]}},"amp_enabled":true,"_links":{"self":[{"href":"https:\/\/www.notibras.com\/site\/wp-json\/wp\/v2\/posts\/6459","targetHints":{"allow":["GET"]}}],"collection":[{"href":"https:\/\/www.notibras.com\/site\/wp-json\/wp\/v2\/posts"}],"about":[{"href":"https:\/\/www.notibras.com\/site\/wp-json\/wp\/v2\/types\/post"}],"author":[{"embeddable":true,"href":"https:\/\/www.notibras.com\/site\/wp-json\/wp\/v2\/users\/2"}],"replies":[{"embeddable":true,"href":"https:\/\/www.notibras.com\/site\/wp-json\/wp\/v2\/comments?post=6459"}],"version-history":[{"count":0,"href":"https:\/\/www.notibras.com\/site\/wp-json\/wp\/v2\/posts\/6459\/revisions"}],"wp:featuredmedia":[{"embeddable":true,"href":"https:\/\/www.notibras.com\/site\/wp-json\/wp\/v2\/media\/6460"}],"wp:attachment":[{"href":"https:\/\/www.notibras.com\/site\/wp-json\/wp\/v2\/media?parent=6459"}],"wp:term":[{"taxonomy":"category","embeddable":true,"href":"https:\/\/www.notibras.com\/site\/wp-json\/wp\/v2\/categories?post=6459"},{"taxonomy":"post_tag","embeddable":true,"href":"https:\/\/www.notibras.com\/site\/wp-json\/wp\/v2\/tags?post=6459"}],"curies":[{"name":"wp","href":"https:\/\/api.w.org\/{rel}","templated":true}]}}