{"id":64615,"date":"2015-08-27T05:26:52","date_gmt":"2015-08-27T08:26:52","guid":{"rendered":"http:\/\/www.notibras.com\/site\/?p=64615"},"modified":"2015-10-29T14:50:01","modified_gmt":"2015-10-29T16:50:01","slug":"motociclista-flagrado-bebado-em-blitz-cheira-e-morde-bafometro","status":"publish","type":"post","link":"https:\/\/www.notibras.com\/site\/motociclista-flagrado-bebado-em-blitz-cheira-e-morde-bafometro\/","title":{"rendered":"Motociclista flagrado b\u00eabado em blitz cheira e morde baf\u00f4metro"},"content":{"rendered":"<p>Um homem, de 54 anos, foi flagrado em vis\u00edvel embriaguez por policiais civis no centro de Sonora, distante \u00e0 366 km de Campo Grande. Segundo o registro policial, ao realizar o teste do baf\u00f4metro, o homem teria quebrado o tubo com uma mordida.\u00a0A pol\u00edcia realizou a abordagem por volta das 23h30 de ter\u00e7a-feira (25), ap\u00f3s os policiais notarem o condutor acelerando a moto diversas vezes.<\/p>\n<p>De acordo com a pol\u00edcia, ao ser abordado, o motociclista mal conseguia se manter em p\u00e9 e cambaleava. Ele n\u00e3o tinha documentos de porte obrigat\u00f3rio e se recusava a identificar. Durante o teste do baf\u00f4metro, o motociclista teria quebrado o tubo com uma mordida.<\/p>\n<p>O homem ser\u00e1 autuado por dirigir sob influ\u00eancia de \u00e1lcool e sem Carteira Nacional de Habilita\u00e7\u00e3o (CNH). Al\u00e9m disso, o ve\u00edculo foi removido. Ainda segundo o boletim de ocorr\u00eancia, o homem foi encaminhado para a Delegacia de Pol\u00edcia Judici\u00e1ria sem les\u00f5es aparentes.<\/p>\n<p>O caso foi registrado como conduzir ve\u00edculo automotor com capacidade psicomotora alterada em raz\u00e3o da influ\u00eancia de \u00e1lcool ou de outra subst\u00e2ncia psicoativa que determine depend\u00eancia na Delegacia de Pol\u00edcia (DP) de Sonora.<\/p>\n","protected":false},"excerpt":{"rendered":"<p>Um homem, de 54 anos, foi flagrado em vis\u00edvel embriaguez por policiais civis no centro de Sonora, distante \u00e0 366 km de Campo Grande. Segundo o registro policial, ao realizar o teste do baf\u00f4metro, o homem teria quebrado o tubo com uma mordida.\u00a0A pol\u00edcia realizou a abordagem por volta das 23h30 de ter\u00e7a-feira (25), ap\u00f3s [&hellip;]<\/p>\n","protected":false},"author":2,"featured_media":64616,"comment_status":"open","ping_status":"closed","sticky":false,"template":"","format":"standard","meta":{"_acf_changed":false,"footnotes":""},"categories":[16],"tags":[],"class_list":["post-64615","post","type-post","status-publish","format-standard","has-post-thumbnail","hentry","category-brasil"],"acf":[],"yoast_head":"<!-- This site is optimized with the Yoast SEO plugin v27.2 - https:\/\/yoast.com\/product\/yoast-seo-wordpress\/ -->\n<title>Motociclista flagrado b\u00eabado em blitz cheira e morde baf\u00f4metro - Notibras<\/title>\n<meta name=\"robots\" content=\"index, follow, max-snippet:-1, max-image-preview:large, max-video-preview:-1\" \/>\n<link rel=\"canonical\" href=\"https:\/\/www.notibras.com\/site\/motociclista-flagrado-bebado-em-blitz-cheira-e-morde-bafometro\/\" \/>\n<meta property=\"og:locale\" content=\"pt_BR\" \/>\n<meta property=\"og:type\" content=\"article\" \/>\n<meta property=\"og:title\" content=\"Motociclista flagrado b\u00eabado em blitz cheira e morde baf\u00f4metro - Notibras\" \/>\n<meta property=\"og:description\" content=\"Um homem, de 54 anos, foi flagrado em vis\u00edvel embriaguez por policiais civis no centro de Sonora, distante \u00e0 366 km de Campo Grande. Segundo o registro policial, ao realizar o teste do baf\u00f4metro, o homem teria quebrado o tubo com uma mordida.\u00a0A pol\u00edcia realizou a abordagem por volta das 23h30 de ter\u00e7a-feira (25), ap\u00f3s [&hellip;]\" \/>\n<meta property=\"og:url\" content=\"https:\/\/www.notibras.com\/site\/motociclista-flagrado-bebado-em-blitz-cheira-e-morde-bafometro\/\" \/>\n<meta property=\"og:site_name\" content=\"Notibras\" \/>\n<meta property=\"article:publisher\" content=\"https:\/\/www.facebook.com\/notibras\/\" \/>\n<meta property=\"article:published_time\" content=\"2015-08-27T08:26:52+00:00\" \/>\n<meta property=\"article:modified_time\" content=\"2015-10-29T16:50:01+00:00\" \/>\n<meta property=\"og:image\" content=\"https:\/\/www.notibras.com\/site\/wp-content\/uploads\/2015\/08\/bebado-bafometro.jpg\" \/>\n\t<meta property=\"og:image:width\" content=\"448\" \/>\n\t<meta property=\"og:image:height\" content=\"316\" \/>\n\t<meta property=\"og:image:type\" content=\"image\/jpeg\" \/>\n<meta name=\"author\" content=\"Reda\u00e7\u00e3o\" \/>\n<meta name=\"twitter:card\" content=\"summary_large_image\" \/>\n<meta name=\"twitter:creator\" content=\"@Notibras\" \/>\n<meta name=\"twitter:site\" content=\"@Notibras\" \/>\n<meta name=\"twitter:label1\" content=\"Escrito por\" \/>\n\t<meta name=\"twitter:data1\" content=\"Reda\u00e7\u00e3o\" \/>\n\t<meta name=\"twitter:label2\" content=\"Est. tempo de leitura\" \/>\n\t<meta name=\"twitter:data2\" content=\"1 minuto\" \/>\n<script type=\"application\/ld+json\" class=\"yoast-schema-graph\">{\"@context\":\"https:\/\/schema.org\",\"@graph\":[{\"@type\":\"Article\",\"@id\":\"https:\/\/www.notibras.com\/site\/motociclista-flagrado-bebado-em-blitz-cheira-e-morde-bafometro\/#article\",\"isPartOf\":{\"@id\":\"https:\/\/www.notibras.com\/site\/motociclista-flagrado-bebado-em-blitz-cheira-e-morde-bafometro\/\"},\"author\":{\"name\":\"Reda\u00e7\u00e3o\",\"@id\":\"https:\/\/www.notibras.com\/site\/#\/schema\/person\/36ab0979449956132d3e5b517ea76ac8\"},\"headline\":\"Motociclista flagrado b\u00eabado em blitz cheira e morde baf\u00f4metro\",\"datePublished\":\"2015-08-27T08:26:52+00:00\",\"dateModified\":\"2015-10-29T16:50:01+00:00\",\"mainEntityOfPage\":{\"@id\":\"https:\/\/www.notibras.com\/site\/motociclista-flagrado-bebado-em-blitz-cheira-e-morde-bafometro\/\"},\"wordCount\":215,\"commentCount\":0,\"publisher\":{\"@id\":\"https:\/\/www.notibras.com\/site\/#organization\"},\"image\":{\"@id\":\"https:\/\/www.notibras.com\/site\/motociclista-flagrado-bebado-em-blitz-cheira-e-morde-bafometro\/#primaryimage\"},\"thumbnailUrl\":\"https:\/\/www.notibras.com\/site\/wp-content\/uploads\/2015\/08\/bebado-bafometro.jpg\",\"articleSection\":[\"Brasil\"],\"inLanguage\":\"pt-BR\",\"potentialAction\":[{\"@type\":\"CommentAction\",\"name\":\"Comment\",\"target\":[\"https:\/\/www.notibras.com\/site\/motociclista-flagrado-bebado-em-blitz-cheira-e-morde-bafometro\/#respond\"]}]},{\"@type\":\"WebPage\",\"@id\":\"https:\/\/www.notibras.com\/site\/motociclista-flagrado-bebado-em-blitz-cheira-e-morde-bafometro\/\",\"url\":\"https:\/\/www.notibras.com\/site\/motociclista-flagrado-bebado-em-blitz-cheira-e-morde-bafometro\/\",\"name\":\"Motociclista flagrado b\u00eabado em blitz cheira e morde baf\u00f4metro - Notibras\",\"isPartOf\":{\"@id\":\"https:\/\/www.notibras.com\/site\/#website\"},\"primaryImageOfPage\":{\"@id\":\"https:\/\/www.notibras.com\/site\/motociclista-flagrado-bebado-em-blitz-cheira-e-morde-bafometro\/#primaryimage\"},\"image\":{\"@id\":\"https:\/\/www.notibras.com\/site\/motociclista-flagrado-bebado-em-blitz-cheira-e-morde-bafometro\/#primaryimage\"},\"thumbnailUrl\":\"https:\/\/www.notibras.com\/site\/wp-content\/uploads\/2015\/08\/bebado-bafometro.jpg\",\"datePublished\":\"2015-08-27T08:26:52+00:00\",\"dateModified\":\"2015-10-29T16:50:01+00:00\",\"breadcrumb\":{\"@id\":\"https:\/\/www.notibras.com\/site\/motociclista-flagrado-bebado-em-blitz-cheira-e-morde-bafometro\/#breadcrumb\"},\"inLanguage\":\"pt-BR\",\"potentialAction\":[{\"@type\":\"ReadAction\",\"target\":[\"https:\/\/www.notibras.com\/site\/motociclista-flagrado-bebado-em-blitz-cheira-e-morde-bafometro\/\"]}]},{\"@type\":\"ImageObject\",\"inLanguage\":\"pt-BR\",\"@id\":\"https:\/\/www.notibras.com\/site\/motociclista-flagrado-bebado-em-blitz-cheira-e-morde-bafometro\/#primaryimage\",\"url\":\"https:\/\/www.notibras.com\/site\/wp-content\/uploads\/2015\/08\/bebado-bafometro.jpg\",\"contentUrl\":\"https:\/\/www.notibras.com\/site\/wp-content\/uploads\/2015\/08\/bebado-bafometro.jpg\",\"width\":448,\"height\":316},{\"@type\":\"BreadcrumbList\",\"@id\":\"https:\/\/www.notibras.com\/site\/motociclista-flagrado-bebado-em-blitz-cheira-e-morde-bafometro\/#breadcrumb\",\"itemListElement\":[{\"@type\":\"ListItem\",\"position\":1,\"name\":\"In\u00edcio\",\"item\":\"https:\/\/www.notibras.com\/site\/\"},{\"@type\":\"ListItem\",\"position\":2,\"name\":\"Motociclista flagrado b\u00eabado em blitz cheira e morde baf\u00f4metro\"}]},{\"@type\":\"WebSite\",\"@id\":\"https:\/\/www.notibras.com\/site\/#website\",\"url\":\"https:\/\/www.notibras.com\/site\/\",\"name\":\"Notibras\",\"description\":\"Not\u00edcias de Bras\u00edlia, do Brasil e do Mundo\",\"publisher\":{\"@id\":\"https:\/\/www.notibras.com\/site\/#organization\"},\"potentialAction\":[{\"@type\":\"SearchAction\",\"target\":{\"@type\":\"EntryPoint\",\"urlTemplate\":\"https:\/\/www.notibras.com\/site\/?s={search_term_string}\"},\"query-input\":{\"@type\":\"PropertyValueSpecification\",\"valueRequired\":true,\"valueName\":\"search_term_string\"}}],\"inLanguage\":\"pt-BR\"},{\"@type\":\"Organization\",\"@id\":\"https:\/\/www.notibras.com\/site\/#organization\",\"name\":\"Grupo Notibras de Comunica\u00e7\u00e3o\",\"url\":\"https:\/\/www.notibras.com\/site\/\",\"logo\":{\"@type\":\"ImageObject\",\"inLanguage\":\"pt-BR\",\"@id\":\"https:\/\/www.notibras.com\/site\/#\/schema\/logo\/image\/\",\"url\":\"https:\/\/www.notibras.com\/site\/wp-content\/uploads\/2023\/01\/notibras23.png\",\"contentUrl\":\"https:\/\/www.notibras.com\/site\/wp-content\/uploads\/2023\/01\/notibras23.png\",\"width\":350,\"height\":87,\"caption\":\"Grupo Notibras de Comunica\u00e7\u00e3o\"},\"image\":{\"@id\":\"https:\/\/www.notibras.com\/site\/#\/schema\/logo\/image\/\"},\"sameAs\":[\"https:\/\/www.facebook.com\/notibras\/\",\"https:\/\/x.com\/Notibras\",\"https:\/\/www.instagram.com\/notibras\/\"]},{\"@type\":\"Person\",\"@id\":\"https:\/\/www.notibras.com\/site\/#\/schema\/person\/36ab0979449956132d3e5b517ea76ac8\",\"name\":\"Reda\u00e7\u00e3o\",\"image\":{\"@type\":\"ImageObject\",\"inLanguage\":\"pt-BR\",\"@id\":\"https:\/\/secure.gravatar.com\/avatar\/e0a867bdedb85fd243eadf09663511f96fc81e0720a4a42581f334ad4303aa6b?s=96&d=mm&r=g\",\"url\":\"https:\/\/secure.gravatar.com\/avatar\/e0a867bdedb85fd243eadf09663511f96fc81e0720a4a42581f334ad4303aa6b?s=96&d=mm&r=g\",\"contentUrl\":\"https:\/\/secure.gravatar.com\/avatar\/e0a867bdedb85fd243eadf09663511f96fc81e0720a4a42581f334ad4303aa6b?s=96&d=mm&r=g\",\"caption\":\"Reda\u00e7\u00e3o\"}}]}<\/script>\n<!-- \/ Yoast SEO plugin. -->","yoast_head_json":{"title":"Motociclista flagrado b\u00eabado em blitz cheira e morde baf\u00f4metro - Notibras","robots":{"index":"index","follow":"follow","max-snippet":"max-snippet:-1","max-image-preview":"max-image-preview:large","max-video-preview":"max-video-preview:-1"},"canonical":"https:\/\/www.notibras.com\/site\/motociclista-flagrado-bebado-em-blitz-cheira-e-morde-bafometro\/","og_locale":"pt_BR","og_type":"article","og_title":"Motociclista flagrado b\u00eabado em blitz cheira e morde baf\u00f4metro - Notibras","og_description":"Um homem, de 54 anos, foi flagrado em vis\u00edvel embriaguez por policiais civis no centro de Sonora, distante \u00e0 366 km de Campo Grande. Segundo o registro policial, ao realizar o teste do baf\u00f4metro, o homem teria quebrado o tubo com uma mordida.\u00a0A pol\u00edcia realizou a abordagem por volta das 23h30 de ter\u00e7a-feira (25), ap\u00f3s [&hellip;]","og_url":"https:\/\/www.notibras.com\/site\/motociclista-flagrado-bebado-em-blitz-cheira-e-morde-bafometro\/","og_site_name":"Notibras","article_publisher":"https:\/\/www.facebook.com\/notibras\/","article_published_time":"2015-08-27T08:26:52+00:00","article_modified_time":"2015-10-29T16:50:01+00:00","og_image":[{"width":448,"height":316,"url":"https:\/\/www.notibras.com\/site\/wp-content\/uploads\/2015\/08\/bebado-bafometro.jpg","type":"image\/jpeg"}],"author":"Reda\u00e7\u00e3o","twitter_card":"summary_large_image","twitter_creator":"@Notibras","twitter_site":"@Notibras","twitter_misc":{"Escrito por":"Reda\u00e7\u00e3o","Est. tempo de leitura":"1 minuto"},"schema":{"@context":"https:\/\/schema.org","@graph":[{"@type":"Article","@id":"https:\/\/www.notibras.com\/site\/motociclista-flagrado-bebado-em-blitz-cheira-e-morde-bafometro\/#article","isPartOf":{"@id":"https:\/\/www.notibras.com\/site\/motociclista-flagrado-bebado-em-blitz-cheira-e-morde-bafometro\/"},"author":{"name":"Reda\u00e7\u00e3o","@id":"https:\/\/www.notibras.com\/site\/#\/schema\/person\/36ab0979449956132d3e5b517ea76ac8"},"headline":"Motociclista flagrado b\u00eabado em blitz cheira e morde baf\u00f4metro","datePublished":"2015-08-27T08:26:52+00:00","dateModified":"2015-10-29T16:50:01+00:00","mainEntityOfPage":{"@id":"https:\/\/www.notibras.com\/site\/motociclista-flagrado-bebado-em-blitz-cheira-e-morde-bafometro\/"},"wordCount":215,"commentCount":0,"publisher":{"@id":"https:\/\/www.notibras.com\/site\/#organization"},"image":{"@id":"https:\/\/www.notibras.com\/site\/motociclista-flagrado-bebado-em-blitz-cheira-e-morde-bafometro\/#primaryimage"},"thumbnailUrl":"https:\/\/www.notibras.com\/site\/wp-content\/uploads\/2015\/08\/bebado-bafometro.jpg","articleSection":["Brasil"],"inLanguage":"pt-BR","potentialAction":[{"@type":"CommentAction","name":"Comment","target":["https:\/\/www.notibras.com\/site\/motociclista-flagrado-bebado-em-blitz-cheira-e-morde-bafometro\/#respond"]}]},{"@type":"WebPage","@id":"https:\/\/www.notibras.com\/site\/motociclista-flagrado-bebado-em-blitz-cheira-e-morde-bafometro\/","url":"https:\/\/www.notibras.com\/site\/motociclista-flagrado-bebado-em-blitz-cheira-e-morde-bafometro\/","name":"Motociclista flagrado b\u00eabado em blitz cheira e morde baf\u00f4metro - Notibras","isPartOf":{"@id":"https:\/\/www.notibras.com\/site\/#website"},"primaryImageOfPage":{"@id":"https:\/\/www.notibras.com\/site\/motociclista-flagrado-bebado-em-blitz-cheira-e-morde-bafometro\/#primaryimage"},"image":{"@id":"https:\/\/www.notibras.com\/site\/motociclista-flagrado-bebado-em-blitz-cheira-e-morde-bafometro\/#primaryimage"},"thumbnailUrl":"https:\/\/www.notibras.com\/site\/wp-content\/uploads\/2015\/08\/bebado-bafometro.jpg","datePublished":"2015-08-27T08:26:52+00:00","dateModified":"2015-10-29T16:50:01+00:00","breadcrumb":{"@id":"https:\/\/www.notibras.com\/site\/motociclista-flagrado-bebado-em-blitz-cheira-e-morde-bafometro\/#breadcrumb"},"inLanguage":"pt-BR","potentialAction":[{"@type":"ReadAction","target":["https:\/\/www.notibras.com\/site\/motociclista-flagrado-bebado-em-blitz-cheira-e-morde-bafometro\/"]}]},{"@type":"ImageObject","inLanguage":"pt-BR","@id":"https:\/\/www.notibras.com\/site\/motociclista-flagrado-bebado-em-blitz-cheira-e-morde-bafometro\/#primaryimage","url":"https:\/\/www.notibras.com\/site\/wp-content\/uploads\/2015\/08\/bebado-bafometro.jpg","contentUrl":"https:\/\/www.notibras.com\/site\/wp-content\/uploads\/2015\/08\/bebado-bafometro.jpg","width":448,"height":316},{"@type":"BreadcrumbList","@id":"https:\/\/www.notibras.com\/site\/motociclista-flagrado-bebado-em-blitz-cheira-e-morde-bafometro\/#breadcrumb","itemListElement":[{"@type":"ListItem","position":1,"name":"In\u00edcio","item":"https:\/\/www.notibras.com\/site\/"},{"@type":"ListItem","position":2,"name":"Motociclista flagrado b\u00eabado em blitz cheira e morde baf\u00f4metro"}]},{"@type":"WebSite","@id":"https:\/\/www.notibras.com\/site\/#website","url":"https:\/\/www.notibras.com\/site\/","name":"Notibras","description":"Not\u00edcias de Bras\u00edlia, do Brasil e do Mundo","publisher":{"@id":"https:\/\/www.notibras.com\/site\/#organization"},"potentialAction":[{"@type":"SearchAction","target":{"@type":"EntryPoint","urlTemplate":"https:\/\/www.notibras.com\/site\/?s={search_term_string}"},"query-input":{"@type":"PropertyValueSpecification","valueRequired":true,"valueName":"search_term_string"}}],"inLanguage":"pt-BR"},{"@type":"Organization","@id":"https:\/\/www.notibras.com\/site\/#organization","name":"Grupo Notibras de Comunica\u00e7\u00e3o","url":"https:\/\/www.notibras.com\/site\/","logo":{"@type":"ImageObject","inLanguage":"pt-BR","@id":"https:\/\/www.notibras.com\/site\/#\/schema\/logo\/image\/","url":"https:\/\/www.notibras.com\/site\/wp-content\/uploads\/2023\/01\/notibras23.png","contentUrl":"https:\/\/www.notibras.com\/site\/wp-content\/uploads\/2023\/01\/notibras23.png","width":350,"height":87,"caption":"Grupo Notibras de Comunica\u00e7\u00e3o"},"image":{"@id":"https:\/\/www.notibras.com\/site\/#\/schema\/logo\/image\/"},"sameAs":["https:\/\/www.facebook.com\/notibras\/","https:\/\/x.com\/Notibras","https:\/\/www.instagram.com\/notibras\/"]},{"@type":"Person","@id":"https:\/\/www.notibras.com\/site\/#\/schema\/person\/36ab0979449956132d3e5b517ea76ac8","name":"Reda\u00e7\u00e3o","image":{"@type":"ImageObject","inLanguage":"pt-BR","@id":"https:\/\/secure.gravatar.com\/avatar\/e0a867bdedb85fd243eadf09663511f96fc81e0720a4a42581f334ad4303aa6b?s=96&d=mm&r=g","url":"https:\/\/secure.gravatar.com\/avatar\/e0a867bdedb85fd243eadf09663511f96fc81e0720a4a42581f334ad4303aa6b?s=96&d=mm&r=g","contentUrl":"https:\/\/secure.gravatar.com\/avatar\/e0a867bdedb85fd243eadf09663511f96fc81e0720a4a42581f334ad4303aa6b?s=96&d=mm&r=g","caption":"Reda\u00e7\u00e3o"}}]}},"amp_enabled":true,"_links":{"self":[{"href":"https:\/\/www.notibras.com\/site\/wp-json\/wp\/v2\/posts\/64615","targetHints":{"allow":["GET"]}}],"collection":[{"href":"https:\/\/www.notibras.com\/site\/wp-json\/wp\/v2\/posts"}],"about":[{"href":"https:\/\/www.notibras.com\/site\/wp-json\/wp\/v2\/types\/post"}],"author":[{"embeddable":true,"href":"https:\/\/www.notibras.com\/site\/wp-json\/wp\/v2\/users\/2"}],"replies":[{"embeddable":true,"href":"https:\/\/www.notibras.com\/site\/wp-json\/wp\/v2\/comments?post=64615"}],"version-history":[{"count":1,"href":"https:\/\/www.notibras.com\/site\/wp-json\/wp\/v2\/posts\/64615\/revisions"}],"predecessor-version":[{"id":64617,"href":"https:\/\/www.notibras.com\/site\/wp-json\/wp\/v2\/posts\/64615\/revisions\/64617"}],"wp:featuredmedia":[{"embeddable":true,"href":"https:\/\/www.notibras.com\/site\/wp-json\/wp\/v2\/media\/64616"}],"wp:attachment":[{"href":"https:\/\/www.notibras.com\/site\/wp-json\/wp\/v2\/media?parent=64615"}],"wp:term":[{"taxonomy":"category","embeddable":true,"href":"https:\/\/www.notibras.com\/site\/wp-json\/wp\/v2\/categories?post=64615"},{"taxonomy":"post_tag","embeddable":true,"href":"https:\/\/www.notibras.com\/site\/wp-json\/wp\/v2\/tags?post=64615"}],"curies":[{"name":"wp","href":"https:\/\/api.w.org\/{rel}","templated":true}]}}