{"id":64678,"date":"2015-08-27T08:32:03","date_gmt":"2015-08-27T11:32:03","guid":{"rendered":"http:\/\/www.notibras.com\/site\/?p=64678"},"modified":"2015-08-27T08:32:03","modified_gmt":"2015-08-27T11:32:03","slug":"se-limitar-a-velocidade-da-certo-la-fora-tambem-dara-em-sao-paulo","status":"publish","type":"post","link":"https:\/\/www.notibras.com\/site\/se-limitar-a-velocidade-da-certo-la-fora-tambem-dara-em-sao-paulo\/","title":{"rendered":"Se limitar a velocidade d\u00e1 certo l\u00e1 fora, tamb\u00e9m dar\u00e1 em S\u00e3o Paulo?"},"content":{"rendered":"<p>No Brasil, a quantidade de v\u00edtimas decorrentes de acidente de tr\u00e2nsito \u00e9 uma realidade assustadora e que requer medidas adequadas da administra\u00e7\u00e3o p\u00fablica. Segundo o DPVAT, em 2014 houve 763.365 v\u00edtimas decorrentes de acidentes de tr\u00e2nsito, o que representa um aumento de 20% em rela\u00e7\u00e3o a 2013. Dessas v\u00edtimas, 52.226 perderam a vida e 595.693 foram indenizadas por invalidez permanente.<\/p>\n<p>\u00c9 verdade que as estat\u00edsticas mostram que a ado\u00e7\u00e3o de equipamentos e pol\u00edticas de seguran\u00e7a \u2013 tais como uso do cinto, airbag, freio ABS, redu\u00e7\u00e3o da velocidade nas vias e a Lei Seca \u2013 j\u00e1 trazem resultados positivos para a diminui\u00e7\u00e3o das mortes. No entanto, constata-se que na categoria dos motociclistas ainda h\u00e1 um aumento de indeniza\u00e7\u00f5es por invalidez permanente a cada ano. Do total de acidentes ocorridos em 2014, 76% envolveram motocicletas.<\/p>\n<p>Quando se aborda o tema acidente de tr\u00e2nsito, devem ser analisados os tr\u00eas principais atores, ou seja, o motorista, a via e o ve\u00edculo. No Brasil, qual desses \u00e9 o principal ator, qual participa de maneira mais efetiva para a ocorr\u00eancia dos acidentes?<\/p>\n<p>H\u00e1 quem diga que s\u00e3o os motoristas, em virtude da sua neglig\u00eancia, imper\u00edcia ou imprud\u00eancia; outros dir\u00e3o que s\u00e3o as vias, em virtude do estado de conserva\u00e7\u00e3o bastante question\u00e1vel; finalmente, h\u00e1 os que afirmam serem os ve\u00edculos, uma vez que n\u00e3o existe um programa de fiscaliza\u00e7\u00e3o das condi\u00e7\u00f5es de seguran\u00e7a para o tr\u00e1fego anual e nem a previs\u00e3o de uma vida \u00fatil determinada para eles, como em outros pa\u00edses.<\/p>\n<p>O pior de tudo, ainda n\u00e3o foi apresentado em nosso pa\u00eds um programa de pesquisa t\u00e9cnico-cient\u00edfica elaborado para determinar as verdadeiras causas dos acidentes de tr\u00e2nsito a n\u00edvel nacional. Tal como ocorre na Europa, nos Estados Unidos e em pa\u00edses vizinhos como o Chile, onde o tema \u00e9 tratado de maneira bem mais eficiente.<\/p>\n<p>No Brasil n\u00e3o se sabe, tecnicamente, os motivos da ocorr\u00eancia dos acidentes, e isto n\u00e3o se d\u00e1 por falta de capacidade ou neglig\u00eancia, mas sim, por falta de pessoal adequado nas institui\u00e7\u00f5es envolvidas com esse problema.<\/p>\n<p>Bem, \u00e9 necess\u00e1rio um rem\u00e9dio para o problema, mas n\u00e3o se sabe ao certo qual \u00e9 o problema, ent\u00e3o corre-se atr\u00e1s de solu\u00e7\u00f5es que tiveram \u00eaxito em outros locais com realidades diferentes. Por\u00e9m, os n\u00fameros mostram que, como esperado, o resultado dessas medidas deixa a desejar.<\/p>\n<p>Na contrapartida dessa realidade temos o exemplo do Distrito Federal, onde o n\u00famero de mortes decorrentes de acidente de tr\u00e2nsito era alarmante: em 1995 havia 14,9 mortes para cada 10 mil ve\u00edculos enquanto o valor aceit\u00e1vel pela ONU para pa\u00edses em desenvolvimento \u00e9 de 3,0 mortes para cada 10 mil ve\u00edculos.<\/p>\n<p>Assim, criaram um programa com bases t\u00e9cnicas no intento de solucionar o problema. Esse programa determinou os pontos cr\u00edticos com maior incid\u00eancia de acidentes; foram encaminhadas equipes t\u00e9cnicas aos locais para determinar os motivos t\u00e9cnicos das ocorr\u00eancias; estudaram as medidas t\u00e9cnicas adequadas para cada circunst\u00e2ncia e executaram tais medidas. O resultado foi que em 2011 atingiram o valor de 3,1 mortes para cada 10 mil ve\u00edculos.<\/p>\n<p>\u00c9 verdade que essa estrat\u00e9gia, al\u00e9m do tempo necess\u00e1rio para sua execu\u00e7\u00e3o, tem valor monet\u00e1rio envolvido, uma vez que se tomam medidas quanto aos tr\u00eas atores, inclusive obras em vias p\u00fablicas, passarelas, lombadas eletr\u00f4nicas etc., mas, obteve-se um resultado expressivo.<\/p>\n<p>Na cidade de S\u00e3o Paulo, pela sua grandiosidade, a quantidade de v\u00edtimas do tr\u00e2nsito \u00e9 um problema igualmente grave. A pesquisa desses n\u00fameros para a cidade de S\u00e3o Paulo no ano de 2014 n\u00e3o apresentou resultados que permitam um estudo mais abrangente, a CET detalha precisamente informa\u00e7\u00f5es sobre v\u00edtimas fatais (1249 mortes), n\u00e3o exibindo estudo sobre os demais tipos de v\u00edtimas.<\/p>\n<p>No site da Secretaria de Seguran\u00e7a P\u00fablica verifica-se o n\u00famero de v\u00edtimas lesionadas decorrentes de acidente de tr\u00e2nsito (25.003 lesionados). Vem sendo tomadas medidas de ajuste como, por exemplo, a redu\u00e7\u00e3o da velocidade m\u00e1xima para trafegar nas vias urbanas e nas rodovias marginais.<\/p>\n<p>Tais medidas surtir\u00e3o o resultado esperado? S\u00e3o as melhores medidas a serem tomadas? Infelizmente, em face da aus\u00eancia de um trabalho t\u00e9cnico espec\u00edfico, n\u00e3o se pode afirmar nada com convic\u00e7\u00e3o a respeito dos resultados.<\/p>\n<p>At\u00e9 agora, o que foi exposto foram compara\u00e7\u00f5es de resultados com medidas tomadas em cidades de diversas partes do mundo; funcionaram l\u00e1, devem funcionar aqui tamb\u00e9m. N\u00e3o foi apresentado nenhum trabalho com casu\u00edstica adequada, com estudos t\u00e9cnicos espec\u00edficos, apontando a verdadeira causa dos acidentes e demonstrando que a redu\u00e7\u00e3o de 10 ou de 20 km\/h realmente ir\u00e1 diminuir em determinada porcentagem o n\u00famero de v\u00edtimas de acidente de tr\u00e2nsito em S\u00e3o Paulo.<\/p>\n<p>Pode-se at\u00e9 acreditar que a redu\u00e7\u00e3o de velocidade ir\u00e1 reduzir o n\u00famero de v\u00edtimas, mas ser\u00e1 que realmente \u00e9 a melhor medida a ser tomada? N\u00e3o existem outras melhores, pontuais e espec\u00edficas? Fico na torcida para que estes estudos existam e venham a atingir os resultados esperados. Apenas \u00e9 de se lamentar a falta de transpar\u00eancia (nenhum estudo t\u00e9cnico foi apresentado) e a falta de oportunidade de participa\u00e7\u00e3o da comunidade na tomada de medidas que envolvem um tema de tamanha import\u00e2ncia em nossas vidas.<\/p>\n<p><strong>Antonio Vitorio Cecere<\/strong><\/p>\n","protected":false},"excerpt":{"rendered":"<p>No Brasil, a quantidade de v\u00edtimas decorrentes de acidente de tr\u00e2nsito \u00e9 uma realidade assustadora e que requer medidas adequadas da administra\u00e7\u00e3o p\u00fablica. Segundo o DPVAT, em 2014 houve 763.365 v\u00edtimas decorrentes de acidentes de tr\u00e2nsito, o que representa um aumento de 20% em rela\u00e7\u00e3o a 2013. Dessas v\u00edtimas, 52.226 perderam a vida e 595.693 [&hellip;]<\/p>\n","protected":false},"author":2,"featured_media":64680,"comment_status":"open","ping_status":"closed","sticky":false,"template":"","format":"standard","meta":{"_acf_changed":false,"footnotes":""},"categories":[25],"tags":[],"class_list":["post-64678","post","type-post","status-publish","format-standard","has-post-thumbnail","hentry","category-opina-ai"],"acf":[],"yoast_head":"<!-- This site is optimized with the Yoast SEO plugin v27.2 - https:\/\/yoast.com\/product\/yoast-seo-wordpress\/ -->\n<title>Se limitar a velocidade d\u00e1 certo l\u00e1 fora, tamb\u00e9m dar\u00e1 em S\u00e3o Paulo? - Notibras<\/title>\n<meta name=\"robots\" content=\"index, follow, max-snippet:-1, max-image-preview:large, max-video-preview:-1\" \/>\n<link rel=\"canonical\" href=\"https:\/\/www.notibras.com\/site\/se-limitar-a-velocidade-da-certo-la-fora-tambem-dara-em-sao-paulo\/\" \/>\n<meta property=\"og:locale\" content=\"pt_BR\" \/>\n<meta property=\"og:type\" content=\"article\" \/>\n<meta property=\"og:title\" content=\"Se limitar a velocidade d\u00e1 certo l\u00e1 fora, tamb\u00e9m dar\u00e1 em S\u00e3o Paulo? - Notibras\" \/>\n<meta property=\"og:description\" content=\"No Brasil, a quantidade de v\u00edtimas decorrentes de acidente de tr\u00e2nsito \u00e9 uma realidade assustadora e que requer medidas adequadas da administra\u00e7\u00e3o p\u00fablica. Segundo o DPVAT, em 2014 houve 763.365 v\u00edtimas decorrentes de acidentes de tr\u00e2nsito, o que representa um aumento de 20% em rela\u00e7\u00e3o a 2013. Dessas v\u00edtimas, 52.226 perderam a vida e 595.693 [&hellip;]\" \/>\n<meta property=\"og:url\" content=\"https:\/\/www.notibras.com\/site\/se-limitar-a-velocidade-da-certo-la-fora-tambem-dara-em-sao-paulo\/\" \/>\n<meta property=\"og:site_name\" content=\"Notibras\" \/>\n<meta property=\"article:publisher\" content=\"https:\/\/www.facebook.com\/notibras\/\" \/>\n<meta property=\"article:published_time\" content=\"2015-08-27T11:32:03+00:00\" \/>\n<meta property=\"og:image\" content=\"https:\/\/www.notibras.com\/site\/wp-content\/uploads\/2015\/08\/15206237.jpeg\" \/>\n\t<meta property=\"og:image:width\" content=\"635\" \/>\n\t<meta property=\"og:image:height\" content=\"423\" \/>\n\t<meta property=\"og:image:type\" content=\"image\/jpeg\" \/>\n<meta name=\"author\" content=\"Reda\u00e7\u00e3o\" \/>\n<meta name=\"twitter:card\" content=\"summary_large_image\" \/>\n<meta name=\"twitter:creator\" content=\"@Notibras\" \/>\n<meta name=\"twitter:site\" content=\"@Notibras\" \/>\n<meta name=\"twitter:label1\" content=\"Escrito por\" \/>\n\t<meta name=\"twitter:data1\" content=\"Reda\u00e7\u00e3o\" \/>\n\t<meta name=\"twitter:label2\" content=\"Est. tempo de leitura\" \/>\n\t<meta name=\"twitter:data2\" content=\"5 minutos\" \/>\n<script type=\"application\/ld+json\" class=\"yoast-schema-graph\">{\"@context\":\"https:\/\/schema.org\",\"@graph\":[{\"@type\":\"Article\",\"@id\":\"https:\/\/www.notibras.com\/site\/se-limitar-a-velocidade-da-certo-la-fora-tambem-dara-em-sao-paulo\/#article\",\"isPartOf\":{\"@id\":\"https:\/\/www.notibras.com\/site\/se-limitar-a-velocidade-da-certo-la-fora-tambem-dara-em-sao-paulo\/\"},\"author\":{\"name\":\"Reda\u00e7\u00e3o\",\"@id\":\"https:\/\/www.notibras.com\/site\/#\/schema\/person\/36ab0979449956132d3e5b517ea76ac8\"},\"headline\":\"Se limitar a velocidade d\u00e1 certo l\u00e1 fora, tamb\u00e9m dar\u00e1 em S\u00e3o Paulo?\",\"datePublished\":\"2015-08-27T11:32:03+00:00\",\"mainEntityOfPage\":{\"@id\":\"https:\/\/www.notibras.com\/site\/se-limitar-a-velocidade-da-certo-la-fora-tambem-dara-em-sao-paulo\/\"},\"wordCount\":939,\"commentCount\":0,\"publisher\":{\"@id\":\"https:\/\/www.notibras.com\/site\/#organization\"},\"image\":{\"@id\":\"https:\/\/www.notibras.com\/site\/se-limitar-a-velocidade-da-certo-la-fora-tambem-dara-em-sao-paulo\/#primaryimage\"},\"thumbnailUrl\":\"https:\/\/www.notibras.com\/site\/wp-content\/uploads\/2015\/08\/15206237.jpeg\",\"articleSection\":[\"Opina a\u00ed\"],\"inLanguage\":\"pt-BR\",\"potentialAction\":[{\"@type\":\"CommentAction\",\"name\":\"Comment\",\"target\":[\"https:\/\/www.notibras.com\/site\/se-limitar-a-velocidade-da-certo-la-fora-tambem-dara-em-sao-paulo\/#respond\"]}]},{\"@type\":\"WebPage\",\"@id\":\"https:\/\/www.notibras.com\/site\/se-limitar-a-velocidade-da-certo-la-fora-tambem-dara-em-sao-paulo\/\",\"url\":\"https:\/\/www.notibras.com\/site\/se-limitar-a-velocidade-da-certo-la-fora-tambem-dara-em-sao-paulo\/\",\"name\":\"Se limitar a velocidade d\u00e1 certo l\u00e1 fora, tamb\u00e9m dar\u00e1 em S\u00e3o Paulo? - Notibras\",\"isPartOf\":{\"@id\":\"https:\/\/www.notibras.com\/site\/#website\"},\"primaryImageOfPage\":{\"@id\":\"https:\/\/www.notibras.com\/site\/se-limitar-a-velocidade-da-certo-la-fora-tambem-dara-em-sao-paulo\/#primaryimage\"},\"image\":{\"@id\":\"https:\/\/www.notibras.com\/site\/se-limitar-a-velocidade-da-certo-la-fora-tambem-dara-em-sao-paulo\/#primaryimage\"},\"thumbnailUrl\":\"https:\/\/www.notibras.com\/site\/wp-content\/uploads\/2015\/08\/15206237.jpeg\",\"datePublished\":\"2015-08-27T11:32:03+00:00\",\"breadcrumb\":{\"@id\":\"https:\/\/www.notibras.com\/site\/se-limitar-a-velocidade-da-certo-la-fora-tambem-dara-em-sao-paulo\/#breadcrumb\"},\"inLanguage\":\"pt-BR\",\"potentialAction\":[{\"@type\":\"ReadAction\",\"target\":[\"https:\/\/www.notibras.com\/site\/se-limitar-a-velocidade-da-certo-la-fora-tambem-dara-em-sao-paulo\/\"]}]},{\"@type\":\"ImageObject\",\"inLanguage\":\"pt-BR\",\"@id\":\"https:\/\/www.notibras.com\/site\/se-limitar-a-velocidade-da-certo-la-fora-tambem-dara-em-sao-paulo\/#primaryimage\",\"url\":\"https:\/\/www.notibras.com\/site\/wp-content\/uploads\/2015\/08\/15206237.jpeg\",\"contentUrl\":\"https:\/\/www.notibras.com\/site\/wp-content\/uploads\/2015\/08\/15206237.jpeg\",\"width\":635,\"height\":423},{\"@type\":\"BreadcrumbList\",\"@id\":\"https:\/\/www.notibras.com\/site\/se-limitar-a-velocidade-da-certo-la-fora-tambem-dara-em-sao-paulo\/#breadcrumb\",\"itemListElement\":[{\"@type\":\"ListItem\",\"position\":1,\"name\":\"In\u00edcio\",\"item\":\"https:\/\/www.notibras.com\/site\/\"},{\"@type\":\"ListItem\",\"position\":2,\"name\":\"Se limitar a velocidade d\u00e1 certo l\u00e1 fora, tamb\u00e9m dar\u00e1 em S\u00e3o Paulo?\"}]},{\"@type\":\"WebSite\",\"@id\":\"https:\/\/www.notibras.com\/site\/#website\",\"url\":\"https:\/\/www.notibras.com\/site\/\",\"name\":\"Notibras\",\"description\":\"Not\u00edcias de Bras\u00edlia, do Brasil e do Mundo\",\"publisher\":{\"@id\":\"https:\/\/www.notibras.com\/site\/#organization\"},\"potentialAction\":[{\"@type\":\"SearchAction\",\"target\":{\"@type\":\"EntryPoint\",\"urlTemplate\":\"https:\/\/www.notibras.com\/site\/?s={search_term_string}\"},\"query-input\":{\"@type\":\"PropertyValueSpecification\",\"valueRequired\":true,\"valueName\":\"search_term_string\"}}],\"inLanguage\":\"pt-BR\"},{\"@type\":\"Organization\",\"@id\":\"https:\/\/www.notibras.com\/site\/#organization\",\"name\":\"Grupo Notibras de Comunica\u00e7\u00e3o\",\"url\":\"https:\/\/www.notibras.com\/site\/\",\"logo\":{\"@type\":\"ImageObject\",\"inLanguage\":\"pt-BR\",\"@id\":\"https:\/\/www.notibras.com\/site\/#\/schema\/logo\/image\/\",\"url\":\"https:\/\/www.notibras.com\/site\/wp-content\/uploads\/2023\/01\/notibras23.png\",\"contentUrl\":\"https:\/\/www.notibras.com\/site\/wp-content\/uploads\/2023\/01\/notibras23.png\",\"width\":350,\"height\":87,\"caption\":\"Grupo Notibras de Comunica\u00e7\u00e3o\"},\"image\":{\"@id\":\"https:\/\/www.notibras.com\/site\/#\/schema\/logo\/image\/\"},\"sameAs\":[\"https:\/\/www.facebook.com\/notibras\/\",\"https:\/\/x.com\/Notibras\",\"https:\/\/www.instagram.com\/notibras\/\"]},{\"@type\":\"Person\",\"@id\":\"https:\/\/www.notibras.com\/site\/#\/schema\/person\/36ab0979449956132d3e5b517ea76ac8\",\"name\":\"Reda\u00e7\u00e3o\",\"image\":{\"@type\":\"ImageObject\",\"inLanguage\":\"pt-BR\",\"@id\":\"https:\/\/secure.gravatar.com\/avatar\/e0a867bdedb85fd243eadf09663511f96fc81e0720a4a42581f334ad4303aa6b?s=96&d=mm&r=g\",\"url\":\"https:\/\/secure.gravatar.com\/avatar\/e0a867bdedb85fd243eadf09663511f96fc81e0720a4a42581f334ad4303aa6b?s=96&d=mm&r=g\",\"contentUrl\":\"https:\/\/secure.gravatar.com\/avatar\/e0a867bdedb85fd243eadf09663511f96fc81e0720a4a42581f334ad4303aa6b?s=96&d=mm&r=g\",\"caption\":\"Reda\u00e7\u00e3o\"}}]}<\/script>\n<!-- \/ Yoast SEO plugin. -->","yoast_head_json":{"title":"Se limitar a velocidade d\u00e1 certo l\u00e1 fora, tamb\u00e9m dar\u00e1 em S\u00e3o Paulo? - Notibras","robots":{"index":"index","follow":"follow","max-snippet":"max-snippet:-1","max-image-preview":"max-image-preview:large","max-video-preview":"max-video-preview:-1"},"canonical":"https:\/\/www.notibras.com\/site\/se-limitar-a-velocidade-da-certo-la-fora-tambem-dara-em-sao-paulo\/","og_locale":"pt_BR","og_type":"article","og_title":"Se limitar a velocidade d\u00e1 certo l\u00e1 fora, tamb\u00e9m dar\u00e1 em S\u00e3o Paulo? - Notibras","og_description":"No Brasil, a quantidade de v\u00edtimas decorrentes de acidente de tr\u00e2nsito \u00e9 uma realidade assustadora e que requer medidas adequadas da administra\u00e7\u00e3o p\u00fablica. Segundo o DPVAT, em 2014 houve 763.365 v\u00edtimas decorrentes de acidentes de tr\u00e2nsito, o que representa um aumento de 20% em rela\u00e7\u00e3o a 2013. Dessas v\u00edtimas, 52.226 perderam a vida e 595.693 [&hellip;]","og_url":"https:\/\/www.notibras.com\/site\/se-limitar-a-velocidade-da-certo-la-fora-tambem-dara-em-sao-paulo\/","og_site_name":"Notibras","article_publisher":"https:\/\/www.facebook.com\/notibras\/","article_published_time":"2015-08-27T11:32:03+00:00","og_image":[{"width":635,"height":423,"url":"https:\/\/www.notibras.com\/site\/wp-content\/uploads\/2015\/08\/15206237.jpeg","type":"image\/jpeg"}],"author":"Reda\u00e7\u00e3o","twitter_card":"summary_large_image","twitter_creator":"@Notibras","twitter_site":"@Notibras","twitter_misc":{"Escrito por":"Reda\u00e7\u00e3o","Est. tempo de leitura":"5 minutos"},"schema":{"@context":"https:\/\/schema.org","@graph":[{"@type":"Article","@id":"https:\/\/www.notibras.com\/site\/se-limitar-a-velocidade-da-certo-la-fora-tambem-dara-em-sao-paulo\/#article","isPartOf":{"@id":"https:\/\/www.notibras.com\/site\/se-limitar-a-velocidade-da-certo-la-fora-tambem-dara-em-sao-paulo\/"},"author":{"name":"Reda\u00e7\u00e3o","@id":"https:\/\/www.notibras.com\/site\/#\/schema\/person\/36ab0979449956132d3e5b517ea76ac8"},"headline":"Se limitar a velocidade d\u00e1 certo l\u00e1 fora, tamb\u00e9m dar\u00e1 em S\u00e3o Paulo?","datePublished":"2015-08-27T11:32:03+00:00","mainEntityOfPage":{"@id":"https:\/\/www.notibras.com\/site\/se-limitar-a-velocidade-da-certo-la-fora-tambem-dara-em-sao-paulo\/"},"wordCount":939,"commentCount":0,"publisher":{"@id":"https:\/\/www.notibras.com\/site\/#organization"},"image":{"@id":"https:\/\/www.notibras.com\/site\/se-limitar-a-velocidade-da-certo-la-fora-tambem-dara-em-sao-paulo\/#primaryimage"},"thumbnailUrl":"https:\/\/www.notibras.com\/site\/wp-content\/uploads\/2015\/08\/15206237.jpeg","articleSection":["Opina a\u00ed"],"inLanguage":"pt-BR","potentialAction":[{"@type":"CommentAction","name":"Comment","target":["https:\/\/www.notibras.com\/site\/se-limitar-a-velocidade-da-certo-la-fora-tambem-dara-em-sao-paulo\/#respond"]}]},{"@type":"WebPage","@id":"https:\/\/www.notibras.com\/site\/se-limitar-a-velocidade-da-certo-la-fora-tambem-dara-em-sao-paulo\/","url":"https:\/\/www.notibras.com\/site\/se-limitar-a-velocidade-da-certo-la-fora-tambem-dara-em-sao-paulo\/","name":"Se limitar a velocidade d\u00e1 certo l\u00e1 fora, tamb\u00e9m dar\u00e1 em S\u00e3o Paulo? - Notibras","isPartOf":{"@id":"https:\/\/www.notibras.com\/site\/#website"},"primaryImageOfPage":{"@id":"https:\/\/www.notibras.com\/site\/se-limitar-a-velocidade-da-certo-la-fora-tambem-dara-em-sao-paulo\/#primaryimage"},"image":{"@id":"https:\/\/www.notibras.com\/site\/se-limitar-a-velocidade-da-certo-la-fora-tambem-dara-em-sao-paulo\/#primaryimage"},"thumbnailUrl":"https:\/\/www.notibras.com\/site\/wp-content\/uploads\/2015\/08\/15206237.jpeg","datePublished":"2015-08-27T11:32:03+00:00","breadcrumb":{"@id":"https:\/\/www.notibras.com\/site\/se-limitar-a-velocidade-da-certo-la-fora-tambem-dara-em-sao-paulo\/#breadcrumb"},"inLanguage":"pt-BR","potentialAction":[{"@type":"ReadAction","target":["https:\/\/www.notibras.com\/site\/se-limitar-a-velocidade-da-certo-la-fora-tambem-dara-em-sao-paulo\/"]}]},{"@type":"ImageObject","inLanguage":"pt-BR","@id":"https:\/\/www.notibras.com\/site\/se-limitar-a-velocidade-da-certo-la-fora-tambem-dara-em-sao-paulo\/#primaryimage","url":"https:\/\/www.notibras.com\/site\/wp-content\/uploads\/2015\/08\/15206237.jpeg","contentUrl":"https:\/\/www.notibras.com\/site\/wp-content\/uploads\/2015\/08\/15206237.jpeg","width":635,"height":423},{"@type":"BreadcrumbList","@id":"https:\/\/www.notibras.com\/site\/se-limitar-a-velocidade-da-certo-la-fora-tambem-dara-em-sao-paulo\/#breadcrumb","itemListElement":[{"@type":"ListItem","position":1,"name":"In\u00edcio","item":"https:\/\/www.notibras.com\/site\/"},{"@type":"ListItem","position":2,"name":"Se limitar a velocidade d\u00e1 certo l\u00e1 fora, tamb\u00e9m dar\u00e1 em S\u00e3o Paulo?"}]},{"@type":"WebSite","@id":"https:\/\/www.notibras.com\/site\/#website","url":"https:\/\/www.notibras.com\/site\/","name":"Notibras","description":"Not\u00edcias de Bras\u00edlia, do Brasil e do Mundo","publisher":{"@id":"https:\/\/www.notibras.com\/site\/#organization"},"potentialAction":[{"@type":"SearchAction","target":{"@type":"EntryPoint","urlTemplate":"https:\/\/www.notibras.com\/site\/?s={search_term_string}"},"query-input":{"@type":"PropertyValueSpecification","valueRequired":true,"valueName":"search_term_string"}}],"inLanguage":"pt-BR"},{"@type":"Organization","@id":"https:\/\/www.notibras.com\/site\/#organization","name":"Grupo Notibras de Comunica\u00e7\u00e3o","url":"https:\/\/www.notibras.com\/site\/","logo":{"@type":"ImageObject","inLanguage":"pt-BR","@id":"https:\/\/www.notibras.com\/site\/#\/schema\/logo\/image\/","url":"https:\/\/www.notibras.com\/site\/wp-content\/uploads\/2023\/01\/notibras23.png","contentUrl":"https:\/\/www.notibras.com\/site\/wp-content\/uploads\/2023\/01\/notibras23.png","width":350,"height":87,"caption":"Grupo Notibras de Comunica\u00e7\u00e3o"},"image":{"@id":"https:\/\/www.notibras.com\/site\/#\/schema\/logo\/image\/"},"sameAs":["https:\/\/www.facebook.com\/notibras\/","https:\/\/x.com\/Notibras","https:\/\/www.instagram.com\/notibras\/"]},{"@type":"Person","@id":"https:\/\/www.notibras.com\/site\/#\/schema\/person\/36ab0979449956132d3e5b517ea76ac8","name":"Reda\u00e7\u00e3o","image":{"@type":"ImageObject","inLanguage":"pt-BR","@id":"https:\/\/secure.gravatar.com\/avatar\/e0a867bdedb85fd243eadf09663511f96fc81e0720a4a42581f334ad4303aa6b?s=96&d=mm&r=g","url":"https:\/\/secure.gravatar.com\/avatar\/e0a867bdedb85fd243eadf09663511f96fc81e0720a4a42581f334ad4303aa6b?s=96&d=mm&r=g","contentUrl":"https:\/\/secure.gravatar.com\/avatar\/e0a867bdedb85fd243eadf09663511f96fc81e0720a4a42581f334ad4303aa6b?s=96&d=mm&r=g","caption":"Reda\u00e7\u00e3o"}}]}},"amp_enabled":true,"_links":{"self":[{"href":"https:\/\/www.notibras.com\/site\/wp-json\/wp\/v2\/posts\/64678","targetHints":{"allow":["GET"]}}],"collection":[{"href":"https:\/\/www.notibras.com\/site\/wp-json\/wp\/v2\/posts"}],"about":[{"href":"https:\/\/www.notibras.com\/site\/wp-json\/wp\/v2\/types\/post"}],"author":[{"embeddable":true,"href":"https:\/\/www.notibras.com\/site\/wp-json\/wp\/v2\/users\/2"}],"replies":[{"embeddable":true,"href":"https:\/\/www.notibras.com\/site\/wp-json\/wp\/v2\/comments?post=64678"}],"version-history":[{"count":1,"href":"https:\/\/www.notibras.com\/site\/wp-json\/wp\/v2\/posts\/64678\/revisions"}],"predecessor-version":[{"id":64681,"href":"https:\/\/www.notibras.com\/site\/wp-json\/wp\/v2\/posts\/64678\/revisions\/64681"}],"wp:featuredmedia":[{"embeddable":true,"href":"https:\/\/www.notibras.com\/site\/wp-json\/wp\/v2\/media\/64680"}],"wp:attachment":[{"href":"https:\/\/www.notibras.com\/site\/wp-json\/wp\/v2\/media?parent=64678"}],"wp:term":[{"taxonomy":"category","embeddable":true,"href":"https:\/\/www.notibras.com\/site\/wp-json\/wp\/v2\/categories?post=64678"},{"taxonomy":"post_tag","embeddable":true,"href":"https:\/\/www.notibras.com\/site\/wp-json\/wp\/v2\/tags?post=64678"}],"curies":[{"name":"wp","href":"https:\/\/api.w.org\/{rel}","templated":true}]}}