{"id":6469,"date":"2014-04-10T16:42:00","date_gmt":"2014-04-10T19:42:00","guid":{"rendered":"http:\/\/www.notibras.com\/site\/?p=6469"},"modified":"2014-04-10T16:43:37","modified_gmt":"2014-04-10T19:43:37","slug":"grupo-vai-ao-buriti-exigir-solucao-para-estudantes-de-medicina","status":"publish","type":"post","link":"https:\/\/www.notibras.com\/site\/grupo-vai-ao-buriti-exigir-solucao-para-estudantes-de-medicina\/","title":{"rendered":"Grupo vai ao Buriti exigir solu\u00e7\u00e3o para alunos de Medicina"},"content":{"rendered":"<div>\n<p>Uma comiss\u00e3o de deputados distritais e alunos afastados da Escola Superior de Ci\u00eancias da Sa\u00fade (ESCS) ir\u00e1 ao governador Agnelo Queiroz\u00a0 tentar sensibiliz\u00e1-lo para garantir a matr\u00edcula de todos os 58 estudantes prejudicados por erros do Centro de Sele\u00e7\u00e3o e de Promo\u00e7\u00e3o de Eventos (Cespe\/UnB). O grupo foi criado nesta quarta-feira (9), durante oitiva realizada pela Comiss\u00e3o de Educa\u00e7\u00e3o, Sa\u00fade e Cultura da C\u00e2mara Legislativa aos diretores da ESCS e do Cespe.<\/p>\n<p>A ideia de buscar o convencimento do governador foi sugerida pela deputada Arlete Sampaio (PT),\u00a0l\u00edder do governo\u00a0na Casa, e acatada pelos participantes do encontro.\u00a0Com muita revolta e emo\u00e7\u00e3o, os estudantes afastados cobraram\u00a0o direito de continuarem estudando na\u00a0faculdade distrital. &#8220;Em nome de uma boa causa eu posso ir at\u00e9 o governador&#8221;, anunciou a deputada Liliane\u00a0Roriz (PRTB), presidenta da comiss\u00e3o\u00a0e autora do requerimento da oitiva.<\/p>\n<p>&#8220;N\u00f3s j\u00e1 est\u00e1vamos aprendendo a amar a escola.\u00a0Mas esse erro grotesco do Cespe est\u00e1 nos causando um sofrimento terr\u00edvel. Por isso, nosso rep\u00fadio a essa conduta irrespons\u00e1vel da institui\u00e7\u00e3o, que est\u00e1 ferindo a nossa dignidade&#8221;, disse aos prantos a\u00a0estudante de medicina Naiane Magalh\u00e3es, representante dos\u00a058 alunos que tiveram suas matr\u00edculas canceladas. A jovem\u00a0enfatizou que o grupo n\u00e3o vai desistir de lutar por seus direitos e destacou que, assim como ela, muitos estudantes abandonaram\u00a0cursos de medicina em outras boas faculdades do Pa\u00eds para estudarem na ESCS.<\/p>\n<p>O diretor-geral\u00a0do Cespe leu um comunicado explicando tecnicamente o erro cometido pela institui\u00e7\u00e3o. E afirmou lamentar &#8220;profundamente&#8221; o\u00a0preju\u00edzo aos estudantes. Seu depoimento foi bastante contestado pelos participantes da oitiva. &#8220;O Cespe deveria ser banido para n\u00e3o prejudicar mais ningu\u00e9m&#8221;, bradou da plateia a m\u00e3e de um aluno. V\u00e1rios pais de estudantes anunciaram que v\u00e3o buscar indeniza\u00e7\u00e3o por danos morais.<\/p>\n<p>A diretora-geral da ESCS, Maria Dilma Teodoro,\u00a0foi bastante pressionada para acatar os pedidos de matr\u00edcula de todos os alunos afastados. Ela respondeu, contudo, n\u00e3o ter autonomia administrativa e legal para tomar a decis\u00e3o, argumentando que a ESCS teria muita dificuldade para abrigar todos os aprovados, em virtude das defici\u00eancias na infraestrutura da\u00a0faculdade, vinculada \u00e0 Secretaria de Sa\u00fade.\u00a0&#8220;A orienta\u00e7\u00e3o que recebi \u00e9 que\u00a0o problema seria resolvido na Justi\u00e7a&#8221;, afirmou.<\/p>\n<p>M\u00e3e de uma das alunas prejudicadas, a psic\u00f3loga Maristela Fonseca ressaltou os danos decorrentes da situa\u00e7\u00e3o que os jovens t\u00eam vivido e defendeu que todos os 58 estudantes que tiveram as matr\u00edculas canceladas sejam readmitidos imediatamente. Ela informou, ainda, que 18 alunos afastados j\u00e1 conseguiram liminares para continuarem matriculados.<\/p>\n<p>O advogado\u00a0Carl\u00facio Coelho, representante da OAB\/DF,\u00a0afirmou que a Secretaria de Sa\u00fade tem dinheiro para investir na melhoria\u00a0da faculdade, garantindo a imediata recep\u00e7\u00e3o de todos os 58 estudantes afastados. Na mesma linha, universit\u00e1rios representantes dos centros acad\u00eamicos manifestaram solidariedade \u00e0 situa\u00e7\u00e3o enfrentada pelos colegas, mas\u00a0defenderam\u00a0que a solu\u00e7\u00e3o para a crise assegure condi\u00e7\u00f5es adequadas de funcionamento daquela unidade de ensino, mantendo o bom n\u00edvel da institui\u00e7\u00e3o.<\/p>\n<p>Ao manifestar &#8220;apoio total&#8221; \u00e0 reivindica\u00e7\u00e3o dos estudantes, o deputado Prof. Israel (PV) defendeu a necessidade de a C\u00e2mara Legislativa garantir recursos or\u00e7ament\u00e1rios para ampliar a capacidade de atendimento da ESCS. &#8220;Conhe\u00e7o bem o trabalho da ESCS e o compromisso de sua dire\u00e7\u00e3o com a melhoria de ensino ao longo dos \u00faltimos anos. Sei que uma solu\u00e7\u00e3o negociada ser\u00e1 bem recebida por todos&#8221;, completou.<\/p>\n<\/div>\n<p><strong>Zildenor Ferreira Dourado<\/strong><\/p>\n","protected":false},"excerpt":{"rendered":"<p>Uma comiss\u00e3o de deputados distritais e alunos afastados da Escola Superior de Ci\u00eancias da Sa\u00fade (ESCS) ir\u00e1 ao governador Agnelo Queiroz\u00a0 tentar sensibiliz\u00e1-lo para garantir a matr\u00edcula de todos os 58 estudantes prejudicados por erros do Centro de Sele\u00e7\u00e3o e de Promo\u00e7\u00e3o de Eventos (Cespe\/UnB). O grupo foi criado nesta quarta-feira (9), durante oitiva realizada [&hellip;]<\/p>\n","protected":false},"author":2,"featured_media":6470,"comment_status":"open","ping_status":"closed","sticky":false,"template":"","format":"standard","meta":{"_acf_changed":false,"footnotes":""},"categories":[1],"tags":[],"class_list":["post-6469","post","type-post","status-publish","format-standard","has-post-thumbnail","hentry","category-brasilia"],"acf":[],"yoast_head":"<!-- This site is optimized with the Yoast SEO plugin v27.2 - https:\/\/yoast.com\/product\/yoast-seo-wordpress\/ -->\n<title>Grupo vai ao Buriti exigir solu\u00e7\u00e3o para alunos de Medicina - Notibras<\/title>\n<meta name=\"robots\" content=\"index, follow, max-snippet:-1, max-image-preview:large, max-video-preview:-1\" \/>\n<link rel=\"canonical\" href=\"https:\/\/www.notibras.com\/site\/grupo-vai-ao-buriti-exigir-solucao-para-estudantes-de-medicina\/\" \/>\n<meta property=\"og:locale\" content=\"pt_BR\" \/>\n<meta property=\"og:type\" content=\"article\" \/>\n<meta property=\"og:title\" content=\"Grupo vai ao Buriti exigir solu\u00e7\u00e3o para alunos de Medicina - Notibras\" \/>\n<meta property=\"og:description\" content=\"Uma comiss\u00e3o de deputados distritais e alunos afastados da Escola Superior de Ci\u00eancias da Sa\u00fade (ESCS) ir\u00e1 ao governador Agnelo Queiroz\u00a0 tentar sensibiliz\u00e1-lo para garantir a matr\u00edcula de todos os 58 estudantes prejudicados por erros do Centro de Sele\u00e7\u00e3o e de Promo\u00e7\u00e3o de Eventos (Cespe\/UnB). O grupo foi criado nesta quarta-feira (9), durante oitiva realizada [&hellip;]\" \/>\n<meta property=\"og:url\" content=\"https:\/\/www.notibras.com\/site\/grupo-vai-ao-buriti-exigir-solucao-para-estudantes-de-medicina\/\" \/>\n<meta property=\"og:site_name\" content=\"Notibras\" \/>\n<meta property=\"article:publisher\" content=\"https:\/\/www.facebook.com\/notibras\/\" \/>\n<meta property=\"article:published_time\" content=\"2014-04-10T19:42:00+00:00\" \/>\n<meta property=\"article:modified_time\" content=\"2014-04-10T19:43:37+00:00\" \/>\n<meta property=\"og:image\" content=\"https:\/\/www.notibras.com\/site\/wp-content\/uploads\/2014\/04\/image_gallery-2.jpg\" \/>\n\t<meta property=\"og:image:width\" content=\"1476\" \/>\n\t<meta property=\"og:image:height\" content=\"984\" \/>\n\t<meta property=\"og:image:type\" content=\"image\/jpeg\" \/>\n<meta name=\"author\" content=\"Reda\u00e7\u00e3o\" \/>\n<meta name=\"twitter:card\" content=\"summary_large_image\" \/>\n<meta name=\"twitter:creator\" content=\"@Notibras\" \/>\n<meta name=\"twitter:site\" content=\"@Notibras\" \/>\n<meta name=\"twitter:label1\" content=\"Escrito por\" \/>\n\t<meta name=\"twitter:data1\" content=\"Reda\u00e7\u00e3o\" \/>\n\t<meta name=\"twitter:label2\" content=\"Est. tempo de leitura\" \/>\n\t<meta name=\"twitter:data2\" content=\"3 minutos\" \/>\n<script type=\"application\/ld+json\" class=\"yoast-schema-graph\">{\"@context\":\"https:\/\/schema.org\",\"@graph\":[{\"@type\":\"Article\",\"@id\":\"https:\/\/www.notibras.com\/site\/grupo-vai-ao-buriti-exigir-solucao-para-estudantes-de-medicina\/#article\",\"isPartOf\":{\"@id\":\"https:\/\/www.notibras.com\/site\/grupo-vai-ao-buriti-exigir-solucao-para-estudantes-de-medicina\/\"},\"author\":{\"name\":\"Reda\u00e7\u00e3o\",\"@id\":\"https:\/\/www.notibras.com\/site\/#\/schema\/person\/36ab0979449956132d3e5b517ea76ac8\"},\"headline\":\"Grupo vai ao Buriti exigir solu\u00e7\u00e3o para alunos de Medicina\",\"datePublished\":\"2014-04-10T19:42:00+00:00\",\"dateModified\":\"2014-04-10T19:43:37+00:00\",\"mainEntityOfPage\":{\"@id\":\"https:\/\/www.notibras.com\/site\/grupo-vai-ao-buriti-exigir-solucao-para-estudantes-de-medicina\/\"},\"wordCount\":614,\"commentCount\":0,\"publisher\":{\"@id\":\"https:\/\/www.notibras.com\/site\/#organization\"},\"image\":{\"@id\":\"https:\/\/www.notibras.com\/site\/grupo-vai-ao-buriti-exigir-solucao-para-estudantes-de-medicina\/#primaryimage\"},\"thumbnailUrl\":\"https:\/\/www.notibras.com\/site\/wp-content\/uploads\/2014\/04\/image_gallery-2.jpg\",\"articleSection\":[\"Bras\u00edlia\"],\"inLanguage\":\"pt-BR\",\"potentialAction\":[{\"@type\":\"CommentAction\",\"name\":\"Comment\",\"target\":[\"https:\/\/www.notibras.com\/site\/grupo-vai-ao-buriti-exigir-solucao-para-estudantes-de-medicina\/#respond\"]}]},{\"@type\":\"WebPage\",\"@id\":\"https:\/\/www.notibras.com\/site\/grupo-vai-ao-buriti-exigir-solucao-para-estudantes-de-medicina\/\",\"url\":\"https:\/\/www.notibras.com\/site\/grupo-vai-ao-buriti-exigir-solucao-para-estudantes-de-medicina\/\",\"name\":\"Grupo vai ao Buriti exigir solu\u00e7\u00e3o para alunos de Medicina - Notibras\",\"isPartOf\":{\"@id\":\"https:\/\/www.notibras.com\/site\/#website\"},\"primaryImageOfPage\":{\"@id\":\"https:\/\/www.notibras.com\/site\/grupo-vai-ao-buriti-exigir-solucao-para-estudantes-de-medicina\/#primaryimage\"},\"image\":{\"@id\":\"https:\/\/www.notibras.com\/site\/grupo-vai-ao-buriti-exigir-solucao-para-estudantes-de-medicina\/#primaryimage\"},\"thumbnailUrl\":\"https:\/\/www.notibras.com\/site\/wp-content\/uploads\/2014\/04\/image_gallery-2.jpg\",\"datePublished\":\"2014-04-10T19:42:00+00:00\",\"dateModified\":\"2014-04-10T19:43:37+00:00\",\"breadcrumb\":{\"@id\":\"https:\/\/www.notibras.com\/site\/grupo-vai-ao-buriti-exigir-solucao-para-estudantes-de-medicina\/#breadcrumb\"},\"inLanguage\":\"pt-BR\",\"potentialAction\":[{\"@type\":\"ReadAction\",\"target\":[\"https:\/\/www.notibras.com\/site\/grupo-vai-ao-buriti-exigir-solucao-para-estudantes-de-medicina\/\"]}]},{\"@type\":\"ImageObject\",\"inLanguage\":\"pt-BR\",\"@id\":\"https:\/\/www.notibras.com\/site\/grupo-vai-ao-buriti-exigir-solucao-para-estudantes-de-medicina\/#primaryimage\",\"url\":\"https:\/\/www.notibras.com\/site\/wp-content\/uploads\/2014\/04\/image_gallery-2.jpg\",\"contentUrl\":\"https:\/\/www.notibras.com\/site\/wp-content\/uploads\/2014\/04\/image_gallery-2.jpg\",\"width\":1476,\"height\":984},{\"@type\":\"BreadcrumbList\",\"@id\":\"https:\/\/www.notibras.com\/site\/grupo-vai-ao-buriti-exigir-solucao-para-estudantes-de-medicina\/#breadcrumb\",\"itemListElement\":[{\"@type\":\"ListItem\",\"position\":1,\"name\":\"In\u00edcio\",\"item\":\"https:\/\/www.notibras.com\/site\/\"},{\"@type\":\"ListItem\",\"position\":2,\"name\":\"Grupo vai ao Buriti exigir solu\u00e7\u00e3o para alunos de Medicina\"}]},{\"@type\":\"WebSite\",\"@id\":\"https:\/\/www.notibras.com\/site\/#website\",\"url\":\"https:\/\/www.notibras.com\/site\/\",\"name\":\"Notibras\",\"description\":\"Not\u00edcias de Bras\u00edlia, do Brasil e do Mundo\",\"publisher\":{\"@id\":\"https:\/\/www.notibras.com\/site\/#organization\"},\"potentialAction\":[{\"@type\":\"SearchAction\",\"target\":{\"@type\":\"EntryPoint\",\"urlTemplate\":\"https:\/\/www.notibras.com\/site\/?s={search_term_string}\"},\"query-input\":{\"@type\":\"PropertyValueSpecification\",\"valueRequired\":true,\"valueName\":\"search_term_string\"}}],\"inLanguage\":\"pt-BR\"},{\"@type\":\"Organization\",\"@id\":\"https:\/\/www.notibras.com\/site\/#organization\",\"name\":\"Grupo Notibras de Comunica\u00e7\u00e3o\",\"url\":\"https:\/\/www.notibras.com\/site\/\",\"logo\":{\"@type\":\"ImageObject\",\"inLanguage\":\"pt-BR\",\"@id\":\"https:\/\/www.notibras.com\/site\/#\/schema\/logo\/image\/\",\"url\":\"https:\/\/www.notibras.com\/site\/wp-content\/uploads\/2023\/01\/notibras23.png\",\"contentUrl\":\"https:\/\/www.notibras.com\/site\/wp-content\/uploads\/2023\/01\/notibras23.png\",\"width\":350,\"height\":87,\"caption\":\"Grupo Notibras de Comunica\u00e7\u00e3o\"},\"image\":{\"@id\":\"https:\/\/www.notibras.com\/site\/#\/schema\/logo\/image\/\"},\"sameAs\":[\"https:\/\/www.facebook.com\/notibras\/\",\"https:\/\/x.com\/Notibras\",\"https:\/\/www.instagram.com\/notibras\/\"]},{\"@type\":\"Person\",\"@id\":\"https:\/\/www.notibras.com\/site\/#\/schema\/person\/36ab0979449956132d3e5b517ea76ac8\",\"name\":\"Reda\u00e7\u00e3o\",\"image\":{\"@type\":\"ImageObject\",\"inLanguage\":\"pt-BR\",\"@id\":\"https:\/\/secure.gravatar.com\/avatar\/e0a867bdedb85fd243eadf09663511f96fc81e0720a4a42581f334ad4303aa6b?s=96&d=mm&r=g\",\"url\":\"https:\/\/secure.gravatar.com\/avatar\/e0a867bdedb85fd243eadf09663511f96fc81e0720a4a42581f334ad4303aa6b?s=96&d=mm&r=g\",\"contentUrl\":\"https:\/\/secure.gravatar.com\/avatar\/e0a867bdedb85fd243eadf09663511f96fc81e0720a4a42581f334ad4303aa6b?s=96&d=mm&r=g\",\"caption\":\"Reda\u00e7\u00e3o\"}}]}<\/script>\n<!-- \/ Yoast SEO plugin. -->","yoast_head_json":{"title":"Grupo vai ao Buriti exigir solu\u00e7\u00e3o para alunos de Medicina - Notibras","robots":{"index":"index","follow":"follow","max-snippet":"max-snippet:-1","max-image-preview":"max-image-preview:large","max-video-preview":"max-video-preview:-1"},"canonical":"https:\/\/www.notibras.com\/site\/grupo-vai-ao-buriti-exigir-solucao-para-estudantes-de-medicina\/","og_locale":"pt_BR","og_type":"article","og_title":"Grupo vai ao Buriti exigir solu\u00e7\u00e3o para alunos de Medicina - Notibras","og_description":"Uma comiss\u00e3o de deputados distritais e alunos afastados da Escola Superior de Ci\u00eancias da Sa\u00fade (ESCS) ir\u00e1 ao governador Agnelo Queiroz\u00a0 tentar sensibiliz\u00e1-lo para garantir a matr\u00edcula de todos os 58 estudantes prejudicados por erros do Centro de Sele\u00e7\u00e3o e de Promo\u00e7\u00e3o de Eventos (Cespe\/UnB). O grupo foi criado nesta quarta-feira (9), durante oitiva realizada [&hellip;]","og_url":"https:\/\/www.notibras.com\/site\/grupo-vai-ao-buriti-exigir-solucao-para-estudantes-de-medicina\/","og_site_name":"Notibras","article_publisher":"https:\/\/www.facebook.com\/notibras\/","article_published_time":"2014-04-10T19:42:00+00:00","article_modified_time":"2014-04-10T19:43:37+00:00","og_image":[{"width":1476,"height":984,"url":"https:\/\/www.notibras.com\/site\/wp-content\/uploads\/2014\/04\/image_gallery-2.jpg","type":"image\/jpeg"}],"author":"Reda\u00e7\u00e3o","twitter_card":"summary_large_image","twitter_creator":"@Notibras","twitter_site":"@Notibras","twitter_misc":{"Escrito por":"Reda\u00e7\u00e3o","Est. tempo de leitura":"3 minutos"},"schema":{"@context":"https:\/\/schema.org","@graph":[{"@type":"Article","@id":"https:\/\/www.notibras.com\/site\/grupo-vai-ao-buriti-exigir-solucao-para-estudantes-de-medicina\/#article","isPartOf":{"@id":"https:\/\/www.notibras.com\/site\/grupo-vai-ao-buriti-exigir-solucao-para-estudantes-de-medicina\/"},"author":{"name":"Reda\u00e7\u00e3o","@id":"https:\/\/www.notibras.com\/site\/#\/schema\/person\/36ab0979449956132d3e5b517ea76ac8"},"headline":"Grupo vai ao Buriti exigir solu\u00e7\u00e3o para alunos de Medicina","datePublished":"2014-04-10T19:42:00+00:00","dateModified":"2014-04-10T19:43:37+00:00","mainEntityOfPage":{"@id":"https:\/\/www.notibras.com\/site\/grupo-vai-ao-buriti-exigir-solucao-para-estudantes-de-medicina\/"},"wordCount":614,"commentCount":0,"publisher":{"@id":"https:\/\/www.notibras.com\/site\/#organization"},"image":{"@id":"https:\/\/www.notibras.com\/site\/grupo-vai-ao-buriti-exigir-solucao-para-estudantes-de-medicina\/#primaryimage"},"thumbnailUrl":"https:\/\/www.notibras.com\/site\/wp-content\/uploads\/2014\/04\/image_gallery-2.jpg","articleSection":["Bras\u00edlia"],"inLanguage":"pt-BR","potentialAction":[{"@type":"CommentAction","name":"Comment","target":["https:\/\/www.notibras.com\/site\/grupo-vai-ao-buriti-exigir-solucao-para-estudantes-de-medicina\/#respond"]}]},{"@type":"WebPage","@id":"https:\/\/www.notibras.com\/site\/grupo-vai-ao-buriti-exigir-solucao-para-estudantes-de-medicina\/","url":"https:\/\/www.notibras.com\/site\/grupo-vai-ao-buriti-exigir-solucao-para-estudantes-de-medicina\/","name":"Grupo vai ao Buriti exigir solu\u00e7\u00e3o para alunos de Medicina - Notibras","isPartOf":{"@id":"https:\/\/www.notibras.com\/site\/#website"},"primaryImageOfPage":{"@id":"https:\/\/www.notibras.com\/site\/grupo-vai-ao-buriti-exigir-solucao-para-estudantes-de-medicina\/#primaryimage"},"image":{"@id":"https:\/\/www.notibras.com\/site\/grupo-vai-ao-buriti-exigir-solucao-para-estudantes-de-medicina\/#primaryimage"},"thumbnailUrl":"https:\/\/www.notibras.com\/site\/wp-content\/uploads\/2014\/04\/image_gallery-2.jpg","datePublished":"2014-04-10T19:42:00+00:00","dateModified":"2014-04-10T19:43:37+00:00","breadcrumb":{"@id":"https:\/\/www.notibras.com\/site\/grupo-vai-ao-buriti-exigir-solucao-para-estudantes-de-medicina\/#breadcrumb"},"inLanguage":"pt-BR","potentialAction":[{"@type":"ReadAction","target":["https:\/\/www.notibras.com\/site\/grupo-vai-ao-buriti-exigir-solucao-para-estudantes-de-medicina\/"]}]},{"@type":"ImageObject","inLanguage":"pt-BR","@id":"https:\/\/www.notibras.com\/site\/grupo-vai-ao-buriti-exigir-solucao-para-estudantes-de-medicina\/#primaryimage","url":"https:\/\/www.notibras.com\/site\/wp-content\/uploads\/2014\/04\/image_gallery-2.jpg","contentUrl":"https:\/\/www.notibras.com\/site\/wp-content\/uploads\/2014\/04\/image_gallery-2.jpg","width":1476,"height":984},{"@type":"BreadcrumbList","@id":"https:\/\/www.notibras.com\/site\/grupo-vai-ao-buriti-exigir-solucao-para-estudantes-de-medicina\/#breadcrumb","itemListElement":[{"@type":"ListItem","position":1,"name":"In\u00edcio","item":"https:\/\/www.notibras.com\/site\/"},{"@type":"ListItem","position":2,"name":"Grupo vai ao Buriti exigir solu\u00e7\u00e3o para alunos de Medicina"}]},{"@type":"WebSite","@id":"https:\/\/www.notibras.com\/site\/#website","url":"https:\/\/www.notibras.com\/site\/","name":"Notibras","description":"Not\u00edcias de Bras\u00edlia, do Brasil e do Mundo","publisher":{"@id":"https:\/\/www.notibras.com\/site\/#organization"},"potentialAction":[{"@type":"SearchAction","target":{"@type":"EntryPoint","urlTemplate":"https:\/\/www.notibras.com\/site\/?s={search_term_string}"},"query-input":{"@type":"PropertyValueSpecification","valueRequired":true,"valueName":"search_term_string"}}],"inLanguage":"pt-BR"},{"@type":"Organization","@id":"https:\/\/www.notibras.com\/site\/#organization","name":"Grupo Notibras de Comunica\u00e7\u00e3o","url":"https:\/\/www.notibras.com\/site\/","logo":{"@type":"ImageObject","inLanguage":"pt-BR","@id":"https:\/\/www.notibras.com\/site\/#\/schema\/logo\/image\/","url":"https:\/\/www.notibras.com\/site\/wp-content\/uploads\/2023\/01\/notibras23.png","contentUrl":"https:\/\/www.notibras.com\/site\/wp-content\/uploads\/2023\/01\/notibras23.png","width":350,"height":87,"caption":"Grupo Notibras de Comunica\u00e7\u00e3o"},"image":{"@id":"https:\/\/www.notibras.com\/site\/#\/schema\/logo\/image\/"},"sameAs":["https:\/\/www.facebook.com\/notibras\/","https:\/\/x.com\/Notibras","https:\/\/www.instagram.com\/notibras\/"]},{"@type":"Person","@id":"https:\/\/www.notibras.com\/site\/#\/schema\/person\/36ab0979449956132d3e5b517ea76ac8","name":"Reda\u00e7\u00e3o","image":{"@type":"ImageObject","inLanguage":"pt-BR","@id":"https:\/\/secure.gravatar.com\/avatar\/e0a867bdedb85fd243eadf09663511f96fc81e0720a4a42581f334ad4303aa6b?s=96&d=mm&r=g","url":"https:\/\/secure.gravatar.com\/avatar\/e0a867bdedb85fd243eadf09663511f96fc81e0720a4a42581f334ad4303aa6b?s=96&d=mm&r=g","contentUrl":"https:\/\/secure.gravatar.com\/avatar\/e0a867bdedb85fd243eadf09663511f96fc81e0720a4a42581f334ad4303aa6b?s=96&d=mm&r=g","caption":"Reda\u00e7\u00e3o"}}]}},"amp_enabled":true,"_links":{"self":[{"href":"https:\/\/www.notibras.com\/site\/wp-json\/wp\/v2\/posts\/6469","targetHints":{"allow":["GET"]}}],"collection":[{"href":"https:\/\/www.notibras.com\/site\/wp-json\/wp\/v2\/posts"}],"about":[{"href":"https:\/\/www.notibras.com\/site\/wp-json\/wp\/v2\/types\/post"}],"author":[{"embeddable":true,"href":"https:\/\/www.notibras.com\/site\/wp-json\/wp\/v2\/users\/2"}],"replies":[{"embeddable":true,"href":"https:\/\/www.notibras.com\/site\/wp-json\/wp\/v2\/comments?post=6469"}],"version-history":[{"count":0,"href":"https:\/\/www.notibras.com\/site\/wp-json\/wp\/v2\/posts\/6469\/revisions"}],"wp:featuredmedia":[{"embeddable":true,"href":"https:\/\/www.notibras.com\/site\/wp-json\/wp\/v2\/media\/6470"}],"wp:attachment":[{"href":"https:\/\/www.notibras.com\/site\/wp-json\/wp\/v2\/media?parent=6469"}],"wp:term":[{"taxonomy":"category","embeddable":true,"href":"https:\/\/www.notibras.com\/site\/wp-json\/wp\/v2\/categories?post=6469"},{"taxonomy":"post_tag","embeddable":true,"href":"https:\/\/www.notibras.com\/site\/wp-json\/wp\/v2\/tags?post=6469"}],"curies":[{"name":"wp","href":"https:\/\/api.w.org\/{rel}","templated":true}]}}