{"id":64698,"date":"2015-08-27T09:13:14","date_gmt":"2015-08-27T12:13:14","guid":{"rendered":"http:\/\/www.notibras.com\/site\/?p=64698"},"modified":"2015-08-27T09:14:21","modified_gmt":"2015-08-27T12:14:21","slug":"falta-de-leitos-hospitalares-faz-cresce-fila-para-transplante-de-medula-ossea-no-pais","status":"publish","type":"post","link":"https:\/\/www.notibras.com\/site\/falta-de-leitos-hospitalares-faz-cresce-fila-para-transplante-de-medula-ossea-no-pais\/","title":{"rendered":"Falta de leitos hospitalares faz aumentar a fila para o transplante de medula \u00f3ssea"},"content":{"rendered":"<p>Mais de mil pessoas est\u00e3o na fila para transplante de medula \u00f3ssea no Brasil devido \u00e0 falta de leitos, diz a Sociedade Brasileira de Transplante de Medula \u00d3ssea, que iniciou hoje (26) debate sobre o assunto no 19\u00ba Congresso Brasileiro de Transplante de Medula. O evento re\u00fane, at\u00e9 s\u00e1bado (29), especialistas nacionais e internacionais na cidade de Foz do Igua\u00e7u, no Paran\u00e1. Segundo m\u00e9dicos, a situa\u00e7\u00e3o \u00e9 mais grave para os pacientes que precisam de transplante do tipo alog\u00eanico, quando doador e receptor s\u00e3o pessoas diferentes.<\/p>\n<p>A presidenta da Sociedade Brasileira de Transplante de Medula \u00d3ssea, L\u00facia Silla, disse que muitos pacientes esperam atualmente at\u00e9 dois anos para serem transplantados, quando deveriam esperar apenas sete meses. \u201cPacientes com indica\u00e7\u00e3o de transplante alog\u00eanico levam, em m\u00e9dia, de quatro a seis meses, desde o diagn\u00f3stico da doen\u00e7a, passando por v\u00e1rias quimioterapias, at\u00e9 o momento do transplante. Ent\u00e3o, at\u00e9 sete meses \u00e9 o ideal.\u201d<\/p>\n<p>\u201cNo Brasil, temos pacientes com doador aparentado [parente] que esperam mais de um ano, entre o diagn\u00f3stico e a realiza\u00e7\u00e3o do transplante. Entre os pacientes com doador n\u00e3o aparentado, alguns esperam mais de dois anos\u201d, afirmou, lembrando que, em pa\u00edses mais desenvolvidos, n\u00e3o existem filas para esse tipo de transplante.<\/p>\n<p>L\u00facia elogiou o Registro Nacional de Doadores de Medula \u00d3ssea (Redome) &#8211; de doadores volunt\u00e1rios &#8211; que \u00e9 o maior do mundo, com 3,4 milh\u00f5es de registros. Ela ressaltou que pouco adianta ter tantos doadores se n\u00e3o h\u00e1 lugar para o transplante e a equipe especializada. \u201cHouve um crescimento desproporcional do n\u00famero de doadores, que n\u00e3o foi acompanhado pelo crescimento da capacidade de transplantar&#8221;, disse.<\/p>\n<p>Tamb\u00e9m conhecido como transplante de c\u00e9lulas-tronco hematopoieticas, o procedimento \u00e9 complexo e caro, o que dificulta o acesso. O Sistema \u00danico de Sa\u00fade (SUS) \u00e9 respons\u00e1vel por mais da metade dos transplantes. O restante \u00e9 feito por meio de conv\u00eanios ou institui\u00e7\u00f5es privadas. No caso dos conv\u00eanios, o SUS ressarce os centros de transplante.<\/p>\n<p>\u201cO transplante n\u00e3o aparentado pode sair de R$ 200 mil a R$ 500 mil, pois tem alto grau de complica\u00e7\u00e3o, ent\u00e3o, a institui\u00e7\u00e3o acaba tendo que entrar com recursos pr\u00f3prios. O SUS tem um pacote e, se o paciente gastar mais que o pacote, \u00e9 o hospital quem assume\u201d, afirmou a m\u00e9dica. Ela disse que reconhece os benef\u00edcios da iniciativa do Minist\u00e9rio da Sa\u00fade em intensificar a autoriza\u00e7\u00e3o para novos centros fazerem esse tipo de transplante, e de aumentar em cerca de 60% o ressarcimento por procedimento para os hospitais que fazem transplantes de \u00f3rg\u00e3os s\u00f3lidos. \u201cIsso estimula institui\u00e7\u00f5es privadas a aumentar o n\u00famero de leitos e atrair novos profissionais\u201d, disse. Ela tamb\u00e9m afirmou que a falta de m\u00e9dicos especialistas \u00e9 outro problema.<\/p>\n<p>Segundo a especialista, o m\u00e9dico que faz o transplante de medula \u00f3ssea ganha o mesmo sal\u00e1rio se fizer uma ou dez cirurgias no m\u00eas. E, como o transplante \u00e9 de alto risco, as jornadas de trabalho s\u00e3o longas, e poucos rec\u00e9m-formados se interessam pela carreira, informou.<\/p>\n<p>O Minist\u00e9rio da Sa\u00fade anunciou, no ano passado, a meta de duplicar a capacidade de transplante de medula \u00f3ssea at\u00e9 2016, e de passar a regular os leitos dos hospitais transplantadores em \u00e2mbito nacional, a partir de janeiro do ano que vem. Al\u00e9m do transplante alog\u00eanico, existem os transplantes aut\u00f3logo, quando as c\u00e9lulas-tronco s\u00e3o obtidas do pr\u00f3prio paciente \u2013 o mais comum e simples \u2013 e o sing\u00eanico, quando as c\u00e9lulas s\u00e3o de g\u00eameos id\u00eanticos.<\/p>\n<p>O transplante de medula \u00f3ssea (\u00f3rg\u00e3o que produz as c\u00e9lulas sangu\u00edneas) consiste na substitui\u00e7\u00e3o da medula doente por c\u00e9lulas-m\u00e3e do sangue sadias, de um doador compat\u00edvel. As leucemias agudas s\u00e3o as principais causas de transplantes alog\u00eanicos no Brasil e no mundo. O paciente recebe a medula \u00f3ssea por meio de uma transfus\u00e3o em que as c\u00e9lulas-tronco s\u00e3o colhidas do doador, armazenadas em uma bolsa de transfus\u00e3o e infundidas no paciente, ap\u00f3s ele ter sido submetido a um preparo com quimioterapia associada, ou n\u00e3o, \u00e0 radioterapia. O objetivo \u00e9 substituir a medula \u00f3ssea doente por c\u00e9lulas normais de um doador sadio.<\/p>\n<p>No ano passado, segundo dados do minist\u00e9rio, 70 hospitais ofereciam transplante de medula do tipo aut\u00f3logo, quando o paciente \u00e9 o pr\u00f3prio doador, e 29 unidades eram credenciadas para transplantes alog\u00eanicos, entre pessoas que n\u00e3o s\u00e3o parentes, que \u00e9 o mais complexo.<\/p>\n<p><strong>Fl\u00e1via Vilella &#8211; ABr<\/strong><\/p>\n","protected":false},"excerpt":{"rendered":"<p>Mais de mil pessoas est\u00e3o na fila para transplante de medula \u00f3ssea no Brasil devido \u00e0 falta de leitos, diz a Sociedade Brasileira de Transplante de Medula \u00d3ssea, que iniciou hoje (26) debate sobre o assunto no 19\u00ba Congresso Brasileiro de Transplante de Medula. O evento re\u00fane, at\u00e9 s\u00e1bado (29), especialistas nacionais e internacionais na [&hellip;]<\/p>\n","protected":false},"author":2,"featured_media":64699,"comment_status":"open","ping_status":"closed","sticky":false,"template":"","format":"standard","meta":{"_acf_changed":false,"footnotes":""},"categories":[16],"tags":[],"class_list":["post-64698","post","type-post","status-publish","format-standard","has-post-thumbnail","hentry","category-brasil"],"acf":[],"yoast_head":"<!-- This site is optimized with the Yoast SEO plugin v27.2 - https:\/\/yoast.com\/product\/yoast-seo-wordpress\/ -->\n<title>Falta de leitos hospitalares faz aumentar a fila para o transplante de medula \u00f3ssea - Notibras<\/title>\n<meta name=\"robots\" content=\"index, follow, max-snippet:-1, max-image-preview:large, max-video-preview:-1\" \/>\n<link rel=\"canonical\" href=\"https:\/\/www.notibras.com\/site\/falta-de-leitos-hospitalares-faz-cresce-fila-para-transplante-de-medula-ossea-no-pais\/\" \/>\n<meta property=\"og:locale\" content=\"pt_BR\" \/>\n<meta property=\"og:type\" content=\"article\" \/>\n<meta property=\"og:title\" content=\"Falta de leitos hospitalares faz aumentar a fila para o transplante de medula \u00f3ssea - Notibras\" \/>\n<meta property=\"og:description\" content=\"Mais de mil pessoas est\u00e3o na fila para transplante de medula \u00f3ssea no Brasil devido \u00e0 falta de leitos, diz a Sociedade Brasileira de Transplante de Medula \u00d3ssea, que iniciou hoje (26) debate sobre o assunto no 19\u00ba Congresso Brasileiro de Transplante de Medula. O evento re\u00fane, at\u00e9 s\u00e1bado (29), especialistas nacionais e internacionais na [&hellip;]\" \/>\n<meta property=\"og:url\" content=\"https:\/\/www.notibras.com\/site\/falta-de-leitos-hospitalares-faz-cresce-fila-para-transplante-de-medula-ossea-no-pais\/\" \/>\n<meta property=\"og:site_name\" content=\"Notibras\" \/>\n<meta property=\"article:publisher\" content=\"https:\/\/www.facebook.com\/notibras\/\" \/>\n<meta property=\"article:published_time\" content=\"2015-08-27T12:13:14+00:00\" \/>\n<meta property=\"article:modified_time\" content=\"2015-08-27T12:14:21+00:00\" \/>\n<meta property=\"og:image\" content=\"https:\/\/www.notibras.com\/site\/wp-content\/uploads\/2015\/08\/Bone_marrow_biopsy.jpg\" \/>\n\t<meta property=\"og:image:width\" content=\"2000\" \/>\n\t<meta property=\"og:image:height\" content=\"1312\" \/>\n\t<meta property=\"og:image:type\" content=\"image\/jpeg\" \/>\n<meta name=\"author\" content=\"Reda\u00e7\u00e3o\" \/>\n<meta name=\"twitter:card\" content=\"summary_large_image\" \/>\n<meta name=\"twitter:creator\" content=\"@Notibras\" \/>\n<meta name=\"twitter:site\" content=\"@Notibras\" \/>\n<meta name=\"twitter:label1\" content=\"Escrito por\" \/>\n\t<meta name=\"twitter:data1\" content=\"Reda\u00e7\u00e3o\" \/>\n\t<meta name=\"twitter:label2\" content=\"Est. tempo de leitura\" \/>\n\t<meta name=\"twitter:data2\" content=\"4 minutos\" \/>\n<script type=\"application\/ld+json\" class=\"yoast-schema-graph\">{\"@context\":\"https:\/\/schema.org\",\"@graph\":[{\"@type\":\"Article\",\"@id\":\"https:\/\/www.notibras.com\/site\/falta-de-leitos-hospitalares-faz-cresce-fila-para-transplante-de-medula-ossea-no-pais\/#article\",\"isPartOf\":{\"@id\":\"https:\/\/www.notibras.com\/site\/falta-de-leitos-hospitalares-faz-cresce-fila-para-transplante-de-medula-ossea-no-pais\/\"},\"author\":{\"name\":\"Reda\u00e7\u00e3o\",\"@id\":\"https:\/\/www.notibras.com\/site\/#\/schema\/person\/36ab0979449956132d3e5b517ea76ac8\"},\"headline\":\"Falta de leitos hospitalares faz aumentar a fila para o transplante de medula \u00f3ssea\",\"datePublished\":\"2015-08-27T12:13:14+00:00\",\"dateModified\":\"2015-08-27T12:14:21+00:00\",\"mainEntityOfPage\":{\"@id\":\"https:\/\/www.notibras.com\/site\/falta-de-leitos-hospitalares-faz-cresce-fila-para-transplante-de-medula-ossea-no-pais\/\"},\"wordCount\":789,\"commentCount\":0,\"publisher\":{\"@id\":\"https:\/\/www.notibras.com\/site\/#organization\"},\"image\":{\"@id\":\"https:\/\/www.notibras.com\/site\/falta-de-leitos-hospitalares-faz-cresce-fila-para-transplante-de-medula-ossea-no-pais\/#primaryimage\"},\"thumbnailUrl\":\"https:\/\/www.notibras.com\/site\/wp-content\/uploads\/2015\/08\/Bone_marrow_biopsy.jpg\",\"articleSection\":[\"Brasil\"],\"inLanguage\":\"pt-BR\",\"potentialAction\":[{\"@type\":\"CommentAction\",\"name\":\"Comment\",\"target\":[\"https:\/\/www.notibras.com\/site\/falta-de-leitos-hospitalares-faz-cresce-fila-para-transplante-de-medula-ossea-no-pais\/#respond\"]}]},{\"@type\":\"WebPage\",\"@id\":\"https:\/\/www.notibras.com\/site\/falta-de-leitos-hospitalares-faz-cresce-fila-para-transplante-de-medula-ossea-no-pais\/\",\"url\":\"https:\/\/www.notibras.com\/site\/falta-de-leitos-hospitalares-faz-cresce-fila-para-transplante-de-medula-ossea-no-pais\/\",\"name\":\"Falta de leitos hospitalares faz aumentar a fila para o transplante de medula \u00f3ssea - Notibras\",\"isPartOf\":{\"@id\":\"https:\/\/www.notibras.com\/site\/#website\"},\"primaryImageOfPage\":{\"@id\":\"https:\/\/www.notibras.com\/site\/falta-de-leitos-hospitalares-faz-cresce-fila-para-transplante-de-medula-ossea-no-pais\/#primaryimage\"},\"image\":{\"@id\":\"https:\/\/www.notibras.com\/site\/falta-de-leitos-hospitalares-faz-cresce-fila-para-transplante-de-medula-ossea-no-pais\/#primaryimage\"},\"thumbnailUrl\":\"https:\/\/www.notibras.com\/site\/wp-content\/uploads\/2015\/08\/Bone_marrow_biopsy.jpg\",\"datePublished\":\"2015-08-27T12:13:14+00:00\",\"dateModified\":\"2015-08-27T12:14:21+00:00\",\"breadcrumb\":{\"@id\":\"https:\/\/www.notibras.com\/site\/falta-de-leitos-hospitalares-faz-cresce-fila-para-transplante-de-medula-ossea-no-pais\/#breadcrumb\"},\"inLanguage\":\"pt-BR\",\"potentialAction\":[{\"@type\":\"ReadAction\",\"target\":[\"https:\/\/www.notibras.com\/site\/falta-de-leitos-hospitalares-faz-cresce-fila-para-transplante-de-medula-ossea-no-pais\/\"]}]},{\"@type\":\"ImageObject\",\"inLanguage\":\"pt-BR\",\"@id\":\"https:\/\/www.notibras.com\/site\/falta-de-leitos-hospitalares-faz-cresce-fila-para-transplante-de-medula-ossea-no-pais\/#primaryimage\",\"url\":\"https:\/\/www.notibras.com\/site\/wp-content\/uploads\/2015\/08\/Bone_marrow_biopsy.jpg\",\"contentUrl\":\"https:\/\/www.notibras.com\/site\/wp-content\/uploads\/2015\/08\/Bone_marrow_biopsy.jpg\",\"width\":2000,\"height\":1312},{\"@type\":\"BreadcrumbList\",\"@id\":\"https:\/\/www.notibras.com\/site\/falta-de-leitos-hospitalares-faz-cresce-fila-para-transplante-de-medula-ossea-no-pais\/#breadcrumb\",\"itemListElement\":[{\"@type\":\"ListItem\",\"position\":1,\"name\":\"In\u00edcio\",\"item\":\"https:\/\/www.notibras.com\/site\/\"},{\"@type\":\"ListItem\",\"position\":2,\"name\":\"Falta de leitos hospitalares faz aumentar a fila para o transplante de medula \u00f3ssea\"}]},{\"@type\":\"WebSite\",\"@id\":\"https:\/\/www.notibras.com\/site\/#website\",\"url\":\"https:\/\/www.notibras.com\/site\/\",\"name\":\"Notibras\",\"description\":\"Not\u00edcias de Bras\u00edlia, do Brasil e do Mundo\",\"publisher\":{\"@id\":\"https:\/\/www.notibras.com\/site\/#organization\"},\"potentialAction\":[{\"@type\":\"SearchAction\",\"target\":{\"@type\":\"EntryPoint\",\"urlTemplate\":\"https:\/\/www.notibras.com\/site\/?s={search_term_string}\"},\"query-input\":{\"@type\":\"PropertyValueSpecification\",\"valueRequired\":true,\"valueName\":\"search_term_string\"}}],\"inLanguage\":\"pt-BR\"},{\"@type\":\"Organization\",\"@id\":\"https:\/\/www.notibras.com\/site\/#organization\",\"name\":\"Grupo Notibras de Comunica\u00e7\u00e3o\",\"url\":\"https:\/\/www.notibras.com\/site\/\",\"logo\":{\"@type\":\"ImageObject\",\"inLanguage\":\"pt-BR\",\"@id\":\"https:\/\/www.notibras.com\/site\/#\/schema\/logo\/image\/\",\"url\":\"https:\/\/www.notibras.com\/site\/wp-content\/uploads\/2023\/01\/notibras23.png\",\"contentUrl\":\"https:\/\/www.notibras.com\/site\/wp-content\/uploads\/2023\/01\/notibras23.png\",\"width\":350,\"height\":87,\"caption\":\"Grupo Notibras de Comunica\u00e7\u00e3o\"},\"image\":{\"@id\":\"https:\/\/www.notibras.com\/site\/#\/schema\/logo\/image\/\"},\"sameAs\":[\"https:\/\/www.facebook.com\/notibras\/\",\"https:\/\/x.com\/Notibras\",\"https:\/\/www.instagram.com\/notibras\/\"]},{\"@type\":\"Person\",\"@id\":\"https:\/\/www.notibras.com\/site\/#\/schema\/person\/36ab0979449956132d3e5b517ea76ac8\",\"name\":\"Reda\u00e7\u00e3o\",\"image\":{\"@type\":\"ImageObject\",\"inLanguage\":\"pt-BR\",\"@id\":\"https:\/\/secure.gravatar.com\/avatar\/e0a867bdedb85fd243eadf09663511f96fc81e0720a4a42581f334ad4303aa6b?s=96&d=mm&r=g\",\"url\":\"https:\/\/secure.gravatar.com\/avatar\/e0a867bdedb85fd243eadf09663511f96fc81e0720a4a42581f334ad4303aa6b?s=96&d=mm&r=g\",\"contentUrl\":\"https:\/\/secure.gravatar.com\/avatar\/e0a867bdedb85fd243eadf09663511f96fc81e0720a4a42581f334ad4303aa6b?s=96&d=mm&r=g\",\"caption\":\"Reda\u00e7\u00e3o\"}}]}<\/script>\n<!-- \/ Yoast SEO plugin. -->","yoast_head_json":{"title":"Falta de leitos hospitalares faz aumentar a fila para o transplante de medula \u00f3ssea - Notibras","robots":{"index":"index","follow":"follow","max-snippet":"max-snippet:-1","max-image-preview":"max-image-preview:large","max-video-preview":"max-video-preview:-1"},"canonical":"https:\/\/www.notibras.com\/site\/falta-de-leitos-hospitalares-faz-cresce-fila-para-transplante-de-medula-ossea-no-pais\/","og_locale":"pt_BR","og_type":"article","og_title":"Falta de leitos hospitalares faz aumentar a fila para o transplante de medula \u00f3ssea - Notibras","og_description":"Mais de mil pessoas est\u00e3o na fila para transplante de medula \u00f3ssea no Brasil devido \u00e0 falta de leitos, diz a Sociedade Brasileira de Transplante de Medula \u00d3ssea, que iniciou hoje (26) debate sobre o assunto no 19\u00ba Congresso Brasileiro de Transplante de Medula. O evento re\u00fane, at\u00e9 s\u00e1bado (29), especialistas nacionais e internacionais na [&hellip;]","og_url":"https:\/\/www.notibras.com\/site\/falta-de-leitos-hospitalares-faz-cresce-fila-para-transplante-de-medula-ossea-no-pais\/","og_site_name":"Notibras","article_publisher":"https:\/\/www.facebook.com\/notibras\/","article_published_time":"2015-08-27T12:13:14+00:00","article_modified_time":"2015-08-27T12:14:21+00:00","og_image":[{"width":2000,"height":1312,"url":"https:\/\/www.notibras.com\/site\/wp-content\/uploads\/2015\/08\/Bone_marrow_biopsy.jpg","type":"image\/jpeg"}],"author":"Reda\u00e7\u00e3o","twitter_card":"summary_large_image","twitter_creator":"@Notibras","twitter_site":"@Notibras","twitter_misc":{"Escrito por":"Reda\u00e7\u00e3o","Est. tempo de leitura":"4 minutos"},"schema":{"@context":"https:\/\/schema.org","@graph":[{"@type":"Article","@id":"https:\/\/www.notibras.com\/site\/falta-de-leitos-hospitalares-faz-cresce-fila-para-transplante-de-medula-ossea-no-pais\/#article","isPartOf":{"@id":"https:\/\/www.notibras.com\/site\/falta-de-leitos-hospitalares-faz-cresce-fila-para-transplante-de-medula-ossea-no-pais\/"},"author":{"name":"Reda\u00e7\u00e3o","@id":"https:\/\/www.notibras.com\/site\/#\/schema\/person\/36ab0979449956132d3e5b517ea76ac8"},"headline":"Falta de leitos hospitalares faz aumentar a fila para o transplante de medula \u00f3ssea","datePublished":"2015-08-27T12:13:14+00:00","dateModified":"2015-08-27T12:14:21+00:00","mainEntityOfPage":{"@id":"https:\/\/www.notibras.com\/site\/falta-de-leitos-hospitalares-faz-cresce-fila-para-transplante-de-medula-ossea-no-pais\/"},"wordCount":789,"commentCount":0,"publisher":{"@id":"https:\/\/www.notibras.com\/site\/#organization"},"image":{"@id":"https:\/\/www.notibras.com\/site\/falta-de-leitos-hospitalares-faz-cresce-fila-para-transplante-de-medula-ossea-no-pais\/#primaryimage"},"thumbnailUrl":"https:\/\/www.notibras.com\/site\/wp-content\/uploads\/2015\/08\/Bone_marrow_biopsy.jpg","articleSection":["Brasil"],"inLanguage":"pt-BR","potentialAction":[{"@type":"CommentAction","name":"Comment","target":["https:\/\/www.notibras.com\/site\/falta-de-leitos-hospitalares-faz-cresce-fila-para-transplante-de-medula-ossea-no-pais\/#respond"]}]},{"@type":"WebPage","@id":"https:\/\/www.notibras.com\/site\/falta-de-leitos-hospitalares-faz-cresce-fila-para-transplante-de-medula-ossea-no-pais\/","url":"https:\/\/www.notibras.com\/site\/falta-de-leitos-hospitalares-faz-cresce-fila-para-transplante-de-medula-ossea-no-pais\/","name":"Falta de leitos hospitalares faz aumentar a fila para o transplante de medula \u00f3ssea - Notibras","isPartOf":{"@id":"https:\/\/www.notibras.com\/site\/#website"},"primaryImageOfPage":{"@id":"https:\/\/www.notibras.com\/site\/falta-de-leitos-hospitalares-faz-cresce-fila-para-transplante-de-medula-ossea-no-pais\/#primaryimage"},"image":{"@id":"https:\/\/www.notibras.com\/site\/falta-de-leitos-hospitalares-faz-cresce-fila-para-transplante-de-medula-ossea-no-pais\/#primaryimage"},"thumbnailUrl":"https:\/\/www.notibras.com\/site\/wp-content\/uploads\/2015\/08\/Bone_marrow_biopsy.jpg","datePublished":"2015-08-27T12:13:14+00:00","dateModified":"2015-08-27T12:14:21+00:00","breadcrumb":{"@id":"https:\/\/www.notibras.com\/site\/falta-de-leitos-hospitalares-faz-cresce-fila-para-transplante-de-medula-ossea-no-pais\/#breadcrumb"},"inLanguage":"pt-BR","potentialAction":[{"@type":"ReadAction","target":["https:\/\/www.notibras.com\/site\/falta-de-leitos-hospitalares-faz-cresce-fila-para-transplante-de-medula-ossea-no-pais\/"]}]},{"@type":"ImageObject","inLanguage":"pt-BR","@id":"https:\/\/www.notibras.com\/site\/falta-de-leitos-hospitalares-faz-cresce-fila-para-transplante-de-medula-ossea-no-pais\/#primaryimage","url":"https:\/\/www.notibras.com\/site\/wp-content\/uploads\/2015\/08\/Bone_marrow_biopsy.jpg","contentUrl":"https:\/\/www.notibras.com\/site\/wp-content\/uploads\/2015\/08\/Bone_marrow_biopsy.jpg","width":2000,"height":1312},{"@type":"BreadcrumbList","@id":"https:\/\/www.notibras.com\/site\/falta-de-leitos-hospitalares-faz-cresce-fila-para-transplante-de-medula-ossea-no-pais\/#breadcrumb","itemListElement":[{"@type":"ListItem","position":1,"name":"In\u00edcio","item":"https:\/\/www.notibras.com\/site\/"},{"@type":"ListItem","position":2,"name":"Falta de leitos hospitalares faz aumentar a fila para o transplante de medula \u00f3ssea"}]},{"@type":"WebSite","@id":"https:\/\/www.notibras.com\/site\/#website","url":"https:\/\/www.notibras.com\/site\/","name":"Notibras","description":"Not\u00edcias de Bras\u00edlia, do Brasil e do Mundo","publisher":{"@id":"https:\/\/www.notibras.com\/site\/#organization"},"potentialAction":[{"@type":"SearchAction","target":{"@type":"EntryPoint","urlTemplate":"https:\/\/www.notibras.com\/site\/?s={search_term_string}"},"query-input":{"@type":"PropertyValueSpecification","valueRequired":true,"valueName":"search_term_string"}}],"inLanguage":"pt-BR"},{"@type":"Organization","@id":"https:\/\/www.notibras.com\/site\/#organization","name":"Grupo Notibras de Comunica\u00e7\u00e3o","url":"https:\/\/www.notibras.com\/site\/","logo":{"@type":"ImageObject","inLanguage":"pt-BR","@id":"https:\/\/www.notibras.com\/site\/#\/schema\/logo\/image\/","url":"https:\/\/www.notibras.com\/site\/wp-content\/uploads\/2023\/01\/notibras23.png","contentUrl":"https:\/\/www.notibras.com\/site\/wp-content\/uploads\/2023\/01\/notibras23.png","width":350,"height":87,"caption":"Grupo Notibras de Comunica\u00e7\u00e3o"},"image":{"@id":"https:\/\/www.notibras.com\/site\/#\/schema\/logo\/image\/"},"sameAs":["https:\/\/www.facebook.com\/notibras\/","https:\/\/x.com\/Notibras","https:\/\/www.instagram.com\/notibras\/"]},{"@type":"Person","@id":"https:\/\/www.notibras.com\/site\/#\/schema\/person\/36ab0979449956132d3e5b517ea76ac8","name":"Reda\u00e7\u00e3o","image":{"@type":"ImageObject","inLanguage":"pt-BR","@id":"https:\/\/secure.gravatar.com\/avatar\/e0a867bdedb85fd243eadf09663511f96fc81e0720a4a42581f334ad4303aa6b?s=96&d=mm&r=g","url":"https:\/\/secure.gravatar.com\/avatar\/e0a867bdedb85fd243eadf09663511f96fc81e0720a4a42581f334ad4303aa6b?s=96&d=mm&r=g","contentUrl":"https:\/\/secure.gravatar.com\/avatar\/e0a867bdedb85fd243eadf09663511f96fc81e0720a4a42581f334ad4303aa6b?s=96&d=mm&r=g","caption":"Reda\u00e7\u00e3o"}}]}},"amp_enabled":true,"_links":{"self":[{"href":"https:\/\/www.notibras.com\/site\/wp-json\/wp\/v2\/posts\/64698","targetHints":{"allow":["GET"]}}],"collection":[{"href":"https:\/\/www.notibras.com\/site\/wp-json\/wp\/v2\/posts"}],"about":[{"href":"https:\/\/www.notibras.com\/site\/wp-json\/wp\/v2\/types\/post"}],"author":[{"embeddable":true,"href":"https:\/\/www.notibras.com\/site\/wp-json\/wp\/v2\/users\/2"}],"replies":[{"embeddable":true,"href":"https:\/\/www.notibras.com\/site\/wp-json\/wp\/v2\/comments?post=64698"}],"version-history":[{"count":3,"href":"https:\/\/www.notibras.com\/site\/wp-json\/wp\/v2\/posts\/64698\/revisions"}],"predecessor-version":[{"id":64702,"href":"https:\/\/www.notibras.com\/site\/wp-json\/wp\/v2\/posts\/64698\/revisions\/64702"}],"wp:featuredmedia":[{"embeddable":true,"href":"https:\/\/www.notibras.com\/site\/wp-json\/wp\/v2\/media\/64699"}],"wp:attachment":[{"href":"https:\/\/www.notibras.com\/site\/wp-json\/wp\/v2\/media?parent=64698"}],"wp:term":[{"taxonomy":"category","embeddable":true,"href":"https:\/\/www.notibras.com\/site\/wp-json\/wp\/v2\/categories?post=64698"},{"taxonomy":"post_tag","embeddable":true,"href":"https:\/\/www.notibras.com\/site\/wp-json\/wp\/v2\/tags?post=64698"}],"curies":[{"name":"wp","href":"https:\/\/api.w.org\/{rel}","templated":true}]}}