{"id":64749,"date":"2015-08-27T12:50:50","date_gmt":"2015-08-27T15:50:50","guid":{"rendered":"http:\/\/www.notibras.com\/site\/?p=64749"},"modified":"2015-08-28T07:29:47","modified_gmt":"2015-08-28T10:29:47","slug":"temer-abandona-o-barco-levy-deve-ir-junto-e-a-crise-se-aprofunda","status":"publish","type":"post","link":"https:\/\/www.notibras.com\/site\/temer-abandona-o-barco-levy-deve-ir-junto-e-a-crise-se-aprofunda\/","title":{"rendered":"Temer abandona barco de Dilma, Joaquim Levy deve ir junto e a crise se aprofunda"},"content":{"rendered":"<p>A crise em que o Brasil est\u00e1 atolado ganha dimens\u00e3o tal, que as poss\u00edveis solu\u00e7\u00f5es para contorn\u00e1-la v\u00e3o se esvaindo.<\/p>\n<p>Na segunda-feira, o vice-presidente Michel Temer abandonou a tarefa de coordenador pol\u00edtico do governo. N\u00e3o ser\u00e1 mais o interlocutor junto ao Congresso Nacional para a pacifica\u00e7\u00e3o da base aliada. Sua tarefa era tornar mais palat\u00e1vel as rela\u00e7\u00f5es entre a presidente Dilma, os deputados e senadores. Temer n\u00e3o suportou a press\u00e3o negativa exercida pelo PT.<\/p>\n<p>Tudo indica que a presidente Dilma perdeu tamb\u00e9m a confian\u00e7a em Temer, depois que ele disse que havia a necessidade \u201cde um l\u00edder para unificar o Brasil\u201d.<\/p>\n<p>Talvez, o mesmo caminho de Temer ser\u00e1 seguido pelo ministro da Fazenda, Joaquim Levy. Os petistas n\u00e3o o engolem, devido suas propostas para alcan\u00e7ar o ajuste fiscal e colocar as contas do governo em ordem. Joaquim Levy est\u00e1 totalmente escanteado dentro do governo.<\/p>\n<p>A sa\u00edda de Temer do barco de Dilma \u00e9 o primeiro passo para o distanciamento entre PMDB e PT. Ent\u00e3o, a presidente Dilma passaria a ter o PMDB como seu advers\u00e1rio na C\u00e2mara dos Deputados e no Senado Federal.<\/p>\n<p>Depois do an\u00fancio da sa\u00edda de Michel Temer, a presidente Dilma surpreendeu a todos ao afirmar que errou ao subestimar o tamanho da crise econ\u00f4mica que tomou conta do seu governo. Anunciou que vai preparar o pa\u00eds para sair dessa crise. Revelou que cortar\u00e1 dois mil cargos comissionados e extinguir\u00e1 10 dos 39 minist\u00e9rios, mas n\u00e3o detalhou quais as pastas ser\u00e3o atingidas.<\/p>\n<p>Um dia depois do afastamento do vice-presidente Michel Temer das negocia\u00e7\u00f5es pol\u00edticas do governo, o Pal\u00e1cio do Planalto autorizou a libera\u00e7\u00e3o R$ 500 milh\u00f5es para pagamento de emendas apresentadas ao or\u00e7amento da Uni\u00e3o pelos parlamentares.<\/p>\n<p>O que se v\u00ea hoje \u00e9 uma situa\u00e7\u00e3o semelhante ao do estouro de uma boiada. Deputados, senadores, dirigentes de partidos, figuras coroadas do governo, todos correndo de um lado para outro, sem rumo definido. At\u00f4nitos em sua maioria, procuram entender o que est\u00e1 acontecendo, procuram dimensionar as alternativas para levar o Brasil a sair da grave crise pol\u00edtica, econ\u00f4mica e \u00e9tica &#8211; em que est\u00e1 atolado.<\/p>\n<p>O n\u00f3 maior a ser desatado \u00e9 a defini\u00e7\u00e3o do futuro de Dilma Rousseff. Ela ser\u00e1 defenestrada do governo? Ou governar\u00e1 at\u00e9 o dia 31 de dezembro de 2018?<\/p>\n<p>Essa quest\u00e3o ficou mais tensa depois da decis\u00e3o do ministro Gilmar Mendes, no Tribunal Superior Eleitoral, relator das presta\u00e7\u00f5es de contas da campanha eleitoral de 2014. Disse ele ter encontrado fortes ind\u00edcios de que recursos usurpados da Petrobras foram usados na campanha da reelei\u00e7\u00e3o de Dilma-Michel Temer, no ano passado. Inclusive, pediu que o Minist\u00e9rio P\u00fablico Federal e a Pol\u00edcia Federal fa\u00e7am uma rigorosa investiga\u00e7\u00e3o.<\/p>\n<p>\u00c9 justamente essa comprova\u00e7\u00e3o que o PSDB est\u00e1 procurando para entrar com pedido de impeachment da presidente Dilma. A impugna\u00e7\u00e3o da chapa Dilma-Temer pela Justi\u00e7a Eleitoral seria a sa\u00edda ideal para os tucanos, j\u00e1 que seriam convocadas novas elei\u00e7\u00f5es, sem necessidade de qualquer aprecia\u00e7\u00e3o do caso pelo Congresso Nacional.<\/p>\n<p>Para o Pal\u00e1cio do Planalto, a decis\u00e3o do ministro Gilmar Mendes n\u00e3o passa de um factoide, atentando contra a democracia.<\/p>\n<p>A expectativa \u00e9 que, nos pr\u00f3ximos dias, o procurador-geral da Rep\u00fablica, Rodrigo Janot, encaminhe ao Supremo Tribunal Federal novos pedidos de abertura de processos contra v\u00e1rios parlamentares, ex-ministros e ex-governadores, por supostos recebimentos de recursos desviados da Petrobras. Dizem que s\u00e3o mais de cem. Est\u00e1 em andamento em Curitiba 26 processos, sob os cuidados do Juiz federal S\u00e9rgio Moro.<\/p>\n","protected":false},"excerpt":{"rendered":"<p>A crise em que o Brasil est\u00e1 atolado ganha dimens\u00e3o tal, que as poss\u00edveis solu\u00e7\u00f5es para contorn\u00e1-la v\u00e3o se esvaindo. Na segunda-feira, o vice-presidente Michel Temer abandonou a tarefa de coordenador pol\u00edtico do governo. N\u00e3o ser\u00e1 mais o interlocutor junto ao Congresso Nacional para a pacifica\u00e7\u00e3o da base aliada. Sua tarefa era tornar mais palat\u00e1vel [&hellip;]<\/p>\n","protected":false},"author":2,"featured_media":64750,"comment_status":"open","ping_status":"closed","sticky":false,"template":"","format":"standard","meta":{"_acf_changed":false,"footnotes":""},"categories":[42],"tags":[],"class_list":["post-64749","post","type-post","status-publish","format-standard","has-post-thumbnail","hentry","category-coletti"],"acf":[],"yoast_head":"<!-- This site is optimized with the Yoast SEO plugin v27.2 - https:\/\/yoast.com\/product\/yoast-seo-wordpress\/ -->\n<title>Temer abandona barco de Dilma, Joaquim Levy deve ir junto e a crise se aprofunda - Notibras<\/title>\n<meta name=\"robots\" content=\"index, follow, max-snippet:-1, max-image-preview:large, max-video-preview:-1\" \/>\n<link rel=\"canonical\" href=\"https:\/\/www.notibras.com\/site\/temer-abandona-o-barco-levy-deve-ir-junto-e-a-crise-se-aprofunda\/\" \/>\n<meta property=\"og:locale\" content=\"pt_BR\" \/>\n<meta property=\"og:type\" content=\"article\" \/>\n<meta property=\"og:title\" content=\"Temer abandona barco de Dilma, Joaquim Levy deve ir junto e a crise se aprofunda - Notibras\" \/>\n<meta property=\"og:description\" content=\"A crise em que o Brasil est\u00e1 atolado ganha dimens\u00e3o tal, que as poss\u00edveis solu\u00e7\u00f5es para contorn\u00e1-la v\u00e3o se esvaindo. Na segunda-feira, o vice-presidente Michel Temer abandonou a tarefa de coordenador pol\u00edtico do governo. N\u00e3o ser\u00e1 mais o interlocutor junto ao Congresso Nacional para a pacifica\u00e7\u00e3o da base aliada. Sua tarefa era tornar mais palat\u00e1vel [&hellip;]\" \/>\n<meta property=\"og:url\" content=\"https:\/\/www.notibras.com\/site\/temer-abandona-o-barco-levy-deve-ir-junto-e-a-crise-se-aprofunda\/\" \/>\n<meta property=\"og:site_name\" content=\"Notibras\" \/>\n<meta property=\"article:publisher\" content=\"https:\/\/www.facebook.com\/notibras\/\" \/>\n<meta property=\"article:published_time\" content=\"2015-08-27T15:50:50+00:00\" \/>\n<meta property=\"article:modified_time\" content=\"2015-08-28T10:29:47+00:00\" \/>\n<meta property=\"og:image\" content=\"https:\/\/www.notibras.com\/site\/wp-content\/uploads\/2015\/08\/dilma_temer.jpg\" \/>\n\t<meta property=\"og:image:width\" content=\"597\" \/>\n\t<meta property=\"og:image:height\" content=\"336\" \/>\n\t<meta property=\"og:image:type\" content=\"image\/jpeg\" \/>\n<meta name=\"author\" content=\"Reda\u00e7\u00e3o\" \/>\n<meta name=\"twitter:card\" content=\"summary_large_image\" \/>\n<meta name=\"twitter:creator\" content=\"@Notibras\" \/>\n<meta name=\"twitter:site\" content=\"@Notibras\" \/>\n<meta name=\"twitter:label1\" content=\"Escrito por\" \/>\n\t<meta name=\"twitter:data1\" content=\"Reda\u00e7\u00e3o\" \/>\n\t<meta name=\"twitter:label2\" content=\"Est. tempo de leitura\" \/>\n\t<meta name=\"twitter:data2\" content=\"3 minutos\" \/>\n<script type=\"application\/ld+json\" class=\"yoast-schema-graph\">{\"@context\":\"https:\/\/schema.org\",\"@graph\":[{\"@type\":\"Article\",\"@id\":\"https:\/\/www.notibras.com\/site\/temer-abandona-o-barco-levy-deve-ir-junto-e-a-crise-se-aprofunda\/#article\",\"isPartOf\":{\"@id\":\"https:\/\/www.notibras.com\/site\/temer-abandona-o-barco-levy-deve-ir-junto-e-a-crise-se-aprofunda\/\"},\"author\":{\"name\":\"Reda\u00e7\u00e3o\",\"@id\":\"https:\/\/www.notibras.com\/site\/#\/schema\/person\/36ab0979449956132d3e5b517ea76ac8\"},\"headline\":\"Temer abandona barco de Dilma, Joaquim Levy deve ir junto e a crise se aprofunda\",\"datePublished\":\"2015-08-27T15:50:50+00:00\",\"dateModified\":\"2015-08-28T10:29:47+00:00\",\"mainEntityOfPage\":{\"@id\":\"https:\/\/www.notibras.com\/site\/temer-abandona-o-barco-levy-deve-ir-junto-e-a-crise-se-aprofunda\/\"},\"wordCount\":635,\"commentCount\":0,\"publisher\":{\"@id\":\"https:\/\/www.notibras.com\/site\/#organization\"},\"image\":{\"@id\":\"https:\/\/www.notibras.com\/site\/temer-abandona-o-barco-levy-deve-ir-junto-e-a-crise-se-aprofunda\/#primaryimage\"},\"thumbnailUrl\":\"https:\/\/www.notibras.com\/site\/wp-content\/uploads\/2015\/08\/dilma_temer.jpg\",\"articleSection\":[\"Cl\u00e1udio Coletti\"],\"inLanguage\":\"pt-BR\",\"potentialAction\":[{\"@type\":\"CommentAction\",\"name\":\"Comment\",\"target\":[\"https:\/\/www.notibras.com\/site\/temer-abandona-o-barco-levy-deve-ir-junto-e-a-crise-se-aprofunda\/#respond\"]}]},{\"@type\":\"WebPage\",\"@id\":\"https:\/\/www.notibras.com\/site\/temer-abandona-o-barco-levy-deve-ir-junto-e-a-crise-se-aprofunda\/\",\"url\":\"https:\/\/www.notibras.com\/site\/temer-abandona-o-barco-levy-deve-ir-junto-e-a-crise-se-aprofunda\/\",\"name\":\"Temer abandona barco de Dilma, Joaquim Levy deve ir junto e a crise se aprofunda - Notibras\",\"isPartOf\":{\"@id\":\"https:\/\/www.notibras.com\/site\/#website\"},\"primaryImageOfPage\":{\"@id\":\"https:\/\/www.notibras.com\/site\/temer-abandona-o-barco-levy-deve-ir-junto-e-a-crise-se-aprofunda\/#primaryimage\"},\"image\":{\"@id\":\"https:\/\/www.notibras.com\/site\/temer-abandona-o-barco-levy-deve-ir-junto-e-a-crise-se-aprofunda\/#primaryimage\"},\"thumbnailUrl\":\"https:\/\/www.notibras.com\/site\/wp-content\/uploads\/2015\/08\/dilma_temer.jpg\",\"datePublished\":\"2015-08-27T15:50:50+00:00\",\"dateModified\":\"2015-08-28T10:29:47+00:00\",\"breadcrumb\":{\"@id\":\"https:\/\/www.notibras.com\/site\/temer-abandona-o-barco-levy-deve-ir-junto-e-a-crise-se-aprofunda\/#breadcrumb\"},\"inLanguage\":\"pt-BR\",\"potentialAction\":[{\"@type\":\"ReadAction\",\"target\":[\"https:\/\/www.notibras.com\/site\/temer-abandona-o-barco-levy-deve-ir-junto-e-a-crise-se-aprofunda\/\"]}]},{\"@type\":\"ImageObject\",\"inLanguage\":\"pt-BR\",\"@id\":\"https:\/\/www.notibras.com\/site\/temer-abandona-o-barco-levy-deve-ir-junto-e-a-crise-se-aprofunda\/#primaryimage\",\"url\":\"https:\/\/www.notibras.com\/site\/wp-content\/uploads\/2015\/08\/dilma_temer.jpg\",\"contentUrl\":\"https:\/\/www.notibras.com\/site\/wp-content\/uploads\/2015\/08\/dilma_temer.jpg\",\"width\":597,\"height\":336},{\"@type\":\"BreadcrumbList\",\"@id\":\"https:\/\/www.notibras.com\/site\/temer-abandona-o-barco-levy-deve-ir-junto-e-a-crise-se-aprofunda\/#breadcrumb\",\"itemListElement\":[{\"@type\":\"ListItem\",\"position\":1,\"name\":\"In\u00edcio\",\"item\":\"https:\/\/www.notibras.com\/site\/\"},{\"@type\":\"ListItem\",\"position\":2,\"name\":\"Temer abandona barco de Dilma, Joaquim Levy deve ir junto e a crise se aprofunda\"}]},{\"@type\":\"WebSite\",\"@id\":\"https:\/\/www.notibras.com\/site\/#website\",\"url\":\"https:\/\/www.notibras.com\/site\/\",\"name\":\"Notibras\",\"description\":\"Not\u00edcias de Bras\u00edlia, do Brasil e do Mundo\",\"publisher\":{\"@id\":\"https:\/\/www.notibras.com\/site\/#organization\"},\"potentialAction\":[{\"@type\":\"SearchAction\",\"target\":{\"@type\":\"EntryPoint\",\"urlTemplate\":\"https:\/\/www.notibras.com\/site\/?s={search_term_string}\"},\"query-input\":{\"@type\":\"PropertyValueSpecification\",\"valueRequired\":true,\"valueName\":\"search_term_string\"}}],\"inLanguage\":\"pt-BR\"},{\"@type\":\"Organization\",\"@id\":\"https:\/\/www.notibras.com\/site\/#organization\",\"name\":\"Grupo Notibras de Comunica\u00e7\u00e3o\",\"url\":\"https:\/\/www.notibras.com\/site\/\",\"logo\":{\"@type\":\"ImageObject\",\"inLanguage\":\"pt-BR\",\"@id\":\"https:\/\/www.notibras.com\/site\/#\/schema\/logo\/image\/\",\"url\":\"https:\/\/www.notibras.com\/site\/wp-content\/uploads\/2023\/01\/notibras23.png\",\"contentUrl\":\"https:\/\/www.notibras.com\/site\/wp-content\/uploads\/2023\/01\/notibras23.png\",\"width\":350,\"height\":87,\"caption\":\"Grupo Notibras de Comunica\u00e7\u00e3o\"},\"image\":{\"@id\":\"https:\/\/www.notibras.com\/site\/#\/schema\/logo\/image\/\"},\"sameAs\":[\"https:\/\/www.facebook.com\/notibras\/\",\"https:\/\/x.com\/Notibras\",\"https:\/\/www.instagram.com\/notibras\/\"]},{\"@type\":\"Person\",\"@id\":\"https:\/\/www.notibras.com\/site\/#\/schema\/person\/36ab0979449956132d3e5b517ea76ac8\",\"name\":\"Reda\u00e7\u00e3o\",\"image\":{\"@type\":\"ImageObject\",\"inLanguage\":\"pt-BR\",\"@id\":\"https:\/\/secure.gravatar.com\/avatar\/e0a867bdedb85fd243eadf09663511f96fc81e0720a4a42581f334ad4303aa6b?s=96&d=mm&r=g\",\"url\":\"https:\/\/secure.gravatar.com\/avatar\/e0a867bdedb85fd243eadf09663511f96fc81e0720a4a42581f334ad4303aa6b?s=96&d=mm&r=g\",\"contentUrl\":\"https:\/\/secure.gravatar.com\/avatar\/e0a867bdedb85fd243eadf09663511f96fc81e0720a4a42581f334ad4303aa6b?s=96&d=mm&r=g\",\"caption\":\"Reda\u00e7\u00e3o\"}}]}<\/script>\n<!-- \/ Yoast SEO plugin. -->","yoast_head_json":{"title":"Temer abandona barco de Dilma, Joaquim Levy deve ir junto e a crise se aprofunda - Notibras","robots":{"index":"index","follow":"follow","max-snippet":"max-snippet:-1","max-image-preview":"max-image-preview:large","max-video-preview":"max-video-preview:-1"},"canonical":"https:\/\/www.notibras.com\/site\/temer-abandona-o-barco-levy-deve-ir-junto-e-a-crise-se-aprofunda\/","og_locale":"pt_BR","og_type":"article","og_title":"Temer abandona barco de Dilma, Joaquim Levy deve ir junto e a crise se aprofunda - Notibras","og_description":"A crise em que o Brasil est\u00e1 atolado ganha dimens\u00e3o tal, que as poss\u00edveis solu\u00e7\u00f5es para contorn\u00e1-la v\u00e3o se esvaindo. Na segunda-feira, o vice-presidente Michel Temer abandonou a tarefa de coordenador pol\u00edtico do governo. N\u00e3o ser\u00e1 mais o interlocutor junto ao Congresso Nacional para a pacifica\u00e7\u00e3o da base aliada. Sua tarefa era tornar mais palat\u00e1vel [&hellip;]","og_url":"https:\/\/www.notibras.com\/site\/temer-abandona-o-barco-levy-deve-ir-junto-e-a-crise-se-aprofunda\/","og_site_name":"Notibras","article_publisher":"https:\/\/www.facebook.com\/notibras\/","article_published_time":"2015-08-27T15:50:50+00:00","article_modified_time":"2015-08-28T10:29:47+00:00","og_image":[{"width":597,"height":336,"url":"https:\/\/www.notibras.com\/site\/wp-content\/uploads\/2015\/08\/dilma_temer.jpg","type":"image\/jpeg"}],"author":"Reda\u00e7\u00e3o","twitter_card":"summary_large_image","twitter_creator":"@Notibras","twitter_site":"@Notibras","twitter_misc":{"Escrito por":"Reda\u00e7\u00e3o","Est. tempo de leitura":"3 minutos"},"schema":{"@context":"https:\/\/schema.org","@graph":[{"@type":"Article","@id":"https:\/\/www.notibras.com\/site\/temer-abandona-o-barco-levy-deve-ir-junto-e-a-crise-se-aprofunda\/#article","isPartOf":{"@id":"https:\/\/www.notibras.com\/site\/temer-abandona-o-barco-levy-deve-ir-junto-e-a-crise-se-aprofunda\/"},"author":{"name":"Reda\u00e7\u00e3o","@id":"https:\/\/www.notibras.com\/site\/#\/schema\/person\/36ab0979449956132d3e5b517ea76ac8"},"headline":"Temer abandona barco de Dilma, Joaquim Levy deve ir junto e a crise se aprofunda","datePublished":"2015-08-27T15:50:50+00:00","dateModified":"2015-08-28T10:29:47+00:00","mainEntityOfPage":{"@id":"https:\/\/www.notibras.com\/site\/temer-abandona-o-barco-levy-deve-ir-junto-e-a-crise-se-aprofunda\/"},"wordCount":635,"commentCount":0,"publisher":{"@id":"https:\/\/www.notibras.com\/site\/#organization"},"image":{"@id":"https:\/\/www.notibras.com\/site\/temer-abandona-o-barco-levy-deve-ir-junto-e-a-crise-se-aprofunda\/#primaryimage"},"thumbnailUrl":"https:\/\/www.notibras.com\/site\/wp-content\/uploads\/2015\/08\/dilma_temer.jpg","articleSection":["Cl\u00e1udio Coletti"],"inLanguage":"pt-BR","potentialAction":[{"@type":"CommentAction","name":"Comment","target":["https:\/\/www.notibras.com\/site\/temer-abandona-o-barco-levy-deve-ir-junto-e-a-crise-se-aprofunda\/#respond"]}]},{"@type":"WebPage","@id":"https:\/\/www.notibras.com\/site\/temer-abandona-o-barco-levy-deve-ir-junto-e-a-crise-se-aprofunda\/","url":"https:\/\/www.notibras.com\/site\/temer-abandona-o-barco-levy-deve-ir-junto-e-a-crise-se-aprofunda\/","name":"Temer abandona barco de Dilma, Joaquim Levy deve ir junto e a crise se aprofunda - Notibras","isPartOf":{"@id":"https:\/\/www.notibras.com\/site\/#website"},"primaryImageOfPage":{"@id":"https:\/\/www.notibras.com\/site\/temer-abandona-o-barco-levy-deve-ir-junto-e-a-crise-se-aprofunda\/#primaryimage"},"image":{"@id":"https:\/\/www.notibras.com\/site\/temer-abandona-o-barco-levy-deve-ir-junto-e-a-crise-se-aprofunda\/#primaryimage"},"thumbnailUrl":"https:\/\/www.notibras.com\/site\/wp-content\/uploads\/2015\/08\/dilma_temer.jpg","datePublished":"2015-08-27T15:50:50+00:00","dateModified":"2015-08-28T10:29:47+00:00","breadcrumb":{"@id":"https:\/\/www.notibras.com\/site\/temer-abandona-o-barco-levy-deve-ir-junto-e-a-crise-se-aprofunda\/#breadcrumb"},"inLanguage":"pt-BR","potentialAction":[{"@type":"ReadAction","target":["https:\/\/www.notibras.com\/site\/temer-abandona-o-barco-levy-deve-ir-junto-e-a-crise-se-aprofunda\/"]}]},{"@type":"ImageObject","inLanguage":"pt-BR","@id":"https:\/\/www.notibras.com\/site\/temer-abandona-o-barco-levy-deve-ir-junto-e-a-crise-se-aprofunda\/#primaryimage","url":"https:\/\/www.notibras.com\/site\/wp-content\/uploads\/2015\/08\/dilma_temer.jpg","contentUrl":"https:\/\/www.notibras.com\/site\/wp-content\/uploads\/2015\/08\/dilma_temer.jpg","width":597,"height":336},{"@type":"BreadcrumbList","@id":"https:\/\/www.notibras.com\/site\/temer-abandona-o-barco-levy-deve-ir-junto-e-a-crise-se-aprofunda\/#breadcrumb","itemListElement":[{"@type":"ListItem","position":1,"name":"In\u00edcio","item":"https:\/\/www.notibras.com\/site\/"},{"@type":"ListItem","position":2,"name":"Temer abandona barco de Dilma, Joaquim Levy deve ir junto e a crise se aprofunda"}]},{"@type":"WebSite","@id":"https:\/\/www.notibras.com\/site\/#website","url":"https:\/\/www.notibras.com\/site\/","name":"Notibras","description":"Not\u00edcias de Bras\u00edlia, do Brasil e do Mundo","publisher":{"@id":"https:\/\/www.notibras.com\/site\/#organization"},"potentialAction":[{"@type":"SearchAction","target":{"@type":"EntryPoint","urlTemplate":"https:\/\/www.notibras.com\/site\/?s={search_term_string}"},"query-input":{"@type":"PropertyValueSpecification","valueRequired":true,"valueName":"search_term_string"}}],"inLanguage":"pt-BR"},{"@type":"Organization","@id":"https:\/\/www.notibras.com\/site\/#organization","name":"Grupo Notibras de Comunica\u00e7\u00e3o","url":"https:\/\/www.notibras.com\/site\/","logo":{"@type":"ImageObject","inLanguage":"pt-BR","@id":"https:\/\/www.notibras.com\/site\/#\/schema\/logo\/image\/","url":"https:\/\/www.notibras.com\/site\/wp-content\/uploads\/2023\/01\/notibras23.png","contentUrl":"https:\/\/www.notibras.com\/site\/wp-content\/uploads\/2023\/01\/notibras23.png","width":350,"height":87,"caption":"Grupo Notibras de Comunica\u00e7\u00e3o"},"image":{"@id":"https:\/\/www.notibras.com\/site\/#\/schema\/logo\/image\/"},"sameAs":["https:\/\/www.facebook.com\/notibras\/","https:\/\/x.com\/Notibras","https:\/\/www.instagram.com\/notibras\/"]},{"@type":"Person","@id":"https:\/\/www.notibras.com\/site\/#\/schema\/person\/36ab0979449956132d3e5b517ea76ac8","name":"Reda\u00e7\u00e3o","image":{"@type":"ImageObject","inLanguage":"pt-BR","@id":"https:\/\/secure.gravatar.com\/avatar\/e0a867bdedb85fd243eadf09663511f96fc81e0720a4a42581f334ad4303aa6b?s=96&d=mm&r=g","url":"https:\/\/secure.gravatar.com\/avatar\/e0a867bdedb85fd243eadf09663511f96fc81e0720a4a42581f334ad4303aa6b?s=96&d=mm&r=g","contentUrl":"https:\/\/secure.gravatar.com\/avatar\/e0a867bdedb85fd243eadf09663511f96fc81e0720a4a42581f334ad4303aa6b?s=96&d=mm&r=g","caption":"Reda\u00e7\u00e3o"}}]}},"amp_enabled":true,"_links":{"self":[{"href":"https:\/\/www.notibras.com\/site\/wp-json\/wp\/v2\/posts\/64749","targetHints":{"allow":["GET"]}}],"collection":[{"href":"https:\/\/www.notibras.com\/site\/wp-json\/wp\/v2\/posts"}],"about":[{"href":"https:\/\/www.notibras.com\/site\/wp-json\/wp\/v2\/types\/post"}],"author":[{"embeddable":true,"href":"https:\/\/www.notibras.com\/site\/wp-json\/wp\/v2\/users\/2"}],"replies":[{"embeddable":true,"href":"https:\/\/www.notibras.com\/site\/wp-json\/wp\/v2\/comments?post=64749"}],"version-history":[{"count":5,"href":"https:\/\/www.notibras.com\/site\/wp-json\/wp\/v2\/posts\/64749\/revisions"}],"predecessor-version":[{"id":64835,"href":"https:\/\/www.notibras.com\/site\/wp-json\/wp\/v2\/posts\/64749\/revisions\/64835"}],"wp:featuredmedia":[{"embeddable":true,"href":"https:\/\/www.notibras.com\/site\/wp-json\/wp\/v2\/media\/64750"}],"wp:attachment":[{"href":"https:\/\/www.notibras.com\/site\/wp-json\/wp\/v2\/media?parent=64749"}],"wp:term":[{"taxonomy":"category","embeddable":true,"href":"https:\/\/www.notibras.com\/site\/wp-json\/wp\/v2\/categories?post=64749"},{"taxonomy":"post_tag","embeddable":true,"href":"https:\/\/www.notibras.com\/site\/wp-json\/wp\/v2\/tags?post=64749"}],"curies":[{"name":"wp","href":"https:\/\/api.w.org\/{rel}","templated":true}]}}