{"id":64890,"date":"2015-08-27T23:19:35","date_gmt":"2015-08-28T02:19:35","guid":{"rendered":"http:\/\/www.notibras.com\/site\/?p=64890"},"modified":"2015-08-27T23:25:21","modified_gmt":"2015-08-28T02:25:21","slug":"gremio-derrota-coritiba-por-3-a-1-e-fecha-lista-das-quartas-de-final","status":"publish","type":"post","link":"https:\/\/www.notibras.com\/site\/gremio-derrota-coritiba-por-3-a-1-e-fecha-lista-das-quartas-de-final\/","title":{"rendered":"Gr\u00eamio derrota Coritiba por 3 a 1 e fecha lista das quartas de final"},"content":{"rendered":"<p>O Gr\u00eamio entrou em vantagem, enfrentou um time que prioriza outra competi\u00e7\u00e3o e usou uma s\u00e9rie de suplentes, e ainda teve um jogador expulso no come\u00e7o do segundo tempo. Com tantos ind\u00edcios de facilidade, o resultado n\u00e3o poderia ser outro que n\u00e3o vit\u00f3ria. E foi o que aconteceu. Nesta quinta-feira (27), a classifica\u00e7\u00e3o para as quartas de final da Copa do Brasil foi, at\u00e9 certo ponto, tranquila com placar de 3 a 1.<\/p>\n<p>O Gr\u00eamio j\u00e1 tinha vencido como visitante. Em casa, come\u00e7ou bem, relaxou e levou empate, mas acabou conseguindo a vit\u00f3ria. Pedro Geromel e Douglas marcaram. Aos 19 minutos do segundo tempo, \u00cdcaro fez uma falta muito dura em Giuliano e levou cart\u00e3o vermelho. Nesta altura da partida o Coritiba j\u00e1 perdia. No \u00faltimo lance do jogo, Henrique fez p\u00eanalti em Maxi Rodr\u00edguez e tamb\u00e9m foi expulso. Luan definiu o placar.<\/p>\n<p>O Tricolor fechou a lista dos classificados para a pr\u00f3xima fase da competi\u00e7\u00e3o. Se uniu a Internacional, Fluminense, S\u00e3o Paulo, Santos, Vasco, Palmeiras e Figueirense. Os confrontos ser\u00e3o sorteados na pr\u00f3xima segunda-feira.<\/p>\n","protected":false},"excerpt":{"rendered":"<p>O Gr\u00eamio entrou em vantagem, enfrentou um time que prioriza outra competi\u00e7\u00e3o e usou uma s\u00e9rie de suplentes, e ainda teve um jogador expulso no come\u00e7o do segundo tempo. Com tantos ind\u00edcios de facilidade, o resultado n\u00e3o poderia ser outro que n\u00e3o vit\u00f3ria. E foi o que aconteceu. Nesta quinta-feira (27), a classifica\u00e7\u00e3o para as [&hellip;]<\/p>\n","protected":false},"author":2,"featured_media":64891,"comment_status":"open","ping_status":"closed","sticky":false,"template":"","format":"standard","meta":{"_acf_changed":false,"footnotes":""},"categories":[29],"tags":[],"class_list":["post-64890","post","type-post","status-publish","format-standard","has-post-thumbnail","hentry","category-futebol"],"acf":[],"yoast_head":"<!-- This site is optimized with the Yoast SEO plugin v27.2 - https:\/\/yoast.com\/product\/yoast-seo-wordpress\/ -->\n<title>Gr\u00eamio derrota Coritiba por 3 a 1 e fecha lista das quartas de final - Notibras<\/title>\n<meta name=\"robots\" content=\"index, follow, max-snippet:-1, max-image-preview:large, max-video-preview:-1\" \/>\n<link rel=\"canonical\" href=\"https:\/\/www.notibras.com\/site\/gremio-derrota-coritiba-por-3-a-1-e-fecha-lista-das-quartas-de-final\/\" \/>\n<meta property=\"og:locale\" content=\"pt_BR\" \/>\n<meta property=\"og:type\" content=\"article\" \/>\n<meta property=\"og:title\" content=\"Gr\u00eamio derrota Coritiba por 3 a 1 e fecha lista das quartas de final - Notibras\" \/>\n<meta property=\"og:description\" content=\"O Gr\u00eamio entrou em vantagem, enfrentou um time que prioriza outra competi\u00e7\u00e3o e usou uma s\u00e9rie de suplentes, e ainda teve um jogador expulso no come\u00e7o do segundo tempo. Com tantos ind\u00edcios de facilidade, o resultado n\u00e3o poderia ser outro que n\u00e3o vit\u00f3ria. E foi o que aconteceu. Nesta quinta-feira (27), a classifica\u00e7\u00e3o para as [&hellip;]\" \/>\n<meta property=\"og:url\" content=\"https:\/\/www.notibras.com\/site\/gremio-derrota-coritiba-por-3-a-1-e-fecha-lista-das-quartas-de-final\/\" \/>\n<meta property=\"og:site_name\" content=\"Notibras\" \/>\n<meta property=\"article:publisher\" content=\"https:\/\/www.facebook.com\/notibras\/\" \/>\n<meta property=\"article:published_time\" content=\"2015-08-28T02:19:35+00:00\" \/>\n<meta property=\"article:modified_time\" content=\"2015-08-28T02:25:21+00:00\" \/>\n<meta property=\"og:image\" content=\"https:\/\/www.notibras.com\/site\/wp-content\/uploads\/2015\/08\/classificacao-Gremio-Copa-Brasil-RimoliLANCEPress_LANIMA20150827_0260_55.jpg\" \/>\n\t<meta property=\"og:image:width\" content=\"527\" \/>\n\t<meta property=\"og:image:height\" content=\"307\" \/>\n\t<meta property=\"og:image:type\" content=\"image\/jpeg\" \/>\n<meta name=\"author\" content=\"Reda\u00e7\u00e3o\" \/>\n<meta name=\"twitter:card\" content=\"summary_large_image\" \/>\n<meta name=\"twitter:creator\" content=\"@Notibras\" \/>\n<meta name=\"twitter:site\" content=\"@Notibras\" \/>\n<meta name=\"twitter:label1\" content=\"Escrito por\" \/>\n\t<meta name=\"twitter:data1\" content=\"Reda\u00e7\u00e3o\" \/>\n\t<meta name=\"twitter:label2\" content=\"Est. tempo de leitura\" \/>\n\t<meta name=\"twitter:data2\" content=\"1 minuto\" \/>\n<script type=\"application\/ld+json\" class=\"yoast-schema-graph\">{\"@context\":\"https:\/\/schema.org\",\"@graph\":[{\"@type\":\"Article\",\"@id\":\"https:\/\/www.notibras.com\/site\/gremio-derrota-coritiba-por-3-a-1-e-fecha-lista-das-quartas-de-final\/#article\",\"isPartOf\":{\"@id\":\"https:\/\/www.notibras.com\/site\/gremio-derrota-coritiba-por-3-a-1-e-fecha-lista-das-quartas-de-final\/\"},\"author\":{\"name\":\"Reda\u00e7\u00e3o\",\"@id\":\"https:\/\/www.notibras.com\/site\/#\/schema\/person\/36ab0979449956132d3e5b517ea76ac8\"},\"headline\":\"Gr\u00eamio derrota Coritiba por 3 a 1 e fecha lista das quartas de final\",\"datePublished\":\"2015-08-28T02:19:35+00:00\",\"dateModified\":\"2015-08-28T02:25:21+00:00\",\"mainEntityOfPage\":{\"@id\":\"https:\/\/www.notibras.com\/site\/gremio-derrota-coritiba-por-3-a-1-e-fecha-lista-das-quartas-de-final\/\"},\"wordCount\":205,\"commentCount\":0,\"publisher\":{\"@id\":\"https:\/\/www.notibras.com\/site\/#organization\"},\"image\":{\"@id\":\"https:\/\/www.notibras.com\/site\/gremio-derrota-coritiba-por-3-a-1-e-fecha-lista-das-quartas-de-final\/#primaryimage\"},\"thumbnailUrl\":\"https:\/\/www.notibras.com\/site\/wp-content\/uploads\/2015\/08\/classificacao-Gremio-Copa-Brasil-RimoliLANCEPress_LANIMA20150827_0260_55.jpg\",\"articleSection\":[\"Futebol\"],\"inLanguage\":\"pt-BR\",\"potentialAction\":[{\"@type\":\"CommentAction\",\"name\":\"Comment\",\"target\":[\"https:\/\/www.notibras.com\/site\/gremio-derrota-coritiba-por-3-a-1-e-fecha-lista-das-quartas-de-final\/#respond\"]}]},{\"@type\":\"WebPage\",\"@id\":\"https:\/\/www.notibras.com\/site\/gremio-derrota-coritiba-por-3-a-1-e-fecha-lista-das-quartas-de-final\/\",\"url\":\"https:\/\/www.notibras.com\/site\/gremio-derrota-coritiba-por-3-a-1-e-fecha-lista-das-quartas-de-final\/\",\"name\":\"Gr\u00eamio derrota Coritiba por 3 a 1 e fecha lista das quartas de final - Notibras\",\"isPartOf\":{\"@id\":\"https:\/\/www.notibras.com\/site\/#website\"},\"primaryImageOfPage\":{\"@id\":\"https:\/\/www.notibras.com\/site\/gremio-derrota-coritiba-por-3-a-1-e-fecha-lista-das-quartas-de-final\/#primaryimage\"},\"image\":{\"@id\":\"https:\/\/www.notibras.com\/site\/gremio-derrota-coritiba-por-3-a-1-e-fecha-lista-das-quartas-de-final\/#primaryimage\"},\"thumbnailUrl\":\"https:\/\/www.notibras.com\/site\/wp-content\/uploads\/2015\/08\/classificacao-Gremio-Copa-Brasil-RimoliLANCEPress_LANIMA20150827_0260_55.jpg\",\"datePublished\":\"2015-08-28T02:19:35+00:00\",\"dateModified\":\"2015-08-28T02:25:21+00:00\",\"breadcrumb\":{\"@id\":\"https:\/\/www.notibras.com\/site\/gremio-derrota-coritiba-por-3-a-1-e-fecha-lista-das-quartas-de-final\/#breadcrumb\"},\"inLanguage\":\"pt-BR\",\"potentialAction\":[{\"@type\":\"ReadAction\",\"target\":[\"https:\/\/www.notibras.com\/site\/gremio-derrota-coritiba-por-3-a-1-e-fecha-lista-das-quartas-de-final\/\"]}]},{\"@type\":\"ImageObject\",\"inLanguage\":\"pt-BR\",\"@id\":\"https:\/\/www.notibras.com\/site\/gremio-derrota-coritiba-por-3-a-1-e-fecha-lista-das-quartas-de-final\/#primaryimage\",\"url\":\"https:\/\/www.notibras.com\/site\/wp-content\/uploads\/2015\/08\/classificacao-Gremio-Copa-Brasil-RimoliLANCEPress_LANIMA20150827_0260_55.jpg\",\"contentUrl\":\"https:\/\/www.notibras.com\/site\/wp-content\/uploads\/2015\/08\/classificacao-Gremio-Copa-Brasil-RimoliLANCEPress_LANIMA20150827_0260_55.jpg\",\"width\":527,\"height\":307},{\"@type\":\"BreadcrumbList\",\"@id\":\"https:\/\/www.notibras.com\/site\/gremio-derrota-coritiba-por-3-a-1-e-fecha-lista-das-quartas-de-final\/#breadcrumb\",\"itemListElement\":[{\"@type\":\"ListItem\",\"position\":1,\"name\":\"In\u00edcio\",\"item\":\"https:\/\/www.notibras.com\/site\/\"},{\"@type\":\"ListItem\",\"position\":2,\"name\":\"Gr\u00eamio derrota Coritiba por 3 a 1 e fecha lista das quartas de final\"}]},{\"@type\":\"WebSite\",\"@id\":\"https:\/\/www.notibras.com\/site\/#website\",\"url\":\"https:\/\/www.notibras.com\/site\/\",\"name\":\"Notibras\",\"description\":\"Not\u00edcias de Bras\u00edlia, do Brasil e do Mundo\",\"publisher\":{\"@id\":\"https:\/\/www.notibras.com\/site\/#organization\"},\"potentialAction\":[{\"@type\":\"SearchAction\",\"target\":{\"@type\":\"EntryPoint\",\"urlTemplate\":\"https:\/\/www.notibras.com\/site\/?s={search_term_string}\"},\"query-input\":{\"@type\":\"PropertyValueSpecification\",\"valueRequired\":true,\"valueName\":\"search_term_string\"}}],\"inLanguage\":\"pt-BR\"},{\"@type\":\"Organization\",\"@id\":\"https:\/\/www.notibras.com\/site\/#organization\",\"name\":\"Grupo Notibras de Comunica\u00e7\u00e3o\",\"url\":\"https:\/\/www.notibras.com\/site\/\",\"logo\":{\"@type\":\"ImageObject\",\"inLanguage\":\"pt-BR\",\"@id\":\"https:\/\/www.notibras.com\/site\/#\/schema\/logo\/image\/\",\"url\":\"https:\/\/www.notibras.com\/site\/wp-content\/uploads\/2023\/01\/notibras23.png\",\"contentUrl\":\"https:\/\/www.notibras.com\/site\/wp-content\/uploads\/2023\/01\/notibras23.png\",\"width\":350,\"height\":87,\"caption\":\"Grupo Notibras de Comunica\u00e7\u00e3o\"},\"image\":{\"@id\":\"https:\/\/www.notibras.com\/site\/#\/schema\/logo\/image\/\"},\"sameAs\":[\"https:\/\/www.facebook.com\/notibras\/\",\"https:\/\/x.com\/Notibras\",\"https:\/\/www.instagram.com\/notibras\/\"]},{\"@type\":\"Person\",\"@id\":\"https:\/\/www.notibras.com\/site\/#\/schema\/person\/36ab0979449956132d3e5b517ea76ac8\",\"name\":\"Reda\u00e7\u00e3o\",\"image\":{\"@type\":\"ImageObject\",\"inLanguage\":\"pt-BR\",\"@id\":\"https:\/\/secure.gravatar.com\/avatar\/e0a867bdedb85fd243eadf09663511f96fc81e0720a4a42581f334ad4303aa6b?s=96&d=mm&r=g\",\"url\":\"https:\/\/secure.gravatar.com\/avatar\/e0a867bdedb85fd243eadf09663511f96fc81e0720a4a42581f334ad4303aa6b?s=96&d=mm&r=g\",\"contentUrl\":\"https:\/\/secure.gravatar.com\/avatar\/e0a867bdedb85fd243eadf09663511f96fc81e0720a4a42581f334ad4303aa6b?s=96&d=mm&r=g\",\"caption\":\"Reda\u00e7\u00e3o\"}}]}<\/script>\n<!-- \/ Yoast SEO plugin. -->","yoast_head_json":{"title":"Gr\u00eamio derrota Coritiba por 3 a 1 e fecha lista das quartas de final - Notibras","robots":{"index":"index","follow":"follow","max-snippet":"max-snippet:-1","max-image-preview":"max-image-preview:large","max-video-preview":"max-video-preview:-1"},"canonical":"https:\/\/www.notibras.com\/site\/gremio-derrota-coritiba-por-3-a-1-e-fecha-lista-das-quartas-de-final\/","og_locale":"pt_BR","og_type":"article","og_title":"Gr\u00eamio derrota Coritiba por 3 a 1 e fecha lista das quartas de final - Notibras","og_description":"O Gr\u00eamio entrou em vantagem, enfrentou um time que prioriza outra competi\u00e7\u00e3o e usou uma s\u00e9rie de suplentes, e ainda teve um jogador expulso no come\u00e7o do segundo tempo. Com tantos ind\u00edcios de facilidade, o resultado n\u00e3o poderia ser outro que n\u00e3o vit\u00f3ria. E foi o que aconteceu. Nesta quinta-feira (27), a classifica\u00e7\u00e3o para as [&hellip;]","og_url":"https:\/\/www.notibras.com\/site\/gremio-derrota-coritiba-por-3-a-1-e-fecha-lista-das-quartas-de-final\/","og_site_name":"Notibras","article_publisher":"https:\/\/www.facebook.com\/notibras\/","article_published_time":"2015-08-28T02:19:35+00:00","article_modified_time":"2015-08-28T02:25:21+00:00","og_image":[{"width":527,"height":307,"url":"https:\/\/www.notibras.com\/site\/wp-content\/uploads\/2015\/08\/classificacao-Gremio-Copa-Brasil-RimoliLANCEPress_LANIMA20150827_0260_55.jpg","type":"image\/jpeg"}],"author":"Reda\u00e7\u00e3o","twitter_card":"summary_large_image","twitter_creator":"@Notibras","twitter_site":"@Notibras","twitter_misc":{"Escrito por":"Reda\u00e7\u00e3o","Est. tempo de leitura":"1 minuto"},"schema":{"@context":"https:\/\/schema.org","@graph":[{"@type":"Article","@id":"https:\/\/www.notibras.com\/site\/gremio-derrota-coritiba-por-3-a-1-e-fecha-lista-das-quartas-de-final\/#article","isPartOf":{"@id":"https:\/\/www.notibras.com\/site\/gremio-derrota-coritiba-por-3-a-1-e-fecha-lista-das-quartas-de-final\/"},"author":{"name":"Reda\u00e7\u00e3o","@id":"https:\/\/www.notibras.com\/site\/#\/schema\/person\/36ab0979449956132d3e5b517ea76ac8"},"headline":"Gr\u00eamio derrota Coritiba por 3 a 1 e fecha lista das quartas de final","datePublished":"2015-08-28T02:19:35+00:00","dateModified":"2015-08-28T02:25:21+00:00","mainEntityOfPage":{"@id":"https:\/\/www.notibras.com\/site\/gremio-derrota-coritiba-por-3-a-1-e-fecha-lista-das-quartas-de-final\/"},"wordCount":205,"commentCount":0,"publisher":{"@id":"https:\/\/www.notibras.com\/site\/#organization"},"image":{"@id":"https:\/\/www.notibras.com\/site\/gremio-derrota-coritiba-por-3-a-1-e-fecha-lista-das-quartas-de-final\/#primaryimage"},"thumbnailUrl":"https:\/\/www.notibras.com\/site\/wp-content\/uploads\/2015\/08\/classificacao-Gremio-Copa-Brasil-RimoliLANCEPress_LANIMA20150827_0260_55.jpg","articleSection":["Futebol"],"inLanguage":"pt-BR","potentialAction":[{"@type":"CommentAction","name":"Comment","target":["https:\/\/www.notibras.com\/site\/gremio-derrota-coritiba-por-3-a-1-e-fecha-lista-das-quartas-de-final\/#respond"]}]},{"@type":"WebPage","@id":"https:\/\/www.notibras.com\/site\/gremio-derrota-coritiba-por-3-a-1-e-fecha-lista-das-quartas-de-final\/","url":"https:\/\/www.notibras.com\/site\/gremio-derrota-coritiba-por-3-a-1-e-fecha-lista-das-quartas-de-final\/","name":"Gr\u00eamio derrota Coritiba por 3 a 1 e fecha lista das quartas de final - Notibras","isPartOf":{"@id":"https:\/\/www.notibras.com\/site\/#website"},"primaryImageOfPage":{"@id":"https:\/\/www.notibras.com\/site\/gremio-derrota-coritiba-por-3-a-1-e-fecha-lista-das-quartas-de-final\/#primaryimage"},"image":{"@id":"https:\/\/www.notibras.com\/site\/gremio-derrota-coritiba-por-3-a-1-e-fecha-lista-das-quartas-de-final\/#primaryimage"},"thumbnailUrl":"https:\/\/www.notibras.com\/site\/wp-content\/uploads\/2015\/08\/classificacao-Gremio-Copa-Brasil-RimoliLANCEPress_LANIMA20150827_0260_55.jpg","datePublished":"2015-08-28T02:19:35+00:00","dateModified":"2015-08-28T02:25:21+00:00","breadcrumb":{"@id":"https:\/\/www.notibras.com\/site\/gremio-derrota-coritiba-por-3-a-1-e-fecha-lista-das-quartas-de-final\/#breadcrumb"},"inLanguage":"pt-BR","potentialAction":[{"@type":"ReadAction","target":["https:\/\/www.notibras.com\/site\/gremio-derrota-coritiba-por-3-a-1-e-fecha-lista-das-quartas-de-final\/"]}]},{"@type":"ImageObject","inLanguage":"pt-BR","@id":"https:\/\/www.notibras.com\/site\/gremio-derrota-coritiba-por-3-a-1-e-fecha-lista-das-quartas-de-final\/#primaryimage","url":"https:\/\/www.notibras.com\/site\/wp-content\/uploads\/2015\/08\/classificacao-Gremio-Copa-Brasil-RimoliLANCEPress_LANIMA20150827_0260_55.jpg","contentUrl":"https:\/\/www.notibras.com\/site\/wp-content\/uploads\/2015\/08\/classificacao-Gremio-Copa-Brasil-RimoliLANCEPress_LANIMA20150827_0260_55.jpg","width":527,"height":307},{"@type":"BreadcrumbList","@id":"https:\/\/www.notibras.com\/site\/gremio-derrota-coritiba-por-3-a-1-e-fecha-lista-das-quartas-de-final\/#breadcrumb","itemListElement":[{"@type":"ListItem","position":1,"name":"In\u00edcio","item":"https:\/\/www.notibras.com\/site\/"},{"@type":"ListItem","position":2,"name":"Gr\u00eamio derrota Coritiba por 3 a 1 e fecha lista das quartas de final"}]},{"@type":"WebSite","@id":"https:\/\/www.notibras.com\/site\/#website","url":"https:\/\/www.notibras.com\/site\/","name":"Notibras","description":"Not\u00edcias de Bras\u00edlia, do Brasil e do Mundo","publisher":{"@id":"https:\/\/www.notibras.com\/site\/#organization"},"potentialAction":[{"@type":"SearchAction","target":{"@type":"EntryPoint","urlTemplate":"https:\/\/www.notibras.com\/site\/?s={search_term_string}"},"query-input":{"@type":"PropertyValueSpecification","valueRequired":true,"valueName":"search_term_string"}}],"inLanguage":"pt-BR"},{"@type":"Organization","@id":"https:\/\/www.notibras.com\/site\/#organization","name":"Grupo Notibras de Comunica\u00e7\u00e3o","url":"https:\/\/www.notibras.com\/site\/","logo":{"@type":"ImageObject","inLanguage":"pt-BR","@id":"https:\/\/www.notibras.com\/site\/#\/schema\/logo\/image\/","url":"https:\/\/www.notibras.com\/site\/wp-content\/uploads\/2023\/01\/notibras23.png","contentUrl":"https:\/\/www.notibras.com\/site\/wp-content\/uploads\/2023\/01\/notibras23.png","width":350,"height":87,"caption":"Grupo Notibras de Comunica\u00e7\u00e3o"},"image":{"@id":"https:\/\/www.notibras.com\/site\/#\/schema\/logo\/image\/"},"sameAs":["https:\/\/www.facebook.com\/notibras\/","https:\/\/x.com\/Notibras","https:\/\/www.instagram.com\/notibras\/"]},{"@type":"Person","@id":"https:\/\/www.notibras.com\/site\/#\/schema\/person\/36ab0979449956132d3e5b517ea76ac8","name":"Reda\u00e7\u00e3o","image":{"@type":"ImageObject","inLanguage":"pt-BR","@id":"https:\/\/secure.gravatar.com\/avatar\/e0a867bdedb85fd243eadf09663511f96fc81e0720a4a42581f334ad4303aa6b?s=96&d=mm&r=g","url":"https:\/\/secure.gravatar.com\/avatar\/e0a867bdedb85fd243eadf09663511f96fc81e0720a4a42581f334ad4303aa6b?s=96&d=mm&r=g","contentUrl":"https:\/\/secure.gravatar.com\/avatar\/e0a867bdedb85fd243eadf09663511f96fc81e0720a4a42581f334ad4303aa6b?s=96&d=mm&r=g","caption":"Reda\u00e7\u00e3o"}}]}},"amp_enabled":true,"_links":{"self":[{"href":"https:\/\/www.notibras.com\/site\/wp-json\/wp\/v2\/posts\/64890","targetHints":{"allow":["GET"]}}],"collection":[{"href":"https:\/\/www.notibras.com\/site\/wp-json\/wp\/v2\/posts"}],"about":[{"href":"https:\/\/www.notibras.com\/site\/wp-json\/wp\/v2\/types\/post"}],"author":[{"embeddable":true,"href":"https:\/\/www.notibras.com\/site\/wp-json\/wp\/v2\/users\/2"}],"replies":[{"embeddable":true,"href":"https:\/\/www.notibras.com\/site\/wp-json\/wp\/v2\/comments?post=64890"}],"version-history":[{"count":1,"href":"https:\/\/www.notibras.com\/site\/wp-json\/wp\/v2\/posts\/64890\/revisions"}],"predecessor-version":[{"id":64892,"href":"https:\/\/www.notibras.com\/site\/wp-json\/wp\/v2\/posts\/64890\/revisions\/64892"}],"wp:featuredmedia":[{"embeddable":true,"href":"https:\/\/www.notibras.com\/site\/wp-json\/wp\/v2\/media\/64891"}],"wp:attachment":[{"href":"https:\/\/www.notibras.com\/site\/wp-json\/wp\/v2\/media?parent=64890"}],"wp:term":[{"taxonomy":"category","embeddable":true,"href":"https:\/\/www.notibras.com\/site\/wp-json\/wp\/v2\/categories?post=64890"},{"taxonomy":"post_tag","embeddable":true,"href":"https:\/\/www.notibras.com\/site\/wp-json\/wp\/v2\/tags?post=64890"}],"curies":[{"name":"wp","href":"https:\/\/api.w.org\/{rel}","templated":true}]}}