{"id":64929,"date":"2015-08-28T04:38:21","date_gmt":"2015-08-28T07:38:21","guid":{"rendered":"http:\/\/www.notibras.com\/site\/?p=64929"},"modified":"2015-08-30T17:45:23","modified_gmt":"2015-08-30T20:45:23","slug":"familias-ricas-trocam-violencia-no-brasil-pela-tranquilidade-na-florida","status":"publish","type":"post","link":"https:\/\/www.notibras.com\/site\/familias-ricas-trocam-violencia-no-brasil-pela-tranquilidade-na-florida\/","title":{"rendered":"Fam\u00edlias ricas trocam viol\u00eancia no Brasil pela vida de tranquilidade na Fl\u00f3rida"},"content":{"rendered":"<p>No Brasil eles pertenciam ao topo da pir\u00e2mide social: ganhavam bem, moravam nos melhores bairros, tinham mais de um empregado em casa. Mas abriram m\u00e3o da posi\u00e7\u00e3o para viver como imigrantes nos Estados Unidos.<\/p>\n<p>A BBC Brasil visitou tr\u00eas casas de brasileiros que se mudaram para o Estado da Fl\u00f3rida desde o ano passado. Em comum, todos dizem que migraram por causa da viol\u00eancia no Brasil e que tiveram de baixar o padr\u00e3o de vida no novo pa\u00eds.<\/p>\n<p>&#8220;Tive dois amigos assassinados em assalto&#8221;, diz o advogado e juiz aposentado Newton Azevedo, 69 anos, que trocou uma casa com sete su\u00edtes de frente para o mar no litoral paulista por uma resid\u00eancia com tr\u00eas quartos perto de Orlando.<\/p>\n<p>Sua casa no Brasil &#8220;tinha v\u00e1rios empregados fixos&#8221;; hoje, conta com os servi\u00e7os de um casal de faxineiros uma vez por m\u00eas. &#8220;Os custos aqui s\u00e3o elevad\u00edssimos, ent\u00e3o tivemos de nos adaptar.&#8221;<\/p>\n<p>Azevedo e a esposa, Rose, se mudaram em julho de 2014 para Winter Garden com a filha, o genro e os dois netos, que moram em outra casa no mesmo condom\u00ednio.<\/p>\n<p>Diferentemente de muitos brasileiros que vivem nos Estados Unidos, os imigrantes entrevistados foram recebidos de bra\u00e7os abertos pelas autoridades americanas e n\u00e3o t\u00eam planos de voltar.<\/p>\n<p>Para estar ali, cada fam\u00edlia teve de investir parte de seu patrim\u00f4nio em neg\u00f3cios locais.<\/p>\n<p>&#8220;Como nos anos 1990, h\u00e1 uma nova onda de migra\u00e7\u00e3o do Brasil para os Estados Unidos&#8221;, diz a advogada brasileira Renata Castro, que atende imigrantes na Fl\u00f3rida h\u00e1 13 anos. Ela remonta o in\u00edcio do fluxo atual ao segundo semestre de 2014, quando Dilma Rousseff se reelegeu e a crise econ\u00f4mica se intensificou.<\/p>\n<p>Castro diz, contudo, que a leva atual \u00e9 composta por imigrantes mais ricos e qualificados que os vindos nas d\u00e9cadas passadas.<\/p>\n<p>&#8220;Existe uma clara mudan\u00e7a no perfil. Muitos brasileiros com recursos t\u00eam nos procurado para saber como podem migrar legalmente, interessados nas vantagens que a legisla\u00e7\u00e3o migrat\u00f3ria americana oferece ao grupo&#8221;.<\/p>\n<p>Azevedo e a esposa receberam um visto EB-5, que exige um investimento m\u00ednimo de US$ 500 mil (R$ 1,8 milh\u00e3o) e que gere ao menos dez empregos fixos em \u00e1reas rurais ou com desemprego alto dos Estados Unidos.<\/p>\n<p>A filha e o genro do casal investiram outros US$ 500 mil para obter o mesmo visto, estendido tamb\u00e9m a seus filhos. A fam\u00edlia aplicou num fundo de investimentos de um hospital.<\/p>\n<p>O governo americano criou esse tipo de visto para atrair estrangeiros ricos e estimular a economia.<\/p>\n<p>Tamb\u00e9m \u00e9 poss\u00edvel conseguir a autoriza\u00e7\u00e3o para residir nos Estados Unidos investindo em neg\u00f3cios pr\u00f3prios.<\/p>\n<p>Ex-funcion\u00e1rio da Deloitte, uma das maiores consultorias globais, o paulistano Marcos Vinicius Liberato, 29 anos, chegou a Boca Raton (a 70 km de Miami) h\u00e1 50 dias para abrir uma creche com um s\u00f3cio.<\/p>\n<p>&#8220;Quando voc\u00ea vai empreender no Brasil, tem &#8216;n&#8217; fatores que v\u00e3o contra voc\u00ea ter sucesso. Esse cen\u00e1rio fez com que eu pensasse: &#8216;poxa, j\u00e1 que vou come\u00e7ar algo novo, por que n\u00e3o l\u00e1?'&#8221;, ele diz.<\/p>\n<p>Liberato, que tamb\u00e9m tem cidadania italiana, pedir\u00e1 um visto E-2. O visto n\u00e3o exige um investimento m\u00ednimo, mas s\u00f3 \u00e9 concedido a brasileiros que tamb\u00e9m sejam cidad\u00e3os de pa\u00edses que mantenham um acordo espec\u00edfico com os Estados Unidos, entre os quais It\u00e1lia, Espanha, Alemanha e Jap\u00e3o.<\/p>\n<p>Seu s\u00f3cio no empreendimento &#8211; o amigo de inf\u00e2ncia Leandro Maia, de 33 anos &#8211; investir\u00e1 US$ 500 mil para conseguir o EB-5.<\/p>\n<p>Dono de um restaurante de comida espanhola em S\u00e3o Paulo, Maia diz ter decidido se mudar para os Estados Unidos quando, h\u00e1 um ano e meio, foi alvo de dois disparos num assalto na capital paulista.<\/p>\n<p>Na \u00e9poca, a esposa dele estava gr\u00e1vida da primeira filha, hoje com um ano e oito meses.<\/p>\n<p>Ele, a mulher, a filha e o s\u00f3cio est\u00e3o temporariamente hospedados na casa de f\u00e9rias dos pais de Maia. Desde que chegaram, os dois t\u00eam trabalhado do amanhecer at\u00e9 tarde da noite \u00e0 procura de um local para abrir a creche. O come\u00e7o, dizem eles, tem sido dif\u00edcil.<\/p>\n<p>&#8220;J\u00e1 tomamos dois baldes de \u00e1gua fria. \u00c0s vezes nos perguntamos: &#8216;Ser\u00e1? Vale a pena?&#8217; Mas acredito que, com o trabalho feito de forma s\u00e9ria, voc\u00ea consegue&#8221;, diz Liberato.<\/p>\n<p>Em Miami h\u00e1 pouco mais de um ano, a ex-modelo Karmel Portoleti e seu marido, Renato Mendon\u00e7a, dizem j\u00e1 se sentir em casa.<\/p>\n<p>Pais de tr\u00eas filhos, eles abriram um sal\u00e3o de design de sobrancelhas em South Beach, um dos mais badalados bairros da cidade, e planejam expandir a opera\u00e7\u00e3o.<\/p>\n<p>A maioria dos clientes s\u00e3o turistas e residentes latinas, entre as quais muitas brasileiras.<\/p>\n<p>Mendon\u00e7a tem no Brasil uma confec\u00e7\u00e3o de roupas e obteve um visto L-1, que permite a empresas estrangeiras enviar funcion\u00e1rios aos Estados Unidos para abrir uma opera\u00e7\u00e3o no pa\u00eds.<\/p>\n<p>&#8220;Miami \u00e9 a cidade menos americana dos Estados Unidos &#8211; uma cidade muito latina, com uma mistura muito grande de brasileiros, colombianos, venezuelanos, haitianos, russos&#8230; Isso facilitou a nossa adapta\u00e7\u00e3o&#8221;, ele afirma.<\/p>\n<p>O empres\u00e1rio tamb\u00e9m diz que a viol\u00eancia foi o principal motivo para deixar o Brasil.<\/p>\n<p>&#8220;N\u00e3o queria continuar achando normal andar de carro blindado&#8221;. Hoje, ele diz n\u00e3o ter &#8220;a m\u00ednima vontade de voltar, nem a passeio&#8221;.<\/p>\n","protected":false},"excerpt":{"rendered":"<p>No Brasil eles pertenciam ao topo da pir\u00e2mide social: ganhavam bem, moravam nos melhores bairros, tinham mais de um empregado em casa. Mas abriram m\u00e3o da posi\u00e7\u00e3o para viver como imigrantes nos Estados Unidos. A BBC Brasil visitou tr\u00eas casas de brasileiros que se mudaram para o Estado da Fl\u00f3rida desde o ano passado. Em [&hellip;]<\/p>\n","protected":false},"author":2,"featured_media":64930,"comment_status":"open","ping_status":"closed","sticky":false,"template":"","format":"standard","meta":{"_acf_changed":false,"footnotes":""},"categories":[16],"tags":[],"class_list":["post-64929","post","type-post","status-publish","format-standard","has-post-thumbnail","hentry","category-brasil"],"acf":[],"yoast_head":"<!-- This site is optimized with the Yoast SEO plugin v27.2 - https:\/\/yoast.com\/product\/yoast-seo-wordpress\/ -->\n<title>Fam\u00edlias ricas trocam viol\u00eancia no Brasil pela vida de tranquilidade na Fl\u00f3rida - Notibras<\/title>\n<meta name=\"robots\" content=\"index, follow, max-snippet:-1, max-image-preview:large, max-video-preview:-1\" \/>\n<link rel=\"canonical\" href=\"https:\/\/www.notibras.com\/site\/familias-ricas-trocam-violencia-no-brasil-pela-tranquilidade-na-florida\/\" \/>\n<meta property=\"og:locale\" content=\"pt_BR\" \/>\n<meta property=\"og:type\" content=\"article\" \/>\n<meta property=\"og:title\" content=\"Fam\u00edlias ricas trocam viol\u00eancia no Brasil pela vida de tranquilidade na Fl\u00f3rida - Notibras\" \/>\n<meta property=\"og:description\" content=\"No Brasil eles pertenciam ao topo da pir\u00e2mide social: ganhavam bem, moravam nos melhores bairros, tinham mais de um empregado em casa. Mas abriram m\u00e3o da posi\u00e7\u00e3o para viver como imigrantes nos Estados Unidos. A BBC Brasil visitou tr\u00eas casas de brasileiros que se mudaram para o Estado da Fl\u00f3rida desde o ano passado. Em [&hellip;]\" \/>\n<meta property=\"og:url\" content=\"https:\/\/www.notibras.com\/site\/familias-ricas-trocam-violencia-no-brasil-pela-tranquilidade-na-florida\/\" \/>\n<meta property=\"og:site_name\" content=\"Notibras\" \/>\n<meta property=\"article:publisher\" content=\"https:\/\/www.facebook.com\/notibras\/\" \/>\n<meta property=\"article:published_time\" content=\"2015-08-28T07:38:21+00:00\" \/>\n<meta property=\"article:modified_time\" content=\"2015-08-30T20:45:23+00:00\" \/>\n<meta property=\"og:image\" content=\"https:\/\/www.notibras.com\/site\/wp-content\/uploads\/2015\/08\/newton-azevedo-vive-com-a-familia-em-winter-garden-desde-2014-1440674413116_615x300.jpg\" \/>\n\t<meta property=\"og:image:width\" content=\"615\" \/>\n\t<meta property=\"og:image:height\" content=\"300\" \/>\n\t<meta property=\"og:image:type\" content=\"image\/jpeg\" \/>\n<meta name=\"author\" content=\"Reda\u00e7\u00e3o\" \/>\n<meta name=\"twitter:card\" content=\"summary_large_image\" \/>\n<meta name=\"twitter:creator\" content=\"@Notibras\" \/>\n<meta name=\"twitter:site\" content=\"@Notibras\" \/>\n<meta name=\"twitter:label1\" content=\"Escrito por\" \/>\n\t<meta name=\"twitter:data1\" content=\"Reda\u00e7\u00e3o\" \/>\n\t<meta name=\"twitter:label2\" content=\"Est. tempo de leitura\" \/>\n\t<meta name=\"twitter:data2\" content=\"5 minutos\" \/>\n<script type=\"application\/ld+json\" class=\"yoast-schema-graph\">{\"@context\":\"https:\/\/schema.org\",\"@graph\":[{\"@type\":\"Article\",\"@id\":\"https:\/\/www.notibras.com\/site\/familias-ricas-trocam-violencia-no-brasil-pela-tranquilidade-na-florida\/#article\",\"isPartOf\":{\"@id\":\"https:\/\/www.notibras.com\/site\/familias-ricas-trocam-violencia-no-brasil-pela-tranquilidade-na-florida\/\"},\"author\":{\"name\":\"Reda\u00e7\u00e3o\",\"@id\":\"https:\/\/www.notibras.com\/site\/#\/schema\/person\/36ab0979449956132d3e5b517ea76ac8\"},\"headline\":\"Fam\u00edlias ricas trocam viol\u00eancia no Brasil pela vida de tranquilidade na Fl\u00f3rida\",\"datePublished\":\"2015-08-28T07:38:21+00:00\",\"dateModified\":\"2015-08-30T20:45:23+00:00\",\"mainEntityOfPage\":{\"@id\":\"https:\/\/www.notibras.com\/site\/familias-ricas-trocam-violencia-no-brasil-pela-tranquilidade-na-florida\/\"},\"wordCount\":941,\"commentCount\":0,\"publisher\":{\"@id\":\"https:\/\/www.notibras.com\/site\/#organization\"},\"image\":{\"@id\":\"https:\/\/www.notibras.com\/site\/familias-ricas-trocam-violencia-no-brasil-pela-tranquilidade-na-florida\/#primaryimage\"},\"thumbnailUrl\":\"https:\/\/www.notibras.com\/site\/wp-content\/uploads\/2015\/08\/newton-azevedo-vive-com-a-familia-em-winter-garden-desde-2014-1440674413116_615x300.jpg\",\"articleSection\":[\"Brasil\"],\"inLanguage\":\"pt-BR\",\"potentialAction\":[{\"@type\":\"CommentAction\",\"name\":\"Comment\",\"target\":[\"https:\/\/www.notibras.com\/site\/familias-ricas-trocam-violencia-no-brasil-pela-tranquilidade-na-florida\/#respond\"]}]},{\"@type\":\"WebPage\",\"@id\":\"https:\/\/www.notibras.com\/site\/familias-ricas-trocam-violencia-no-brasil-pela-tranquilidade-na-florida\/\",\"url\":\"https:\/\/www.notibras.com\/site\/familias-ricas-trocam-violencia-no-brasil-pela-tranquilidade-na-florida\/\",\"name\":\"Fam\u00edlias ricas trocam viol\u00eancia no Brasil pela vida de tranquilidade na Fl\u00f3rida - Notibras\",\"isPartOf\":{\"@id\":\"https:\/\/www.notibras.com\/site\/#website\"},\"primaryImageOfPage\":{\"@id\":\"https:\/\/www.notibras.com\/site\/familias-ricas-trocam-violencia-no-brasil-pela-tranquilidade-na-florida\/#primaryimage\"},\"image\":{\"@id\":\"https:\/\/www.notibras.com\/site\/familias-ricas-trocam-violencia-no-brasil-pela-tranquilidade-na-florida\/#primaryimage\"},\"thumbnailUrl\":\"https:\/\/www.notibras.com\/site\/wp-content\/uploads\/2015\/08\/newton-azevedo-vive-com-a-familia-em-winter-garden-desde-2014-1440674413116_615x300.jpg\",\"datePublished\":\"2015-08-28T07:38:21+00:00\",\"dateModified\":\"2015-08-30T20:45:23+00:00\",\"breadcrumb\":{\"@id\":\"https:\/\/www.notibras.com\/site\/familias-ricas-trocam-violencia-no-brasil-pela-tranquilidade-na-florida\/#breadcrumb\"},\"inLanguage\":\"pt-BR\",\"potentialAction\":[{\"@type\":\"ReadAction\",\"target\":[\"https:\/\/www.notibras.com\/site\/familias-ricas-trocam-violencia-no-brasil-pela-tranquilidade-na-florida\/\"]}]},{\"@type\":\"ImageObject\",\"inLanguage\":\"pt-BR\",\"@id\":\"https:\/\/www.notibras.com\/site\/familias-ricas-trocam-violencia-no-brasil-pela-tranquilidade-na-florida\/#primaryimage\",\"url\":\"https:\/\/www.notibras.com\/site\/wp-content\/uploads\/2015\/08\/newton-azevedo-vive-com-a-familia-em-winter-garden-desde-2014-1440674413116_615x300.jpg\",\"contentUrl\":\"https:\/\/www.notibras.com\/site\/wp-content\/uploads\/2015\/08\/newton-azevedo-vive-com-a-familia-em-winter-garden-desde-2014-1440674413116_615x300.jpg\",\"width\":615,\"height\":300},{\"@type\":\"BreadcrumbList\",\"@id\":\"https:\/\/www.notibras.com\/site\/familias-ricas-trocam-violencia-no-brasil-pela-tranquilidade-na-florida\/#breadcrumb\",\"itemListElement\":[{\"@type\":\"ListItem\",\"position\":1,\"name\":\"In\u00edcio\",\"item\":\"https:\/\/www.notibras.com\/site\/\"},{\"@type\":\"ListItem\",\"position\":2,\"name\":\"Fam\u00edlias ricas trocam viol\u00eancia no Brasil pela vida de tranquilidade na Fl\u00f3rida\"}]},{\"@type\":\"WebSite\",\"@id\":\"https:\/\/www.notibras.com\/site\/#website\",\"url\":\"https:\/\/www.notibras.com\/site\/\",\"name\":\"Notibras\",\"description\":\"Not\u00edcias de Bras\u00edlia, do Brasil e do Mundo\",\"publisher\":{\"@id\":\"https:\/\/www.notibras.com\/site\/#organization\"},\"potentialAction\":[{\"@type\":\"SearchAction\",\"target\":{\"@type\":\"EntryPoint\",\"urlTemplate\":\"https:\/\/www.notibras.com\/site\/?s={search_term_string}\"},\"query-input\":{\"@type\":\"PropertyValueSpecification\",\"valueRequired\":true,\"valueName\":\"search_term_string\"}}],\"inLanguage\":\"pt-BR\"},{\"@type\":\"Organization\",\"@id\":\"https:\/\/www.notibras.com\/site\/#organization\",\"name\":\"Grupo Notibras de Comunica\u00e7\u00e3o\",\"url\":\"https:\/\/www.notibras.com\/site\/\",\"logo\":{\"@type\":\"ImageObject\",\"inLanguage\":\"pt-BR\",\"@id\":\"https:\/\/www.notibras.com\/site\/#\/schema\/logo\/image\/\",\"url\":\"https:\/\/www.notibras.com\/site\/wp-content\/uploads\/2023\/01\/notibras23.png\",\"contentUrl\":\"https:\/\/www.notibras.com\/site\/wp-content\/uploads\/2023\/01\/notibras23.png\",\"width\":350,\"height\":87,\"caption\":\"Grupo Notibras de Comunica\u00e7\u00e3o\"},\"image\":{\"@id\":\"https:\/\/www.notibras.com\/site\/#\/schema\/logo\/image\/\"},\"sameAs\":[\"https:\/\/www.facebook.com\/notibras\/\",\"https:\/\/x.com\/Notibras\",\"https:\/\/www.instagram.com\/notibras\/\"]},{\"@type\":\"Person\",\"@id\":\"https:\/\/www.notibras.com\/site\/#\/schema\/person\/36ab0979449956132d3e5b517ea76ac8\",\"name\":\"Reda\u00e7\u00e3o\",\"image\":{\"@type\":\"ImageObject\",\"inLanguage\":\"pt-BR\",\"@id\":\"https:\/\/secure.gravatar.com\/avatar\/e0a867bdedb85fd243eadf09663511f96fc81e0720a4a42581f334ad4303aa6b?s=96&d=mm&r=g\",\"url\":\"https:\/\/secure.gravatar.com\/avatar\/e0a867bdedb85fd243eadf09663511f96fc81e0720a4a42581f334ad4303aa6b?s=96&d=mm&r=g\",\"contentUrl\":\"https:\/\/secure.gravatar.com\/avatar\/e0a867bdedb85fd243eadf09663511f96fc81e0720a4a42581f334ad4303aa6b?s=96&d=mm&r=g\",\"caption\":\"Reda\u00e7\u00e3o\"}}]}<\/script>\n<!-- \/ Yoast SEO plugin. -->","yoast_head_json":{"title":"Fam\u00edlias ricas trocam viol\u00eancia no Brasil pela vida de tranquilidade na Fl\u00f3rida - Notibras","robots":{"index":"index","follow":"follow","max-snippet":"max-snippet:-1","max-image-preview":"max-image-preview:large","max-video-preview":"max-video-preview:-1"},"canonical":"https:\/\/www.notibras.com\/site\/familias-ricas-trocam-violencia-no-brasil-pela-tranquilidade-na-florida\/","og_locale":"pt_BR","og_type":"article","og_title":"Fam\u00edlias ricas trocam viol\u00eancia no Brasil pela vida de tranquilidade na Fl\u00f3rida - Notibras","og_description":"No Brasil eles pertenciam ao topo da pir\u00e2mide social: ganhavam bem, moravam nos melhores bairros, tinham mais de um empregado em casa. Mas abriram m\u00e3o da posi\u00e7\u00e3o para viver como imigrantes nos Estados Unidos. A BBC Brasil visitou tr\u00eas casas de brasileiros que se mudaram para o Estado da Fl\u00f3rida desde o ano passado. Em [&hellip;]","og_url":"https:\/\/www.notibras.com\/site\/familias-ricas-trocam-violencia-no-brasil-pela-tranquilidade-na-florida\/","og_site_name":"Notibras","article_publisher":"https:\/\/www.facebook.com\/notibras\/","article_published_time":"2015-08-28T07:38:21+00:00","article_modified_time":"2015-08-30T20:45:23+00:00","og_image":[{"width":615,"height":300,"url":"https:\/\/www.notibras.com\/site\/wp-content\/uploads\/2015\/08\/newton-azevedo-vive-com-a-familia-em-winter-garden-desde-2014-1440674413116_615x300.jpg","type":"image\/jpeg"}],"author":"Reda\u00e7\u00e3o","twitter_card":"summary_large_image","twitter_creator":"@Notibras","twitter_site":"@Notibras","twitter_misc":{"Escrito por":"Reda\u00e7\u00e3o","Est. tempo de leitura":"5 minutos"},"schema":{"@context":"https:\/\/schema.org","@graph":[{"@type":"Article","@id":"https:\/\/www.notibras.com\/site\/familias-ricas-trocam-violencia-no-brasil-pela-tranquilidade-na-florida\/#article","isPartOf":{"@id":"https:\/\/www.notibras.com\/site\/familias-ricas-trocam-violencia-no-brasil-pela-tranquilidade-na-florida\/"},"author":{"name":"Reda\u00e7\u00e3o","@id":"https:\/\/www.notibras.com\/site\/#\/schema\/person\/36ab0979449956132d3e5b517ea76ac8"},"headline":"Fam\u00edlias ricas trocam viol\u00eancia no Brasil pela vida de tranquilidade na Fl\u00f3rida","datePublished":"2015-08-28T07:38:21+00:00","dateModified":"2015-08-30T20:45:23+00:00","mainEntityOfPage":{"@id":"https:\/\/www.notibras.com\/site\/familias-ricas-trocam-violencia-no-brasil-pela-tranquilidade-na-florida\/"},"wordCount":941,"commentCount":0,"publisher":{"@id":"https:\/\/www.notibras.com\/site\/#organization"},"image":{"@id":"https:\/\/www.notibras.com\/site\/familias-ricas-trocam-violencia-no-brasil-pela-tranquilidade-na-florida\/#primaryimage"},"thumbnailUrl":"https:\/\/www.notibras.com\/site\/wp-content\/uploads\/2015\/08\/newton-azevedo-vive-com-a-familia-em-winter-garden-desde-2014-1440674413116_615x300.jpg","articleSection":["Brasil"],"inLanguage":"pt-BR","potentialAction":[{"@type":"CommentAction","name":"Comment","target":["https:\/\/www.notibras.com\/site\/familias-ricas-trocam-violencia-no-brasil-pela-tranquilidade-na-florida\/#respond"]}]},{"@type":"WebPage","@id":"https:\/\/www.notibras.com\/site\/familias-ricas-trocam-violencia-no-brasil-pela-tranquilidade-na-florida\/","url":"https:\/\/www.notibras.com\/site\/familias-ricas-trocam-violencia-no-brasil-pela-tranquilidade-na-florida\/","name":"Fam\u00edlias ricas trocam viol\u00eancia no Brasil pela vida de tranquilidade na Fl\u00f3rida - Notibras","isPartOf":{"@id":"https:\/\/www.notibras.com\/site\/#website"},"primaryImageOfPage":{"@id":"https:\/\/www.notibras.com\/site\/familias-ricas-trocam-violencia-no-brasil-pela-tranquilidade-na-florida\/#primaryimage"},"image":{"@id":"https:\/\/www.notibras.com\/site\/familias-ricas-trocam-violencia-no-brasil-pela-tranquilidade-na-florida\/#primaryimage"},"thumbnailUrl":"https:\/\/www.notibras.com\/site\/wp-content\/uploads\/2015\/08\/newton-azevedo-vive-com-a-familia-em-winter-garden-desde-2014-1440674413116_615x300.jpg","datePublished":"2015-08-28T07:38:21+00:00","dateModified":"2015-08-30T20:45:23+00:00","breadcrumb":{"@id":"https:\/\/www.notibras.com\/site\/familias-ricas-trocam-violencia-no-brasil-pela-tranquilidade-na-florida\/#breadcrumb"},"inLanguage":"pt-BR","potentialAction":[{"@type":"ReadAction","target":["https:\/\/www.notibras.com\/site\/familias-ricas-trocam-violencia-no-brasil-pela-tranquilidade-na-florida\/"]}]},{"@type":"ImageObject","inLanguage":"pt-BR","@id":"https:\/\/www.notibras.com\/site\/familias-ricas-trocam-violencia-no-brasil-pela-tranquilidade-na-florida\/#primaryimage","url":"https:\/\/www.notibras.com\/site\/wp-content\/uploads\/2015\/08\/newton-azevedo-vive-com-a-familia-em-winter-garden-desde-2014-1440674413116_615x300.jpg","contentUrl":"https:\/\/www.notibras.com\/site\/wp-content\/uploads\/2015\/08\/newton-azevedo-vive-com-a-familia-em-winter-garden-desde-2014-1440674413116_615x300.jpg","width":615,"height":300},{"@type":"BreadcrumbList","@id":"https:\/\/www.notibras.com\/site\/familias-ricas-trocam-violencia-no-brasil-pela-tranquilidade-na-florida\/#breadcrumb","itemListElement":[{"@type":"ListItem","position":1,"name":"In\u00edcio","item":"https:\/\/www.notibras.com\/site\/"},{"@type":"ListItem","position":2,"name":"Fam\u00edlias ricas trocam viol\u00eancia no Brasil pela vida de tranquilidade na Fl\u00f3rida"}]},{"@type":"WebSite","@id":"https:\/\/www.notibras.com\/site\/#website","url":"https:\/\/www.notibras.com\/site\/","name":"Notibras","description":"Not\u00edcias de Bras\u00edlia, do Brasil e do Mundo","publisher":{"@id":"https:\/\/www.notibras.com\/site\/#organization"},"potentialAction":[{"@type":"SearchAction","target":{"@type":"EntryPoint","urlTemplate":"https:\/\/www.notibras.com\/site\/?s={search_term_string}"},"query-input":{"@type":"PropertyValueSpecification","valueRequired":true,"valueName":"search_term_string"}}],"inLanguage":"pt-BR"},{"@type":"Organization","@id":"https:\/\/www.notibras.com\/site\/#organization","name":"Grupo Notibras de Comunica\u00e7\u00e3o","url":"https:\/\/www.notibras.com\/site\/","logo":{"@type":"ImageObject","inLanguage":"pt-BR","@id":"https:\/\/www.notibras.com\/site\/#\/schema\/logo\/image\/","url":"https:\/\/www.notibras.com\/site\/wp-content\/uploads\/2023\/01\/notibras23.png","contentUrl":"https:\/\/www.notibras.com\/site\/wp-content\/uploads\/2023\/01\/notibras23.png","width":350,"height":87,"caption":"Grupo Notibras de Comunica\u00e7\u00e3o"},"image":{"@id":"https:\/\/www.notibras.com\/site\/#\/schema\/logo\/image\/"},"sameAs":["https:\/\/www.facebook.com\/notibras\/","https:\/\/x.com\/Notibras","https:\/\/www.instagram.com\/notibras\/"]},{"@type":"Person","@id":"https:\/\/www.notibras.com\/site\/#\/schema\/person\/36ab0979449956132d3e5b517ea76ac8","name":"Reda\u00e7\u00e3o","image":{"@type":"ImageObject","inLanguage":"pt-BR","@id":"https:\/\/secure.gravatar.com\/avatar\/e0a867bdedb85fd243eadf09663511f96fc81e0720a4a42581f334ad4303aa6b?s=96&d=mm&r=g","url":"https:\/\/secure.gravatar.com\/avatar\/e0a867bdedb85fd243eadf09663511f96fc81e0720a4a42581f334ad4303aa6b?s=96&d=mm&r=g","contentUrl":"https:\/\/secure.gravatar.com\/avatar\/e0a867bdedb85fd243eadf09663511f96fc81e0720a4a42581f334ad4303aa6b?s=96&d=mm&r=g","caption":"Reda\u00e7\u00e3o"}}]}},"amp_enabled":true,"_links":{"self":[{"href":"https:\/\/www.notibras.com\/site\/wp-json\/wp\/v2\/posts\/64929","targetHints":{"allow":["GET"]}}],"collection":[{"href":"https:\/\/www.notibras.com\/site\/wp-json\/wp\/v2\/posts"}],"about":[{"href":"https:\/\/www.notibras.com\/site\/wp-json\/wp\/v2\/types\/post"}],"author":[{"embeddable":true,"href":"https:\/\/www.notibras.com\/site\/wp-json\/wp\/v2\/users\/2"}],"replies":[{"embeddable":true,"href":"https:\/\/www.notibras.com\/site\/wp-json\/wp\/v2\/comments?post=64929"}],"version-history":[{"count":2,"href":"https:\/\/www.notibras.com\/site\/wp-json\/wp\/v2\/posts\/64929\/revisions"}],"predecessor-version":[{"id":65008,"href":"https:\/\/www.notibras.com\/site\/wp-json\/wp\/v2\/posts\/64929\/revisions\/65008"}],"wp:featuredmedia":[{"embeddable":true,"href":"https:\/\/www.notibras.com\/site\/wp-json\/wp\/v2\/media\/64930"}],"wp:attachment":[{"href":"https:\/\/www.notibras.com\/site\/wp-json\/wp\/v2\/media?parent=64929"}],"wp:term":[{"taxonomy":"category","embeddable":true,"href":"https:\/\/www.notibras.com\/site\/wp-json\/wp\/v2\/categories?post=64929"},{"taxonomy":"post_tag","embeddable":true,"href":"https:\/\/www.notibras.com\/site\/wp-json\/wp\/v2\/tags?post=64929"}],"curies":[{"name":"wp","href":"https:\/\/api.w.org\/{rel}","templated":true}]}}