{"id":64979,"date":"2015-08-28T09:20:02","date_gmt":"2015-08-28T12:20:02","guid":{"rendered":"http:\/\/www.notibras.com\/site\/?p=64979"},"modified":"2015-08-28T13:51:48","modified_gmt":"2015-08-28T16:51:48","slug":"lula-anuncia-em-minas-que-pode-disputar-em-2018-para-derrotar-oposicao","status":"publish","type":"post","link":"https:\/\/www.notibras.com\/site\/lula-anuncia-em-minas-que-pode-disputar-em-2018-para-derrotar-oposicao\/","title":{"rendered":"Lula anuncia em Minas disposi\u00e7\u00e3o de ir para as ruas e vencer as elei\u00e7\u00f5es em 2018"},"content":{"rendered":"<p>O ex-presidente Luiz In\u00e1cio Lula da Silva estar\u00e1 em Belo Horizonte nesta sexta-feira. Vai participar de um evento da CUT na terra de A\u00e9cio Neves. E \u00e9 l\u00e1 que espera ver seu nome ovacionado como virtual candidato do PT \u00e0 sucess\u00e3o da presidente Dilma Rousseff.<\/p>\n<p>No \u00edntimo, \u00e9 o que Lula quer. Logo cedo, ele sinalizou com esse possibilidade, ao afirmar que, se for preciso, poder\u00e1 disputar, sim, o Pal\u00e1cio do Planalto em 2018.<\/p>\n<p>&#8220;N\u00e3o posso dizer que sou, nem que n\u00e3o sou [candidato]. Sinceramente, espero que tenha outras pessoas para serem candidatas. Agora, uma coisa pode ficar certa. Se a oposi\u00e7\u00e3o pensa que vai ganhar, que n\u00e3o vai ter disputa e que o PT est\u00e1 acabado, ela pode ficar certa do seguinte: se for necess\u00e1rio, eu vou para a disputa e vou trabalhar para que a oposi\u00e7\u00e3o n\u00e3o ganhe as elei\u00e7\u00f5es&#8221;.<\/p>\n<p>A declara\u00e7\u00e3o do petista foi feita em\u00a0Montes Claros, a 417 quil\u00f4metros da capital mineira. No dia anterior, ele havia participado de\u00a0evento na cidade que serviu de estreia para as viagens que ele far\u00e1 pelo pa\u00eds para tentar melhorar a imagem do PT.<\/p>\n<p>A fala de Lula se deu ap\u00f3s questionamento sobre a possibilidade de impeachment da presidente Dilma Rousseff. Segundo Lula, a oposi\u00e7\u00e3o tem de &#8220;esperar 2018&#8221;, aludindo \u00e0 pr\u00f3xima elei\u00e7\u00e3o para a Presid\u00eancia da Rep\u00fablica.<\/p>\n","protected":false},"excerpt":{"rendered":"<p>O ex-presidente Luiz In\u00e1cio Lula da Silva estar\u00e1 em Belo Horizonte nesta sexta-feira. Vai participar de um evento da CUT na terra de A\u00e9cio Neves. E \u00e9 l\u00e1 que espera ver seu nome ovacionado como virtual candidato do PT \u00e0 sucess\u00e3o da presidente Dilma Rousseff. No \u00edntimo, \u00e9 o que Lula quer. Logo cedo, ele [&hellip;]<\/p>\n","protected":false},"author":2,"featured_media":64980,"comment_status":"open","ping_status":"closed","sticky":false,"template":"","format":"standard","meta":{"_acf_changed":false,"footnotes":""},"categories":[16],"tags":[],"class_list":["post-64979","post","type-post","status-publish","format-standard","has-post-thumbnail","hentry","category-brasil"],"acf":[],"yoast_head":"<!-- This site is optimized with the Yoast SEO plugin v27.2 - https:\/\/yoast.com\/product\/yoast-seo-wordpress\/ -->\n<title>Lula anuncia em Minas disposi\u00e7\u00e3o de ir para as ruas e vencer as elei\u00e7\u00f5es em 2018 - Notibras<\/title>\n<meta name=\"robots\" content=\"index, follow, max-snippet:-1, max-image-preview:large, max-video-preview:-1\" \/>\n<link rel=\"canonical\" href=\"https:\/\/www.notibras.com\/site\/lula-anuncia-em-minas-que-pode-disputar-em-2018-para-derrotar-oposicao\/\" \/>\n<meta property=\"og:locale\" content=\"pt_BR\" \/>\n<meta property=\"og:type\" content=\"article\" \/>\n<meta property=\"og:title\" content=\"Lula anuncia em Minas disposi\u00e7\u00e3o de ir para as ruas e vencer as elei\u00e7\u00f5es em 2018 - Notibras\" \/>\n<meta property=\"og:description\" content=\"O ex-presidente Luiz In\u00e1cio Lula da Silva estar\u00e1 em Belo Horizonte nesta sexta-feira. Vai participar de um evento da CUT na terra de A\u00e9cio Neves. E \u00e9 l\u00e1 que espera ver seu nome ovacionado como virtual candidato do PT \u00e0 sucess\u00e3o da presidente Dilma Rousseff. No \u00edntimo, \u00e9 o que Lula quer. Logo cedo, ele [&hellip;]\" \/>\n<meta property=\"og:url\" content=\"https:\/\/www.notibras.com\/site\/lula-anuncia-em-minas-que-pode-disputar-em-2018-para-derrotar-oposicao\/\" \/>\n<meta property=\"og:site_name\" content=\"Notibras\" \/>\n<meta property=\"article:publisher\" content=\"https:\/\/www.facebook.com\/notibras\/\" \/>\n<meta property=\"article:published_time\" content=\"2015-08-28T12:20:02+00:00\" \/>\n<meta property=\"article:modified_time\" content=\"2015-08-28T16:51:48+00:00\" \/>\n<meta property=\"og:image\" content=\"https:\/\/www.notibras.com\/site\/wp-content\/uploads\/2015\/08\/lula28.jpg\" \/>\n\t<meta property=\"og:image:width\" content=\"300\" \/>\n\t<meta property=\"og:image:height\" content=\"300\" \/>\n\t<meta property=\"og:image:type\" content=\"image\/jpeg\" \/>\n<meta name=\"author\" content=\"Reda\u00e7\u00e3o\" \/>\n<meta name=\"twitter:card\" content=\"summary_large_image\" \/>\n<meta name=\"twitter:creator\" content=\"@Notibras\" \/>\n<meta name=\"twitter:site\" content=\"@Notibras\" \/>\n<meta name=\"twitter:label1\" content=\"Escrito por\" \/>\n\t<meta name=\"twitter:data1\" content=\"Reda\u00e7\u00e3o\" \/>\n\t<meta name=\"twitter:label2\" content=\"Est. tempo de leitura\" \/>\n\t<meta name=\"twitter:data2\" content=\"1 minuto\" \/>\n<script type=\"application\/ld+json\" class=\"yoast-schema-graph\">{\"@context\":\"https:\/\/schema.org\",\"@graph\":[{\"@type\":\"Article\",\"@id\":\"https:\/\/www.notibras.com\/site\/lula-anuncia-em-minas-que-pode-disputar-em-2018-para-derrotar-oposicao\/#article\",\"isPartOf\":{\"@id\":\"https:\/\/www.notibras.com\/site\/lula-anuncia-em-minas-que-pode-disputar-em-2018-para-derrotar-oposicao\/\"},\"author\":{\"name\":\"Reda\u00e7\u00e3o\",\"@id\":\"https:\/\/www.notibras.com\/site\/#\/schema\/person\/36ab0979449956132d3e5b517ea76ac8\"},\"headline\":\"Lula anuncia em Minas disposi\u00e7\u00e3o de ir para as ruas e vencer as elei\u00e7\u00f5es em 2018\",\"datePublished\":\"2015-08-28T12:20:02+00:00\",\"dateModified\":\"2015-08-28T16:51:48+00:00\",\"mainEntityOfPage\":{\"@id\":\"https:\/\/www.notibras.com\/site\/lula-anuncia-em-minas-que-pode-disputar-em-2018-para-derrotar-oposicao\/\"},\"wordCount\":251,\"commentCount\":0,\"publisher\":{\"@id\":\"https:\/\/www.notibras.com\/site\/#organization\"},\"image\":{\"@id\":\"https:\/\/www.notibras.com\/site\/lula-anuncia-em-minas-que-pode-disputar-em-2018-para-derrotar-oposicao\/#primaryimage\"},\"thumbnailUrl\":\"https:\/\/www.notibras.com\/site\/wp-content\/uploads\/2015\/08\/lula28.jpg\",\"articleSection\":[\"Brasil\"],\"inLanguage\":\"pt-BR\",\"potentialAction\":[{\"@type\":\"CommentAction\",\"name\":\"Comment\",\"target\":[\"https:\/\/www.notibras.com\/site\/lula-anuncia-em-minas-que-pode-disputar-em-2018-para-derrotar-oposicao\/#respond\"]}]},{\"@type\":\"WebPage\",\"@id\":\"https:\/\/www.notibras.com\/site\/lula-anuncia-em-minas-que-pode-disputar-em-2018-para-derrotar-oposicao\/\",\"url\":\"https:\/\/www.notibras.com\/site\/lula-anuncia-em-minas-que-pode-disputar-em-2018-para-derrotar-oposicao\/\",\"name\":\"Lula anuncia em Minas disposi\u00e7\u00e3o de ir para as ruas e vencer as elei\u00e7\u00f5es em 2018 - Notibras\",\"isPartOf\":{\"@id\":\"https:\/\/www.notibras.com\/site\/#website\"},\"primaryImageOfPage\":{\"@id\":\"https:\/\/www.notibras.com\/site\/lula-anuncia-em-minas-que-pode-disputar-em-2018-para-derrotar-oposicao\/#primaryimage\"},\"image\":{\"@id\":\"https:\/\/www.notibras.com\/site\/lula-anuncia-em-minas-que-pode-disputar-em-2018-para-derrotar-oposicao\/#primaryimage\"},\"thumbnailUrl\":\"https:\/\/www.notibras.com\/site\/wp-content\/uploads\/2015\/08\/lula28.jpg\",\"datePublished\":\"2015-08-28T12:20:02+00:00\",\"dateModified\":\"2015-08-28T16:51:48+00:00\",\"breadcrumb\":{\"@id\":\"https:\/\/www.notibras.com\/site\/lula-anuncia-em-minas-que-pode-disputar-em-2018-para-derrotar-oposicao\/#breadcrumb\"},\"inLanguage\":\"pt-BR\",\"potentialAction\":[{\"@type\":\"ReadAction\",\"target\":[\"https:\/\/www.notibras.com\/site\/lula-anuncia-em-minas-que-pode-disputar-em-2018-para-derrotar-oposicao\/\"]}]},{\"@type\":\"ImageObject\",\"inLanguage\":\"pt-BR\",\"@id\":\"https:\/\/www.notibras.com\/site\/lula-anuncia-em-minas-que-pode-disputar-em-2018-para-derrotar-oposicao\/#primaryimage\",\"url\":\"https:\/\/www.notibras.com\/site\/wp-content\/uploads\/2015\/08\/lula28.jpg\",\"contentUrl\":\"https:\/\/www.notibras.com\/site\/wp-content\/uploads\/2015\/08\/lula28.jpg\",\"width\":300,\"height\":300},{\"@type\":\"BreadcrumbList\",\"@id\":\"https:\/\/www.notibras.com\/site\/lula-anuncia-em-minas-que-pode-disputar-em-2018-para-derrotar-oposicao\/#breadcrumb\",\"itemListElement\":[{\"@type\":\"ListItem\",\"position\":1,\"name\":\"In\u00edcio\",\"item\":\"https:\/\/www.notibras.com\/site\/\"},{\"@type\":\"ListItem\",\"position\":2,\"name\":\"Lula anuncia em Minas disposi\u00e7\u00e3o de ir para as ruas e vencer as elei\u00e7\u00f5es em 2018\"}]},{\"@type\":\"WebSite\",\"@id\":\"https:\/\/www.notibras.com\/site\/#website\",\"url\":\"https:\/\/www.notibras.com\/site\/\",\"name\":\"Notibras\",\"description\":\"Not\u00edcias de Bras\u00edlia, do Brasil e do Mundo\",\"publisher\":{\"@id\":\"https:\/\/www.notibras.com\/site\/#organization\"},\"potentialAction\":[{\"@type\":\"SearchAction\",\"target\":{\"@type\":\"EntryPoint\",\"urlTemplate\":\"https:\/\/www.notibras.com\/site\/?s={search_term_string}\"},\"query-input\":{\"@type\":\"PropertyValueSpecification\",\"valueRequired\":true,\"valueName\":\"search_term_string\"}}],\"inLanguage\":\"pt-BR\"},{\"@type\":\"Organization\",\"@id\":\"https:\/\/www.notibras.com\/site\/#organization\",\"name\":\"Grupo Notibras de Comunica\u00e7\u00e3o\",\"url\":\"https:\/\/www.notibras.com\/site\/\",\"logo\":{\"@type\":\"ImageObject\",\"inLanguage\":\"pt-BR\",\"@id\":\"https:\/\/www.notibras.com\/site\/#\/schema\/logo\/image\/\",\"url\":\"https:\/\/www.notibras.com\/site\/wp-content\/uploads\/2023\/01\/notibras23.png\",\"contentUrl\":\"https:\/\/www.notibras.com\/site\/wp-content\/uploads\/2023\/01\/notibras23.png\",\"width\":350,\"height\":87,\"caption\":\"Grupo Notibras de Comunica\u00e7\u00e3o\"},\"image\":{\"@id\":\"https:\/\/www.notibras.com\/site\/#\/schema\/logo\/image\/\"},\"sameAs\":[\"https:\/\/www.facebook.com\/notibras\/\",\"https:\/\/x.com\/Notibras\",\"https:\/\/www.instagram.com\/notibras\/\"]},{\"@type\":\"Person\",\"@id\":\"https:\/\/www.notibras.com\/site\/#\/schema\/person\/36ab0979449956132d3e5b517ea76ac8\",\"name\":\"Reda\u00e7\u00e3o\",\"image\":{\"@type\":\"ImageObject\",\"inLanguage\":\"pt-BR\",\"@id\":\"https:\/\/secure.gravatar.com\/avatar\/e0a867bdedb85fd243eadf09663511f96fc81e0720a4a42581f334ad4303aa6b?s=96&d=mm&r=g\",\"url\":\"https:\/\/secure.gravatar.com\/avatar\/e0a867bdedb85fd243eadf09663511f96fc81e0720a4a42581f334ad4303aa6b?s=96&d=mm&r=g\",\"contentUrl\":\"https:\/\/secure.gravatar.com\/avatar\/e0a867bdedb85fd243eadf09663511f96fc81e0720a4a42581f334ad4303aa6b?s=96&d=mm&r=g\",\"caption\":\"Reda\u00e7\u00e3o\"}}]}<\/script>\n<!-- \/ Yoast SEO plugin. -->","yoast_head_json":{"title":"Lula anuncia em Minas disposi\u00e7\u00e3o de ir para as ruas e vencer as elei\u00e7\u00f5es em 2018 - Notibras","robots":{"index":"index","follow":"follow","max-snippet":"max-snippet:-1","max-image-preview":"max-image-preview:large","max-video-preview":"max-video-preview:-1"},"canonical":"https:\/\/www.notibras.com\/site\/lula-anuncia-em-minas-que-pode-disputar-em-2018-para-derrotar-oposicao\/","og_locale":"pt_BR","og_type":"article","og_title":"Lula anuncia em Minas disposi\u00e7\u00e3o de ir para as ruas e vencer as elei\u00e7\u00f5es em 2018 - Notibras","og_description":"O ex-presidente Luiz In\u00e1cio Lula da Silva estar\u00e1 em Belo Horizonte nesta sexta-feira. Vai participar de um evento da CUT na terra de A\u00e9cio Neves. E \u00e9 l\u00e1 que espera ver seu nome ovacionado como virtual candidato do PT \u00e0 sucess\u00e3o da presidente Dilma Rousseff. No \u00edntimo, \u00e9 o que Lula quer. Logo cedo, ele [&hellip;]","og_url":"https:\/\/www.notibras.com\/site\/lula-anuncia-em-minas-que-pode-disputar-em-2018-para-derrotar-oposicao\/","og_site_name":"Notibras","article_publisher":"https:\/\/www.facebook.com\/notibras\/","article_published_time":"2015-08-28T12:20:02+00:00","article_modified_time":"2015-08-28T16:51:48+00:00","og_image":[{"width":300,"height":300,"url":"https:\/\/www.notibras.com\/site\/wp-content\/uploads\/2015\/08\/lula28.jpg","type":"image\/jpeg"}],"author":"Reda\u00e7\u00e3o","twitter_card":"summary_large_image","twitter_creator":"@Notibras","twitter_site":"@Notibras","twitter_misc":{"Escrito por":"Reda\u00e7\u00e3o","Est. tempo de leitura":"1 minuto"},"schema":{"@context":"https:\/\/schema.org","@graph":[{"@type":"Article","@id":"https:\/\/www.notibras.com\/site\/lula-anuncia-em-minas-que-pode-disputar-em-2018-para-derrotar-oposicao\/#article","isPartOf":{"@id":"https:\/\/www.notibras.com\/site\/lula-anuncia-em-minas-que-pode-disputar-em-2018-para-derrotar-oposicao\/"},"author":{"name":"Reda\u00e7\u00e3o","@id":"https:\/\/www.notibras.com\/site\/#\/schema\/person\/36ab0979449956132d3e5b517ea76ac8"},"headline":"Lula anuncia em Minas disposi\u00e7\u00e3o de ir para as ruas e vencer as elei\u00e7\u00f5es em 2018","datePublished":"2015-08-28T12:20:02+00:00","dateModified":"2015-08-28T16:51:48+00:00","mainEntityOfPage":{"@id":"https:\/\/www.notibras.com\/site\/lula-anuncia-em-minas-que-pode-disputar-em-2018-para-derrotar-oposicao\/"},"wordCount":251,"commentCount":0,"publisher":{"@id":"https:\/\/www.notibras.com\/site\/#organization"},"image":{"@id":"https:\/\/www.notibras.com\/site\/lula-anuncia-em-minas-que-pode-disputar-em-2018-para-derrotar-oposicao\/#primaryimage"},"thumbnailUrl":"https:\/\/www.notibras.com\/site\/wp-content\/uploads\/2015\/08\/lula28.jpg","articleSection":["Brasil"],"inLanguage":"pt-BR","potentialAction":[{"@type":"CommentAction","name":"Comment","target":["https:\/\/www.notibras.com\/site\/lula-anuncia-em-minas-que-pode-disputar-em-2018-para-derrotar-oposicao\/#respond"]}]},{"@type":"WebPage","@id":"https:\/\/www.notibras.com\/site\/lula-anuncia-em-minas-que-pode-disputar-em-2018-para-derrotar-oposicao\/","url":"https:\/\/www.notibras.com\/site\/lula-anuncia-em-minas-que-pode-disputar-em-2018-para-derrotar-oposicao\/","name":"Lula anuncia em Minas disposi\u00e7\u00e3o de ir para as ruas e vencer as elei\u00e7\u00f5es em 2018 - Notibras","isPartOf":{"@id":"https:\/\/www.notibras.com\/site\/#website"},"primaryImageOfPage":{"@id":"https:\/\/www.notibras.com\/site\/lula-anuncia-em-minas-que-pode-disputar-em-2018-para-derrotar-oposicao\/#primaryimage"},"image":{"@id":"https:\/\/www.notibras.com\/site\/lula-anuncia-em-minas-que-pode-disputar-em-2018-para-derrotar-oposicao\/#primaryimage"},"thumbnailUrl":"https:\/\/www.notibras.com\/site\/wp-content\/uploads\/2015\/08\/lula28.jpg","datePublished":"2015-08-28T12:20:02+00:00","dateModified":"2015-08-28T16:51:48+00:00","breadcrumb":{"@id":"https:\/\/www.notibras.com\/site\/lula-anuncia-em-minas-que-pode-disputar-em-2018-para-derrotar-oposicao\/#breadcrumb"},"inLanguage":"pt-BR","potentialAction":[{"@type":"ReadAction","target":["https:\/\/www.notibras.com\/site\/lula-anuncia-em-minas-que-pode-disputar-em-2018-para-derrotar-oposicao\/"]}]},{"@type":"ImageObject","inLanguage":"pt-BR","@id":"https:\/\/www.notibras.com\/site\/lula-anuncia-em-minas-que-pode-disputar-em-2018-para-derrotar-oposicao\/#primaryimage","url":"https:\/\/www.notibras.com\/site\/wp-content\/uploads\/2015\/08\/lula28.jpg","contentUrl":"https:\/\/www.notibras.com\/site\/wp-content\/uploads\/2015\/08\/lula28.jpg","width":300,"height":300},{"@type":"BreadcrumbList","@id":"https:\/\/www.notibras.com\/site\/lula-anuncia-em-minas-que-pode-disputar-em-2018-para-derrotar-oposicao\/#breadcrumb","itemListElement":[{"@type":"ListItem","position":1,"name":"In\u00edcio","item":"https:\/\/www.notibras.com\/site\/"},{"@type":"ListItem","position":2,"name":"Lula anuncia em Minas disposi\u00e7\u00e3o de ir para as ruas e vencer as elei\u00e7\u00f5es em 2018"}]},{"@type":"WebSite","@id":"https:\/\/www.notibras.com\/site\/#website","url":"https:\/\/www.notibras.com\/site\/","name":"Notibras","description":"Not\u00edcias de Bras\u00edlia, do Brasil e do Mundo","publisher":{"@id":"https:\/\/www.notibras.com\/site\/#organization"},"potentialAction":[{"@type":"SearchAction","target":{"@type":"EntryPoint","urlTemplate":"https:\/\/www.notibras.com\/site\/?s={search_term_string}"},"query-input":{"@type":"PropertyValueSpecification","valueRequired":true,"valueName":"search_term_string"}}],"inLanguage":"pt-BR"},{"@type":"Organization","@id":"https:\/\/www.notibras.com\/site\/#organization","name":"Grupo Notibras de Comunica\u00e7\u00e3o","url":"https:\/\/www.notibras.com\/site\/","logo":{"@type":"ImageObject","inLanguage":"pt-BR","@id":"https:\/\/www.notibras.com\/site\/#\/schema\/logo\/image\/","url":"https:\/\/www.notibras.com\/site\/wp-content\/uploads\/2023\/01\/notibras23.png","contentUrl":"https:\/\/www.notibras.com\/site\/wp-content\/uploads\/2023\/01\/notibras23.png","width":350,"height":87,"caption":"Grupo Notibras de Comunica\u00e7\u00e3o"},"image":{"@id":"https:\/\/www.notibras.com\/site\/#\/schema\/logo\/image\/"},"sameAs":["https:\/\/www.facebook.com\/notibras\/","https:\/\/x.com\/Notibras","https:\/\/www.instagram.com\/notibras\/"]},{"@type":"Person","@id":"https:\/\/www.notibras.com\/site\/#\/schema\/person\/36ab0979449956132d3e5b517ea76ac8","name":"Reda\u00e7\u00e3o","image":{"@type":"ImageObject","inLanguage":"pt-BR","@id":"https:\/\/secure.gravatar.com\/avatar\/e0a867bdedb85fd243eadf09663511f96fc81e0720a4a42581f334ad4303aa6b?s=96&d=mm&r=g","url":"https:\/\/secure.gravatar.com\/avatar\/e0a867bdedb85fd243eadf09663511f96fc81e0720a4a42581f334ad4303aa6b?s=96&d=mm&r=g","contentUrl":"https:\/\/secure.gravatar.com\/avatar\/e0a867bdedb85fd243eadf09663511f96fc81e0720a4a42581f334ad4303aa6b?s=96&d=mm&r=g","caption":"Reda\u00e7\u00e3o"}}]}},"amp_enabled":true,"_links":{"self":[{"href":"https:\/\/www.notibras.com\/site\/wp-json\/wp\/v2\/posts\/64979","targetHints":{"allow":["GET"]}}],"collection":[{"href":"https:\/\/www.notibras.com\/site\/wp-json\/wp\/v2\/posts"}],"about":[{"href":"https:\/\/www.notibras.com\/site\/wp-json\/wp\/v2\/types\/post"}],"author":[{"embeddable":true,"href":"https:\/\/www.notibras.com\/site\/wp-json\/wp\/v2\/users\/2"}],"replies":[{"embeddable":true,"href":"https:\/\/www.notibras.com\/site\/wp-json\/wp\/v2\/comments?post=64979"}],"version-history":[{"count":8,"href":"https:\/\/www.notibras.com\/site\/wp-json\/wp\/v2\/posts\/64979\/revisions"}],"predecessor-version":[{"id":65002,"href":"https:\/\/www.notibras.com\/site\/wp-json\/wp\/v2\/posts\/64979\/revisions\/65002"}],"wp:featuredmedia":[{"embeddable":true,"href":"https:\/\/www.notibras.com\/site\/wp-json\/wp\/v2\/media\/64980"}],"wp:attachment":[{"href":"https:\/\/www.notibras.com\/site\/wp-json\/wp\/v2\/media?parent=64979"}],"wp:term":[{"taxonomy":"category","embeddable":true,"href":"https:\/\/www.notibras.com\/site\/wp-json\/wp\/v2\/categories?post=64979"},{"taxonomy":"post_tag","embeddable":true,"href":"https:\/\/www.notibras.com\/site\/wp-json\/wp\/v2\/tags?post=64979"}],"curies":[{"name":"wp","href":"https:\/\/api.w.org\/{rel}","templated":true}]}}