{"id":65017,"date":"2015-08-28T14:29:29","date_gmt":"2015-08-28T17:29:29","guid":{"rendered":"http:\/\/www.notibras.com\/site\/?p=65017"},"modified":"2015-08-28T18:34:17","modified_gmt":"2015-08-28T21:34:17","slug":"quadro-recessivo-reflete-nas-contas-publicas-que-continuam-em-queda-revela-bc","status":"publish","type":"post","link":"https:\/\/www.notibras.com\/site\/quadro-recessivo-reflete-nas-contas-publicas-que-continuam-em-queda-revela-bc\/","title":{"rendered":"Quadro recessivo reflete nas contas do governo que continuam em queda, diz BC"},"content":{"rendered":"<p>Os resultados das contas p\u00fablicas est\u00e3o fortemente influenciados neste ano pela economia em recess\u00e3o, disse o chefe adjunto do Departamento Econ\u00f4mico do Banco Central (BC), Fernando Rocha. Segundo Rocha, o setor p\u00fablico consolidado \u2013 governos federal, estaduais e municipais e empresas estatais \u2013 registrou d\u00e9ficit prim\u00e1rio de R$ 10,019 bilh\u00f5es em julho,o pior resultado para o m\u00eas na s\u00e9rie hist\u00f3rica iniciada em dezembro de 2001.<\/p>\n<p>Nos sete meses do ano, o setor p\u00fablico apresentou super\u00e1vit prim\u00e1rio de R$ 6,205 bilh\u00f5es, o menor resultado para o per\u00edodo. \u201cEsse resultado de uma economia fraca e em recess\u00e3o se traduz em menor arrecada\u00e7\u00e3o\u201d, acrescentou Rocha.<\/p>\n<p>Em 12 meses encerrados em julho, o setor p\u00fablico registrou d\u00e9ficit prim\u00e1rio de R$ 50,996 bilh\u00f5es, o que corresponde a 0,89% do Produto Interno Bruto (PIB, soma de todos os bens e servi\u00e7os produzidos no pa\u00eds).<\/p>\n<p>O super\u00e1vit prim\u00e1rio, economia de recursos para pagar os juros da d\u00edvida p\u00fablica, ajuda a conter o endividamento do governo no m\u00e9dio e longo prazos. As dificuldades em cortar gastos e em aumentar as receitas fizeram a equipe econ\u00f4mica reduzir para R$ R$ 8,747 bilh\u00f5es (0,15% do PIB) a meta de super\u00e1vit prim\u00e1rio (economia para pagar os juros da d\u00edvida p\u00fablica) para 2015.<\/p>\n<p>Desse total, 0,10% \u2013 R$ 5,8 bilh\u00f5es \u2013 correspondem ao Governo Central. A meta anterior do setor p\u00fablico era R$ 66,3 bilh\u00f5es ou 1,1% do PIB.<\/p>\n<p>De acordo com Rocha, estados e munic\u00edpios devem contribuir menos com o resultado fiscal neste semestre. \u201cEm termos de resultados fiscais, h\u00e1 uma sazonalidade, e os resultados tendem a ser mais favor\u00e1veis na primeira metade do ano e menores na segunda metade, por concentra\u00e7\u00e3o de despesas\u201d, afirmou.<\/p>\n<p>De janeiro a julho, estados e munic\u00edpios tiveram super\u00e1vit prim\u00e1rio de R$ 16,126 bilh\u00f5es, contra R$ 11,457 bilh\u00f5es em igual per\u00edodo do ano passado.<\/p>\n<p>Os dados do BC divulgados hoje (28) tamb\u00e9m mostram que, em julho, os gastos com juros chegaram ao maior resultado para o per\u00edodo, alcan\u00e7ando R$ 62,753 bilh\u00f5e e acumulando R$ 288,623 bilh\u00f5es nos sete meses do ano. Esse resultado foi influenciado pelas perdas do BC com opera\u00e7\u00f5es de swap cambial (equivalentes \u00e0 venda de d\u00f3lares no mercado futuro).<\/p>\n<p>As perdas chegaram a R$ 23,9 bilh\u00f5es no m\u00eas passado. No ano, elas atingiram R$ 57 bilh\u00f5es. Nos meses em que o d\u00f3lar sobe, o BC tem preju\u00edzo com as opera\u00e7\u00f5es de swap. Quando a cota\u00e7\u00e3o cai, o \u00f3rg\u00e3o tem lucro. Os resultados s\u00e3o transferidos para os juros da d\u00edvida p\u00fablica.<\/p>\n<p>O swap cambial \u00e9 uma ferramenta que permite ao Banco Central intervir no c\u00e2mbio sem comprometer as reservas internacionais. O BC vende contratos de troca de rendimento no mercado futuro. Apesar de negociadas em reais, as opera\u00e7\u00f5es s\u00e3o atreladas \u00e0 varia\u00e7\u00e3o do d\u00f3lar. No swap cambial, a autoridade monet\u00e1ria aposta que o d\u00f3lar subir\u00e1 mais que a taxa DI (taxa de dep\u00f3sito interbanc\u00e1rio, ou seja, a cobrada em transa\u00e7\u00f5es entre bancos). Os investidores apostam o contr\u00e1rio.<\/p>\n<p>No fim dos contratos, ocorre uma troca de rendimentos (swap) entre as duas partes. Quando o d\u00f3lar sobe, o BC tem preju\u00edzo proporcional ao n\u00famero de contratos em vigor. Quando a cota\u00e7\u00e3o cai, os investidores deixam de lucrar.<\/p>\n<p>Em julho, a d\u00edvida l\u00edquida do setor p\u00fablico chegou a R$ 1,950 trilh\u00e3o, o que corresponde a 34,2% do PIB. Em rela\u00e7\u00e3o a junho, a d\u00edvida em propor\u00e7\u00e3o do PIB caiu 0,4 ponto percentual. A d\u00edvida bruta chegou a R$ 3,685 trilh\u00f5es ou 64,6% do PIB, aumento de 1,4 ponto percentual em rela\u00e7\u00e3o a junho. Para agosto, o BC projeta que a d\u00edvida l\u00edquida cai para 33,6% do PIB. A proje\u00e7\u00e3o para a d\u00edvida bruta \u00e9 64,9% do PIB.<\/p>\n<p>Essa redu\u00e7\u00e3o na d\u00edvida l\u00edquida ocorre por causa da alta do d\u00f3lar. Isso porque, na d\u00edvida l\u00edquida, s\u00e3o considerados ativos e passivos externos. Com a valoriza\u00e7\u00e3o da moeda norte-americana, os ativos em moeda estrangeira, principalmente as reservas internacionais, aumentam de valor na convers\u00e3o em reais, resultando numa d\u00edvida l\u00edquida menor. No caso da d\u00edvida bruta, s\u00e3o considerados apenas os passivos.<\/p>\n<p>Segundo Rocha, as proje\u00e7\u00f5es do mercado financeiro indicam que a d\u00edvida bruta deve crescer este ano, manter a trajet\u00f3ria de eleva\u00e7\u00e3o em 2016 e apresentar estabilidade em 2017.<\/p>\n<p>\u201cA estabiliza\u00e7\u00e3o do endividamento depende de um conjunto de fatores, principalmente da atividade econ\u00f4mica e dos resultados fiscais. Considerando este ano com o resultado negativo do PIB e a meta, certamente a d\u00edvida bruta apresentar\u00e1 crescimento em 2015 em rela\u00e7\u00e3o a 2014\u201d, concluiu.<\/p>\n<p><strong>Kelly Oliveira \u2013 ABr<\/strong><\/p>\n","protected":false},"excerpt":{"rendered":"<p>Os resultados das contas p\u00fablicas est\u00e3o fortemente influenciados neste ano pela economia em recess\u00e3o, disse o chefe adjunto do Departamento Econ\u00f4mico do Banco Central (BC), Fernando Rocha. Segundo Rocha, o setor p\u00fablico consolidado \u2013 governos federal, estaduais e municipais e empresas estatais \u2013 registrou d\u00e9ficit prim\u00e1rio de R$ 10,019 bilh\u00f5es em julho,o pior resultado para [&hellip;]<\/p>\n","protected":false},"author":2,"featured_media":65018,"comment_status":"open","ping_status":"closed","sticky":false,"template":"","format":"standard","meta":{"_acf_changed":false,"footnotes":""},"categories":[16],"tags":[],"class_list":["post-65017","post","type-post","status-publish","format-standard","has-post-thumbnail","hentry","category-brasil"],"acf":[],"yoast_head":"<!-- This site is optimized with the Yoast SEO plugin v27.2 - https:\/\/yoast.com\/product\/yoast-seo-wordpress\/ -->\n<title>Quadro recessivo reflete nas contas do governo que continuam em queda, diz BC - Notibras<\/title>\n<meta name=\"robots\" content=\"index, follow, max-snippet:-1, max-image-preview:large, max-video-preview:-1\" \/>\n<link rel=\"canonical\" href=\"https:\/\/www.notibras.com\/site\/quadro-recessivo-reflete-nas-contas-publicas-que-continuam-em-queda-revela-bc\/\" \/>\n<meta property=\"og:locale\" content=\"pt_BR\" \/>\n<meta property=\"og:type\" content=\"article\" \/>\n<meta property=\"og:title\" content=\"Quadro recessivo reflete nas contas do governo que continuam em queda, diz BC - Notibras\" \/>\n<meta property=\"og:description\" content=\"Os resultados das contas p\u00fablicas est\u00e3o fortemente influenciados neste ano pela economia em recess\u00e3o, disse o chefe adjunto do Departamento Econ\u00f4mico do Banco Central (BC), Fernando Rocha. Segundo Rocha, o setor p\u00fablico consolidado \u2013 governos federal, estaduais e municipais e empresas estatais \u2013 registrou d\u00e9ficit prim\u00e1rio de R$ 10,019 bilh\u00f5es em julho,o pior resultado para [&hellip;]\" \/>\n<meta property=\"og:url\" content=\"https:\/\/www.notibras.com\/site\/quadro-recessivo-reflete-nas-contas-publicas-que-continuam-em-queda-revela-bc\/\" \/>\n<meta property=\"og:site_name\" content=\"Notibras\" \/>\n<meta property=\"article:publisher\" content=\"https:\/\/www.facebook.com\/notibras\/\" \/>\n<meta property=\"article:published_time\" content=\"2015-08-28T17:29:29+00:00\" \/>\n<meta property=\"article:modified_time\" content=\"2015-08-28T21:34:17+00:00\" \/>\n<meta property=\"og:image\" content=\"https:\/\/www.notibras.com\/site\/wp-content\/uploads\/2015\/08\/cedulas-dinheiro-casa-da-moeda-brasil-20120913-01-original.jpeg\" \/>\n\t<meta property=\"og:image:width\" content=\"690\" \/>\n\t<meta property=\"og:image:height\" content=\"388\" \/>\n\t<meta property=\"og:image:type\" content=\"image\/jpeg\" \/>\n<meta name=\"author\" content=\"Reda\u00e7\u00e3o\" \/>\n<meta name=\"twitter:card\" content=\"summary_large_image\" \/>\n<meta name=\"twitter:creator\" content=\"@Notibras\" \/>\n<meta name=\"twitter:site\" content=\"@Notibras\" \/>\n<meta name=\"twitter:label1\" content=\"Escrito por\" \/>\n\t<meta name=\"twitter:data1\" content=\"Reda\u00e7\u00e3o\" \/>\n\t<meta name=\"twitter:label2\" content=\"Est. tempo de leitura\" \/>\n\t<meta name=\"twitter:data2\" content=\"4 minutos\" \/>\n<script type=\"application\/ld+json\" class=\"yoast-schema-graph\">{\"@context\":\"https:\/\/schema.org\",\"@graph\":[{\"@type\":\"Article\",\"@id\":\"https:\/\/www.notibras.com\/site\/quadro-recessivo-reflete-nas-contas-publicas-que-continuam-em-queda-revela-bc\/#article\",\"isPartOf\":{\"@id\":\"https:\/\/www.notibras.com\/site\/quadro-recessivo-reflete-nas-contas-publicas-que-continuam-em-queda-revela-bc\/\"},\"author\":{\"name\":\"Reda\u00e7\u00e3o\",\"@id\":\"https:\/\/www.notibras.com\/site\/#\/schema\/person\/36ab0979449956132d3e5b517ea76ac8\"},\"headline\":\"Quadro recessivo reflete nas contas do governo que continuam em queda, diz BC\",\"datePublished\":\"2015-08-28T17:29:29+00:00\",\"dateModified\":\"2015-08-28T21:34:17+00:00\",\"mainEntityOfPage\":{\"@id\":\"https:\/\/www.notibras.com\/site\/quadro-recessivo-reflete-nas-contas-publicas-que-continuam-em-queda-revela-bc\/\"},\"wordCount\":823,\"commentCount\":0,\"publisher\":{\"@id\":\"https:\/\/www.notibras.com\/site\/#organization\"},\"image\":{\"@id\":\"https:\/\/www.notibras.com\/site\/quadro-recessivo-reflete-nas-contas-publicas-que-continuam-em-queda-revela-bc\/#primaryimage\"},\"thumbnailUrl\":\"https:\/\/www.notibras.com\/site\/wp-content\/uploads\/2015\/08\/cedulas-dinheiro-casa-da-moeda-brasil-20120913-01-original.jpeg\",\"articleSection\":[\"Brasil\"],\"inLanguage\":\"pt-BR\",\"potentialAction\":[{\"@type\":\"CommentAction\",\"name\":\"Comment\",\"target\":[\"https:\/\/www.notibras.com\/site\/quadro-recessivo-reflete-nas-contas-publicas-que-continuam-em-queda-revela-bc\/#respond\"]}]},{\"@type\":\"WebPage\",\"@id\":\"https:\/\/www.notibras.com\/site\/quadro-recessivo-reflete-nas-contas-publicas-que-continuam-em-queda-revela-bc\/\",\"url\":\"https:\/\/www.notibras.com\/site\/quadro-recessivo-reflete-nas-contas-publicas-que-continuam-em-queda-revela-bc\/\",\"name\":\"Quadro recessivo reflete nas contas do governo que continuam em queda, diz BC - Notibras\",\"isPartOf\":{\"@id\":\"https:\/\/www.notibras.com\/site\/#website\"},\"primaryImageOfPage\":{\"@id\":\"https:\/\/www.notibras.com\/site\/quadro-recessivo-reflete-nas-contas-publicas-que-continuam-em-queda-revela-bc\/#primaryimage\"},\"image\":{\"@id\":\"https:\/\/www.notibras.com\/site\/quadro-recessivo-reflete-nas-contas-publicas-que-continuam-em-queda-revela-bc\/#primaryimage\"},\"thumbnailUrl\":\"https:\/\/www.notibras.com\/site\/wp-content\/uploads\/2015\/08\/cedulas-dinheiro-casa-da-moeda-brasil-20120913-01-original.jpeg\",\"datePublished\":\"2015-08-28T17:29:29+00:00\",\"dateModified\":\"2015-08-28T21:34:17+00:00\",\"breadcrumb\":{\"@id\":\"https:\/\/www.notibras.com\/site\/quadro-recessivo-reflete-nas-contas-publicas-que-continuam-em-queda-revela-bc\/#breadcrumb\"},\"inLanguage\":\"pt-BR\",\"potentialAction\":[{\"@type\":\"ReadAction\",\"target\":[\"https:\/\/www.notibras.com\/site\/quadro-recessivo-reflete-nas-contas-publicas-que-continuam-em-queda-revela-bc\/\"]}]},{\"@type\":\"ImageObject\",\"inLanguage\":\"pt-BR\",\"@id\":\"https:\/\/www.notibras.com\/site\/quadro-recessivo-reflete-nas-contas-publicas-que-continuam-em-queda-revela-bc\/#primaryimage\",\"url\":\"https:\/\/www.notibras.com\/site\/wp-content\/uploads\/2015\/08\/cedulas-dinheiro-casa-da-moeda-brasil-20120913-01-original.jpeg\",\"contentUrl\":\"https:\/\/www.notibras.com\/site\/wp-content\/uploads\/2015\/08\/cedulas-dinheiro-casa-da-moeda-brasil-20120913-01-original.jpeg\",\"width\":690,\"height\":388,\"caption\":\"Foto\/Arquivo Notibras\"},{\"@type\":\"BreadcrumbList\",\"@id\":\"https:\/\/www.notibras.com\/site\/quadro-recessivo-reflete-nas-contas-publicas-que-continuam-em-queda-revela-bc\/#breadcrumb\",\"itemListElement\":[{\"@type\":\"ListItem\",\"position\":1,\"name\":\"In\u00edcio\",\"item\":\"https:\/\/www.notibras.com\/site\/\"},{\"@type\":\"ListItem\",\"position\":2,\"name\":\"Quadro recessivo reflete nas contas do governo que continuam em queda, diz BC\"}]},{\"@type\":\"WebSite\",\"@id\":\"https:\/\/www.notibras.com\/site\/#website\",\"url\":\"https:\/\/www.notibras.com\/site\/\",\"name\":\"Notibras\",\"description\":\"Not\u00edcias de Bras\u00edlia, do Brasil e do Mundo\",\"publisher\":{\"@id\":\"https:\/\/www.notibras.com\/site\/#organization\"},\"potentialAction\":[{\"@type\":\"SearchAction\",\"target\":{\"@type\":\"EntryPoint\",\"urlTemplate\":\"https:\/\/www.notibras.com\/site\/?s={search_term_string}\"},\"query-input\":{\"@type\":\"PropertyValueSpecification\",\"valueRequired\":true,\"valueName\":\"search_term_string\"}}],\"inLanguage\":\"pt-BR\"},{\"@type\":\"Organization\",\"@id\":\"https:\/\/www.notibras.com\/site\/#organization\",\"name\":\"Grupo Notibras de Comunica\u00e7\u00e3o\",\"url\":\"https:\/\/www.notibras.com\/site\/\",\"logo\":{\"@type\":\"ImageObject\",\"inLanguage\":\"pt-BR\",\"@id\":\"https:\/\/www.notibras.com\/site\/#\/schema\/logo\/image\/\",\"url\":\"https:\/\/www.notibras.com\/site\/wp-content\/uploads\/2023\/01\/notibras23.png\",\"contentUrl\":\"https:\/\/www.notibras.com\/site\/wp-content\/uploads\/2023\/01\/notibras23.png\",\"width\":350,\"height\":87,\"caption\":\"Grupo Notibras de Comunica\u00e7\u00e3o\"},\"image\":{\"@id\":\"https:\/\/www.notibras.com\/site\/#\/schema\/logo\/image\/\"},\"sameAs\":[\"https:\/\/www.facebook.com\/notibras\/\",\"https:\/\/x.com\/Notibras\",\"https:\/\/www.instagram.com\/notibras\/\"]},{\"@type\":\"Person\",\"@id\":\"https:\/\/www.notibras.com\/site\/#\/schema\/person\/36ab0979449956132d3e5b517ea76ac8\",\"name\":\"Reda\u00e7\u00e3o\",\"image\":{\"@type\":\"ImageObject\",\"inLanguage\":\"pt-BR\",\"@id\":\"https:\/\/secure.gravatar.com\/avatar\/e0a867bdedb85fd243eadf09663511f96fc81e0720a4a42581f334ad4303aa6b?s=96&d=mm&r=g\",\"url\":\"https:\/\/secure.gravatar.com\/avatar\/e0a867bdedb85fd243eadf09663511f96fc81e0720a4a42581f334ad4303aa6b?s=96&d=mm&r=g\",\"contentUrl\":\"https:\/\/secure.gravatar.com\/avatar\/e0a867bdedb85fd243eadf09663511f96fc81e0720a4a42581f334ad4303aa6b?s=96&d=mm&r=g\",\"caption\":\"Reda\u00e7\u00e3o\"}}]}<\/script>\n<!-- \/ Yoast SEO plugin. -->","yoast_head_json":{"title":"Quadro recessivo reflete nas contas do governo que continuam em queda, diz BC - Notibras","robots":{"index":"index","follow":"follow","max-snippet":"max-snippet:-1","max-image-preview":"max-image-preview:large","max-video-preview":"max-video-preview:-1"},"canonical":"https:\/\/www.notibras.com\/site\/quadro-recessivo-reflete-nas-contas-publicas-que-continuam-em-queda-revela-bc\/","og_locale":"pt_BR","og_type":"article","og_title":"Quadro recessivo reflete nas contas do governo que continuam em queda, diz BC - Notibras","og_description":"Os resultados das contas p\u00fablicas est\u00e3o fortemente influenciados neste ano pela economia em recess\u00e3o, disse o chefe adjunto do Departamento Econ\u00f4mico do Banco Central (BC), Fernando Rocha. Segundo Rocha, o setor p\u00fablico consolidado \u2013 governos federal, estaduais e municipais e empresas estatais \u2013 registrou d\u00e9ficit prim\u00e1rio de R$ 10,019 bilh\u00f5es em julho,o pior resultado para [&hellip;]","og_url":"https:\/\/www.notibras.com\/site\/quadro-recessivo-reflete-nas-contas-publicas-que-continuam-em-queda-revela-bc\/","og_site_name":"Notibras","article_publisher":"https:\/\/www.facebook.com\/notibras\/","article_published_time":"2015-08-28T17:29:29+00:00","article_modified_time":"2015-08-28T21:34:17+00:00","og_image":[{"width":690,"height":388,"url":"https:\/\/www.notibras.com\/site\/wp-content\/uploads\/2015\/08\/cedulas-dinheiro-casa-da-moeda-brasil-20120913-01-original.jpeg","type":"image\/jpeg"}],"author":"Reda\u00e7\u00e3o","twitter_card":"summary_large_image","twitter_creator":"@Notibras","twitter_site":"@Notibras","twitter_misc":{"Escrito por":"Reda\u00e7\u00e3o","Est. tempo de leitura":"4 minutos"},"schema":{"@context":"https:\/\/schema.org","@graph":[{"@type":"Article","@id":"https:\/\/www.notibras.com\/site\/quadro-recessivo-reflete-nas-contas-publicas-que-continuam-em-queda-revela-bc\/#article","isPartOf":{"@id":"https:\/\/www.notibras.com\/site\/quadro-recessivo-reflete-nas-contas-publicas-que-continuam-em-queda-revela-bc\/"},"author":{"name":"Reda\u00e7\u00e3o","@id":"https:\/\/www.notibras.com\/site\/#\/schema\/person\/36ab0979449956132d3e5b517ea76ac8"},"headline":"Quadro recessivo reflete nas contas do governo que continuam em queda, diz BC","datePublished":"2015-08-28T17:29:29+00:00","dateModified":"2015-08-28T21:34:17+00:00","mainEntityOfPage":{"@id":"https:\/\/www.notibras.com\/site\/quadro-recessivo-reflete-nas-contas-publicas-que-continuam-em-queda-revela-bc\/"},"wordCount":823,"commentCount":0,"publisher":{"@id":"https:\/\/www.notibras.com\/site\/#organization"},"image":{"@id":"https:\/\/www.notibras.com\/site\/quadro-recessivo-reflete-nas-contas-publicas-que-continuam-em-queda-revela-bc\/#primaryimage"},"thumbnailUrl":"https:\/\/www.notibras.com\/site\/wp-content\/uploads\/2015\/08\/cedulas-dinheiro-casa-da-moeda-brasil-20120913-01-original.jpeg","articleSection":["Brasil"],"inLanguage":"pt-BR","potentialAction":[{"@type":"CommentAction","name":"Comment","target":["https:\/\/www.notibras.com\/site\/quadro-recessivo-reflete-nas-contas-publicas-que-continuam-em-queda-revela-bc\/#respond"]}]},{"@type":"WebPage","@id":"https:\/\/www.notibras.com\/site\/quadro-recessivo-reflete-nas-contas-publicas-que-continuam-em-queda-revela-bc\/","url":"https:\/\/www.notibras.com\/site\/quadro-recessivo-reflete-nas-contas-publicas-que-continuam-em-queda-revela-bc\/","name":"Quadro recessivo reflete nas contas do governo que continuam em queda, diz BC - Notibras","isPartOf":{"@id":"https:\/\/www.notibras.com\/site\/#website"},"primaryImageOfPage":{"@id":"https:\/\/www.notibras.com\/site\/quadro-recessivo-reflete-nas-contas-publicas-que-continuam-em-queda-revela-bc\/#primaryimage"},"image":{"@id":"https:\/\/www.notibras.com\/site\/quadro-recessivo-reflete-nas-contas-publicas-que-continuam-em-queda-revela-bc\/#primaryimage"},"thumbnailUrl":"https:\/\/www.notibras.com\/site\/wp-content\/uploads\/2015\/08\/cedulas-dinheiro-casa-da-moeda-brasil-20120913-01-original.jpeg","datePublished":"2015-08-28T17:29:29+00:00","dateModified":"2015-08-28T21:34:17+00:00","breadcrumb":{"@id":"https:\/\/www.notibras.com\/site\/quadro-recessivo-reflete-nas-contas-publicas-que-continuam-em-queda-revela-bc\/#breadcrumb"},"inLanguage":"pt-BR","potentialAction":[{"@type":"ReadAction","target":["https:\/\/www.notibras.com\/site\/quadro-recessivo-reflete-nas-contas-publicas-que-continuam-em-queda-revela-bc\/"]}]},{"@type":"ImageObject","inLanguage":"pt-BR","@id":"https:\/\/www.notibras.com\/site\/quadro-recessivo-reflete-nas-contas-publicas-que-continuam-em-queda-revela-bc\/#primaryimage","url":"https:\/\/www.notibras.com\/site\/wp-content\/uploads\/2015\/08\/cedulas-dinheiro-casa-da-moeda-brasil-20120913-01-original.jpeg","contentUrl":"https:\/\/www.notibras.com\/site\/wp-content\/uploads\/2015\/08\/cedulas-dinheiro-casa-da-moeda-brasil-20120913-01-original.jpeg","width":690,"height":388,"caption":"Foto\/Arquivo Notibras"},{"@type":"BreadcrumbList","@id":"https:\/\/www.notibras.com\/site\/quadro-recessivo-reflete-nas-contas-publicas-que-continuam-em-queda-revela-bc\/#breadcrumb","itemListElement":[{"@type":"ListItem","position":1,"name":"In\u00edcio","item":"https:\/\/www.notibras.com\/site\/"},{"@type":"ListItem","position":2,"name":"Quadro recessivo reflete nas contas do governo que continuam em queda, diz BC"}]},{"@type":"WebSite","@id":"https:\/\/www.notibras.com\/site\/#website","url":"https:\/\/www.notibras.com\/site\/","name":"Notibras","description":"Not\u00edcias de Bras\u00edlia, do Brasil e do Mundo","publisher":{"@id":"https:\/\/www.notibras.com\/site\/#organization"},"potentialAction":[{"@type":"SearchAction","target":{"@type":"EntryPoint","urlTemplate":"https:\/\/www.notibras.com\/site\/?s={search_term_string}"},"query-input":{"@type":"PropertyValueSpecification","valueRequired":true,"valueName":"search_term_string"}}],"inLanguage":"pt-BR"},{"@type":"Organization","@id":"https:\/\/www.notibras.com\/site\/#organization","name":"Grupo Notibras de Comunica\u00e7\u00e3o","url":"https:\/\/www.notibras.com\/site\/","logo":{"@type":"ImageObject","inLanguage":"pt-BR","@id":"https:\/\/www.notibras.com\/site\/#\/schema\/logo\/image\/","url":"https:\/\/www.notibras.com\/site\/wp-content\/uploads\/2023\/01\/notibras23.png","contentUrl":"https:\/\/www.notibras.com\/site\/wp-content\/uploads\/2023\/01\/notibras23.png","width":350,"height":87,"caption":"Grupo Notibras de Comunica\u00e7\u00e3o"},"image":{"@id":"https:\/\/www.notibras.com\/site\/#\/schema\/logo\/image\/"},"sameAs":["https:\/\/www.facebook.com\/notibras\/","https:\/\/x.com\/Notibras","https:\/\/www.instagram.com\/notibras\/"]},{"@type":"Person","@id":"https:\/\/www.notibras.com\/site\/#\/schema\/person\/36ab0979449956132d3e5b517ea76ac8","name":"Reda\u00e7\u00e3o","image":{"@type":"ImageObject","inLanguage":"pt-BR","@id":"https:\/\/secure.gravatar.com\/avatar\/e0a867bdedb85fd243eadf09663511f96fc81e0720a4a42581f334ad4303aa6b?s=96&d=mm&r=g","url":"https:\/\/secure.gravatar.com\/avatar\/e0a867bdedb85fd243eadf09663511f96fc81e0720a4a42581f334ad4303aa6b?s=96&d=mm&r=g","contentUrl":"https:\/\/secure.gravatar.com\/avatar\/e0a867bdedb85fd243eadf09663511f96fc81e0720a4a42581f334ad4303aa6b?s=96&d=mm&r=g","caption":"Reda\u00e7\u00e3o"}}]}},"amp_enabled":true,"_links":{"self":[{"href":"https:\/\/www.notibras.com\/site\/wp-json\/wp\/v2\/posts\/65017","targetHints":{"allow":["GET"]}}],"collection":[{"href":"https:\/\/www.notibras.com\/site\/wp-json\/wp\/v2\/posts"}],"about":[{"href":"https:\/\/www.notibras.com\/site\/wp-json\/wp\/v2\/types\/post"}],"author":[{"embeddable":true,"href":"https:\/\/www.notibras.com\/site\/wp-json\/wp\/v2\/users\/2"}],"replies":[{"embeddable":true,"href":"https:\/\/www.notibras.com\/site\/wp-json\/wp\/v2\/comments?post=65017"}],"version-history":[{"count":2,"href":"https:\/\/www.notibras.com\/site\/wp-json\/wp\/v2\/posts\/65017\/revisions"}],"predecessor-version":[{"id":65020,"href":"https:\/\/www.notibras.com\/site\/wp-json\/wp\/v2\/posts\/65017\/revisions\/65020"}],"wp:featuredmedia":[{"embeddable":true,"href":"https:\/\/www.notibras.com\/site\/wp-json\/wp\/v2\/media\/65018"}],"wp:attachment":[{"href":"https:\/\/www.notibras.com\/site\/wp-json\/wp\/v2\/media?parent=65017"}],"wp:term":[{"taxonomy":"category","embeddable":true,"href":"https:\/\/www.notibras.com\/site\/wp-json\/wp\/v2\/categories?post=65017"},{"taxonomy":"post_tag","embeddable":true,"href":"https:\/\/www.notibras.com\/site\/wp-json\/wp\/v2\/tags?post=65017"}],"curies":[{"name":"wp","href":"https:\/\/api.w.org\/{rel}","templated":true}]}}