{"id":65081,"date":"2015-08-29T00:10:43","date_gmt":"2015-08-29T03:10:43","guid":{"rendered":"http:\/\/www.notibras.com\/site\/?p=65081"},"modified":"2015-08-29T12:13:50","modified_gmt":"2015-08-29T15:13:50","slug":"se-maio-e-o-mes-das-noivas-agosto-no-brasil-fica-conhecido-como-mes-do-divorcio","status":"publish","type":"post","link":"https:\/\/www.notibras.com\/site\/se-maio-e-o-mes-das-noivas-agosto-no-brasil-fica-conhecido-como-mes-do-divorcio\/","title":{"rendered":"Se maio \u00e9 o m\u00eas das noivas, agosto, no Brasil, fica sendo o m\u00eas com mais div\u00f3rcios"},"content":{"rendered":"<p>M\u00e1rcio Silvestre se casou h\u00e1 cinco anos, em maio, popularmente conhecido como o m\u00eas das noivas. Como muitos casamentos, n\u00e3o deu certo. Anteontem, Silvestre assinou o div\u00f3rcio. O estilista n\u00e3o tinha como saber, mas ele e a ex-mulher escolheram se separar no m\u00eas campe\u00e3o de div\u00f3rcios tanto no Estado de S\u00e3o Paulo como no Brasil, com quase 10% do total registrado por ano nos cart\u00f3rios.<\/p>\n<p>E agosto, apesar de recordista &#8211; revela o jornal O Estado de S.Paulo -, d\u00e1 o pontap\u00e9 para o que pode ser chamado de &#8220;per\u00edodo da separa\u00e7\u00e3o&#8221;: levantamento em cart\u00f3rios paulistas, entre 2007 e 2014, mostra que o \u00edndice de div\u00f3rcios aumenta 21% no segundo semestre em rela\u00e7\u00e3o ao primeiro. No Pa\u00eds, esse \u00edndice \u00e9 de 16,4%.<\/p>\n<p>&#8220;A gente come\u00e7ou a especular e a tentar extrair uma explica\u00e7\u00e3o das pessoas que se divorciam. N\u00e3o conseguimos obter uma resposta direta, mas percebemos recorr\u00eancia na men\u00e7\u00e3o \u00e0 quest\u00e3o econ\u00f4mica&#8221;, afirma Andrey Guimar\u00e3es Duarte, diretor da se\u00e7\u00e3o S\u00e3o Paulo do Col\u00e9gio Notarial do Brasil, entidade que representa os cart\u00f3rios. &#8220;No in\u00edcio do ano, h\u00e1 mais encargos e impostos a pagar. Depois que isso passa, as pessoas come\u00e7am a se organizar e a levar em frente o que j\u00e1 vinham tentando, e a decis\u00e3o de se separar amadurece.&#8221;<\/p>\n<p>Do ponto de vista psicol\u00f3gico, a justificativa pode estar nos eventos de fim de ano. &#8220;Ningu\u00e9m resolve se separar de uma hora para outra. O que eu percebo \u00e9 que elas (as pessoas) se d\u00e3o um prazo para resolver as situa\u00e7\u00f5es e pode ter a ver com o t\u00e9rmino do ano. A fun\u00e7\u00e3o do tempo cronol\u00f3gico \u00e9 organizar a nossa vida&#8221;, sugere a coordenadora do N\u00facleo de Fam\u00edlia e Comunidade do Programa de Psicologia Cl\u00ednica da Pontif\u00edcia Universidade Cat\u00f3lica de S\u00e3o Paulo (PUC-SP), Rosa Maria Macedo.<\/p>\n<p>Esse tamb\u00e9m \u00e9 o palpite de Aur\u00e9lio Melo, professor de Psicologia da Universidade Presbiteriana Mackenzie. &#8220;Talvez (influenciem) as circunst\u00e2ncias de fim de ano, \u00e9poca de Natal, em que as pessoas tendem a se deprimir um pouco mais e, ao mesmo tempo, a querer finalizar algumas coisas. O come\u00e7o do ano vem com o desejo de renovar. A gente tenta pegar carona nas datas para dar for\u00e7a \u00e0 si mesmo.&#8221;<\/p>\n<p>Mas a que se deve o destaque das estat\u00edsticas em agosto? Psic\u00f3logos e tabeli\u00e3es n\u00e3o t\u00eam uma explica\u00e7\u00e3o para esse fen\u00f4meno. Ceneide Maria de Oliveira Cerveny, professora da PUC-SP e especialista em terapia familiar, reafirma o que o brasileiro tende a acreditar desde crian\u00e7a. &#8220;No Brasil todo mundo diz que agosto \u00e9 um m\u00eas ruim para tudo.&#8221;<\/p>\n<p>Apelando para a astrologia, talvez exista um motivo para crer nesse senso comum. &#8220;Chega agosto e as bruxas ficam soltas, o m\u00eas todo \u00e9 problem\u00e1tico&#8221;, informa o astr\u00f3logo Antonio Faciollo Neto. &#8220;Neste m\u00eas, o sol passa pela s\u00e9tima casa do Brasil, e ela envolve o setor de casamentos e de associa\u00e7\u00f5es. Se o setor n\u00e3o estiver bem, os problemas matrimoniais v\u00e3o se intensificar&#8221;, explica.<\/p>\n","protected":false},"excerpt":{"rendered":"<p>M\u00e1rcio Silvestre se casou h\u00e1 cinco anos, em maio, popularmente conhecido como o m\u00eas das noivas. Como muitos casamentos, n\u00e3o deu certo. Anteontem, Silvestre assinou o div\u00f3rcio. O estilista n\u00e3o tinha como saber, mas ele e a ex-mulher escolheram se separar no m\u00eas campe\u00e3o de div\u00f3rcios tanto no Estado de S\u00e3o Paulo como no Brasil, [&hellip;]<\/p>\n","protected":false},"author":2,"featured_media":65082,"comment_status":"open","ping_status":"closed","sticky":false,"template":"","format":"standard","meta":{"_acf_changed":false,"footnotes":""},"categories":[16],"tags":[],"class_list":["post-65081","post","type-post","status-publish","format-standard","has-post-thumbnail","hentry","category-brasil"],"acf":[],"yoast_head":"<!-- This site is optimized with the Yoast SEO plugin v27.2 - https:\/\/yoast.com\/product\/yoast-seo-wordpress\/ -->\n<title>Se maio \u00e9 o m\u00eas das noivas, agosto, no Brasil, fica sendo o m\u00eas com mais div\u00f3rcios - Notibras<\/title>\n<meta name=\"robots\" content=\"index, follow, max-snippet:-1, max-image-preview:large, max-video-preview:-1\" \/>\n<link rel=\"canonical\" href=\"https:\/\/www.notibras.com\/site\/se-maio-e-o-mes-das-noivas-agosto-no-brasil-fica-conhecido-como-mes-do-divorcio\/\" \/>\n<meta property=\"og:locale\" content=\"pt_BR\" \/>\n<meta property=\"og:type\" content=\"article\" \/>\n<meta property=\"og:title\" content=\"Se maio \u00e9 o m\u00eas das noivas, agosto, no Brasil, fica sendo o m\u00eas com mais div\u00f3rcios - Notibras\" \/>\n<meta property=\"og:description\" content=\"M\u00e1rcio Silvestre se casou h\u00e1 cinco anos, em maio, popularmente conhecido como o m\u00eas das noivas. Como muitos casamentos, n\u00e3o deu certo. Anteontem, Silvestre assinou o div\u00f3rcio. O estilista n\u00e3o tinha como saber, mas ele e a ex-mulher escolheram se separar no m\u00eas campe\u00e3o de div\u00f3rcios tanto no Estado de S\u00e3o Paulo como no Brasil, [&hellip;]\" \/>\n<meta property=\"og:url\" content=\"https:\/\/www.notibras.com\/site\/se-maio-e-o-mes-das-noivas-agosto-no-brasil-fica-conhecido-como-mes-do-divorcio\/\" \/>\n<meta property=\"og:site_name\" content=\"Notibras\" \/>\n<meta property=\"article:publisher\" content=\"https:\/\/www.facebook.com\/notibras\/\" \/>\n<meta property=\"article:published_time\" content=\"2015-08-29T03:10:43+00:00\" \/>\n<meta property=\"article:modified_time\" content=\"2015-08-29T15:13:50+00:00\" \/>\n<meta property=\"og:image\" content=\"https:\/\/www.notibras.com\/site\/wp-content\/uploads\/2015\/08\/guarda-compartihada-div\u00f3rcio1.jpg\" \/>\n\t<meta property=\"og:image:width\" content=\"1000\" \/>\n\t<meta property=\"og:image:height\" content=\"635\" \/>\n\t<meta property=\"og:image:type\" content=\"image\/jpeg\" \/>\n<meta name=\"author\" content=\"Reda\u00e7\u00e3o\" \/>\n<meta name=\"twitter:card\" content=\"summary_large_image\" \/>\n<meta name=\"twitter:creator\" content=\"@Notibras\" \/>\n<meta name=\"twitter:site\" content=\"@Notibras\" \/>\n<meta name=\"twitter:label1\" content=\"Escrito por\" \/>\n\t<meta name=\"twitter:data1\" content=\"Reda\u00e7\u00e3o\" \/>\n\t<meta name=\"twitter:label2\" content=\"Est. tempo de leitura\" \/>\n\t<meta name=\"twitter:data2\" content=\"3 minutos\" \/>\n<script type=\"application\/ld+json\" class=\"yoast-schema-graph\">{\"@context\":\"https:\/\/schema.org\",\"@graph\":[{\"@type\":\"Article\",\"@id\":\"https:\/\/www.notibras.com\/site\/se-maio-e-o-mes-das-noivas-agosto-no-brasil-fica-conhecido-como-mes-do-divorcio\/#article\",\"isPartOf\":{\"@id\":\"https:\/\/www.notibras.com\/site\/se-maio-e-o-mes-das-noivas-agosto-no-brasil-fica-conhecido-como-mes-do-divorcio\/\"},\"author\":{\"name\":\"Reda\u00e7\u00e3o\",\"@id\":\"https:\/\/www.notibras.com\/site\/#\/schema\/person\/36ab0979449956132d3e5b517ea76ac8\"},\"headline\":\"Se maio \u00e9 o m\u00eas das noivas, agosto, no Brasil, fica sendo o m\u00eas com mais div\u00f3rcios\",\"datePublished\":\"2015-08-29T03:10:43+00:00\",\"dateModified\":\"2015-08-29T15:13:50+00:00\",\"mainEntityOfPage\":{\"@id\":\"https:\/\/www.notibras.com\/site\/se-maio-e-o-mes-das-noivas-agosto-no-brasil-fica-conhecido-como-mes-do-divorcio\/\"},\"wordCount\":558,\"commentCount\":0,\"publisher\":{\"@id\":\"https:\/\/www.notibras.com\/site\/#organization\"},\"image\":{\"@id\":\"https:\/\/www.notibras.com\/site\/se-maio-e-o-mes-das-noivas-agosto-no-brasil-fica-conhecido-como-mes-do-divorcio\/#primaryimage\"},\"thumbnailUrl\":\"https:\/\/www.notibras.com\/site\/wp-content\/uploads\/2015\/08\/guarda-compartihada-div\u00f3rcio1.jpg\",\"articleSection\":[\"Brasil\"],\"inLanguage\":\"pt-BR\",\"potentialAction\":[{\"@type\":\"CommentAction\",\"name\":\"Comment\",\"target\":[\"https:\/\/www.notibras.com\/site\/se-maio-e-o-mes-das-noivas-agosto-no-brasil-fica-conhecido-como-mes-do-divorcio\/#respond\"]}]},{\"@type\":\"WebPage\",\"@id\":\"https:\/\/www.notibras.com\/site\/se-maio-e-o-mes-das-noivas-agosto-no-brasil-fica-conhecido-como-mes-do-divorcio\/\",\"url\":\"https:\/\/www.notibras.com\/site\/se-maio-e-o-mes-das-noivas-agosto-no-brasil-fica-conhecido-como-mes-do-divorcio\/\",\"name\":\"Se maio \u00e9 o m\u00eas das noivas, agosto, no Brasil, fica sendo o m\u00eas com mais div\u00f3rcios - Notibras\",\"isPartOf\":{\"@id\":\"https:\/\/www.notibras.com\/site\/#website\"},\"primaryImageOfPage\":{\"@id\":\"https:\/\/www.notibras.com\/site\/se-maio-e-o-mes-das-noivas-agosto-no-brasil-fica-conhecido-como-mes-do-divorcio\/#primaryimage\"},\"image\":{\"@id\":\"https:\/\/www.notibras.com\/site\/se-maio-e-o-mes-das-noivas-agosto-no-brasil-fica-conhecido-como-mes-do-divorcio\/#primaryimage\"},\"thumbnailUrl\":\"https:\/\/www.notibras.com\/site\/wp-content\/uploads\/2015\/08\/guarda-compartihada-div\u00f3rcio1.jpg\",\"datePublished\":\"2015-08-29T03:10:43+00:00\",\"dateModified\":\"2015-08-29T15:13:50+00:00\",\"breadcrumb\":{\"@id\":\"https:\/\/www.notibras.com\/site\/se-maio-e-o-mes-das-noivas-agosto-no-brasil-fica-conhecido-como-mes-do-divorcio\/#breadcrumb\"},\"inLanguage\":\"pt-BR\",\"potentialAction\":[{\"@type\":\"ReadAction\",\"target\":[\"https:\/\/www.notibras.com\/site\/se-maio-e-o-mes-das-noivas-agosto-no-brasil-fica-conhecido-como-mes-do-divorcio\/\"]}]},{\"@type\":\"ImageObject\",\"inLanguage\":\"pt-BR\",\"@id\":\"https:\/\/www.notibras.com\/site\/se-maio-e-o-mes-das-noivas-agosto-no-brasil-fica-conhecido-como-mes-do-divorcio\/#primaryimage\",\"url\":\"https:\/\/www.notibras.com\/site\/wp-content\/uploads\/2015\/08\/guarda-compartihada-div\u00f3rcio1.jpg\",\"contentUrl\":\"https:\/\/www.notibras.com\/site\/wp-content\/uploads\/2015\/08\/guarda-compartihada-div\u00f3rcio1.jpg\",\"width\":1000,\"height\":635},{\"@type\":\"BreadcrumbList\",\"@id\":\"https:\/\/www.notibras.com\/site\/se-maio-e-o-mes-das-noivas-agosto-no-brasil-fica-conhecido-como-mes-do-divorcio\/#breadcrumb\",\"itemListElement\":[{\"@type\":\"ListItem\",\"position\":1,\"name\":\"In\u00edcio\",\"item\":\"https:\/\/www.notibras.com\/site\/\"},{\"@type\":\"ListItem\",\"position\":2,\"name\":\"Se maio \u00e9 o m\u00eas das noivas, agosto, no Brasil, fica sendo o m\u00eas com mais div\u00f3rcios\"}]},{\"@type\":\"WebSite\",\"@id\":\"https:\/\/www.notibras.com\/site\/#website\",\"url\":\"https:\/\/www.notibras.com\/site\/\",\"name\":\"Notibras\",\"description\":\"Not\u00edcias de Bras\u00edlia, do Brasil e do Mundo\",\"publisher\":{\"@id\":\"https:\/\/www.notibras.com\/site\/#organization\"},\"potentialAction\":[{\"@type\":\"SearchAction\",\"target\":{\"@type\":\"EntryPoint\",\"urlTemplate\":\"https:\/\/www.notibras.com\/site\/?s={search_term_string}\"},\"query-input\":{\"@type\":\"PropertyValueSpecification\",\"valueRequired\":true,\"valueName\":\"search_term_string\"}}],\"inLanguage\":\"pt-BR\"},{\"@type\":\"Organization\",\"@id\":\"https:\/\/www.notibras.com\/site\/#organization\",\"name\":\"Grupo Notibras de Comunica\u00e7\u00e3o\",\"url\":\"https:\/\/www.notibras.com\/site\/\",\"logo\":{\"@type\":\"ImageObject\",\"inLanguage\":\"pt-BR\",\"@id\":\"https:\/\/www.notibras.com\/site\/#\/schema\/logo\/image\/\",\"url\":\"https:\/\/www.notibras.com\/site\/wp-content\/uploads\/2023\/01\/notibras23.png\",\"contentUrl\":\"https:\/\/www.notibras.com\/site\/wp-content\/uploads\/2023\/01\/notibras23.png\",\"width\":350,\"height\":87,\"caption\":\"Grupo Notibras de Comunica\u00e7\u00e3o\"},\"image\":{\"@id\":\"https:\/\/www.notibras.com\/site\/#\/schema\/logo\/image\/\"},\"sameAs\":[\"https:\/\/www.facebook.com\/notibras\/\",\"https:\/\/x.com\/Notibras\",\"https:\/\/www.instagram.com\/notibras\/\"]},{\"@type\":\"Person\",\"@id\":\"https:\/\/www.notibras.com\/site\/#\/schema\/person\/36ab0979449956132d3e5b517ea76ac8\",\"name\":\"Reda\u00e7\u00e3o\",\"image\":{\"@type\":\"ImageObject\",\"inLanguage\":\"pt-BR\",\"@id\":\"https:\/\/secure.gravatar.com\/avatar\/e0a867bdedb85fd243eadf09663511f96fc81e0720a4a42581f334ad4303aa6b?s=96&d=mm&r=g\",\"url\":\"https:\/\/secure.gravatar.com\/avatar\/e0a867bdedb85fd243eadf09663511f96fc81e0720a4a42581f334ad4303aa6b?s=96&d=mm&r=g\",\"contentUrl\":\"https:\/\/secure.gravatar.com\/avatar\/e0a867bdedb85fd243eadf09663511f96fc81e0720a4a42581f334ad4303aa6b?s=96&d=mm&r=g\",\"caption\":\"Reda\u00e7\u00e3o\"}}]}<\/script>\n<!-- \/ Yoast SEO plugin. -->","yoast_head_json":{"title":"Se maio \u00e9 o m\u00eas das noivas, agosto, no Brasil, fica sendo o m\u00eas com mais div\u00f3rcios - Notibras","robots":{"index":"index","follow":"follow","max-snippet":"max-snippet:-1","max-image-preview":"max-image-preview:large","max-video-preview":"max-video-preview:-1"},"canonical":"https:\/\/www.notibras.com\/site\/se-maio-e-o-mes-das-noivas-agosto-no-brasil-fica-conhecido-como-mes-do-divorcio\/","og_locale":"pt_BR","og_type":"article","og_title":"Se maio \u00e9 o m\u00eas das noivas, agosto, no Brasil, fica sendo o m\u00eas com mais div\u00f3rcios - Notibras","og_description":"M\u00e1rcio Silvestre se casou h\u00e1 cinco anos, em maio, popularmente conhecido como o m\u00eas das noivas. Como muitos casamentos, n\u00e3o deu certo. Anteontem, Silvestre assinou o div\u00f3rcio. O estilista n\u00e3o tinha como saber, mas ele e a ex-mulher escolheram se separar no m\u00eas campe\u00e3o de div\u00f3rcios tanto no Estado de S\u00e3o Paulo como no Brasil, [&hellip;]","og_url":"https:\/\/www.notibras.com\/site\/se-maio-e-o-mes-das-noivas-agosto-no-brasil-fica-conhecido-como-mes-do-divorcio\/","og_site_name":"Notibras","article_publisher":"https:\/\/www.facebook.com\/notibras\/","article_published_time":"2015-08-29T03:10:43+00:00","article_modified_time":"2015-08-29T15:13:50+00:00","og_image":[{"width":1000,"height":635,"url":"https:\/\/www.notibras.com\/site\/wp-content\/uploads\/2015\/08\/guarda-compartihada-div\u00f3rcio1.jpg","type":"image\/jpeg"}],"author":"Reda\u00e7\u00e3o","twitter_card":"summary_large_image","twitter_creator":"@Notibras","twitter_site":"@Notibras","twitter_misc":{"Escrito por":"Reda\u00e7\u00e3o","Est. tempo de leitura":"3 minutos"},"schema":{"@context":"https:\/\/schema.org","@graph":[{"@type":"Article","@id":"https:\/\/www.notibras.com\/site\/se-maio-e-o-mes-das-noivas-agosto-no-brasil-fica-conhecido-como-mes-do-divorcio\/#article","isPartOf":{"@id":"https:\/\/www.notibras.com\/site\/se-maio-e-o-mes-das-noivas-agosto-no-brasil-fica-conhecido-como-mes-do-divorcio\/"},"author":{"name":"Reda\u00e7\u00e3o","@id":"https:\/\/www.notibras.com\/site\/#\/schema\/person\/36ab0979449956132d3e5b517ea76ac8"},"headline":"Se maio \u00e9 o m\u00eas das noivas, agosto, no Brasil, fica sendo o m\u00eas com mais div\u00f3rcios","datePublished":"2015-08-29T03:10:43+00:00","dateModified":"2015-08-29T15:13:50+00:00","mainEntityOfPage":{"@id":"https:\/\/www.notibras.com\/site\/se-maio-e-o-mes-das-noivas-agosto-no-brasil-fica-conhecido-como-mes-do-divorcio\/"},"wordCount":558,"commentCount":0,"publisher":{"@id":"https:\/\/www.notibras.com\/site\/#organization"},"image":{"@id":"https:\/\/www.notibras.com\/site\/se-maio-e-o-mes-das-noivas-agosto-no-brasil-fica-conhecido-como-mes-do-divorcio\/#primaryimage"},"thumbnailUrl":"https:\/\/www.notibras.com\/site\/wp-content\/uploads\/2015\/08\/guarda-compartihada-div\u00f3rcio1.jpg","articleSection":["Brasil"],"inLanguage":"pt-BR","potentialAction":[{"@type":"CommentAction","name":"Comment","target":["https:\/\/www.notibras.com\/site\/se-maio-e-o-mes-das-noivas-agosto-no-brasil-fica-conhecido-como-mes-do-divorcio\/#respond"]}]},{"@type":"WebPage","@id":"https:\/\/www.notibras.com\/site\/se-maio-e-o-mes-das-noivas-agosto-no-brasil-fica-conhecido-como-mes-do-divorcio\/","url":"https:\/\/www.notibras.com\/site\/se-maio-e-o-mes-das-noivas-agosto-no-brasil-fica-conhecido-como-mes-do-divorcio\/","name":"Se maio \u00e9 o m\u00eas das noivas, agosto, no Brasil, fica sendo o m\u00eas com mais div\u00f3rcios - Notibras","isPartOf":{"@id":"https:\/\/www.notibras.com\/site\/#website"},"primaryImageOfPage":{"@id":"https:\/\/www.notibras.com\/site\/se-maio-e-o-mes-das-noivas-agosto-no-brasil-fica-conhecido-como-mes-do-divorcio\/#primaryimage"},"image":{"@id":"https:\/\/www.notibras.com\/site\/se-maio-e-o-mes-das-noivas-agosto-no-brasil-fica-conhecido-como-mes-do-divorcio\/#primaryimage"},"thumbnailUrl":"https:\/\/www.notibras.com\/site\/wp-content\/uploads\/2015\/08\/guarda-compartihada-div\u00f3rcio1.jpg","datePublished":"2015-08-29T03:10:43+00:00","dateModified":"2015-08-29T15:13:50+00:00","breadcrumb":{"@id":"https:\/\/www.notibras.com\/site\/se-maio-e-o-mes-das-noivas-agosto-no-brasil-fica-conhecido-como-mes-do-divorcio\/#breadcrumb"},"inLanguage":"pt-BR","potentialAction":[{"@type":"ReadAction","target":["https:\/\/www.notibras.com\/site\/se-maio-e-o-mes-das-noivas-agosto-no-brasil-fica-conhecido-como-mes-do-divorcio\/"]}]},{"@type":"ImageObject","inLanguage":"pt-BR","@id":"https:\/\/www.notibras.com\/site\/se-maio-e-o-mes-das-noivas-agosto-no-brasil-fica-conhecido-como-mes-do-divorcio\/#primaryimage","url":"https:\/\/www.notibras.com\/site\/wp-content\/uploads\/2015\/08\/guarda-compartihada-div\u00f3rcio1.jpg","contentUrl":"https:\/\/www.notibras.com\/site\/wp-content\/uploads\/2015\/08\/guarda-compartihada-div\u00f3rcio1.jpg","width":1000,"height":635},{"@type":"BreadcrumbList","@id":"https:\/\/www.notibras.com\/site\/se-maio-e-o-mes-das-noivas-agosto-no-brasil-fica-conhecido-como-mes-do-divorcio\/#breadcrumb","itemListElement":[{"@type":"ListItem","position":1,"name":"In\u00edcio","item":"https:\/\/www.notibras.com\/site\/"},{"@type":"ListItem","position":2,"name":"Se maio \u00e9 o m\u00eas das noivas, agosto, no Brasil, fica sendo o m\u00eas com mais div\u00f3rcios"}]},{"@type":"WebSite","@id":"https:\/\/www.notibras.com\/site\/#website","url":"https:\/\/www.notibras.com\/site\/","name":"Notibras","description":"Not\u00edcias de Bras\u00edlia, do Brasil e do Mundo","publisher":{"@id":"https:\/\/www.notibras.com\/site\/#organization"},"potentialAction":[{"@type":"SearchAction","target":{"@type":"EntryPoint","urlTemplate":"https:\/\/www.notibras.com\/site\/?s={search_term_string}"},"query-input":{"@type":"PropertyValueSpecification","valueRequired":true,"valueName":"search_term_string"}}],"inLanguage":"pt-BR"},{"@type":"Organization","@id":"https:\/\/www.notibras.com\/site\/#organization","name":"Grupo Notibras de Comunica\u00e7\u00e3o","url":"https:\/\/www.notibras.com\/site\/","logo":{"@type":"ImageObject","inLanguage":"pt-BR","@id":"https:\/\/www.notibras.com\/site\/#\/schema\/logo\/image\/","url":"https:\/\/www.notibras.com\/site\/wp-content\/uploads\/2023\/01\/notibras23.png","contentUrl":"https:\/\/www.notibras.com\/site\/wp-content\/uploads\/2023\/01\/notibras23.png","width":350,"height":87,"caption":"Grupo Notibras de Comunica\u00e7\u00e3o"},"image":{"@id":"https:\/\/www.notibras.com\/site\/#\/schema\/logo\/image\/"},"sameAs":["https:\/\/www.facebook.com\/notibras\/","https:\/\/x.com\/Notibras","https:\/\/www.instagram.com\/notibras\/"]},{"@type":"Person","@id":"https:\/\/www.notibras.com\/site\/#\/schema\/person\/36ab0979449956132d3e5b517ea76ac8","name":"Reda\u00e7\u00e3o","image":{"@type":"ImageObject","inLanguage":"pt-BR","@id":"https:\/\/secure.gravatar.com\/avatar\/e0a867bdedb85fd243eadf09663511f96fc81e0720a4a42581f334ad4303aa6b?s=96&d=mm&r=g","url":"https:\/\/secure.gravatar.com\/avatar\/e0a867bdedb85fd243eadf09663511f96fc81e0720a4a42581f334ad4303aa6b?s=96&d=mm&r=g","contentUrl":"https:\/\/secure.gravatar.com\/avatar\/e0a867bdedb85fd243eadf09663511f96fc81e0720a4a42581f334ad4303aa6b?s=96&d=mm&r=g","caption":"Reda\u00e7\u00e3o"}}]}},"amp_enabled":true,"_links":{"self":[{"href":"https:\/\/www.notibras.com\/site\/wp-json\/wp\/v2\/posts\/65081","targetHints":{"allow":["GET"]}}],"collection":[{"href":"https:\/\/www.notibras.com\/site\/wp-json\/wp\/v2\/posts"}],"about":[{"href":"https:\/\/www.notibras.com\/site\/wp-json\/wp\/v2\/types\/post"}],"author":[{"embeddable":true,"href":"https:\/\/www.notibras.com\/site\/wp-json\/wp\/v2\/users\/2"}],"replies":[{"embeddable":true,"href":"https:\/\/www.notibras.com\/site\/wp-json\/wp\/v2\/comments?post=65081"}],"version-history":[{"count":3,"href":"https:\/\/www.notibras.com\/site\/wp-json\/wp\/v2\/posts\/65081\/revisions"}],"predecessor-version":[{"id":65085,"href":"https:\/\/www.notibras.com\/site\/wp-json\/wp\/v2\/posts\/65081\/revisions\/65085"}],"wp:featuredmedia":[{"embeddable":true,"href":"https:\/\/www.notibras.com\/site\/wp-json\/wp\/v2\/media\/65082"}],"wp:attachment":[{"href":"https:\/\/www.notibras.com\/site\/wp-json\/wp\/v2\/media?parent=65081"}],"wp:term":[{"taxonomy":"category","embeddable":true,"href":"https:\/\/www.notibras.com\/site\/wp-json\/wp\/v2\/categories?post=65081"},{"taxonomy":"post_tag","embeddable":true,"href":"https:\/\/www.notibras.com\/site\/wp-json\/wp\/v2\/tags?post=65081"}],"curies":[{"name":"wp","href":"https:\/\/api.w.org\/{rel}","templated":true}]}}