{"id":65124,"date":"2015-08-29T19:27:49","date_gmt":"2015-08-29T22:27:49","guid":{"rendered":"http:\/\/www.notibras.com\/site\/?p=65124"},"modified":"2015-08-30T00:18:08","modified_gmt":"2015-08-30T03:18:08","slug":"nautico-derrota-o-boa-no-recife-por-1-a-0-e-fica-de-olho-no-g-4","status":"publish","type":"post","link":"https:\/\/www.notibras.com\/site\/nautico-derrota-o-boa-no-recife-por-1-a-0-e-fica-de-olho-no-g-4\/","title":{"rendered":"N\u00e1utico derrota o Boa no Recife por 1 a 0 e fica de olho para pegar l\u00edderes"},"content":{"rendered":"<p>O N\u00e1utico mostrou porque \u00e9 o melhor mandante do Campeonato Brasileiro da S\u00e9rie B. Neste s\u00e1bado, na Arena Pernambuco, o Timbu venceu o Boa Esporte por 1 a 0. O gol da vit\u00f3ria foi marcado por Rafael Pereira, aos 44 minutos do segundo tempo.<\/p>\n<p>Com a vit\u00f3ria, os alvirrubros chegaram aos 35 pontos e est\u00e3o no sexto lugar, com a mesma pontua\u00e7\u00e3o do Am\u00e9rica-MG, que \u00e9 o quinto. O N\u00e1utico volta a campo nesta ter\u00e7a-feira, \u00e0s 19h, contra o Crici\u00fama, no Est\u00e1dio Heriberto Hulse.<\/p>\n<p>Quando a bola rolou, o N\u00e1utico levou perigo logo no primeiro minuto. Lucas Farias cobrou escanteio e Rafael Pereira cabeceou por cima. O zagueiro salvou o Timbu aos 18 minutos. Ele tirou a bola quase em cima da linha.<\/p>\n<p>Os alvirrubros amea\u00e7aram novamente aos 22 minutos. Gaston cruzou e Daniel Morais cabeceou e bola passou parte da trave esquerda. Aos 25, Jo\u00e3o Ananias tocou para Rogerinho, ele fintou o defensor e chutou colocado. A bola tirou tinta da trave.<\/p>\n<p>Na segunda etapa, B\u00e9rgson cruzou e Daniel Morais cabeceou para fora. Mais tarde, Hiltinho fez boa jogada e tocou para Willian Magr\u00e3o. O volante finalizou e o goleiro advers\u00e1rio fez grande defesa.<\/p>\n<p>Jo\u00e3o Ananias puxou o contra-ataque, tocou para Douglas, o atacante chutou e Andrey espalmou. Aos 38, Willian Magr\u00e3o teve boa oportunidade, mas chutou para fora.<\/p>\n<p>Depois de tanta press\u00e3o, o N\u00e1utico chegou ao gol da vit\u00f3ria aos 44 minutos do segundo tempo. Rafael Pereira, de cabe\u00e7a, balan\u00e7ou a rede advers\u00e1ria e garantiu o triunfo para o time mandante.<\/p>\n","protected":false},"excerpt":{"rendered":"<p>O N\u00e1utico mostrou porque \u00e9 o melhor mandante do Campeonato Brasileiro da S\u00e9rie B. Neste s\u00e1bado, na Arena Pernambuco, o Timbu venceu o Boa Esporte por 1 a 0. O gol da vit\u00f3ria foi marcado por Rafael Pereira, aos 44 minutos do segundo tempo. Com a vit\u00f3ria, os alvirrubros chegaram aos 35 pontos e est\u00e3o [&hellip;]<\/p>\n","protected":false},"author":2,"featured_media":65125,"comment_status":"open","ping_status":"closed","sticky":false,"template":"","format":"standard","meta":{"_acf_changed":false,"footnotes":""},"categories":[29],"tags":[],"class_list":["post-65124","post","type-post","status-publish","format-standard","has-post-thumbnail","hentry","category-futebol"],"acf":[],"yoast_head":"<!-- This site is optimized with the Yoast SEO plugin v27.2 - https:\/\/yoast.com\/product\/yoast-seo-wordpress\/ -->\n<title>N\u00e1utico derrota o Boa no Recife por 1 a 0 e fica de olho para pegar l\u00edderes - Notibras<\/title>\n<meta name=\"robots\" content=\"index, follow, max-snippet:-1, max-image-preview:large, max-video-preview:-1\" \/>\n<link rel=\"canonical\" href=\"https:\/\/www.notibras.com\/site\/nautico-derrota-o-boa-no-recife-por-1-a-0-e-fica-de-olho-no-g-4\/\" \/>\n<meta property=\"og:locale\" content=\"pt_BR\" \/>\n<meta property=\"og:type\" content=\"article\" \/>\n<meta property=\"og:title\" content=\"N\u00e1utico derrota o Boa no Recife por 1 a 0 e fica de olho para pegar l\u00edderes - Notibras\" \/>\n<meta property=\"og:description\" content=\"O N\u00e1utico mostrou porque \u00e9 o melhor mandante do Campeonato Brasileiro da S\u00e9rie B. Neste s\u00e1bado, na Arena Pernambuco, o Timbu venceu o Boa Esporte por 1 a 0. O gol da vit\u00f3ria foi marcado por Rafael Pereira, aos 44 minutos do segundo tempo. Com a vit\u00f3ria, os alvirrubros chegaram aos 35 pontos e est\u00e3o [&hellip;]\" \/>\n<meta property=\"og:url\" content=\"https:\/\/www.notibras.com\/site\/nautico-derrota-o-boa-no-recife-por-1-a-0-e-fica-de-olho-no-g-4\/\" \/>\n<meta property=\"og:site_name\" content=\"Notibras\" \/>\n<meta property=\"article:publisher\" content=\"https:\/\/www.facebook.com\/notibras\/\" \/>\n<meta property=\"article:published_time\" content=\"2015-08-29T22:27:49+00:00\" \/>\n<meta property=\"article:modified_time\" content=\"2015-08-30T03:18:08+00:00\" \/>\n<meta property=\"og:image\" content=\"https:\/\/www.notibras.com\/site\/wp-content\/uploads\/2015\/08\/Cadu_Caldas.jpg\" \/>\n\t<meta property=\"og:image:width\" content=\"640\" \/>\n\t<meta property=\"og:image:height\" content=\"480\" \/>\n\t<meta property=\"og:image:type\" content=\"image\/jpeg\" \/>\n<meta name=\"author\" content=\"Reda\u00e7\u00e3o\" \/>\n<meta name=\"twitter:card\" content=\"summary_large_image\" \/>\n<meta name=\"twitter:creator\" content=\"@Notibras\" \/>\n<meta name=\"twitter:site\" content=\"@Notibras\" \/>\n<meta name=\"twitter:label1\" content=\"Escrito por\" \/>\n\t<meta name=\"twitter:data1\" content=\"Reda\u00e7\u00e3o\" \/>\n\t<meta name=\"twitter:label2\" content=\"Est. tempo de leitura\" \/>\n\t<meta name=\"twitter:data2\" content=\"1 minuto\" \/>\n<script type=\"application\/ld+json\" class=\"yoast-schema-graph\">{\"@context\":\"https:\/\/schema.org\",\"@graph\":[{\"@type\":\"Article\",\"@id\":\"https:\/\/www.notibras.com\/site\/nautico-derrota-o-boa-no-recife-por-1-a-0-e-fica-de-olho-no-g-4\/#article\",\"isPartOf\":{\"@id\":\"https:\/\/www.notibras.com\/site\/nautico-derrota-o-boa-no-recife-por-1-a-0-e-fica-de-olho-no-g-4\/\"},\"author\":{\"name\":\"Reda\u00e7\u00e3o\",\"@id\":\"https:\/\/www.notibras.com\/site\/#\/schema\/person\/36ab0979449956132d3e5b517ea76ac8\"},\"headline\":\"N\u00e1utico derrota o Boa no Recife por 1 a 0 e fica de olho para pegar l\u00edderes\",\"datePublished\":\"2015-08-29T22:27:49+00:00\",\"dateModified\":\"2015-08-30T03:18:08+00:00\",\"mainEntityOfPage\":{\"@id\":\"https:\/\/www.notibras.com\/site\/nautico-derrota-o-boa-no-recife-por-1-a-0-e-fica-de-olho-no-g-4\/\"},\"wordCount\":285,\"commentCount\":0,\"publisher\":{\"@id\":\"https:\/\/www.notibras.com\/site\/#organization\"},\"image\":{\"@id\":\"https:\/\/www.notibras.com\/site\/nautico-derrota-o-boa-no-recife-por-1-a-0-e-fica-de-olho-no-g-4\/#primaryimage\"},\"thumbnailUrl\":\"https:\/\/www.notibras.com\/site\/wp-content\/uploads\/2015\/08\/Cadu_Caldas.jpg\",\"articleSection\":[\"Futebol\"],\"inLanguage\":\"pt-BR\",\"potentialAction\":[{\"@type\":\"CommentAction\",\"name\":\"Comment\",\"target\":[\"https:\/\/www.notibras.com\/site\/nautico-derrota-o-boa-no-recife-por-1-a-0-e-fica-de-olho-no-g-4\/#respond\"]}]},{\"@type\":\"WebPage\",\"@id\":\"https:\/\/www.notibras.com\/site\/nautico-derrota-o-boa-no-recife-por-1-a-0-e-fica-de-olho-no-g-4\/\",\"url\":\"https:\/\/www.notibras.com\/site\/nautico-derrota-o-boa-no-recife-por-1-a-0-e-fica-de-olho-no-g-4\/\",\"name\":\"N\u00e1utico derrota o Boa no Recife por 1 a 0 e fica de olho para pegar l\u00edderes - Notibras\",\"isPartOf\":{\"@id\":\"https:\/\/www.notibras.com\/site\/#website\"},\"primaryImageOfPage\":{\"@id\":\"https:\/\/www.notibras.com\/site\/nautico-derrota-o-boa-no-recife-por-1-a-0-e-fica-de-olho-no-g-4\/#primaryimage\"},\"image\":{\"@id\":\"https:\/\/www.notibras.com\/site\/nautico-derrota-o-boa-no-recife-por-1-a-0-e-fica-de-olho-no-g-4\/#primaryimage\"},\"thumbnailUrl\":\"https:\/\/www.notibras.com\/site\/wp-content\/uploads\/2015\/08\/Cadu_Caldas.jpg\",\"datePublished\":\"2015-08-29T22:27:49+00:00\",\"dateModified\":\"2015-08-30T03:18:08+00:00\",\"breadcrumb\":{\"@id\":\"https:\/\/www.notibras.com\/site\/nautico-derrota-o-boa-no-recife-por-1-a-0-e-fica-de-olho-no-g-4\/#breadcrumb\"},\"inLanguage\":\"pt-BR\",\"potentialAction\":[{\"@type\":\"ReadAction\",\"target\":[\"https:\/\/www.notibras.com\/site\/nautico-derrota-o-boa-no-recife-por-1-a-0-e-fica-de-olho-no-g-4\/\"]}]},{\"@type\":\"ImageObject\",\"inLanguage\":\"pt-BR\",\"@id\":\"https:\/\/www.notibras.com\/site\/nautico-derrota-o-boa-no-recife-por-1-a-0-e-fica-de-olho-no-g-4\/#primaryimage\",\"url\":\"https:\/\/www.notibras.com\/site\/wp-content\/uploads\/2015\/08\/Cadu_Caldas.jpg\",\"contentUrl\":\"https:\/\/www.notibras.com\/site\/wp-content\/uploads\/2015\/08\/Cadu_Caldas.jpg\",\"width\":640,\"height\":480},{\"@type\":\"BreadcrumbList\",\"@id\":\"https:\/\/www.notibras.com\/site\/nautico-derrota-o-boa-no-recife-por-1-a-0-e-fica-de-olho-no-g-4\/#breadcrumb\",\"itemListElement\":[{\"@type\":\"ListItem\",\"position\":1,\"name\":\"In\u00edcio\",\"item\":\"https:\/\/www.notibras.com\/site\/\"},{\"@type\":\"ListItem\",\"position\":2,\"name\":\"N\u00e1utico derrota o Boa no Recife por 1 a 0 e fica de olho para pegar l\u00edderes\"}]},{\"@type\":\"WebSite\",\"@id\":\"https:\/\/www.notibras.com\/site\/#website\",\"url\":\"https:\/\/www.notibras.com\/site\/\",\"name\":\"Notibras\",\"description\":\"Not\u00edcias de Bras\u00edlia, do Brasil e do Mundo\",\"publisher\":{\"@id\":\"https:\/\/www.notibras.com\/site\/#organization\"},\"potentialAction\":[{\"@type\":\"SearchAction\",\"target\":{\"@type\":\"EntryPoint\",\"urlTemplate\":\"https:\/\/www.notibras.com\/site\/?s={search_term_string}\"},\"query-input\":{\"@type\":\"PropertyValueSpecification\",\"valueRequired\":true,\"valueName\":\"search_term_string\"}}],\"inLanguage\":\"pt-BR\"},{\"@type\":\"Organization\",\"@id\":\"https:\/\/www.notibras.com\/site\/#organization\",\"name\":\"Grupo Notibras de Comunica\u00e7\u00e3o\",\"url\":\"https:\/\/www.notibras.com\/site\/\",\"logo\":{\"@type\":\"ImageObject\",\"inLanguage\":\"pt-BR\",\"@id\":\"https:\/\/www.notibras.com\/site\/#\/schema\/logo\/image\/\",\"url\":\"https:\/\/www.notibras.com\/site\/wp-content\/uploads\/2023\/01\/notibras23.png\",\"contentUrl\":\"https:\/\/www.notibras.com\/site\/wp-content\/uploads\/2023\/01\/notibras23.png\",\"width\":350,\"height\":87,\"caption\":\"Grupo Notibras de Comunica\u00e7\u00e3o\"},\"image\":{\"@id\":\"https:\/\/www.notibras.com\/site\/#\/schema\/logo\/image\/\"},\"sameAs\":[\"https:\/\/www.facebook.com\/notibras\/\",\"https:\/\/x.com\/Notibras\",\"https:\/\/www.instagram.com\/notibras\/\"]},{\"@type\":\"Person\",\"@id\":\"https:\/\/www.notibras.com\/site\/#\/schema\/person\/36ab0979449956132d3e5b517ea76ac8\",\"name\":\"Reda\u00e7\u00e3o\",\"image\":{\"@type\":\"ImageObject\",\"inLanguage\":\"pt-BR\",\"@id\":\"https:\/\/secure.gravatar.com\/avatar\/e0a867bdedb85fd243eadf09663511f96fc81e0720a4a42581f334ad4303aa6b?s=96&d=mm&r=g\",\"url\":\"https:\/\/secure.gravatar.com\/avatar\/e0a867bdedb85fd243eadf09663511f96fc81e0720a4a42581f334ad4303aa6b?s=96&d=mm&r=g\",\"contentUrl\":\"https:\/\/secure.gravatar.com\/avatar\/e0a867bdedb85fd243eadf09663511f96fc81e0720a4a42581f334ad4303aa6b?s=96&d=mm&r=g\",\"caption\":\"Reda\u00e7\u00e3o\"}}]}<\/script>\n<!-- \/ Yoast SEO plugin. -->","yoast_head_json":{"title":"N\u00e1utico derrota o Boa no Recife por 1 a 0 e fica de olho para pegar l\u00edderes - Notibras","robots":{"index":"index","follow":"follow","max-snippet":"max-snippet:-1","max-image-preview":"max-image-preview:large","max-video-preview":"max-video-preview:-1"},"canonical":"https:\/\/www.notibras.com\/site\/nautico-derrota-o-boa-no-recife-por-1-a-0-e-fica-de-olho-no-g-4\/","og_locale":"pt_BR","og_type":"article","og_title":"N\u00e1utico derrota o Boa no Recife por 1 a 0 e fica de olho para pegar l\u00edderes - Notibras","og_description":"O N\u00e1utico mostrou porque \u00e9 o melhor mandante do Campeonato Brasileiro da S\u00e9rie B. Neste s\u00e1bado, na Arena Pernambuco, o Timbu venceu o Boa Esporte por 1 a 0. O gol da vit\u00f3ria foi marcado por Rafael Pereira, aos 44 minutos do segundo tempo. Com a vit\u00f3ria, os alvirrubros chegaram aos 35 pontos e est\u00e3o [&hellip;]","og_url":"https:\/\/www.notibras.com\/site\/nautico-derrota-o-boa-no-recife-por-1-a-0-e-fica-de-olho-no-g-4\/","og_site_name":"Notibras","article_publisher":"https:\/\/www.facebook.com\/notibras\/","article_published_time":"2015-08-29T22:27:49+00:00","article_modified_time":"2015-08-30T03:18:08+00:00","og_image":[{"width":640,"height":480,"url":"https:\/\/www.notibras.com\/site\/wp-content\/uploads\/2015\/08\/Cadu_Caldas.jpg","type":"image\/jpeg"}],"author":"Reda\u00e7\u00e3o","twitter_card":"summary_large_image","twitter_creator":"@Notibras","twitter_site":"@Notibras","twitter_misc":{"Escrito por":"Reda\u00e7\u00e3o","Est. tempo de leitura":"1 minuto"},"schema":{"@context":"https:\/\/schema.org","@graph":[{"@type":"Article","@id":"https:\/\/www.notibras.com\/site\/nautico-derrota-o-boa-no-recife-por-1-a-0-e-fica-de-olho-no-g-4\/#article","isPartOf":{"@id":"https:\/\/www.notibras.com\/site\/nautico-derrota-o-boa-no-recife-por-1-a-0-e-fica-de-olho-no-g-4\/"},"author":{"name":"Reda\u00e7\u00e3o","@id":"https:\/\/www.notibras.com\/site\/#\/schema\/person\/36ab0979449956132d3e5b517ea76ac8"},"headline":"N\u00e1utico derrota o Boa no Recife por 1 a 0 e fica de olho para pegar l\u00edderes","datePublished":"2015-08-29T22:27:49+00:00","dateModified":"2015-08-30T03:18:08+00:00","mainEntityOfPage":{"@id":"https:\/\/www.notibras.com\/site\/nautico-derrota-o-boa-no-recife-por-1-a-0-e-fica-de-olho-no-g-4\/"},"wordCount":285,"commentCount":0,"publisher":{"@id":"https:\/\/www.notibras.com\/site\/#organization"},"image":{"@id":"https:\/\/www.notibras.com\/site\/nautico-derrota-o-boa-no-recife-por-1-a-0-e-fica-de-olho-no-g-4\/#primaryimage"},"thumbnailUrl":"https:\/\/www.notibras.com\/site\/wp-content\/uploads\/2015\/08\/Cadu_Caldas.jpg","articleSection":["Futebol"],"inLanguage":"pt-BR","potentialAction":[{"@type":"CommentAction","name":"Comment","target":["https:\/\/www.notibras.com\/site\/nautico-derrota-o-boa-no-recife-por-1-a-0-e-fica-de-olho-no-g-4\/#respond"]}]},{"@type":"WebPage","@id":"https:\/\/www.notibras.com\/site\/nautico-derrota-o-boa-no-recife-por-1-a-0-e-fica-de-olho-no-g-4\/","url":"https:\/\/www.notibras.com\/site\/nautico-derrota-o-boa-no-recife-por-1-a-0-e-fica-de-olho-no-g-4\/","name":"N\u00e1utico derrota o Boa no Recife por 1 a 0 e fica de olho para pegar l\u00edderes - Notibras","isPartOf":{"@id":"https:\/\/www.notibras.com\/site\/#website"},"primaryImageOfPage":{"@id":"https:\/\/www.notibras.com\/site\/nautico-derrota-o-boa-no-recife-por-1-a-0-e-fica-de-olho-no-g-4\/#primaryimage"},"image":{"@id":"https:\/\/www.notibras.com\/site\/nautico-derrota-o-boa-no-recife-por-1-a-0-e-fica-de-olho-no-g-4\/#primaryimage"},"thumbnailUrl":"https:\/\/www.notibras.com\/site\/wp-content\/uploads\/2015\/08\/Cadu_Caldas.jpg","datePublished":"2015-08-29T22:27:49+00:00","dateModified":"2015-08-30T03:18:08+00:00","breadcrumb":{"@id":"https:\/\/www.notibras.com\/site\/nautico-derrota-o-boa-no-recife-por-1-a-0-e-fica-de-olho-no-g-4\/#breadcrumb"},"inLanguage":"pt-BR","potentialAction":[{"@type":"ReadAction","target":["https:\/\/www.notibras.com\/site\/nautico-derrota-o-boa-no-recife-por-1-a-0-e-fica-de-olho-no-g-4\/"]}]},{"@type":"ImageObject","inLanguage":"pt-BR","@id":"https:\/\/www.notibras.com\/site\/nautico-derrota-o-boa-no-recife-por-1-a-0-e-fica-de-olho-no-g-4\/#primaryimage","url":"https:\/\/www.notibras.com\/site\/wp-content\/uploads\/2015\/08\/Cadu_Caldas.jpg","contentUrl":"https:\/\/www.notibras.com\/site\/wp-content\/uploads\/2015\/08\/Cadu_Caldas.jpg","width":640,"height":480},{"@type":"BreadcrumbList","@id":"https:\/\/www.notibras.com\/site\/nautico-derrota-o-boa-no-recife-por-1-a-0-e-fica-de-olho-no-g-4\/#breadcrumb","itemListElement":[{"@type":"ListItem","position":1,"name":"In\u00edcio","item":"https:\/\/www.notibras.com\/site\/"},{"@type":"ListItem","position":2,"name":"N\u00e1utico derrota o Boa no Recife por 1 a 0 e fica de olho para pegar l\u00edderes"}]},{"@type":"WebSite","@id":"https:\/\/www.notibras.com\/site\/#website","url":"https:\/\/www.notibras.com\/site\/","name":"Notibras","description":"Not\u00edcias de Bras\u00edlia, do Brasil e do Mundo","publisher":{"@id":"https:\/\/www.notibras.com\/site\/#organization"},"potentialAction":[{"@type":"SearchAction","target":{"@type":"EntryPoint","urlTemplate":"https:\/\/www.notibras.com\/site\/?s={search_term_string}"},"query-input":{"@type":"PropertyValueSpecification","valueRequired":true,"valueName":"search_term_string"}}],"inLanguage":"pt-BR"},{"@type":"Organization","@id":"https:\/\/www.notibras.com\/site\/#organization","name":"Grupo Notibras de Comunica\u00e7\u00e3o","url":"https:\/\/www.notibras.com\/site\/","logo":{"@type":"ImageObject","inLanguage":"pt-BR","@id":"https:\/\/www.notibras.com\/site\/#\/schema\/logo\/image\/","url":"https:\/\/www.notibras.com\/site\/wp-content\/uploads\/2023\/01\/notibras23.png","contentUrl":"https:\/\/www.notibras.com\/site\/wp-content\/uploads\/2023\/01\/notibras23.png","width":350,"height":87,"caption":"Grupo Notibras de Comunica\u00e7\u00e3o"},"image":{"@id":"https:\/\/www.notibras.com\/site\/#\/schema\/logo\/image\/"},"sameAs":["https:\/\/www.facebook.com\/notibras\/","https:\/\/x.com\/Notibras","https:\/\/www.instagram.com\/notibras\/"]},{"@type":"Person","@id":"https:\/\/www.notibras.com\/site\/#\/schema\/person\/36ab0979449956132d3e5b517ea76ac8","name":"Reda\u00e7\u00e3o","image":{"@type":"ImageObject","inLanguage":"pt-BR","@id":"https:\/\/secure.gravatar.com\/avatar\/e0a867bdedb85fd243eadf09663511f96fc81e0720a4a42581f334ad4303aa6b?s=96&d=mm&r=g","url":"https:\/\/secure.gravatar.com\/avatar\/e0a867bdedb85fd243eadf09663511f96fc81e0720a4a42581f334ad4303aa6b?s=96&d=mm&r=g","contentUrl":"https:\/\/secure.gravatar.com\/avatar\/e0a867bdedb85fd243eadf09663511f96fc81e0720a4a42581f334ad4303aa6b?s=96&d=mm&r=g","caption":"Reda\u00e7\u00e3o"}}]}},"amp_enabled":true,"_links":{"self":[{"href":"https:\/\/www.notibras.com\/site\/wp-json\/wp\/v2\/posts\/65124","targetHints":{"allow":["GET"]}}],"collection":[{"href":"https:\/\/www.notibras.com\/site\/wp-json\/wp\/v2\/posts"}],"about":[{"href":"https:\/\/www.notibras.com\/site\/wp-json\/wp\/v2\/types\/post"}],"author":[{"embeddable":true,"href":"https:\/\/www.notibras.com\/site\/wp-json\/wp\/v2\/users\/2"}],"replies":[{"embeddable":true,"href":"https:\/\/www.notibras.com\/site\/wp-json\/wp\/v2\/comments?post=65124"}],"version-history":[{"count":2,"href":"https:\/\/www.notibras.com\/site\/wp-json\/wp\/v2\/posts\/65124\/revisions"}],"predecessor-version":[{"id":65162,"href":"https:\/\/www.notibras.com\/site\/wp-json\/wp\/v2\/posts\/65124\/revisions\/65162"}],"wp:featuredmedia":[{"embeddable":true,"href":"https:\/\/www.notibras.com\/site\/wp-json\/wp\/v2\/media\/65125"}],"wp:attachment":[{"href":"https:\/\/www.notibras.com\/site\/wp-json\/wp\/v2\/media?parent=65124"}],"wp:term":[{"taxonomy":"category","embeddable":true,"href":"https:\/\/www.notibras.com\/site\/wp-json\/wp\/v2\/categories?post=65124"},{"taxonomy":"post_tag","embeddable":true,"href":"https:\/\/www.notibras.com\/site\/wp-json\/wp\/v2\/tags?post=65124"}],"curies":[{"name":"wp","href":"https:\/\/api.w.org\/{rel}","templated":true}]}}