{"id":65134,"date":"2015-08-29T20:30:05","date_gmt":"2015-08-29T23:30:05","guid":{"rendered":"http:\/\/www.notibras.com\/site\/?p=65134"},"modified":"2015-08-30T18:34:15","modified_gmt":"2015-08-30T21:34:15","slug":"derrota-para-o-figueirense-aumenta-drama-do-vasco-na-lanterna","status":"publish","type":"post","link":"https:\/\/www.notibras.com\/site\/derrota-para-o-figueirense-aumenta-drama-do-vasco-na-lanterna\/","title":{"rendered":"Derrota para o Figueirense faz o Vasco viver o drama da lanterna e temor da queda"},"content":{"rendered":"<p>O drama do Vasco s\u00f3 aumenta no Campeonato Brasileiro. Sem saber o que \u00e9 vencer h\u00e1 mais de 40 dias, o Cruzmaltino trope\u00e7ou novamente neste s\u00e1bado.<\/p>\n<p>Mesmo jogando em casa, o time de S\u00e3o Janu\u00e1rio perdeu para o Figueirense por 1 a 0 no Maracan\u00e3 e se afundou ainda mais na competi\u00e7\u00e3o. Marc\u00e3o, aos 48 minutos do segundo tempo, anotou o \u00fanico gol da partida<\/p>\n<p>Com o aumento do jejum e apenas um ponto conquistado, o Vasco se manteve na lanterna da tabela de classifica\u00e7\u00e3o com 14 pontos \u2013 a oito do Goi\u00e1s, primeiro time fora da zona do rebaixamento. J\u00e1 o time catarinense chegou aos 24 pontos, mantendo-se na 14\u00aa coloca\u00e7\u00e3o e aumentando a diferen\u00e7a para a turma da degola.<\/p>\n","protected":false},"excerpt":{"rendered":"<p>O drama do Vasco s\u00f3 aumenta no Campeonato Brasileiro. Sem saber o que \u00e9 vencer h\u00e1 mais de 40 dias, o Cruzmaltino trope\u00e7ou novamente neste s\u00e1bado. Mesmo jogando em casa, o time de S\u00e3o Janu\u00e1rio perdeu para o Figueirense por 1 a 0 no Maracan\u00e3 e se afundou ainda mais na competi\u00e7\u00e3o. Marc\u00e3o, aos 48 [&hellip;]<\/p>\n","protected":false},"author":2,"featured_media":65135,"comment_status":"open","ping_status":"closed","sticky":false,"template":"","format":"standard","meta":{"_acf_changed":false,"footnotes":""},"categories":[29],"tags":[],"class_list":["post-65134","post","type-post","status-publish","format-standard","has-post-thumbnail","hentry","category-futebol"],"acf":[],"yoast_head":"<!-- This site is optimized with the Yoast SEO plugin v27.2 - https:\/\/yoast.com\/product\/yoast-seo-wordpress\/ -->\n<title>Derrota para o Figueirense faz o Vasco viver o drama da lanterna e temor da queda - Notibras<\/title>\n<meta name=\"robots\" content=\"index, follow, max-snippet:-1, max-image-preview:large, max-video-preview:-1\" \/>\n<link rel=\"canonical\" href=\"https:\/\/www.notibras.com\/site\/derrota-para-o-figueirense-aumenta-drama-do-vasco-na-lanterna\/\" \/>\n<meta property=\"og:locale\" content=\"pt_BR\" \/>\n<meta property=\"og:type\" content=\"article\" \/>\n<meta property=\"og:title\" content=\"Derrota para o Figueirense faz o Vasco viver o drama da lanterna e temor da queda - Notibras\" \/>\n<meta property=\"og:description\" content=\"O drama do Vasco s\u00f3 aumenta no Campeonato Brasileiro. Sem saber o que \u00e9 vencer h\u00e1 mais de 40 dias, o Cruzmaltino trope\u00e7ou novamente neste s\u00e1bado. Mesmo jogando em casa, o time de S\u00e3o Janu\u00e1rio perdeu para o Figueirense por 1 a 0 no Maracan\u00e3 e se afundou ainda mais na competi\u00e7\u00e3o. Marc\u00e3o, aos 48 [&hellip;]\" \/>\n<meta property=\"og:url\" content=\"https:\/\/www.notibras.com\/site\/derrota-para-o-figueirense-aumenta-drama-do-vasco-na-lanterna\/\" \/>\n<meta property=\"og:site_name\" content=\"Notibras\" \/>\n<meta property=\"article:publisher\" content=\"https:\/\/www.facebook.com\/notibras\/\" \/>\n<meta property=\"article:published_time\" content=\"2015-08-29T23:30:05+00:00\" \/>\n<meta property=\"article:modified_time\" content=\"2015-08-30T21:34:15+00:00\" \/>\n<meta property=\"og:image\" content=\"https:\/\/www.notibras.com\/site\/wp-content\/uploads\/2015\/08\/HOME-Figueirense-Campeonato-Brasileiro-HortaFotoarenaLANCEPress_LANIMA20150829_0128_1.jpg\" \/>\n\t<meta property=\"og:image:width\" content=\"527\" \/>\n\t<meta property=\"og:image:height\" content=\"307\" \/>\n\t<meta property=\"og:image:type\" content=\"image\/jpeg\" \/>\n<meta name=\"author\" content=\"Reda\u00e7\u00e3o\" \/>\n<meta name=\"twitter:card\" content=\"summary_large_image\" \/>\n<meta name=\"twitter:creator\" content=\"@Notibras\" \/>\n<meta name=\"twitter:site\" content=\"@Notibras\" \/>\n<meta name=\"twitter:label1\" content=\"Escrito por\" \/>\n\t<meta name=\"twitter:data1\" content=\"Reda\u00e7\u00e3o\" \/>\n\t<meta name=\"twitter:label2\" content=\"Est. tempo de leitura\" \/>\n\t<meta name=\"twitter:data2\" content=\"1 minuto\" \/>\n<script type=\"application\/ld+json\" class=\"yoast-schema-graph\">{\"@context\":\"https:\/\/schema.org\",\"@graph\":[{\"@type\":\"Article\",\"@id\":\"https:\/\/www.notibras.com\/site\/derrota-para-o-figueirense-aumenta-drama-do-vasco-na-lanterna\/#article\",\"isPartOf\":{\"@id\":\"https:\/\/www.notibras.com\/site\/derrota-para-o-figueirense-aumenta-drama-do-vasco-na-lanterna\/\"},\"author\":{\"name\":\"Reda\u00e7\u00e3o\",\"@id\":\"https:\/\/www.notibras.com\/site\/#\/schema\/person\/36ab0979449956132d3e5b517ea76ac8\"},\"headline\":\"Derrota para o Figueirense faz o Vasco viver o drama da lanterna e temor da queda\",\"datePublished\":\"2015-08-29T23:30:05+00:00\",\"dateModified\":\"2015-08-30T21:34:15+00:00\",\"mainEntityOfPage\":{\"@id\":\"https:\/\/www.notibras.com\/site\/derrota-para-o-figueirense-aumenta-drama-do-vasco-na-lanterna\/\"},\"wordCount\":138,\"commentCount\":0,\"publisher\":{\"@id\":\"https:\/\/www.notibras.com\/site\/#organization\"},\"image\":{\"@id\":\"https:\/\/www.notibras.com\/site\/derrota-para-o-figueirense-aumenta-drama-do-vasco-na-lanterna\/#primaryimage\"},\"thumbnailUrl\":\"https:\/\/www.notibras.com\/site\/wp-content\/uploads\/2015\/08\/HOME-Figueirense-Campeonato-Brasileiro-HortaFotoarenaLANCEPress_LANIMA20150829_0128_1.jpg\",\"articleSection\":[\"Futebol\"],\"inLanguage\":\"pt-BR\",\"potentialAction\":[{\"@type\":\"CommentAction\",\"name\":\"Comment\",\"target\":[\"https:\/\/www.notibras.com\/site\/derrota-para-o-figueirense-aumenta-drama-do-vasco-na-lanterna\/#respond\"]}]},{\"@type\":\"WebPage\",\"@id\":\"https:\/\/www.notibras.com\/site\/derrota-para-o-figueirense-aumenta-drama-do-vasco-na-lanterna\/\",\"url\":\"https:\/\/www.notibras.com\/site\/derrota-para-o-figueirense-aumenta-drama-do-vasco-na-lanterna\/\",\"name\":\"Derrota para o Figueirense faz o Vasco viver o drama da lanterna e temor da queda - Notibras\",\"isPartOf\":{\"@id\":\"https:\/\/www.notibras.com\/site\/#website\"},\"primaryImageOfPage\":{\"@id\":\"https:\/\/www.notibras.com\/site\/derrota-para-o-figueirense-aumenta-drama-do-vasco-na-lanterna\/#primaryimage\"},\"image\":{\"@id\":\"https:\/\/www.notibras.com\/site\/derrota-para-o-figueirense-aumenta-drama-do-vasco-na-lanterna\/#primaryimage\"},\"thumbnailUrl\":\"https:\/\/www.notibras.com\/site\/wp-content\/uploads\/2015\/08\/HOME-Figueirense-Campeonato-Brasileiro-HortaFotoarenaLANCEPress_LANIMA20150829_0128_1.jpg\",\"datePublished\":\"2015-08-29T23:30:05+00:00\",\"dateModified\":\"2015-08-30T21:34:15+00:00\",\"breadcrumb\":{\"@id\":\"https:\/\/www.notibras.com\/site\/derrota-para-o-figueirense-aumenta-drama-do-vasco-na-lanterna\/#breadcrumb\"},\"inLanguage\":\"pt-BR\",\"potentialAction\":[{\"@type\":\"ReadAction\",\"target\":[\"https:\/\/www.notibras.com\/site\/derrota-para-o-figueirense-aumenta-drama-do-vasco-na-lanterna\/\"]}]},{\"@type\":\"ImageObject\",\"inLanguage\":\"pt-BR\",\"@id\":\"https:\/\/www.notibras.com\/site\/derrota-para-o-figueirense-aumenta-drama-do-vasco-na-lanterna\/#primaryimage\",\"url\":\"https:\/\/www.notibras.com\/site\/wp-content\/uploads\/2015\/08\/HOME-Figueirense-Campeonato-Brasileiro-HortaFotoarenaLANCEPress_LANIMA20150829_0128_1.jpg\",\"contentUrl\":\"https:\/\/www.notibras.com\/site\/wp-content\/uploads\/2015\/08\/HOME-Figueirense-Campeonato-Brasileiro-HortaFotoarenaLANCEPress_LANIMA20150829_0128_1.jpg\",\"width\":527,\"height\":307},{\"@type\":\"BreadcrumbList\",\"@id\":\"https:\/\/www.notibras.com\/site\/derrota-para-o-figueirense-aumenta-drama-do-vasco-na-lanterna\/#breadcrumb\",\"itemListElement\":[{\"@type\":\"ListItem\",\"position\":1,\"name\":\"In\u00edcio\",\"item\":\"https:\/\/www.notibras.com\/site\/\"},{\"@type\":\"ListItem\",\"position\":2,\"name\":\"Derrota para o Figueirense faz o Vasco viver o drama da lanterna e temor da queda\"}]},{\"@type\":\"WebSite\",\"@id\":\"https:\/\/www.notibras.com\/site\/#website\",\"url\":\"https:\/\/www.notibras.com\/site\/\",\"name\":\"Notibras\",\"description\":\"Not\u00edcias de Bras\u00edlia, do Brasil e do Mundo\",\"publisher\":{\"@id\":\"https:\/\/www.notibras.com\/site\/#organization\"},\"potentialAction\":[{\"@type\":\"SearchAction\",\"target\":{\"@type\":\"EntryPoint\",\"urlTemplate\":\"https:\/\/www.notibras.com\/site\/?s={search_term_string}\"},\"query-input\":{\"@type\":\"PropertyValueSpecification\",\"valueRequired\":true,\"valueName\":\"search_term_string\"}}],\"inLanguage\":\"pt-BR\"},{\"@type\":\"Organization\",\"@id\":\"https:\/\/www.notibras.com\/site\/#organization\",\"name\":\"Grupo Notibras de Comunica\u00e7\u00e3o\",\"url\":\"https:\/\/www.notibras.com\/site\/\",\"logo\":{\"@type\":\"ImageObject\",\"inLanguage\":\"pt-BR\",\"@id\":\"https:\/\/www.notibras.com\/site\/#\/schema\/logo\/image\/\",\"url\":\"https:\/\/www.notibras.com\/site\/wp-content\/uploads\/2023\/01\/notibras23.png\",\"contentUrl\":\"https:\/\/www.notibras.com\/site\/wp-content\/uploads\/2023\/01\/notibras23.png\",\"width\":350,\"height\":87,\"caption\":\"Grupo Notibras de Comunica\u00e7\u00e3o\"},\"image\":{\"@id\":\"https:\/\/www.notibras.com\/site\/#\/schema\/logo\/image\/\"},\"sameAs\":[\"https:\/\/www.facebook.com\/notibras\/\",\"https:\/\/x.com\/Notibras\",\"https:\/\/www.instagram.com\/notibras\/\"]},{\"@type\":\"Person\",\"@id\":\"https:\/\/www.notibras.com\/site\/#\/schema\/person\/36ab0979449956132d3e5b517ea76ac8\",\"name\":\"Reda\u00e7\u00e3o\",\"image\":{\"@type\":\"ImageObject\",\"inLanguage\":\"pt-BR\",\"@id\":\"https:\/\/secure.gravatar.com\/avatar\/e0a867bdedb85fd243eadf09663511f96fc81e0720a4a42581f334ad4303aa6b?s=96&d=mm&r=g\",\"url\":\"https:\/\/secure.gravatar.com\/avatar\/e0a867bdedb85fd243eadf09663511f96fc81e0720a4a42581f334ad4303aa6b?s=96&d=mm&r=g\",\"contentUrl\":\"https:\/\/secure.gravatar.com\/avatar\/e0a867bdedb85fd243eadf09663511f96fc81e0720a4a42581f334ad4303aa6b?s=96&d=mm&r=g\",\"caption\":\"Reda\u00e7\u00e3o\"}}]}<\/script>\n<!-- \/ Yoast SEO plugin. -->","yoast_head_json":{"title":"Derrota para o Figueirense faz o Vasco viver o drama da lanterna e temor da queda - Notibras","robots":{"index":"index","follow":"follow","max-snippet":"max-snippet:-1","max-image-preview":"max-image-preview:large","max-video-preview":"max-video-preview:-1"},"canonical":"https:\/\/www.notibras.com\/site\/derrota-para-o-figueirense-aumenta-drama-do-vasco-na-lanterna\/","og_locale":"pt_BR","og_type":"article","og_title":"Derrota para o Figueirense faz o Vasco viver o drama da lanterna e temor da queda - Notibras","og_description":"O drama do Vasco s\u00f3 aumenta no Campeonato Brasileiro. Sem saber o que \u00e9 vencer h\u00e1 mais de 40 dias, o Cruzmaltino trope\u00e7ou novamente neste s\u00e1bado. Mesmo jogando em casa, o time de S\u00e3o Janu\u00e1rio perdeu para o Figueirense por 1 a 0 no Maracan\u00e3 e se afundou ainda mais na competi\u00e7\u00e3o. Marc\u00e3o, aos 48 [&hellip;]","og_url":"https:\/\/www.notibras.com\/site\/derrota-para-o-figueirense-aumenta-drama-do-vasco-na-lanterna\/","og_site_name":"Notibras","article_publisher":"https:\/\/www.facebook.com\/notibras\/","article_published_time":"2015-08-29T23:30:05+00:00","article_modified_time":"2015-08-30T21:34:15+00:00","og_image":[{"width":527,"height":307,"url":"https:\/\/www.notibras.com\/site\/wp-content\/uploads\/2015\/08\/HOME-Figueirense-Campeonato-Brasileiro-HortaFotoarenaLANCEPress_LANIMA20150829_0128_1.jpg","type":"image\/jpeg"}],"author":"Reda\u00e7\u00e3o","twitter_card":"summary_large_image","twitter_creator":"@Notibras","twitter_site":"@Notibras","twitter_misc":{"Escrito por":"Reda\u00e7\u00e3o","Est. tempo de leitura":"1 minuto"},"schema":{"@context":"https:\/\/schema.org","@graph":[{"@type":"Article","@id":"https:\/\/www.notibras.com\/site\/derrota-para-o-figueirense-aumenta-drama-do-vasco-na-lanterna\/#article","isPartOf":{"@id":"https:\/\/www.notibras.com\/site\/derrota-para-o-figueirense-aumenta-drama-do-vasco-na-lanterna\/"},"author":{"name":"Reda\u00e7\u00e3o","@id":"https:\/\/www.notibras.com\/site\/#\/schema\/person\/36ab0979449956132d3e5b517ea76ac8"},"headline":"Derrota para o Figueirense faz o Vasco viver o drama da lanterna e temor da queda","datePublished":"2015-08-29T23:30:05+00:00","dateModified":"2015-08-30T21:34:15+00:00","mainEntityOfPage":{"@id":"https:\/\/www.notibras.com\/site\/derrota-para-o-figueirense-aumenta-drama-do-vasco-na-lanterna\/"},"wordCount":138,"commentCount":0,"publisher":{"@id":"https:\/\/www.notibras.com\/site\/#organization"},"image":{"@id":"https:\/\/www.notibras.com\/site\/derrota-para-o-figueirense-aumenta-drama-do-vasco-na-lanterna\/#primaryimage"},"thumbnailUrl":"https:\/\/www.notibras.com\/site\/wp-content\/uploads\/2015\/08\/HOME-Figueirense-Campeonato-Brasileiro-HortaFotoarenaLANCEPress_LANIMA20150829_0128_1.jpg","articleSection":["Futebol"],"inLanguage":"pt-BR","potentialAction":[{"@type":"CommentAction","name":"Comment","target":["https:\/\/www.notibras.com\/site\/derrota-para-o-figueirense-aumenta-drama-do-vasco-na-lanterna\/#respond"]}]},{"@type":"WebPage","@id":"https:\/\/www.notibras.com\/site\/derrota-para-o-figueirense-aumenta-drama-do-vasco-na-lanterna\/","url":"https:\/\/www.notibras.com\/site\/derrota-para-o-figueirense-aumenta-drama-do-vasco-na-lanterna\/","name":"Derrota para o Figueirense faz o Vasco viver o drama da lanterna e temor da queda - Notibras","isPartOf":{"@id":"https:\/\/www.notibras.com\/site\/#website"},"primaryImageOfPage":{"@id":"https:\/\/www.notibras.com\/site\/derrota-para-o-figueirense-aumenta-drama-do-vasco-na-lanterna\/#primaryimage"},"image":{"@id":"https:\/\/www.notibras.com\/site\/derrota-para-o-figueirense-aumenta-drama-do-vasco-na-lanterna\/#primaryimage"},"thumbnailUrl":"https:\/\/www.notibras.com\/site\/wp-content\/uploads\/2015\/08\/HOME-Figueirense-Campeonato-Brasileiro-HortaFotoarenaLANCEPress_LANIMA20150829_0128_1.jpg","datePublished":"2015-08-29T23:30:05+00:00","dateModified":"2015-08-30T21:34:15+00:00","breadcrumb":{"@id":"https:\/\/www.notibras.com\/site\/derrota-para-o-figueirense-aumenta-drama-do-vasco-na-lanterna\/#breadcrumb"},"inLanguage":"pt-BR","potentialAction":[{"@type":"ReadAction","target":["https:\/\/www.notibras.com\/site\/derrota-para-o-figueirense-aumenta-drama-do-vasco-na-lanterna\/"]}]},{"@type":"ImageObject","inLanguage":"pt-BR","@id":"https:\/\/www.notibras.com\/site\/derrota-para-o-figueirense-aumenta-drama-do-vasco-na-lanterna\/#primaryimage","url":"https:\/\/www.notibras.com\/site\/wp-content\/uploads\/2015\/08\/HOME-Figueirense-Campeonato-Brasileiro-HortaFotoarenaLANCEPress_LANIMA20150829_0128_1.jpg","contentUrl":"https:\/\/www.notibras.com\/site\/wp-content\/uploads\/2015\/08\/HOME-Figueirense-Campeonato-Brasileiro-HortaFotoarenaLANCEPress_LANIMA20150829_0128_1.jpg","width":527,"height":307},{"@type":"BreadcrumbList","@id":"https:\/\/www.notibras.com\/site\/derrota-para-o-figueirense-aumenta-drama-do-vasco-na-lanterna\/#breadcrumb","itemListElement":[{"@type":"ListItem","position":1,"name":"In\u00edcio","item":"https:\/\/www.notibras.com\/site\/"},{"@type":"ListItem","position":2,"name":"Derrota para o Figueirense faz o Vasco viver o drama da lanterna e temor da queda"}]},{"@type":"WebSite","@id":"https:\/\/www.notibras.com\/site\/#website","url":"https:\/\/www.notibras.com\/site\/","name":"Notibras","description":"Not\u00edcias de Bras\u00edlia, do Brasil e do Mundo","publisher":{"@id":"https:\/\/www.notibras.com\/site\/#organization"},"potentialAction":[{"@type":"SearchAction","target":{"@type":"EntryPoint","urlTemplate":"https:\/\/www.notibras.com\/site\/?s={search_term_string}"},"query-input":{"@type":"PropertyValueSpecification","valueRequired":true,"valueName":"search_term_string"}}],"inLanguage":"pt-BR"},{"@type":"Organization","@id":"https:\/\/www.notibras.com\/site\/#organization","name":"Grupo Notibras de Comunica\u00e7\u00e3o","url":"https:\/\/www.notibras.com\/site\/","logo":{"@type":"ImageObject","inLanguage":"pt-BR","@id":"https:\/\/www.notibras.com\/site\/#\/schema\/logo\/image\/","url":"https:\/\/www.notibras.com\/site\/wp-content\/uploads\/2023\/01\/notibras23.png","contentUrl":"https:\/\/www.notibras.com\/site\/wp-content\/uploads\/2023\/01\/notibras23.png","width":350,"height":87,"caption":"Grupo Notibras de Comunica\u00e7\u00e3o"},"image":{"@id":"https:\/\/www.notibras.com\/site\/#\/schema\/logo\/image\/"},"sameAs":["https:\/\/www.facebook.com\/notibras\/","https:\/\/x.com\/Notibras","https:\/\/www.instagram.com\/notibras\/"]},{"@type":"Person","@id":"https:\/\/www.notibras.com\/site\/#\/schema\/person\/36ab0979449956132d3e5b517ea76ac8","name":"Reda\u00e7\u00e3o","image":{"@type":"ImageObject","inLanguage":"pt-BR","@id":"https:\/\/secure.gravatar.com\/avatar\/e0a867bdedb85fd243eadf09663511f96fc81e0720a4a42581f334ad4303aa6b?s=96&d=mm&r=g","url":"https:\/\/secure.gravatar.com\/avatar\/e0a867bdedb85fd243eadf09663511f96fc81e0720a4a42581f334ad4303aa6b?s=96&d=mm&r=g","contentUrl":"https:\/\/secure.gravatar.com\/avatar\/e0a867bdedb85fd243eadf09663511f96fc81e0720a4a42581f334ad4303aa6b?s=96&d=mm&r=g","caption":"Reda\u00e7\u00e3o"}}]}},"amp_enabled":true,"_links":{"self":[{"href":"https:\/\/www.notibras.com\/site\/wp-json\/wp\/v2\/posts\/65134","targetHints":{"allow":["GET"]}}],"collection":[{"href":"https:\/\/www.notibras.com\/site\/wp-json\/wp\/v2\/posts"}],"about":[{"href":"https:\/\/www.notibras.com\/site\/wp-json\/wp\/v2\/types\/post"}],"author":[{"embeddable":true,"href":"https:\/\/www.notibras.com\/site\/wp-json\/wp\/v2\/users\/2"}],"replies":[{"embeddable":true,"href":"https:\/\/www.notibras.com\/site\/wp-json\/wp\/v2\/comments?post=65134"}],"version-history":[{"count":6,"href":"https:\/\/www.notibras.com\/site\/wp-json\/wp\/v2\/posts\/65134\/revisions"}],"predecessor-version":[{"id":65183,"href":"https:\/\/www.notibras.com\/site\/wp-json\/wp\/v2\/posts\/65134\/revisions\/65183"}],"wp:featuredmedia":[{"embeddable":true,"href":"https:\/\/www.notibras.com\/site\/wp-json\/wp\/v2\/media\/65135"}],"wp:attachment":[{"href":"https:\/\/www.notibras.com\/site\/wp-json\/wp\/v2\/media?parent=65134"}],"wp:term":[{"taxonomy":"category","embeddable":true,"href":"https:\/\/www.notibras.com\/site\/wp-json\/wp\/v2\/categories?post=65134"},{"taxonomy":"post_tag","embeddable":true,"href":"https:\/\/www.notibras.com\/site\/wp-json\/wp\/v2\/tags?post=65134"}],"curies":[{"name":"wp","href":"https:\/\/api.w.org\/{rel}","templated":true}]}}