{"id":65145,"date":"2015-08-29T20:20:21","date_gmt":"2015-08-29T23:20:21","guid":{"rendered":"http:\/\/www.notibras.com\/site\/?p=65145"},"modified":"2015-08-30T18:40:17","modified_gmt":"2015-08-30T21:40:17","slug":"crise-na-china-ameaca-recuperacao-da-economia-brasileira-a-medio-prazo","status":"publish","type":"post","link":"https:\/\/www.notibras.com\/site\/crise-na-china-ameaca-recuperacao-da-economia-brasileira-a-medio-prazo\/","title":{"rendered":"Crise na China amea\u00e7a recupera\u00e7\u00e3o da economia brasileira a m\u00e9dio prazo"},"content":{"rendered":"<p>A queda das a\u00e7\u00f5es chinesas, que abalou o mercado financeiro global nas \u00faltimas duas semanas, pode ter efeito duradouro sobre a economia mundial, caso a crise se prolongue. Segundo especialistas, se o estouro da bolha acion\u00e1ria no pa\u00eds asi\u00e1tico acarretar a desacelera\u00e7\u00e3o da segunda maior economia do planeta, pa\u00edses exportadores de bens agr\u00edcolas e minerais, como o Brasil, ser\u00e3o os mais prejudicados.<\/p>\n<p>Apesar da volatilidade dos \u00faltimos dias, os economistas dizem que ainda n\u00e3o est\u00e1 claro se o tombo das a\u00e7\u00f5es de empresas chinesas foi apenas um movimento de corre\u00e7\u00e3o ou se representa uma tend\u00eancia duradoura. Embora tenha ca\u00eddo 37,4% desde meados de junho, o \u00edndice da Bolsa de Xangai acumula valoriza\u00e7\u00e3o de 48,2% nos \u00faltimos 12 meses. Al\u00e9m disso, as fam\u00edlias chinesas aplicam cerca de 20% do patrim\u00f4nio em instrumentos financeiros, percentual considerado baixo em rela\u00e7\u00e3o a outros pa\u00edses.<\/p>\n<p>\u201cOs efeitos da crise chinesa dependem de esclarecer se a queda no mercado de a\u00e7\u00f5es \u00e9 apenas um epis\u00f3dio ou significam que o ciclo de crescimento induzido pelas exporta\u00e7\u00f5es e pelos investimentos est\u00e1 chegando ao fim. Isso a gente ainda n\u00e3o sabe\u201d, afirma o vice-presidente do Conselho Federal de Economia (Cofecon), J\u00falio Miragaya. \u201cMesmo com a queda nas exporta\u00e7\u00f5es, a China pode continuar a crescer fortemente se conseguir aumentar o consumo interno.\u201d<\/p>\n<p>Segundo o professor de economia Andr\u00e9 Nassif, da Universidade Federal Fluminense, o consumo das fam\u00edlias soma 35% do Produto Interno Bruto (PIB, soma das riquezas produzidas no pa\u00eds) na China. No Brasil, o indicador est\u00e1 em torno de 65%. \u201cH\u00e1 potencial para a economia chinesa ampliar o consumo interno. O desafio \u00e9 fazer a transi\u00e7\u00e3o de um modelo exportador e apostar na economia dom\u00e9stica\u201d, diz.<\/p>\n<p>Caso a crise passe do mercado financeiro para a economia real, no entanto, os especialistas advertem de que as consequ\u00eancias podem ser dr\u00e1sticas. Maior consumidor mundial de commodities (bens agr\u00edcolas e minerais com cota\u00e7\u00e3o internacional), a China influencia, de forma significativa, os pre\u00e7os e as quantidades comercializadas de produtos como soja, ferro e petr\u00f3leo, afetando pa\u00edses exportadores.<\/p>\n<p>Para Nassif, o Brasil ser\u00e1 fortemente afetado no caso de uma desacelera\u00e7\u00e3o duradoura do segundo maior mercado exportador do pa\u00eds. \u201cO aumento das vendas externas \u00e9 a \u00fanica vari\u00e1vel que poderia fazer a economia brasileira voltar a crescer mais r\u00e1pido. Neste ano, as exporta\u00e7\u00f5es brasileiras ca\u00edram por causa da queda de pre\u00e7os internacionais. Se as quantidades tamb\u00e9m ca\u00edrem, as consequ\u00eancias ser\u00e3o dram\u00e1ticas\u201d, aflrma Nassif. \u201cNa crise de 2002 e 2003, o Brasil foi beneficiado pelo in\u00edcio da eleva\u00e7\u00e3o de pre\u00e7os das commodities. Agora, esse fator n\u00e3o existe mais.\u201d<\/p>\n<p>Nos \u00faltimos sete anos, a economia da China tem experimentado queda no ritmo de crescimento. De 14% de alta do PIB em 2007, o pa\u00eds asi\u00e1tico deve encerrar 2015 com expans\u00e3o de 6,9%. Caso a crise no mercado financeiro chin\u00eas se intensifique, o pa\u00eds poder\u00e1 crescer entre 4% e 5% ao ano a partir de 2016. Mesmo com a desacelera\u00e7\u00e3o, o vice-presidente do Cofecon considera o \u00edndice \u00f3timo. \u201cDesde o fim dos anos 80, a China cresce 10% ao ano. \u00c9 natural que esse \u00edndice n\u00e3o se sustente, mas um crescimento de 5% \u00e9 \u00f3timo sob qualquer padr\u00e3o\u201d, diz.<\/p>\n<p>De acordo com Miragaya, a queda do pre\u00e7o das commodities n\u00e3o est\u00e1 relacionada apenas ao desempenho da economia chinesa. \u201cExistem cart\u00e9is internacionais nos mercados de min\u00e9rio de ferro e de petr\u00f3leo que est\u00e3o aumentando a produ\u00e7\u00e3o e jogando para baixo os pre\u00e7os em todo o mundo. Isso derruba n\u00e3o apenas as empresas menores, mas complica a situa\u00e7\u00e3o de pa\u00edses que precisam de divisas para equilibrar as finan\u00e7as, como o Brasil\u201d, acrescenta.<\/p>\n<p><strong>Wellton M\u00e1ximo \u2013 ABr<\/strong><\/p>\n","protected":false},"excerpt":{"rendered":"<p>A queda das a\u00e7\u00f5es chinesas, que abalou o mercado financeiro global nas \u00faltimas duas semanas, pode ter efeito duradouro sobre a economia mundial, caso a crise se prolongue. Segundo especialistas, se o estouro da bolha acion\u00e1ria no pa\u00eds asi\u00e1tico acarretar a desacelera\u00e7\u00e3o da segunda maior economia do planeta, pa\u00edses exportadores de bens agr\u00edcolas e minerais, [&hellip;]<\/p>\n","protected":false},"author":2,"featured_media":65146,"comment_status":"open","ping_status":"closed","sticky":false,"template":"","format":"standard","meta":{"_acf_changed":false,"footnotes":""},"categories":[16],"tags":[],"class_list":["post-65145","post","type-post","status-publish","format-standard","has-post-thumbnail","hentry","category-brasil"],"acf":[],"yoast_head":"<!-- This site is optimized with the Yoast SEO plugin v27.2 - https:\/\/yoast.com\/product\/yoast-seo-wordpress\/ -->\n<title>Crise na China amea\u00e7a recupera\u00e7\u00e3o da economia brasileira a m\u00e9dio prazo - Notibras<\/title>\n<meta name=\"robots\" content=\"index, follow, max-snippet:-1, max-image-preview:large, max-video-preview:-1\" \/>\n<link rel=\"canonical\" href=\"https:\/\/www.notibras.com\/site\/crise-na-china-ameaca-recuperacao-da-economia-brasileira-a-medio-prazo\/\" \/>\n<meta property=\"og:locale\" content=\"pt_BR\" \/>\n<meta property=\"og:type\" content=\"article\" \/>\n<meta property=\"og:title\" content=\"Crise na China amea\u00e7a recupera\u00e7\u00e3o da economia brasileira a m\u00e9dio prazo - Notibras\" \/>\n<meta property=\"og:description\" content=\"A queda das a\u00e7\u00f5es chinesas, que abalou o mercado financeiro global nas \u00faltimas duas semanas, pode ter efeito duradouro sobre a economia mundial, caso a crise se prolongue. Segundo especialistas, se o estouro da bolha acion\u00e1ria no pa\u00eds asi\u00e1tico acarretar a desacelera\u00e7\u00e3o da segunda maior economia do planeta, pa\u00edses exportadores de bens agr\u00edcolas e minerais, [&hellip;]\" \/>\n<meta property=\"og:url\" content=\"https:\/\/www.notibras.com\/site\/crise-na-china-ameaca-recuperacao-da-economia-brasileira-a-medio-prazo\/\" \/>\n<meta property=\"og:site_name\" content=\"Notibras\" \/>\n<meta property=\"article:publisher\" content=\"https:\/\/www.facebook.com\/notibras\/\" \/>\n<meta property=\"article:published_time\" content=\"2015-08-29T23:20:21+00:00\" \/>\n<meta property=\"article:modified_time\" content=\"2015-08-30T21:40:17+00:00\" \/>\n<meta property=\"og:image\" content=\"https:\/\/www.notibras.com\/site\/wp-content\/uploads\/2015\/08\/crichi.jpg\" \/>\n\t<meta property=\"og:image:width\" content=\"259\" \/>\n\t<meta property=\"og:image:height\" content=\"194\" \/>\n\t<meta property=\"og:image:type\" content=\"image\/jpeg\" \/>\n<meta name=\"author\" content=\"Reda\u00e7\u00e3o\" \/>\n<meta name=\"twitter:card\" content=\"summary_large_image\" \/>\n<meta name=\"twitter:creator\" content=\"@Notibras\" \/>\n<meta name=\"twitter:site\" content=\"@Notibras\" \/>\n<meta name=\"twitter:label1\" content=\"Escrito por\" \/>\n\t<meta name=\"twitter:data1\" content=\"Reda\u00e7\u00e3o\" \/>\n\t<meta name=\"twitter:label2\" content=\"Est. tempo de leitura\" \/>\n\t<meta name=\"twitter:data2\" content=\"3 minutos\" \/>\n<script type=\"application\/ld+json\" class=\"yoast-schema-graph\">{\"@context\":\"https:\/\/schema.org\",\"@graph\":[{\"@type\":\"Article\",\"@id\":\"https:\/\/www.notibras.com\/site\/crise-na-china-ameaca-recuperacao-da-economia-brasileira-a-medio-prazo\/#article\",\"isPartOf\":{\"@id\":\"https:\/\/www.notibras.com\/site\/crise-na-china-ameaca-recuperacao-da-economia-brasileira-a-medio-prazo\/\"},\"author\":{\"name\":\"Reda\u00e7\u00e3o\",\"@id\":\"https:\/\/www.notibras.com\/site\/#\/schema\/person\/36ab0979449956132d3e5b517ea76ac8\"},\"headline\":\"Crise na China amea\u00e7a recupera\u00e7\u00e3o da economia brasileira a m\u00e9dio prazo\",\"datePublished\":\"2015-08-29T23:20:21+00:00\",\"dateModified\":\"2015-08-30T21:40:17+00:00\",\"mainEntityOfPage\":{\"@id\":\"https:\/\/www.notibras.com\/site\/crise-na-china-ameaca-recuperacao-da-economia-brasileira-a-medio-prazo\/\"},\"wordCount\":659,\"commentCount\":0,\"publisher\":{\"@id\":\"https:\/\/www.notibras.com\/site\/#organization\"},\"image\":{\"@id\":\"https:\/\/www.notibras.com\/site\/crise-na-china-ameaca-recuperacao-da-economia-brasileira-a-medio-prazo\/#primaryimage\"},\"thumbnailUrl\":\"https:\/\/www.notibras.com\/site\/wp-content\/uploads\/2015\/08\/crichi.jpg\",\"articleSection\":[\"Brasil\"],\"inLanguage\":\"pt-BR\",\"potentialAction\":[{\"@type\":\"CommentAction\",\"name\":\"Comment\",\"target\":[\"https:\/\/www.notibras.com\/site\/crise-na-china-ameaca-recuperacao-da-economia-brasileira-a-medio-prazo\/#respond\"]}]},{\"@type\":\"WebPage\",\"@id\":\"https:\/\/www.notibras.com\/site\/crise-na-china-ameaca-recuperacao-da-economia-brasileira-a-medio-prazo\/\",\"url\":\"https:\/\/www.notibras.com\/site\/crise-na-china-ameaca-recuperacao-da-economia-brasileira-a-medio-prazo\/\",\"name\":\"Crise na China amea\u00e7a recupera\u00e7\u00e3o da economia brasileira a m\u00e9dio prazo - Notibras\",\"isPartOf\":{\"@id\":\"https:\/\/www.notibras.com\/site\/#website\"},\"primaryImageOfPage\":{\"@id\":\"https:\/\/www.notibras.com\/site\/crise-na-china-ameaca-recuperacao-da-economia-brasileira-a-medio-prazo\/#primaryimage\"},\"image\":{\"@id\":\"https:\/\/www.notibras.com\/site\/crise-na-china-ameaca-recuperacao-da-economia-brasileira-a-medio-prazo\/#primaryimage\"},\"thumbnailUrl\":\"https:\/\/www.notibras.com\/site\/wp-content\/uploads\/2015\/08\/crichi.jpg\",\"datePublished\":\"2015-08-29T23:20:21+00:00\",\"dateModified\":\"2015-08-30T21:40:17+00:00\",\"breadcrumb\":{\"@id\":\"https:\/\/www.notibras.com\/site\/crise-na-china-ameaca-recuperacao-da-economia-brasileira-a-medio-prazo\/#breadcrumb\"},\"inLanguage\":\"pt-BR\",\"potentialAction\":[{\"@type\":\"ReadAction\",\"target\":[\"https:\/\/www.notibras.com\/site\/crise-na-china-ameaca-recuperacao-da-economia-brasileira-a-medio-prazo\/\"]}]},{\"@type\":\"ImageObject\",\"inLanguage\":\"pt-BR\",\"@id\":\"https:\/\/www.notibras.com\/site\/crise-na-china-ameaca-recuperacao-da-economia-brasileira-a-medio-prazo\/#primaryimage\",\"url\":\"https:\/\/www.notibras.com\/site\/wp-content\/uploads\/2015\/08\/crichi.jpg\",\"contentUrl\":\"https:\/\/www.notibras.com\/site\/wp-content\/uploads\/2015\/08\/crichi.jpg\",\"width\":259,\"height\":194},{\"@type\":\"BreadcrumbList\",\"@id\":\"https:\/\/www.notibras.com\/site\/crise-na-china-ameaca-recuperacao-da-economia-brasileira-a-medio-prazo\/#breadcrumb\",\"itemListElement\":[{\"@type\":\"ListItem\",\"position\":1,\"name\":\"In\u00edcio\",\"item\":\"https:\/\/www.notibras.com\/site\/\"},{\"@type\":\"ListItem\",\"position\":2,\"name\":\"Crise na China amea\u00e7a recupera\u00e7\u00e3o da economia brasileira a m\u00e9dio prazo\"}]},{\"@type\":\"WebSite\",\"@id\":\"https:\/\/www.notibras.com\/site\/#website\",\"url\":\"https:\/\/www.notibras.com\/site\/\",\"name\":\"Notibras\",\"description\":\"Not\u00edcias de Bras\u00edlia, do Brasil e do Mundo\",\"publisher\":{\"@id\":\"https:\/\/www.notibras.com\/site\/#organization\"},\"potentialAction\":[{\"@type\":\"SearchAction\",\"target\":{\"@type\":\"EntryPoint\",\"urlTemplate\":\"https:\/\/www.notibras.com\/site\/?s={search_term_string}\"},\"query-input\":{\"@type\":\"PropertyValueSpecification\",\"valueRequired\":true,\"valueName\":\"search_term_string\"}}],\"inLanguage\":\"pt-BR\"},{\"@type\":\"Organization\",\"@id\":\"https:\/\/www.notibras.com\/site\/#organization\",\"name\":\"Grupo Notibras de Comunica\u00e7\u00e3o\",\"url\":\"https:\/\/www.notibras.com\/site\/\",\"logo\":{\"@type\":\"ImageObject\",\"inLanguage\":\"pt-BR\",\"@id\":\"https:\/\/www.notibras.com\/site\/#\/schema\/logo\/image\/\",\"url\":\"https:\/\/www.notibras.com\/site\/wp-content\/uploads\/2023\/01\/notibras23.png\",\"contentUrl\":\"https:\/\/www.notibras.com\/site\/wp-content\/uploads\/2023\/01\/notibras23.png\",\"width\":350,\"height\":87,\"caption\":\"Grupo Notibras de Comunica\u00e7\u00e3o\"},\"image\":{\"@id\":\"https:\/\/www.notibras.com\/site\/#\/schema\/logo\/image\/\"},\"sameAs\":[\"https:\/\/www.facebook.com\/notibras\/\",\"https:\/\/x.com\/Notibras\",\"https:\/\/www.instagram.com\/notibras\/\"]},{\"@type\":\"Person\",\"@id\":\"https:\/\/www.notibras.com\/site\/#\/schema\/person\/36ab0979449956132d3e5b517ea76ac8\",\"name\":\"Reda\u00e7\u00e3o\",\"image\":{\"@type\":\"ImageObject\",\"inLanguage\":\"pt-BR\",\"@id\":\"https:\/\/secure.gravatar.com\/avatar\/e0a867bdedb85fd243eadf09663511f96fc81e0720a4a42581f334ad4303aa6b?s=96&d=mm&r=g\",\"url\":\"https:\/\/secure.gravatar.com\/avatar\/e0a867bdedb85fd243eadf09663511f96fc81e0720a4a42581f334ad4303aa6b?s=96&d=mm&r=g\",\"contentUrl\":\"https:\/\/secure.gravatar.com\/avatar\/e0a867bdedb85fd243eadf09663511f96fc81e0720a4a42581f334ad4303aa6b?s=96&d=mm&r=g\",\"caption\":\"Reda\u00e7\u00e3o\"}}]}<\/script>\n<!-- \/ Yoast SEO plugin. -->","yoast_head_json":{"title":"Crise na China amea\u00e7a recupera\u00e7\u00e3o da economia brasileira a m\u00e9dio prazo - Notibras","robots":{"index":"index","follow":"follow","max-snippet":"max-snippet:-1","max-image-preview":"max-image-preview:large","max-video-preview":"max-video-preview:-1"},"canonical":"https:\/\/www.notibras.com\/site\/crise-na-china-ameaca-recuperacao-da-economia-brasileira-a-medio-prazo\/","og_locale":"pt_BR","og_type":"article","og_title":"Crise na China amea\u00e7a recupera\u00e7\u00e3o da economia brasileira a m\u00e9dio prazo - Notibras","og_description":"A queda das a\u00e7\u00f5es chinesas, que abalou o mercado financeiro global nas \u00faltimas duas semanas, pode ter efeito duradouro sobre a economia mundial, caso a crise se prolongue. Segundo especialistas, se o estouro da bolha acion\u00e1ria no pa\u00eds asi\u00e1tico acarretar a desacelera\u00e7\u00e3o da segunda maior economia do planeta, pa\u00edses exportadores de bens agr\u00edcolas e minerais, [&hellip;]","og_url":"https:\/\/www.notibras.com\/site\/crise-na-china-ameaca-recuperacao-da-economia-brasileira-a-medio-prazo\/","og_site_name":"Notibras","article_publisher":"https:\/\/www.facebook.com\/notibras\/","article_published_time":"2015-08-29T23:20:21+00:00","article_modified_time":"2015-08-30T21:40:17+00:00","og_image":[{"width":259,"height":194,"url":"https:\/\/www.notibras.com\/site\/wp-content\/uploads\/2015\/08\/crichi.jpg","type":"image\/jpeg"}],"author":"Reda\u00e7\u00e3o","twitter_card":"summary_large_image","twitter_creator":"@Notibras","twitter_site":"@Notibras","twitter_misc":{"Escrito por":"Reda\u00e7\u00e3o","Est. tempo de leitura":"3 minutos"},"schema":{"@context":"https:\/\/schema.org","@graph":[{"@type":"Article","@id":"https:\/\/www.notibras.com\/site\/crise-na-china-ameaca-recuperacao-da-economia-brasileira-a-medio-prazo\/#article","isPartOf":{"@id":"https:\/\/www.notibras.com\/site\/crise-na-china-ameaca-recuperacao-da-economia-brasileira-a-medio-prazo\/"},"author":{"name":"Reda\u00e7\u00e3o","@id":"https:\/\/www.notibras.com\/site\/#\/schema\/person\/36ab0979449956132d3e5b517ea76ac8"},"headline":"Crise na China amea\u00e7a recupera\u00e7\u00e3o da economia brasileira a m\u00e9dio prazo","datePublished":"2015-08-29T23:20:21+00:00","dateModified":"2015-08-30T21:40:17+00:00","mainEntityOfPage":{"@id":"https:\/\/www.notibras.com\/site\/crise-na-china-ameaca-recuperacao-da-economia-brasileira-a-medio-prazo\/"},"wordCount":659,"commentCount":0,"publisher":{"@id":"https:\/\/www.notibras.com\/site\/#organization"},"image":{"@id":"https:\/\/www.notibras.com\/site\/crise-na-china-ameaca-recuperacao-da-economia-brasileira-a-medio-prazo\/#primaryimage"},"thumbnailUrl":"https:\/\/www.notibras.com\/site\/wp-content\/uploads\/2015\/08\/crichi.jpg","articleSection":["Brasil"],"inLanguage":"pt-BR","potentialAction":[{"@type":"CommentAction","name":"Comment","target":["https:\/\/www.notibras.com\/site\/crise-na-china-ameaca-recuperacao-da-economia-brasileira-a-medio-prazo\/#respond"]}]},{"@type":"WebPage","@id":"https:\/\/www.notibras.com\/site\/crise-na-china-ameaca-recuperacao-da-economia-brasileira-a-medio-prazo\/","url":"https:\/\/www.notibras.com\/site\/crise-na-china-ameaca-recuperacao-da-economia-brasileira-a-medio-prazo\/","name":"Crise na China amea\u00e7a recupera\u00e7\u00e3o da economia brasileira a m\u00e9dio prazo - Notibras","isPartOf":{"@id":"https:\/\/www.notibras.com\/site\/#website"},"primaryImageOfPage":{"@id":"https:\/\/www.notibras.com\/site\/crise-na-china-ameaca-recuperacao-da-economia-brasileira-a-medio-prazo\/#primaryimage"},"image":{"@id":"https:\/\/www.notibras.com\/site\/crise-na-china-ameaca-recuperacao-da-economia-brasileira-a-medio-prazo\/#primaryimage"},"thumbnailUrl":"https:\/\/www.notibras.com\/site\/wp-content\/uploads\/2015\/08\/crichi.jpg","datePublished":"2015-08-29T23:20:21+00:00","dateModified":"2015-08-30T21:40:17+00:00","breadcrumb":{"@id":"https:\/\/www.notibras.com\/site\/crise-na-china-ameaca-recuperacao-da-economia-brasileira-a-medio-prazo\/#breadcrumb"},"inLanguage":"pt-BR","potentialAction":[{"@type":"ReadAction","target":["https:\/\/www.notibras.com\/site\/crise-na-china-ameaca-recuperacao-da-economia-brasileira-a-medio-prazo\/"]}]},{"@type":"ImageObject","inLanguage":"pt-BR","@id":"https:\/\/www.notibras.com\/site\/crise-na-china-ameaca-recuperacao-da-economia-brasileira-a-medio-prazo\/#primaryimage","url":"https:\/\/www.notibras.com\/site\/wp-content\/uploads\/2015\/08\/crichi.jpg","contentUrl":"https:\/\/www.notibras.com\/site\/wp-content\/uploads\/2015\/08\/crichi.jpg","width":259,"height":194},{"@type":"BreadcrumbList","@id":"https:\/\/www.notibras.com\/site\/crise-na-china-ameaca-recuperacao-da-economia-brasileira-a-medio-prazo\/#breadcrumb","itemListElement":[{"@type":"ListItem","position":1,"name":"In\u00edcio","item":"https:\/\/www.notibras.com\/site\/"},{"@type":"ListItem","position":2,"name":"Crise na China amea\u00e7a recupera\u00e7\u00e3o da economia brasileira a m\u00e9dio prazo"}]},{"@type":"WebSite","@id":"https:\/\/www.notibras.com\/site\/#website","url":"https:\/\/www.notibras.com\/site\/","name":"Notibras","description":"Not\u00edcias de Bras\u00edlia, do Brasil e do Mundo","publisher":{"@id":"https:\/\/www.notibras.com\/site\/#organization"},"potentialAction":[{"@type":"SearchAction","target":{"@type":"EntryPoint","urlTemplate":"https:\/\/www.notibras.com\/site\/?s={search_term_string}"},"query-input":{"@type":"PropertyValueSpecification","valueRequired":true,"valueName":"search_term_string"}}],"inLanguage":"pt-BR"},{"@type":"Organization","@id":"https:\/\/www.notibras.com\/site\/#organization","name":"Grupo Notibras de Comunica\u00e7\u00e3o","url":"https:\/\/www.notibras.com\/site\/","logo":{"@type":"ImageObject","inLanguage":"pt-BR","@id":"https:\/\/www.notibras.com\/site\/#\/schema\/logo\/image\/","url":"https:\/\/www.notibras.com\/site\/wp-content\/uploads\/2023\/01\/notibras23.png","contentUrl":"https:\/\/www.notibras.com\/site\/wp-content\/uploads\/2023\/01\/notibras23.png","width":350,"height":87,"caption":"Grupo Notibras de Comunica\u00e7\u00e3o"},"image":{"@id":"https:\/\/www.notibras.com\/site\/#\/schema\/logo\/image\/"},"sameAs":["https:\/\/www.facebook.com\/notibras\/","https:\/\/x.com\/Notibras","https:\/\/www.instagram.com\/notibras\/"]},{"@type":"Person","@id":"https:\/\/www.notibras.com\/site\/#\/schema\/person\/36ab0979449956132d3e5b517ea76ac8","name":"Reda\u00e7\u00e3o","image":{"@type":"ImageObject","inLanguage":"pt-BR","@id":"https:\/\/secure.gravatar.com\/avatar\/e0a867bdedb85fd243eadf09663511f96fc81e0720a4a42581f334ad4303aa6b?s=96&d=mm&r=g","url":"https:\/\/secure.gravatar.com\/avatar\/e0a867bdedb85fd243eadf09663511f96fc81e0720a4a42581f334ad4303aa6b?s=96&d=mm&r=g","contentUrl":"https:\/\/secure.gravatar.com\/avatar\/e0a867bdedb85fd243eadf09663511f96fc81e0720a4a42581f334ad4303aa6b?s=96&d=mm&r=g","caption":"Reda\u00e7\u00e3o"}}]}},"amp_enabled":true,"_links":{"self":[{"href":"https:\/\/www.notibras.com\/site\/wp-json\/wp\/v2\/posts\/65145","targetHints":{"allow":["GET"]}}],"collection":[{"href":"https:\/\/www.notibras.com\/site\/wp-json\/wp\/v2\/posts"}],"about":[{"href":"https:\/\/www.notibras.com\/site\/wp-json\/wp\/v2\/types\/post"}],"author":[{"embeddable":true,"href":"https:\/\/www.notibras.com\/site\/wp-json\/wp\/v2\/users\/2"}],"replies":[{"embeddable":true,"href":"https:\/\/www.notibras.com\/site\/wp-json\/wp\/v2\/comments?post=65145"}],"version-history":[{"count":1,"href":"https:\/\/www.notibras.com\/site\/wp-json\/wp\/v2\/posts\/65145\/revisions"}],"predecessor-version":[{"id":65147,"href":"https:\/\/www.notibras.com\/site\/wp-json\/wp\/v2\/posts\/65145\/revisions\/65147"}],"wp:featuredmedia":[{"embeddable":true,"href":"https:\/\/www.notibras.com\/site\/wp-json\/wp\/v2\/media\/65146"}],"wp:attachment":[{"href":"https:\/\/www.notibras.com\/site\/wp-json\/wp\/v2\/media?parent=65145"}],"wp:term":[{"taxonomy":"category","embeddable":true,"href":"https:\/\/www.notibras.com\/site\/wp-json\/wp\/v2\/categories?post=65145"},{"taxonomy":"post_tag","embeddable":true,"href":"https:\/\/www.notibras.com\/site\/wp-json\/wp\/v2\/tags?post=65145"}],"curies":[{"name":"wp","href":"https:\/\/api.w.org\/{rel}","templated":true}]}}