{"id":65206,"date":"2015-08-29T11:05:51","date_gmt":"2015-08-29T14:05:51","guid":{"rendered":"http:\/\/www.notibras.com\/site\/?p=65206"},"modified":"2015-10-29T14:48:17","modified_gmt":"2015-10-29T16:48:17","slug":"idosa-de-114-anos-reencontra-filha-em-asilo-apos-separacao-de-50-anos","status":"publish","type":"post","link":"https:\/\/www.notibras.com\/site\/idosa-de-114-anos-reencontra-filha-em-asilo-apos-separacao-de-50-anos\/","title":{"rendered":"Idosa de 114 anos reencontra filha em asilo ap\u00f3s separa\u00e7\u00e3o de 50 anos"},"content":{"rendered":"<p>Ap\u00f3s 50 anos separadas, a idosa Maria de Lourdes Silva, de 114 anos, que mora em um abrigo de idosos de Goi\u00e2nia, reencontrou a filha adotiva, Sin\u00e9sia Francisca da Silva, de 70, quando ela passou a morar no mesmo local, em Goi\u00e2nia. Depois de tanto tempo separadas, agora, a m\u00e3e centen\u00e1ria precisa cuidar novamente da filha, que sofreu um Acidente Vascular Cerebral (AVC) e s\u00f3 se locomove usando cadeira de rodas.<\/p>\n<p>Filha de escravos, Maria de Lourdes nasceu em Minas Gerais, mas se mudou para Goi\u00e2nia, onde casou, teve um filho e adotou um beb\u00ea que tinha perdido a m\u00e3e na \u00e9poca. \u201cEla era nen\u00e9m e a m\u00e3e dela morreu\u201d, conta.<\/p>\n<p>Por\u00e9m, tempos depois, elas se separaram e ficaram um longo tempo se terem not\u00edcias uma da outra. \u201cVeio um parente dela e levou ela embora\u201d, disse, Maria de Lourdes. Por coincid\u00eancia do destino, ap\u00f3s o AVC, o Sin\u00e9sia passou a morar no mesmo abrigo de idosos que sua m\u00e3e, que j\u00e1 vivia l\u00e1 h\u00e1 um ano. Desde ent\u00e3o, as duas n\u00e3o se desgrudam mais.<\/p>\n<p>Alta, magra e de cabelos grisalhos, Maria de Lourdes tem disposi\u00e7\u00e3o e energia suficiente para cuidar da filha. Ela empurra a cadeira de roda por todo o abrigo e ainda lhe fazer carinhos. Com a nova companhia, os dias da descendente de escravos centen\u00e1ria ganharam um novo sentido: \u201c[Os dias] S\u00e3o todos alegres, gra\u00e7as a Deus\u201d.<\/p>\n","protected":false},"excerpt":{"rendered":"<p>Ap\u00f3s 50 anos separadas, a idosa Maria de Lourdes Silva, de 114 anos, que mora em um abrigo de idosos de Goi\u00e2nia, reencontrou a filha adotiva, Sin\u00e9sia Francisca da Silva, de 70, quando ela passou a morar no mesmo local, em Goi\u00e2nia. Depois de tanto tempo separadas, agora, a m\u00e3e centen\u00e1ria precisa cuidar novamente da [&hellip;]<\/p>\n","protected":false},"author":2,"featured_media":65207,"comment_status":"open","ping_status":"closed","sticky":false,"template":"","format":"standard","meta":{"_acf_changed":false,"footnotes":""},"categories":[16],"tags":[],"class_list":["post-65206","post","type-post","status-publish","format-standard","has-post-thumbnail","hentry","category-brasil"],"acf":[],"yoast_head":"<!-- This site is optimized with the Yoast SEO plugin v27.2 - https:\/\/yoast.com\/product\/yoast-seo-wordpress\/ -->\n<title>Idosa de 114 anos reencontra filha em asilo ap\u00f3s separa\u00e7\u00e3o de 50 anos - Notibras<\/title>\n<meta name=\"robots\" content=\"index, follow, max-snippet:-1, max-image-preview:large, max-video-preview:-1\" \/>\n<link rel=\"canonical\" href=\"https:\/\/www.notibras.com\/site\/idosa-de-114-anos-reencontra-filha-em-asilo-apos-separacao-de-50-anos\/\" \/>\n<meta property=\"og:locale\" content=\"pt_BR\" \/>\n<meta property=\"og:type\" content=\"article\" \/>\n<meta property=\"og:title\" content=\"Idosa de 114 anos reencontra filha em asilo ap\u00f3s separa\u00e7\u00e3o de 50 anos - Notibras\" \/>\n<meta property=\"og:description\" content=\"Ap\u00f3s 50 anos separadas, a idosa Maria de Lourdes Silva, de 114 anos, que mora em um abrigo de idosos de Goi\u00e2nia, reencontrou a filha adotiva, Sin\u00e9sia Francisca da Silva, de 70, quando ela passou a morar no mesmo local, em Goi\u00e2nia. Depois de tanto tempo separadas, agora, a m\u00e3e centen\u00e1ria precisa cuidar novamente da [&hellip;]\" \/>\n<meta property=\"og:url\" content=\"https:\/\/www.notibras.com\/site\/idosa-de-114-anos-reencontra-filha-em-asilo-apos-separacao-de-50-anos\/\" \/>\n<meta property=\"og:site_name\" content=\"Notibras\" \/>\n<meta property=\"article:publisher\" content=\"https:\/\/www.facebook.com\/notibras\/\" \/>\n<meta property=\"article:published_time\" content=\"2015-08-29T14:05:51+00:00\" \/>\n<meta property=\"article:modified_time\" content=\"2015-10-29T16:48:17+00:00\" \/>\n<meta property=\"og:image\" content=\"https:\/\/www.notibras.com\/site\/wp-content\/uploads\/2015\/08\/mae-filha.jpg\" \/>\n\t<meta property=\"og:image:width\" content=\"620\" \/>\n\t<meta property=\"og:image:height\" content=\"400\" \/>\n\t<meta property=\"og:image:type\" content=\"image\/jpeg\" \/>\n<meta name=\"author\" content=\"Reda\u00e7\u00e3o\" \/>\n<meta name=\"twitter:card\" content=\"summary_large_image\" \/>\n<meta name=\"twitter:creator\" content=\"@Notibras\" \/>\n<meta name=\"twitter:site\" content=\"@Notibras\" \/>\n<meta name=\"twitter:label1\" content=\"Escrito por\" \/>\n\t<meta name=\"twitter:data1\" content=\"Reda\u00e7\u00e3o\" \/>\n\t<meta name=\"twitter:label2\" content=\"Est. tempo de leitura\" \/>\n\t<meta name=\"twitter:data2\" content=\"1 minuto\" \/>\n<script type=\"application\/ld+json\" class=\"yoast-schema-graph\">{\"@context\":\"https:\/\/schema.org\",\"@graph\":[{\"@type\":\"Article\",\"@id\":\"https:\/\/www.notibras.com\/site\/idosa-de-114-anos-reencontra-filha-em-asilo-apos-separacao-de-50-anos\/#article\",\"isPartOf\":{\"@id\":\"https:\/\/www.notibras.com\/site\/idosa-de-114-anos-reencontra-filha-em-asilo-apos-separacao-de-50-anos\/\"},\"author\":{\"name\":\"Reda\u00e7\u00e3o\",\"@id\":\"https:\/\/www.notibras.com\/site\/#\/schema\/person\/36ab0979449956132d3e5b517ea76ac8\"},\"headline\":\"Idosa de 114 anos reencontra filha em asilo ap\u00f3s separa\u00e7\u00e3o de 50 anos\",\"datePublished\":\"2015-08-29T14:05:51+00:00\",\"dateModified\":\"2015-10-29T16:48:17+00:00\",\"mainEntityOfPage\":{\"@id\":\"https:\/\/www.notibras.com\/site\/idosa-de-114-anos-reencontra-filha-em-asilo-apos-separacao-de-50-anos\/\"},\"wordCount\":263,\"commentCount\":0,\"publisher\":{\"@id\":\"https:\/\/www.notibras.com\/site\/#organization\"},\"image\":{\"@id\":\"https:\/\/www.notibras.com\/site\/idosa-de-114-anos-reencontra-filha-em-asilo-apos-separacao-de-50-anos\/#primaryimage\"},\"thumbnailUrl\":\"https:\/\/www.notibras.com\/site\/wp-content\/uploads\/2015\/08\/mae-filha.jpg\",\"articleSection\":[\"Brasil\"],\"inLanguage\":\"pt-BR\",\"potentialAction\":[{\"@type\":\"CommentAction\",\"name\":\"Comment\",\"target\":[\"https:\/\/www.notibras.com\/site\/idosa-de-114-anos-reencontra-filha-em-asilo-apos-separacao-de-50-anos\/#respond\"]}]},{\"@type\":\"WebPage\",\"@id\":\"https:\/\/www.notibras.com\/site\/idosa-de-114-anos-reencontra-filha-em-asilo-apos-separacao-de-50-anos\/\",\"url\":\"https:\/\/www.notibras.com\/site\/idosa-de-114-anos-reencontra-filha-em-asilo-apos-separacao-de-50-anos\/\",\"name\":\"Idosa de 114 anos reencontra filha em asilo ap\u00f3s separa\u00e7\u00e3o de 50 anos - Notibras\",\"isPartOf\":{\"@id\":\"https:\/\/www.notibras.com\/site\/#website\"},\"primaryImageOfPage\":{\"@id\":\"https:\/\/www.notibras.com\/site\/idosa-de-114-anos-reencontra-filha-em-asilo-apos-separacao-de-50-anos\/#primaryimage\"},\"image\":{\"@id\":\"https:\/\/www.notibras.com\/site\/idosa-de-114-anos-reencontra-filha-em-asilo-apos-separacao-de-50-anos\/#primaryimage\"},\"thumbnailUrl\":\"https:\/\/www.notibras.com\/site\/wp-content\/uploads\/2015\/08\/mae-filha.jpg\",\"datePublished\":\"2015-08-29T14:05:51+00:00\",\"dateModified\":\"2015-10-29T16:48:17+00:00\",\"breadcrumb\":{\"@id\":\"https:\/\/www.notibras.com\/site\/idosa-de-114-anos-reencontra-filha-em-asilo-apos-separacao-de-50-anos\/#breadcrumb\"},\"inLanguage\":\"pt-BR\",\"potentialAction\":[{\"@type\":\"ReadAction\",\"target\":[\"https:\/\/www.notibras.com\/site\/idosa-de-114-anos-reencontra-filha-em-asilo-apos-separacao-de-50-anos\/\"]}]},{\"@type\":\"ImageObject\",\"inLanguage\":\"pt-BR\",\"@id\":\"https:\/\/www.notibras.com\/site\/idosa-de-114-anos-reencontra-filha-em-asilo-apos-separacao-de-50-anos\/#primaryimage\",\"url\":\"https:\/\/www.notibras.com\/site\/wp-content\/uploads\/2015\/08\/mae-filha.jpg\",\"contentUrl\":\"https:\/\/www.notibras.com\/site\/wp-content\/uploads\/2015\/08\/mae-filha.jpg\",\"width\":620,\"height\":400},{\"@type\":\"BreadcrumbList\",\"@id\":\"https:\/\/www.notibras.com\/site\/idosa-de-114-anos-reencontra-filha-em-asilo-apos-separacao-de-50-anos\/#breadcrumb\",\"itemListElement\":[{\"@type\":\"ListItem\",\"position\":1,\"name\":\"In\u00edcio\",\"item\":\"https:\/\/www.notibras.com\/site\/\"},{\"@type\":\"ListItem\",\"position\":2,\"name\":\"Idosa de 114 anos reencontra filha em asilo ap\u00f3s separa\u00e7\u00e3o de 50 anos\"}]},{\"@type\":\"WebSite\",\"@id\":\"https:\/\/www.notibras.com\/site\/#website\",\"url\":\"https:\/\/www.notibras.com\/site\/\",\"name\":\"Notibras\",\"description\":\"Not\u00edcias de Bras\u00edlia, do Brasil e do Mundo\",\"publisher\":{\"@id\":\"https:\/\/www.notibras.com\/site\/#organization\"},\"potentialAction\":[{\"@type\":\"SearchAction\",\"target\":{\"@type\":\"EntryPoint\",\"urlTemplate\":\"https:\/\/www.notibras.com\/site\/?s={search_term_string}\"},\"query-input\":{\"@type\":\"PropertyValueSpecification\",\"valueRequired\":true,\"valueName\":\"search_term_string\"}}],\"inLanguage\":\"pt-BR\"},{\"@type\":\"Organization\",\"@id\":\"https:\/\/www.notibras.com\/site\/#organization\",\"name\":\"Grupo Notibras de Comunica\u00e7\u00e3o\",\"url\":\"https:\/\/www.notibras.com\/site\/\",\"logo\":{\"@type\":\"ImageObject\",\"inLanguage\":\"pt-BR\",\"@id\":\"https:\/\/www.notibras.com\/site\/#\/schema\/logo\/image\/\",\"url\":\"https:\/\/www.notibras.com\/site\/wp-content\/uploads\/2023\/01\/notibras23.png\",\"contentUrl\":\"https:\/\/www.notibras.com\/site\/wp-content\/uploads\/2023\/01\/notibras23.png\",\"width\":350,\"height\":87,\"caption\":\"Grupo Notibras de Comunica\u00e7\u00e3o\"},\"image\":{\"@id\":\"https:\/\/www.notibras.com\/site\/#\/schema\/logo\/image\/\"},\"sameAs\":[\"https:\/\/www.facebook.com\/notibras\/\",\"https:\/\/x.com\/Notibras\",\"https:\/\/www.instagram.com\/notibras\/\"]},{\"@type\":\"Person\",\"@id\":\"https:\/\/www.notibras.com\/site\/#\/schema\/person\/36ab0979449956132d3e5b517ea76ac8\",\"name\":\"Reda\u00e7\u00e3o\",\"image\":{\"@type\":\"ImageObject\",\"inLanguage\":\"pt-BR\",\"@id\":\"https:\/\/secure.gravatar.com\/avatar\/e0a867bdedb85fd243eadf09663511f96fc81e0720a4a42581f334ad4303aa6b?s=96&d=mm&r=g\",\"url\":\"https:\/\/secure.gravatar.com\/avatar\/e0a867bdedb85fd243eadf09663511f96fc81e0720a4a42581f334ad4303aa6b?s=96&d=mm&r=g\",\"contentUrl\":\"https:\/\/secure.gravatar.com\/avatar\/e0a867bdedb85fd243eadf09663511f96fc81e0720a4a42581f334ad4303aa6b?s=96&d=mm&r=g\",\"caption\":\"Reda\u00e7\u00e3o\"}}]}<\/script>\n<!-- \/ Yoast SEO plugin. -->","yoast_head_json":{"title":"Idosa de 114 anos reencontra filha em asilo ap\u00f3s separa\u00e7\u00e3o de 50 anos - Notibras","robots":{"index":"index","follow":"follow","max-snippet":"max-snippet:-1","max-image-preview":"max-image-preview:large","max-video-preview":"max-video-preview:-1"},"canonical":"https:\/\/www.notibras.com\/site\/idosa-de-114-anos-reencontra-filha-em-asilo-apos-separacao-de-50-anos\/","og_locale":"pt_BR","og_type":"article","og_title":"Idosa de 114 anos reencontra filha em asilo ap\u00f3s separa\u00e7\u00e3o de 50 anos - Notibras","og_description":"Ap\u00f3s 50 anos separadas, a idosa Maria de Lourdes Silva, de 114 anos, que mora em um abrigo de idosos de Goi\u00e2nia, reencontrou a filha adotiva, Sin\u00e9sia Francisca da Silva, de 70, quando ela passou a morar no mesmo local, em Goi\u00e2nia. Depois de tanto tempo separadas, agora, a m\u00e3e centen\u00e1ria precisa cuidar novamente da [&hellip;]","og_url":"https:\/\/www.notibras.com\/site\/idosa-de-114-anos-reencontra-filha-em-asilo-apos-separacao-de-50-anos\/","og_site_name":"Notibras","article_publisher":"https:\/\/www.facebook.com\/notibras\/","article_published_time":"2015-08-29T14:05:51+00:00","article_modified_time":"2015-10-29T16:48:17+00:00","og_image":[{"width":620,"height":400,"url":"https:\/\/www.notibras.com\/site\/wp-content\/uploads\/2015\/08\/mae-filha.jpg","type":"image\/jpeg"}],"author":"Reda\u00e7\u00e3o","twitter_card":"summary_large_image","twitter_creator":"@Notibras","twitter_site":"@Notibras","twitter_misc":{"Escrito por":"Reda\u00e7\u00e3o","Est. tempo de leitura":"1 minuto"},"schema":{"@context":"https:\/\/schema.org","@graph":[{"@type":"Article","@id":"https:\/\/www.notibras.com\/site\/idosa-de-114-anos-reencontra-filha-em-asilo-apos-separacao-de-50-anos\/#article","isPartOf":{"@id":"https:\/\/www.notibras.com\/site\/idosa-de-114-anos-reencontra-filha-em-asilo-apos-separacao-de-50-anos\/"},"author":{"name":"Reda\u00e7\u00e3o","@id":"https:\/\/www.notibras.com\/site\/#\/schema\/person\/36ab0979449956132d3e5b517ea76ac8"},"headline":"Idosa de 114 anos reencontra filha em asilo ap\u00f3s separa\u00e7\u00e3o de 50 anos","datePublished":"2015-08-29T14:05:51+00:00","dateModified":"2015-10-29T16:48:17+00:00","mainEntityOfPage":{"@id":"https:\/\/www.notibras.com\/site\/idosa-de-114-anos-reencontra-filha-em-asilo-apos-separacao-de-50-anos\/"},"wordCount":263,"commentCount":0,"publisher":{"@id":"https:\/\/www.notibras.com\/site\/#organization"},"image":{"@id":"https:\/\/www.notibras.com\/site\/idosa-de-114-anos-reencontra-filha-em-asilo-apos-separacao-de-50-anos\/#primaryimage"},"thumbnailUrl":"https:\/\/www.notibras.com\/site\/wp-content\/uploads\/2015\/08\/mae-filha.jpg","articleSection":["Brasil"],"inLanguage":"pt-BR","potentialAction":[{"@type":"CommentAction","name":"Comment","target":["https:\/\/www.notibras.com\/site\/idosa-de-114-anos-reencontra-filha-em-asilo-apos-separacao-de-50-anos\/#respond"]}]},{"@type":"WebPage","@id":"https:\/\/www.notibras.com\/site\/idosa-de-114-anos-reencontra-filha-em-asilo-apos-separacao-de-50-anos\/","url":"https:\/\/www.notibras.com\/site\/idosa-de-114-anos-reencontra-filha-em-asilo-apos-separacao-de-50-anos\/","name":"Idosa de 114 anos reencontra filha em asilo ap\u00f3s separa\u00e7\u00e3o de 50 anos - Notibras","isPartOf":{"@id":"https:\/\/www.notibras.com\/site\/#website"},"primaryImageOfPage":{"@id":"https:\/\/www.notibras.com\/site\/idosa-de-114-anos-reencontra-filha-em-asilo-apos-separacao-de-50-anos\/#primaryimage"},"image":{"@id":"https:\/\/www.notibras.com\/site\/idosa-de-114-anos-reencontra-filha-em-asilo-apos-separacao-de-50-anos\/#primaryimage"},"thumbnailUrl":"https:\/\/www.notibras.com\/site\/wp-content\/uploads\/2015\/08\/mae-filha.jpg","datePublished":"2015-08-29T14:05:51+00:00","dateModified":"2015-10-29T16:48:17+00:00","breadcrumb":{"@id":"https:\/\/www.notibras.com\/site\/idosa-de-114-anos-reencontra-filha-em-asilo-apos-separacao-de-50-anos\/#breadcrumb"},"inLanguage":"pt-BR","potentialAction":[{"@type":"ReadAction","target":["https:\/\/www.notibras.com\/site\/idosa-de-114-anos-reencontra-filha-em-asilo-apos-separacao-de-50-anos\/"]}]},{"@type":"ImageObject","inLanguage":"pt-BR","@id":"https:\/\/www.notibras.com\/site\/idosa-de-114-anos-reencontra-filha-em-asilo-apos-separacao-de-50-anos\/#primaryimage","url":"https:\/\/www.notibras.com\/site\/wp-content\/uploads\/2015\/08\/mae-filha.jpg","contentUrl":"https:\/\/www.notibras.com\/site\/wp-content\/uploads\/2015\/08\/mae-filha.jpg","width":620,"height":400},{"@type":"BreadcrumbList","@id":"https:\/\/www.notibras.com\/site\/idosa-de-114-anos-reencontra-filha-em-asilo-apos-separacao-de-50-anos\/#breadcrumb","itemListElement":[{"@type":"ListItem","position":1,"name":"In\u00edcio","item":"https:\/\/www.notibras.com\/site\/"},{"@type":"ListItem","position":2,"name":"Idosa de 114 anos reencontra filha em asilo ap\u00f3s separa\u00e7\u00e3o de 50 anos"}]},{"@type":"WebSite","@id":"https:\/\/www.notibras.com\/site\/#website","url":"https:\/\/www.notibras.com\/site\/","name":"Notibras","description":"Not\u00edcias de Bras\u00edlia, do Brasil e do Mundo","publisher":{"@id":"https:\/\/www.notibras.com\/site\/#organization"},"potentialAction":[{"@type":"SearchAction","target":{"@type":"EntryPoint","urlTemplate":"https:\/\/www.notibras.com\/site\/?s={search_term_string}"},"query-input":{"@type":"PropertyValueSpecification","valueRequired":true,"valueName":"search_term_string"}}],"inLanguage":"pt-BR"},{"@type":"Organization","@id":"https:\/\/www.notibras.com\/site\/#organization","name":"Grupo Notibras de Comunica\u00e7\u00e3o","url":"https:\/\/www.notibras.com\/site\/","logo":{"@type":"ImageObject","inLanguage":"pt-BR","@id":"https:\/\/www.notibras.com\/site\/#\/schema\/logo\/image\/","url":"https:\/\/www.notibras.com\/site\/wp-content\/uploads\/2023\/01\/notibras23.png","contentUrl":"https:\/\/www.notibras.com\/site\/wp-content\/uploads\/2023\/01\/notibras23.png","width":350,"height":87,"caption":"Grupo Notibras de Comunica\u00e7\u00e3o"},"image":{"@id":"https:\/\/www.notibras.com\/site\/#\/schema\/logo\/image\/"},"sameAs":["https:\/\/www.facebook.com\/notibras\/","https:\/\/x.com\/Notibras","https:\/\/www.instagram.com\/notibras\/"]},{"@type":"Person","@id":"https:\/\/www.notibras.com\/site\/#\/schema\/person\/36ab0979449956132d3e5b517ea76ac8","name":"Reda\u00e7\u00e3o","image":{"@type":"ImageObject","inLanguage":"pt-BR","@id":"https:\/\/secure.gravatar.com\/avatar\/e0a867bdedb85fd243eadf09663511f96fc81e0720a4a42581f334ad4303aa6b?s=96&d=mm&r=g","url":"https:\/\/secure.gravatar.com\/avatar\/e0a867bdedb85fd243eadf09663511f96fc81e0720a4a42581f334ad4303aa6b?s=96&d=mm&r=g","contentUrl":"https:\/\/secure.gravatar.com\/avatar\/e0a867bdedb85fd243eadf09663511f96fc81e0720a4a42581f334ad4303aa6b?s=96&d=mm&r=g","caption":"Reda\u00e7\u00e3o"}}]}},"amp_enabled":true,"_links":{"self":[{"href":"https:\/\/www.notibras.com\/site\/wp-json\/wp\/v2\/posts\/65206","targetHints":{"allow":["GET"]}}],"collection":[{"href":"https:\/\/www.notibras.com\/site\/wp-json\/wp\/v2\/posts"}],"about":[{"href":"https:\/\/www.notibras.com\/site\/wp-json\/wp\/v2\/types\/post"}],"author":[{"embeddable":true,"href":"https:\/\/www.notibras.com\/site\/wp-json\/wp\/v2\/users\/2"}],"replies":[{"embeddable":true,"href":"https:\/\/www.notibras.com\/site\/wp-json\/wp\/v2\/comments?post=65206"}],"version-history":[{"count":1,"href":"https:\/\/www.notibras.com\/site\/wp-json\/wp\/v2\/posts\/65206\/revisions"}],"predecessor-version":[{"id":65208,"href":"https:\/\/www.notibras.com\/site\/wp-json\/wp\/v2\/posts\/65206\/revisions\/65208"}],"wp:featuredmedia":[{"embeddable":true,"href":"https:\/\/www.notibras.com\/site\/wp-json\/wp\/v2\/media\/65207"}],"wp:attachment":[{"href":"https:\/\/www.notibras.com\/site\/wp-json\/wp\/v2\/media?parent=65206"}],"wp:term":[{"taxonomy":"category","embeddable":true,"href":"https:\/\/www.notibras.com\/site\/wp-json\/wp\/v2\/categories?post=65206"},{"taxonomy":"post_tag","embeddable":true,"href":"https:\/\/www.notibras.com\/site\/wp-json\/wp\/v2\/tags?post=65206"}],"curies":[{"name":"wp","href":"https:\/\/api.w.org\/{rel}","templated":true}]}}