{"id":65212,"date":"2015-08-29T17:13:16","date_gmt":"2015-08-29T20:13:16","guid":{"rendered":"http:\/\/www.notibras.com\/site\/?p=65212"},"modified":"2015-10-29T14:47:46","modified_gmt":"2015-10-29T16:47:46","slug":"policia-desbarata-desmanche-de-motos-em-palmas-e-recolhe-quatro-criminosos","status":"publish","type":"post","link":"https:\/\/www.notibras.com\/site\/policia-desbarata-desmanche-de-motos-em-palmas-e-recolhe-quatro-criminosos\/","title":{"rendered":"Pol\u00edcia desbarata desmanche de motos em Palmas e recolhe quatro"},"content":{"rendered":"<p>Policiais militares fecharam, na tarde deste s\u00e1bado (29), um desmanche de motocicletas que funcionava em uma casa no setor Jardim Aureny I, em Palmas. Eles chegaram ao local ap\u00f3s uma den\u00fancia an\u00f4nima. Quatro jovens foram presos suspeitos do crime. A a\u00e7\u00e3o foi comandada pela equipe do 6\u00ba Batalh\u00e3o da Pol\u00edcia Militar.<\/p>\n<p>A pol\u00edcia disse que ap\u00f3s a den\u00fancia, a equipe foi at\u00e9 o bairro para averiguar as informa\u00e7\u00f5es e conseguiu prender um dos suspeitos. Ele levou os militares at\u00e9 a casa onde era feito o desmache. L\u00e1, a PM encontrou v\u00e1rias pe\u00e7as prontas para serem vendidas. O jovem entregou os outros suspeitos que tamb\u00e9m foram presos, momentos depois.<\/p>\n<p>Segundo a PM, o grupo confessou que um jovem ficava respons\u00e1vel por roubar as motocicletas em Palmas. O outro desmontava os ve\u00edculos. O terceiro suspeito guardava as pe\u00e7as na casa e o quarto as vendia. Eles foram levados para o 1\u00ba Distrito de Pol\u00edcia Civil, em Palmas.<\/p>\n","protected":false},"excerpt":{"rendered":"<p>Policiais militares fecharam, na tarde deste s\u00e1bado (29), um desmanche de motocicletas que funcionava em uma casa no setor Jardim Aureny I, em Palmas. Eles chegaram ao local ap\u00f3s uma den\u00fancia an\u00f4nima. Quatro jovens foram presos suspeitos do crime. A a\u00e7\u00e3o foi comandada pela equipe do 6\u00ba Batalh\u00e3o da Pol\u00edcia Militar. A pol\u00edcia disse que [&hellip;]<\/p>\n","protected":false},"author":2,"featured_media":65213,"comment_status":"open","ping_status":"closed","sticky":false,"template":"","format":"standard","meta":{"_acf_changed":false,"footnotes":""},"categories":[16],"tags":[],"class_list":["post-65212","post","type-post","status-publish","format-standard","has-post-thumbnail","hentry","category-brasil"],"acf":[],"yoast_head":"<!-- This site is optimized with the Yoast SEO plugin v27.2 - https:\/\/yoast.com\/product\/yoast-seo-wordpress\/ -->\n<title>Pol\u00edcia desbarata desmanche de motos em Palmas e recolhe quatro - Notibras<\/title>\n<meta name=\"robots\" content=\"index, follow, max-snippet:-1, max-image-preview:large, max-video-preview:-1\" \/>\n<link rel=\"canonical\" href=\"https:\/\/www.notibras.com\/site\/policia-desbarata-desmanche-de-motos-em-palmas-e-recolhe-quatro-criminosos\/\" \/>\n<meta property=\"og:locale\" content=\"pt_BR\" \/>\n<meta property=\"og:type\" content=\"article\" \/>\n<meta property=\"og:title\" content=\"Pol\u00edcia desbarata desmanche de motos em Palmas e recolhe quatro - Notibras\" \/>\n<meta property=\"og:description\" content=\"Policiais militares fecharam, na tarde deste s\u00e1bado (29), um desmanche de motocicletas que funcionava em uma casa no setor Jardim Aureny I, em Palmas. Eles chegaram ao local ap\u00f3s uma den\u00fancia an\u00f4nima. Quatro jovens foram presos suspeitos do crime. A a\u00e7\u00e3o foi comandada pela equipe do 6\u00ba Batalh\u00e3o da Pol\u00edcia Militar. A pol\u00edcia disse que [&hellip;]\" \/>\n<meta property=\"og:url\" content=\"https:\/\/www.notibras.com\/site\/policia-desbarata-desmanche-de-motos-em-palmas-e-recolhe-quatro-criminosos\/\" \/>\n<meta property=\"og:site_name\" content=\"Notibras\" \/>\n<meta property=\"article:publisher\" content=\"https:\/\/www.facebook.com\/notibras\/\" \/>\n<meta property=\"article:published_time\" content=\"2015-08-29T20:13:16+00:00\" \/>\n<meta property=\"article:modified_time\" content=\"2015-10-29T16:47:46+00:00\" \/>\n<meta property=\"og:image\" content=\"https:\/\/www.notibras.com\/site\/wp-content\/uploads\/2015\/08\/desman.jpg\" \/>\n\t<meta property=\"og:image:width\" content=\"300\" \/>\n\t<meta property=\"og:image:height\" content=\"225\" \/>\n\t<meta property=\"og:image:type\" content=\"image\/jpeg\" \/>\n<meta name=\"author\" content=\"Reda\u00e7\u00e3o\" \/>\n<meta name=\"twitter:card\" content=\"summary_large_image\" \/>\n<meta name=\"twitter:creator\" content=\"@Notibras\" \/>\n<meta name=\"twitter:site\" content=\"@Notibras\" \/>\n<meta name=\"twitter:label1\" content=\"Escrito por\" \/>\n\t<meta name=\"twitter:data1\" content=\"Reda\u00e7\u00e3o\" \/>\n\t<meta name=\"twitter:label2\" content=\"Est. tempo de leitura\" \/>\n\t<meta name=\"twitter:data2\" content=\"1 minuto\" \/>\n<script type=\"application\/ld+json\" class=\"yoast-schema-graph\">{\"@context\":\"https:\/\/schema.org\",\"@graph\":[{\"@type\":\"Article\",\"@id\":\"https:\/\/www.notibras.com\/site\/policia-desbarata-desmanche-de-motos-em-palmas-e-recolhe-quatro-criminosos\/#article\",\"isPartOf\":{\"@id\":\"https:\/\/www.notibras.com\/site\/policia-desbarata-desmanche-de-motos-em-palmas-e-recolhe-quatro-criminosos\/\"},\"author\":{\"name\":\"Reda\u00e7\u00e3o\",\"@id\":\"https:\/\/www.notibras.com\/site\/#\/schema\/person\/36ab0979449956132d3e5b517ea76ac8\"},\"headline\":\"Pol\u00edcia desbarata desmanche de motos em Palmas e recolhe quatro\",\"datePublished\":\"2015-08-29T20:13:16+00:00\",\"dateModified\":\"2015-10-29T16:47:46+00:00\",\"mainEntityOfPage\":{\"@id\":\"https:\/\/www.notibras.com\/site\/policia-desbarata-desmanche-de-motos-em-palmas-e-recolhe-quatro-criminosos\/\"},\"wordCount\":181,\"commentCount\":0,\"publisher\":{\"@id\":\"https:\/\/www.notibras.com\/site\/#organization\"},\"image\":{\"@id\":\"https:\/\/www.notibras.com\/site\/policia-desbarata-desmanche-de-motos-em-palmas-e-recolhe-quatro-criminosos\/#primaryimage\"},\"thumbnailUrl\":\"https:\/\/www.notibras.com\/site\/wp-content\/uploads\/2015\/08\/desman.jpg\",\"articleSection\":[\"Brasil\"],\"inLanguage\":\"pt-BR\",\"potentialAction\":[{\"@type\":\"CommentAction\",\"name\":\"Comment\",\"target\":[\"https:\/\/www.notibras.com\/site\/policia-desbarata-desmanche-de-motos-em-palmas-e-recolhe-quatro-criminosos\/#respond\"]}]},{\"@type\":\"WebPage\",\"@id\":\"https:\/\/www.notibras.com\/site\/policia-desbarata-desmanche-de-motos-em-palmas-e-recolhe-quatro-criminosos\/\",\"url\":\"https:\/\/www.notibras.com\/site\/policia-desbarata-desmanche-de-motos-em-palmas-e-recolhe-quatro-criminosos\/\",\"name\":\"Pol\u00edcia desbarata desmanche de motos em Palmas e recolhe quatro - Notibras\",\"isPartOf\":{\"@id\":\"https:\/\/www.notibras.com\/site\/#website\"},\"primaryImageOfPage\":{\"@id\":\"https:\/\/www.notibras.com\/site\/policia-desbarata-desmanche-de-motos-em-palmas-e-recolhe-quatro-criminosos\/#primaryimage\"},\"image\":{\"@id\":\"https:\/\/www.notibras.com\/site\/policia-desbarata-desmanche-de-motos-em-palmas-e-recolhe-quatro-criminosos\/#primaryimage\"},\"thumbnailUrl\":\"https:\/\/www.notibras.com\/site\/wp-content\/uploads\/2015\/08\/desman.jpg\",\"datePublished\":\"2015-08-29T20:13:16+00:00\",\"dateModified\":\"2015-10-29T16:47:46+00:00\",\"breadcrumb\":{\"@id\":\"https:\/\/www.notibras.com\/site\/policia-desbarata-desmanche-de-motos-em-palmas-e-recolhe-quatro-criminosos\/#breadcrumb\"},\"inLanguage\":\"pt-BR\",\"potentialAction\":[{\"@type\":\"ReadAction\",\"target\":[\"https:\/\/www.notibras.com\/site\/policia-desbarata-desmanche-de-motos-em-palmas-e-recolhe-quatro-criminosos\/\"]}]},{\"@type\":\"ImageObject\",\"inLanguage\":\"pt-BR\",\"@id\":\"https:\/\/www.notibras.com\/site\/policia-desbarata-desmanche-de-motos-em-palmas-e-recolhe-quatro-criminosos\/#primaryimage\",\"url\":\"https:\/\/www.notibras.com\/site\/wp-content\/uploads\/2015\/08\/desman.jpg\",\"contentUrl\":\"https:\/\/www.notibras.com\/site\/wp-content\/uploads\/2015\/08\/desman.jpg\",\"width\":300,\"height\":225},{\"@type\":\"BreadcrumbList\",\"@id\":\"https:\/\/www.notibras.com\/site\/policia-desbarata-desmanche-de-motos-em-palmas-e-recolhe-quatro-criminosos\/#breadcrumb\",\"itemListElement\":[{\"@type\":\"ListItem\",\"position\":1,\"name\":\"In\u00edcio\",\"item\":\"https:\/\/www.notibras.com\/site\/\"},{\"@type\":\"ListItem\",\"position\":2,\"name\":\"Pol\u00edcia desbarata desmanche de motos em Palmas e recolhe quatro\"}]},{\"@type\":\"WebSite\",\"@id\":\"https:\/\/www.notibras.com\/site\/#website\",\"url\":\"https:\/\/www.notibras.com\/site\/\",\"name\":\"Notibras\",\"description\":\"Not\u00edcias de Bras\u00edlia, do Brasil e do Mundo\",\"publisher\":{\"@id\":\"https:\/\/www.notibras.com\/site\/#organization\"},\"potentialAction\":[{\"@type\":\"SearchAction\",\"target\":{\"@type\":\"EntryPoint\",\"urlTemplate\":\"https:\/\/www.notibras.com\/site\/?s={search_term_string}\"},\"query-input\":{\"@type\":\"PropertyValueSpecification\",\"valueRequired\":true,\"valueName\":\"search_term_string\"}}],\"inLanguage\":\"pt-BR\"},{\"@type\":\"Organization\",\"@id\":\"https:\/\/www.notibras.com\/site\/#organization\",\"name\":\"Grupo Notibras de Comunica\u00e7\u00e3o\",\"url\":\"https:\/\/www.notibras.com\/site\/\",\"logo\":{\"@type\":\"ImageObject\",\"inLanguage\":\"pt-BR\",\"@id\":\"https:\/\/www.notibras.com\/site\/#\/schema\/logo\/image\/\",\"url\":\"https:\/\/www.notibras.com\/site\/wp-content\/uploads\/2023\/01\/notibras23.png\",\"contentUrl\":\"https:\/\/www.notibras.com\/site\/wp-content\/uploads\/2023\/01\/notibras23.png\",\"width\":350,\"height\":87,\"caption\":\"Grupo Notibras de Comunica\u00e7\u00e3o\"},\"image\":{\"@id\":\"https:\/\/www.notibras.com\/site\/#\/schema\/logo\/image\/\"},\"sameAs\":[\"https:\/\/www.facebook.com\/notibras\/\",\"https:\/\/x.com\/Notibras\",\"https:\/\/www.instagram.com\/notibras\/\"]},{\"@type\":\"Person\",\"@id\":\"https:\/\/www.notibras.com\/site\/#\/schema\/person\/36ab0979449956132d3e5b517ea76ac8\",\"name\":\"Reda\u00e7\u00e3o\",\"image\":{\"@type\":\"ImageObject\",\"inLanguage\":\"pt-BR\",\"@id\":\"https:\/\/secure.gravatar.com\/avatar\/e0a867bdedb85fd243eadf09663511f96fc81e0720a4a42581f334ad4303aa6b?s=96&d=mm&r=g\",\"url\":\"https:\/\/secure.gravatar.com\/avatar\/e0a867bdedb85fd243eadf09663511f96fc81e0720a4a42581f334ad4303aa6b?s=96&d=mm&r=g\",\"contentUrl\":\"https:\/\/secure.gravatar.com\/avatar\/e0a867bdedb85fd243eadf09663511f96fc81e0720a4a42581f334ad4303aa6b?s=96&d=mm&r=g\",\"caption\":\"Reda\u00e7\u00e3o\"}}]}<\/script>\n<!-- \/ Yoast SEO plugin. -->","yoast_head_json":{"title":"Pol\u00edcia desbarata desmanche de motos em Palmas e recolhe quatro - Notibras","robots":{"index":"index","follow":"follow","max-snippet":"max-snippet:-1","max-image-preview":"max-image-preview:large","max-video-preview":"max-video-preview:-1"},"canonical":"https:\/\/www.notibras.com\/site\/policia-desbarata-desmanche-de-motos-em-palmas-e-recolhe-quatro-criminosos\/","og_locale":"pt_BR","og_type":"article","og_title":"Pol\u00edcia desbarata desmanche de motos em Palmas e recolhe quatro - Notibras","og_description":"Policiais militares fecharam, na tarde deste s\u00e1bado (29), um desmanche de motocicletas que funcionava em uma casa no setor Jardim Aureny I, em Palmas. Eles chegaram ao local ap\u00f3s uma den\u00fancia an\u00f4nima. Quatro jovens foram presos suspeitos do crime. A a\u00e7\u00e3o foi comandada pela equipe do 6\u00ba Batalh\u00e3o da Pol\u00edcia Militar. A pol\u00edcia disse que [&hellip;]","og_url":"https:\/\/www.notibras.com\/site\/policia-desbarata-desmanche-de-motos-em-palmas-e-recolhe-quatro-criminosos\/","og_site_name":"Notibras","article_publisher":"https:\/\/www.facebook.com\/notibras\/","article_published_time":"2015-08-29T20:13:16+00:00","article_modified_time":"2015-10-29T16:47:46+00:00","og_image":[{"width":300,"height":225,"url":"https:\/\/www.notibras.com\/site\/wp-content\/uploads\/2015\/08\/desman.jpg","type":"image\/jpeg"}],"author":"Reda\u00e7\u00e3o","twitter_card":"summary_large_image","twitter_creator":"@Notibras","twitter_site":"@Notibras","twitter_misc":{"Escrito por":"Reda\u00e7\u00e3o","Est. tempo de leitura":"1 minuto"},"schema":{"@context":"https:\/\/schema.org","@graph":[{"@type":"Article","@id":"https:\/\/www.notibras.com\/site\/policia-desbarata-desmanche-de-motos-em-palmas-e-recolhe-quatro-criminosos\/#article","isPartOf":{"@id":"https:\/\/www.notibras.com\/site\/policia-desbarata-desmanche-de-motos-em-palmas-e-recolhe-quatro-criminosos\/"},"author":{"name":"Reda\u00e7\u00e3o","@id":"https:\/\/www.notibras.com\/site\/#\/schema\/person\/36ab0979449956132d3e5b517ea76ac8"},"headline":"Pol\u00edcia desbarata desmanche de motos em Palmas e recolhe quatro","datePublished":"2015-08-29T20:13:16+00:00","dateModified":"2015-10-29T16:47:46+00:00","mainEntityOfPage":{"@id":"https:\/\/www.notibras.com\/site\/policia-desbarata-desmanche-de-motos-em-palmas-e-recolhe-quatro-criminosos\/"},"wordCount":181,"commentCount":0,"publisher":{"@id":"https:\/\/www.notibras.com\/site\/#organization"},"image":{"@id":"https:\/\/www.notibras.com\/site\/policia-desbarata-desmanche-de-motos-em-palmas-e-recolhe-quatro-criminosos\/#primaryimage"},"thumbnailUrl":"https:\/\/www.notibras.com\/site\/wp-content\/uploads\/2015\/08\/desman.jpg","articleSection":["Brasil"],"inLanguage":"pt-BR","potentialAction":[{"@type":"CommentAction","name":"Comment","target":["https:\/\/www.notibras.com\/site\/policia-desbarata-desmanche-de-motos-em-palmas-e-recolhe-quatro-criminosos\/#respond"]}]},{"@type":"WebPage","@id":"https:\/\/www.notibras.com\/site\/policia-desbarata-desmanche-de-motos-em-palmas-e-recolhe-quatro-criminosos\/","url":"https:\/\/www.notibras.com\/site\/policia-desbarata-desmanche-de-motos-em-palmas-e-recolhe-quatro-criminosos\/","name":"Pol\u00edcia desbarata desmanche de motos em Palmas e recolhe quatro - Notibras","isPartOf":{"@id":"https:\/\/www.notibras.com\/site\/#website"},"primaryImageOfPage":{"@id":"https:\/\/www.notibras.com\/site\/policia-desbarata-desmanche-de-motos-em-palmas-e-recolhe-quatro-criminosos\/#primaryimage"},"image":{"@id":"https:\/\/www.notibras.com\/site\/policia-desbarata-desmanche-de-motos-em-palmas-e-recolhe-quatro-criminosos\/#primaryimage"},"thumbnailUrl":"https:\/\/www.notibras.com\/site\/wp-content\/uploads\/2015\/08\/desman.jpg","datePublished":"2015-08-29T20:13:16+00:00","dateModified":"2015-10-29T16:47:46+00:00","breadcrumb":{"@id":"https:\/\/www.notibras.com\/site\/policia-desbarata-desmanche-de-motos-em-palmas-e-recolhe-quatro-criminosos\/#breadcrumb"},"inLanguage":"pt-BR","potentialAction":[{"@type":"ReadAction","target":["https:\/\/www.notibras.com\/site\/policia-desbarata-desmanche-de-motos-em-palmas-e-recolhe-quatro-criminosos\/"]}]},{"@type":"ImageObject","inLanguage":"pt-BR","@id":"https:\/\/www.notibras.com\/site\/policia-desbarata-desmanche-de-motos-em-palmas-e-recolhe-quatro-criminosos\/#primaryimage","url":"https:\/\/www.notibras.com\/site\/wp-content\/uploads\/2015\/08\/desman.jpg","contentUrl":"https:\/\/www.notibras.com\/site\/wp-content\/uploads\/2015\/08\/desman.jpg","width":300,"height":225},{"@type":"BreadcrumbList","@id":"https:\/\/www.notibras.com\/site\/policia-desbarata-desmanche-de-motos-em-palmas-e-recolhe-quatro-criminosos\/#breadcrumb","itemListElement":[{"@type":"ListItem","position":1,"name":"In\u00edcio","item":"https:\/\/www.notibras.com\/site\/"},{"@type":"ListItem","position":2,"name":"Pol\u00edcia desbarata desmanche de motos em Palmas e recolhe quatro"}]},{"@type":"WebSite","@id":"https:\/\/www.notibras.com\/site\/#website","url":"https:\/\/www.notibras.com\/site\/","name":"Notibras","description":"Not\u00edcias de Bras\u00edlia, do Brasil e do Mundo","publisher":{"@id":"https:\/\/www.notibras.com\/site\/#organization"},"potentialAction":[{"@type":"SearchAction","target":{"@type":"EntryPoint","urlTemplate":"https:\/\/www.notibras.com\/site\/?s={search_term_string}"},"query-input":{"@type":"PropertyValueSpecification","valueRequired":true,"valueName":"search_term_string"}}],"inLanguage":"pt-BR"},{"@type":"Organization","@id":"https:\/\/www.notibras.com\/site\/#organization","name":"Grupo Notibras de Comunica\u00e7\u00e3o","url":"https:\/\/www.notibras.com\/site\/","logo":{"@type":"ImageObject","inLanguage":"pt-BR","@id":"https:\/\/www.notibras.com\/site\/#\/schema\/logo\/image\/","url":"https:\/\/www.notibras.com\/site\/wp-content\/uploads\/2023\/01\/notibras23.png","contentUrl":"https:\/\/www.notibras.com\/site\/wp-content\/uploads\/2023\/01\/notibras23.png","width":350,"height":87,"caption":"Grupo Notibras de Comunica\u00e7\u00e3o"},"image":{"@id":"https:\/\/www.notibras.com\/site\/#\/schema\/logo\/image\/"},"sameAs":["https:\/\/www.facebook.com\/notibras\/","https:\/\/x.com\/Notibras","https:\/\/www.instagram.com\/notibras\/"]},{"@type":"Person","@id":"https:\/\/www.notibras.com\/site\/#\/schema\/person\/36ab0979449956132d3e5b517ea76ac8","name":"Reda\u00e7\u00e3o","image":{"@type":"ImageObject","inLanguage":"pt-BR","@id":"https:\/\/secure.gravatar.com\/avatar\/e0a867bdedb85fd243eadf09663511f96fc81e0720a4a42581f334ad4303aa6b?s=96&d=mm&r=g","url":"https:\/\/secure.gravatar.com\/avatar\/e0a867bdedb85fd243eadf09663511f96fc81e0720a4a42581f334ad4303aa6b?s=96&d=mm&r=g","contentUrl":"https:\/\/secure.gravatar.com\/avatar\/e0a867bdedb85fd243eadf09663511f96fc81e0720a4a42581f334ad4303aa6b?s=96&d=mm&r=g","caption":"Reda\u00e7\u00e3o"}}]}},"amp_enabled":true,"_links":{"self":[{"href":"https:\/\/www.notibras.com\/site\/wp-json\/wp\/v2\/posts\/65212","targetHints":{"allow":["GET"]}}],"collection":[{"href":"https:\/\/www.notibras.com\/site\/wp-json\/wp\/v2\/posts"}],"about":[{"href":"https:\/\/www.notibras.com\/site\/wp-json\/wp\/v2\/types\/post"}],"author":[{"embeddable":true,"href":"https:\/\/www.notibras.com\/site\/wp-json\/wp\/v2\/users\/2"}],"replies":[{"embeddable":true,"href":"https:\/\/www.notibras.com\/site\/wp-json\/wp\/v2\/comments?post=65212"}],"version-history":[{"count":2,"href":"https:\/\/www.notibras.com\/site\/wp-json\/wp\/v2\/posts\/65212\/revisions"}],"predecessor-version":[{"id":65215,"href":"https:\/\/www.notibras.com\/site\/wp-json\/wp\/v2\/posts\/65212\/revisions\/65215"}],"wp:featuredmedia":[{"embeddable":true,"href":"https:\/\/www.notibras.com\/site\/wp-json\/wp\/v2\/media\/65213"}],"wp:attachment":[{"href":"https:\/\/www.notibras.com\/site\/wp-json\/wp\/v2\/media?parent=65212"}],"wp:term":[{"taxonomy":"category","embeddable":true,"href":"https:\/\/www.notibras.com\/site\/wp-json\/wp\/v2\/categories?post=65212"},{"taxonomy":"post_tag","embeddable":true,"href":"https:\/\/www.notibras.com\/site\/wp-json\/wp\/v2\/tags?post=65212"}],"curies":[{"name":"wp","href":"https:\/\/api.w.org\/{rel}","templated":true}]}}