{"id":6524,"date":"2014-04-10T21:43:03","date_gmt":"2014-04-11T00:43:03","guid":{"rendered":"http:\/\/www.notibras.com\/site\/?p=6524"},"modified":"2014-04-10T21:47:57","modified_gmt":"2014-04-11T00:47:57","slug":"galo-passa-sufoco-mas-vence-zamora-por-1-a-0-e-fica-em-primeiro","status":"publish","type":"post","link":"https:\/\/www.notibras.com\/site\/galo-passa-sufoco-mas-vence-zamora-por-1-a-0-e-fica-em-primeiro\/","title":{"rendered":"Galo passa sufoco mas vence Zamora e fica em primeiro"},"content":{"rendered":"<p>O Atl\u00e9tico-MG garantiu nesta quinta-feira o primeiro lugar do Grupo 4 da Copa Libertadores da Am\u00e9rica e seguiu\u00a0firme na briga pelo bicampeonato continental. A equipe alvinegra derrotou o Zamora-VEN por 1 a 0, no Est\u00e1dio Independ\u00eancia, chegou aos 12 pontos e avan\u00e7ou com a ponta da chave. O \u00fanico gol da partida, que teve momentos de tens\u00e3o,\u00a0foi feito pelo atacante J\u00f4, ainda na etapa inicial.<\/p>\n<p>Agora, o clube de Belo Horizonte aguarda a defini\u00e7\u00e3o da fase de grupos da Libertadores para conhecer seu pr\u00f3ximo advers\u00e1rio na competi\u00e7\u00e3o. Na noite desta quinta, outras duas chaves ter\u00e3o seus desfechos. O Gr\u00eamio, por exemplo, pode passar o Atl\u00e9tico-MG na classifica\u00e7\u00e3o geral e avan\u00e7ar como terceiro melhor l\u00edder, desde que ven\u00e7a o Nacional uruguaio, em Porto Alegre.<\/p>\n<p>No duelo desta quinta, o Atl\u00e9tico-MG come\u00e7ou pressionando, j\u00e1 que uma derrota daria a lideran\u00e7a da chave ao time venezuelano. Dessa forma, logo aos 9min a equipe de Belo Horizonte abriu o placar. Em sa\u00edda de bola errada do Zamora, a sobra ficou nos p\u00e9s de Guilherme. O jogador avan\u00e7ou e tocou para J\u00f4, que dominou e chutou no canto direito do goleiro Angulo.<\/p>\n<p>Com\u00a0movimenta\u00e7\u00e3o do trio de ataque\u00a0e boa atua\u00e7\u00e3o de Guilherme nos minutos iniciais, o Atl\u00e9tico-MG controlou a partida at\u00e9 o fim da etapa inicial. O Zamora tentou aproveitar as investidas de Murillo e Falc\u00f3n pela esquerda, mas as melhores chances do time visitante foram em chutes de longa dist\u00e2ncia.<\/p>\n<p>No segundo tempo, o Atl\u00e9tico-MG parecia nervoso, assim como o Zamora, que poderia ser eliminado dependendo do resultado de Nacional-PAR x Santa F\u00e9-COL. O clube venezuelano at\u00e9 recebeu\u00a0um cart\u00e3o vermelho, com Jonathan Espa\u00f1a, no fim do duelo. O zagueiro levou o cart\u00e3o vermelho direto por agress\u00e3o a Leonardo Silva, no que foi o \u00faltimo lance relevante do duelo.<\/p>\n<p>O outro classificado da chave atleticana foi o Nacional, que bateu o Independiente Santa F\u00e9 por 3 a 2 em casa e chegou a oito pontos, um de vantagem para o Zamora. Os colombianos terminaram na lanterna, com apenas cinco.<\/p>\n","protected":false},"excerpt":{"rendered":"<p>O Atl\u00e9tico-MG garantiu nesta quinta-feira o primeiro lugar do Grupo 4 da Copa Libertadores da Am\u00e9rica e seguiu\u00a0firme na briga pelo bicampeonato continental. A equipe alvinegra derrotou o Zamora-VEN por 1 a 0, no Est\u00e1dio Independ\u00eancia, chegou aos 12 pontos e avan\u00e7ou com a ponta da chave. O \u00fanico gol da partida, que teve momentos [&hellip;]<\/p>\n","protected":false},"author":2,"featured_media":6525,"comment_status":"open","ping_status":"closed","sticky":false,"template":"","format":"standard","meta":{"_acf_changed":false,"footnotes":""},"categories":[19],"tags":[],"class_list":["post-6524","post","type-post","status-publish","format-standard","has-post-thumbnail","hentry","category-esportes"],"acf":[],"yoast_head":"<!-- This site is optimized with the Yoast SEO plugin v27.2 - https:\/\/yoast.com\/product\/yoast-seo-wordpress\/ -->\n<title>Galo passa sufoco mas vence Zamora e fica em primeiro - Notibras<\/title>\n<meta name=\"robots\" content=\"index, follow, max-snippet:-1, max-image-preview:large, max-video-preview:-1\" \/>\n<link rel=\"canonical\" href=\"https:\/\/www.notibras.com\/site\/galo-passa-sufoco-mas-vence-zamora-por-1-a-0-e-fica-em-primeiro\/\" \/>\n<meta property=\"og:locale\" content=\"pt_BR\" \/>\n<meta property=\"og:type\" content=\"article\" \/>\n<meta property=\"og:title\" content=\"Galo passa sufoco mas vence Zamora e fica em primeiro - Notibras\" \/>\n<meta property=\"og:description\" content=\"O Atl\u00e9tico-MG garantiu nesta quinta-feira o primeiro lugar do Grupo 4 da Copa Libertadores da Am\u00e9rica e seguiu\u00a0firme na briga pelo bicampeonato continental. A equipe alvinegra derrotou o Zamora-VEN por 1 a 0, no Est\u00e1dio Independ\u00eancia, chegou aos 12 pontos e avan\u00e7ou com a ponta da chave. O \u00fanico gol da partida, que teve momentos [&hellip;]\" \/>\n<meta property=\"og:url\" content=\"https:\/\/www.notibras.com\/site\/galo-passa-sufoco-mas-vence-zamora-por-1-a-0-e-fica-em-primeiro\/\" \/>\n<meta property=\"og:site_name\" content=\"Notibras\" \/>\n<meta property=\"article:publisher\" content=\"https:\/\/www.facebook.com\/notibras\/\" \/>\n<meta property=\"article:published_time\" content=\"2014-04-11T00:43:03+00:00\" \/>\n<meta property=\"article:modified_time\" content=\"2014-04-11T00:47:57+00:00\" \/>\n<meta property=\"og:image\" content=\"https:\/\/www.notibras.com\/site\/wp-content\/uploads\/2014\/04\/atleticomgcomemoraefe.jpg\" \/>\n\t<meta property=\"og:image:width\" content=\"750\" \/>\n\t<meta property=\"og:image:height\" content=\"500\" \/>\n\t<meta property=\"og:image:type\" content=\"image\/jpeg\" \/>\n<meta name=\"author\" content=\"Reda\u00e7\u00e3o\" \/>\n<meta name=\"twitter:card\" content=\"summary_large_image\" \/>\n<meta name=\"twitter:creator\" content=\"@Notibras\" \/>\n<meta name=\"twitter:site\" content=\"@Notibras\" \/>\n<meta name=\"twitter:label1\" content=\"Escrito por\" \/>\n\t<meta name=\"twitter:data1\" content=\"Reda\u00e7\u00e3o\" \/>\n\t<meta name=\"twitter:label2\" content=\"Est. tempo de leitura\" \/>\n\t<meta name=\"twitter:data2\" content=\"2 minutos\" \/>\n<script type=\"application\/ld+json\" class=\"yoast-schema-graph\">{\"@context\":\"https:\/\/schema.org\",\"@graph\":[{\"@type\":\"Article\",\"@id\":\"https:\/\/www.notibras.com\/site\/galo-passa-sufoco-mas-vence-zamora-por-1-a-0-e-fica-em-primeiro\/#article\",\"isPartOf\":{\"@id\":\"https:\/\/www.notibras.com\/site\/galo-passa-sufoco-mas-vence-zamora-por-1-a-0-e-fica-em-primeiro\/\"},\"author\":{\"name\":\"Reda\u00e7\u00e3o\",\"@id\":\"https:\/\/www.notibras.com\/site\/#\/schema\/person\/36ab0979449956132d3e5b517ea76ac8\"},\"headline\":\"Galo passa sufoco mas vence Zamora e fica em primeiro\",\"datePublished\":\"2014-04-11T00:43:03+00:00\",\"dateModified\":\"2014-04-11T00:47:57+00:00\",\"mainEntityOfPage\":{\"@id\":\"https:\/\/www.notibras.com\/site\/galo-passa-sufoco-mas-vence-zamora-por-1-a-0-e-fica-em-primeiro\/\"},\"wordCount\":376,\"commentCount\":0,\"publisher\":{\"@id\":\"https:\/\/www.notibras.com\/site\/#organization\"},\"image\":{\"@id\":\"https:\/\/www.notibras.com\/site\/galo-passa-sufoco-mas-vence-zamora-por-1-a-0-e-fica-em-primeiro\/#primaryimage\"},\"thumbnailUrl\":\"https:\/\/www.notibras.com\/site\/wp-content\/uploads\/2014\/04\/atleticomgcomemoraefe.jpg\",\"articleSection\":[\"Esportes\"],\"inLanguage\":\"pt-BR\",\"potentialAction\":[{\"@type\":\"CommentAction\",\"name\":\"Comment\",\"target\":[\"https:\/\/www.notibras.com\/site\/galo-passa-sufoco-mas-vence-zamora-por-1-a-0-e-fica-em-primeiro\/#respond\"]}]},{\"@type\":\"WebPage\",\"@id\":\"https:\/\/www.notibras.com\/site\/galo-passa-sufoco-mas-vence-zamora-por-1-a-0-e-fica-em-primeiro\/\",\"url\":\"https:\/\/www.notibras.com\/site\/galo-passa-sufoco-mas-vence-zamora-por-1-a-0-e-fica-em-primeiro\/\",\"name\":\"Galo passa sufoco mas vence Zamora e fica em primeiro - Notibras\",\"isPartOf\":{\"@id\":\"https:\/\/www.notibras.com\/site\/#website\"},\"primaryImageOfPage\":{\"@id\":\"https:\/\/www.notibras.com\/site\/galo-passa-sufoco-mas-vence-zamora-por-1-a-0-e-fica-em-primeiro\/#primaryimage\"},\"image\":{\"@id\":\"https:\/\/www.notibras.com\/site\/galo-passa-sufoco-mas-vence-zamora-por-1-a-0-e-fica-em-primeiro\/#primaryimage\"},\"thumbnailUrl\":\"https:\/\/www.notibras.com\/site\/wp-content\/uploads\/2014\/04\/atleticomgcomemoraefe.jpg\",\"datePublished\":\"2014-04-11T00:43:03+00:00\",\"dateModified\":\"2014-04-11T00:47:57+00:00\",\"breadcrumb\":{\"@id\":\"https:\/\/www.notibras.com\/site\/galo-passa-sufoco-mas-vence-zamora-por-1-a-0-e-fica-em-primeiro\/#breadcrumb\"},\"inLanguage\":\"pt-BR\",\"potentialAction\":[{\"@type\":\"ReadAction\",\"target\":[\"https:\/\/www.notibras.com\/site\/galo-passa-sufoco-mas-vence-zamora-por-1-a-0-e-fica-em-primeiro\/\"]}]},{\"@type\":\"ImageObject\",\"inLanguage\":\"pt-BR\",\"@id\":\"https:\/\/www.notibras.com\/site\/galo-passa-sufoco-mas-vence-zamora-por-1-a-0-e-fica-em-primeiro\/#primaryimage\",\"url\":\"https:\/\/www.notibras.com\/site\/wp-content\/uploads\/2014\/04\/atleticomgcomemoraefe.jpg\",\"contentUrl\":\"https:\/\/www.notibras.com\/site\/wp-content\/uploads\/2014\/04\/atleticomgcomemoraefe.jpg\",\"width\":750,\"height\":500},{\"@type\":\"BreadcrumbList\",\"@id\":\"https:\/\/www.notibras.com\/site\/galo-passa-sufoco-mas-vence-zamora-por-1-a-0-e-fica-em-primeiro\/#breadcrumb\",\"itemListElement\":[{\"@type\":\"ListItem\",\"position\":1,\"name\":\"In\u00edcio\",\"item\":\"https:\/\/www.notibras.com\/site\/\"},{\"@type\":\"ListItem\",\"position\":2,\"name\":\"Galo passa sufoco mas vence Zamora e fica em primeiro\"}]},{\"@type\":\"WebSite\",\"@id\":\"https:\/\/www.notibras.com\/site\/#website\",\"url\":\"https:\/\/www.notibras.com\/site\/\",\"name\":\"Notibras\",\"description\":\"Not\u00edcias de Bras\u00edlia, do Brasil e do Mundo\",\"publisher\":{\"@id\":\"https:\/\/www.notibras.com\/site\/#organization\"},\"potentialAction\":[{\"@type\":\"SearchAction\",\"target\":{\"@type\":\"EntryPoint\",\"urlTemplate\":\"https:\/\/www.notibras.com\/site\/?s={search_term_string}\"},\"query-input\":{\"@type\":\"PropertyValueSpecification\",\"valueRequired\":true,\"valueName\":\"search_term_string\"}}],\"inLanguage\":\"pt-BR\"},{\"@type\":\"Organization\",\"@id\":\"https:\/\/www.notibras.com\/site\/#organization\",\"name\":\"Grupo Notibras de Comunica\u00e7\u00e3o\",\"url\":\"https:\/\/www.notibras.com\/site\/\",\"logo\":{\"@type\":\"ImageObject\",\"inLanguage\":\"pt-BR\",\"@id\":\"https:\/\/www.notibras.com\/site\/#\/schema\/logo\/image\/\",\"url\":\"https:\/\/www.notibras.com\/site\/wp-content\/uploads\/2023\/01\/notibras23.png\",\"contentUrl\":\"https:\/\/www.notibras.com\/site\/wp-content\/uploads\/2023\/01\/notibras23.png\",\"width\":350,\"height\":87,\"caption\":\"Grupo Notibras de Comunica\u00e7\u00e3o\"},\"image\":{\"@id\":\"https:\/\/www.notibras.com\/site\/#\/schema\/logo\/image\/\"},\"sameAs\":[\"https:\/\/www.facebook.com\/notibras\/\",\"https:\/\/x.com\/Notibras\",\"https:\/\/www.instagram.com\/notibras\/\"]},{\"@type\":\"Person\",\"@id\":\"https:\/\/www.notibras.com\/site\/#\/schema\/person\/36ab0979449956132d3e5b517ea76ac8\",\"name\":\"Reda\u00e7\u00e3o\",\"image\":{\"@type\":\"ImageObject\",\"inLanguage\":\"pt-BR\",\"@id\":\"https:\/\/secure.gravatar.com\/avatar\/e0a867bdedb85fd243eadf09663511f96fc81e0720a4a42581f334ad4303aa6b?s=96&d=mm&r=g\",\"url\":\"https:\/\/secure.gravatar.com\/avatar\/e0a867bdedb85fd243eadf09663511f96fc81e0720a4a42581f334ad4303aa6b?s=96&d=mm&r=g\",\"contentUrl\":\"https:\/\/secure.gravatar.com\/avatar\/e0a867bdedb85fd243eadf09663511f96fc81e0720a4a42581f334ad4303aa6b?s=96&d=mm&r=g\",\"caption\":\"Reda\u00e7\u00e3o\"}}]}<\/script>\n<!-- \/ Yoast SEO plugin. -->","yoast_head_json":{"title":"Galo passa sufoco mas vence Zamora e fica em primeiro - Notibras","robots":{"index":"index","follow":"follow","max-snippet":"max-snippet:-1","max-image-preview":"max-image-preview:large","max-video-preview":"max-video-preview:-1"},"canonical":"https:\/\/www.notibras.com\/site\/galo-passa-sufoco-mas-vence-zamora-por-1-a-0-e-fica-em-primeiro\/","og_locale":"pt_BR","og_type":"article","og_title":"Galo passa sufoco mas vence Zamora e fica em primeiro - Notibras","og_description":"O Atl\u00e9tico-MG garantiu nesta quinta-feira o primeiro lugar do Grupo 4 da Copa Libertadores da Am\u00e9rica e seguiu\u00a0firme na briga pelo bicampeonato continental. A equipe alvinegra derrotou o Zamora-VEN por 1 a 0, no Est\u00e1dio Independ\u00eancia, chegou aos 12 pontos e avan\u00e7ou com a ponta da chave. O \u00fanico gol da partida, que teve momentos [&hellip;]","og_url":"https:\/\/www.notibras.com\/site\/galo-passa-sufoco-mas-vence-zamora-por-1-a-0-e-fica-em-primeiro\/","og_site_name":"Notibras","article_publisher":"https:\/\/www.facebook.com\/notibras\/","article_published_time":"2014-04-11T00:43:03+00:00","article_modified_time":"2014-04-11T00:47:57+00:00","og_image":[{"width":750,"height":500,"url":"https:\/\/www.notibras.com\/site\/wp-content\/uploads\/2014\/04\/atleticomgcomemoraefe.jpg","type":"image\/jpeg"}],"author":"Reda\u00e7\u00e3o","twitter_card":"summary_large_image","twitter_creator":"@Notibras","twitter_site":"@Notibras","twitter_misc":{"Escrito por":"Reda\u00e7\u00e3o","Est. tempo de leitura":"2 minutos"},"schema":{"@context":"https:\/\/schema.org","@graph":[{"@type":"Article","@id":"https:\/\/www.notibras.com\/site\/galo-passa-sufoco-mas-vence-zamora-por-1-a-0-e-fica-em-primeiro\/#article","isPartOf":{"@id":"https:\/\/www.notibras.com\/site\/galo-passa-sufoco-mas-vence-zamora-por-1-a-0-e-fica-em-primeiro\/"},"author":{"name":"Reda\u00e7\u00e3o","@id":"https:\/\/www.notibras.com\/site\/#\/schema\/person\/36ab0979449956132d3e5b517ea76ac8"},"headline":"Galo passa sufoco mas vence Zamora e fica em primeiro","datePublished":"2014-04-11T00:43:03+00:00","dateModified":"2014-04-11T00:47:57+00:00","mainEntityOfPage":{"@id":"https:\/\/www.notibras.com\/site\/galo-passa-sufoco-mas-vence-zamora-por-1-a-0-e-fica-em-primeiro\/"},"wordCount":376,"commentCount":0,"publisher":{"@id":"https:\/\/www.notibras.com\/site\/#organization"},"image":{"@id":"https:\/\/www.notibras.com\/site\/galo-passa-sufoco-mas-vence-zamora-por-1-a-0-e-fica-em-primeiro\/#primaryimage"},"thumbnailUrl":"https:\/\/www.notibras.com\/site\/wp-content\/uploads\/2014\/04\/atleticomgcomemoraefe.jpg","articleSection":["Esportes"],"inLanguage":"pt-BR","potentialAction":[{"@type":"CommentAction","name":"Comment","target":["https:\/\/www.notibras.com\/site\/galo-passa-sufoco-mas-vence-zamora-por-1-a-0-e-fica-em-primeiro\/#respond"]}]},{"@type":"WebPage","@id":"https:\/\/www.notibras.com\/site\/galo-passa-sufoco-mas-vence-zamora-por-1-a-0-e-fica-em-primeiro\/","url":"https:\/\/www.notibras.com\/site\/galo-passa-sufoco-mas-vence-zamora-por-1-a-0-e-fica-em-primeiro\/","name":"Galo passa sufoco mas vence Zamora e fica em primeiro - Notibras","isPartOf":{"@id":"https:\/\/www.notibras.com\/site\/#website"},"primaryImageOfPage":{"@id":"https:\/\/www.notibras.com\/site\/galo-passa-sufoco-mas-vence-zamora-por-1-a-0-e-fica-em-primeiro\/#primaryimage"},"image":{"@id":"https:\/\/www.notibras.com\/site\/galo-passa-sufoco-mas-vence-zamora-por-1-a-0-e-fica-em-primeiro\/#primaryimage"},"thumbnailUrl":"https:\/\/www.notibras.com\/site\/wp-content\/uploads\/2014\/04\/atleticomgcomemoraefe.jpg","datePublished":"2014-04-11T00:43:03+00:00","dateModified":"2014-04-11T00:47:57+00:00","breadcrumb":{"@id":"https:\/\/www.notibras.com\/site\/galo-passa-sufoco-mas-vence-zamora-por-1-a-0-e-fica-em-primeiro\/#breadcrumb"},"inLanguage":"pt-BR","potentialAction":[{"@type":"ReadAction","target":["https:\/\/www.notibras.com\/site\/galo-passa-sufoco-mas-vence-zamora-por-1-a-0-e-fica-em-primeiro\/"]}]},{"@type":"ImageObject","inLanguage":"pt-BR","@id":"https:\/\/www.notibras.com\/site\/galo-passa-sufoco-mas-vence-zamora-por-1-a-0-e-fica-em-primeiro\/#primaryimage","url":"https:\/\/www.notibras.com\/site\/wp-content\/uploads\/2014\/04\/atleticomgcomemoraefe.jpg","contentUrl":"https:\/\/www.notibras.com\/site\/wp-content\/uploads\/2014\/04\/atleticomgcomemoraefe.jpg","width":750,"height":500},{"@type":"BreadcrumbList","@id":"https:\/\/www.notibras.com\/site\/galo-passa-sufoco-mas-vence-zamora-por-1-a-0-e-fica-em-primeiro\/#breadcrumb","itemListElement":[{"@type":"ListItem","position":1,"name":"In\u00edcio","item":"https:\/\/www.notibras.com\/site\/"},{"@type":"ListItem","position":2,"name":"Galo passa sufoco mas vence Zamora e fica em primeiro"}]},{"@type":"WebSite","@id":"https:\/\/www.notibras.com\/site\/#website","url":"https:\/\/www.notibras.com\/site\/","name":"Notibras","description":"Not\u00edcias de Bras\u00edlia, do Brasil e do Mundo","publisher":{"@id":"https:\/\/www.notibras.com\/site\/#organization"},"potentialAction":[{"@type":"SearchAction","target":{"@type":"EntryPoint","urlTemplate":"https:\/\/www.notibras.com\/site\/?s={search_term_string}"},"query-input":{"@type":"PropertyValueSpecification","valueRequired":true,"valueName":"search_term_string"}}],"inLanguage":"pt-BR"},{"@type":"Organization","@id":"https:\/\/www.notibras.com\/site\/#organization","name":"Grupo Notibras de Comunica\u00e7\u00e3o","url":"https:\/\/www.notibras.com\/site\/","logo":{"@type":"ImageObject","inLanguage":"pt-BR","@id":"https:\/\/www.notibras.com\/site\/#\/schema\/logo\/image\/","url":"https:\/\/www.notibras.com\/site\/wp-content\/uploads\/2023\/01\/notibras23.png","contentUrl":"https:\/\/www.notibras.com\/site\/wp-content\/uploads\/2023\/01\/notibras23.png","width":350,"height":87,"caption":"Grupo Notibras de Comunica\u00e7\u00e3o"},"image":{"@id":"https:\/\/www.notibras.com\/site\/#\/schema\/logo\/image\/"},"sameAs":["https:\/\/www.facebook.com\/notibras\/","https:\/\/x.com\/Notibras","https:\/\/www.instagram.com\/notibras\/"]},{"@type":"Person","@id":"https:\/\/www.notibras.com\/site\/#\/schema\/person\/36ab0979449956132d3e5b517ea76ac8","name":"Reda\u00e7\u00e3o","image":{"@type":"ImageObject","inLanguage":"pt-BR","@id":"https:\/\/secure.gravatar.com\/avatar\/e0a867bdedb85fd243eadf09663511f96fc81e0720a4a42581f334ad4303aa6b?s=96&d=mm&r=g","url":"https:\/\/secure.gravatar.com\/avatar\/e0a867bdedb85fd243eadf09663511f96fc81e0720a4a42581f334ad4303aa6b?s=96&d=mm&r=g","contentUrl":"https:\/\/secure.gravatar.com\/avatar\/e0a867bdedb85fd243eadf09663511f96fc81e0720a4a42581f334ad4303aa6b?s=96&d=mm&r=g","caption":"Reda\u00e7\u00e3o"}}]}},"amp_enabled":true,"_links":{"self":[{"href":"https:\/\/www.notibras.com\/site\/wp-json\/wp\/v2\/posts\/6524","targetHints":{"allow":["GET"]}}],"collection":[{"href":"https:\/\/www.notibras.com\/site\/wp-json\/wp\/v2\/posts"}],"about":[{"href":"https:\/\/www.notibras.com\/site\/wp-json\/wp\/v2\/types\/post"}],"author":[{"embeddable":true,"href":"https:\/\/www.notibras.com\/site\/wp-json\/wp\/v2\/users\/2"}],"replies":[{"embeddable":true,"href":"https:\/\/www.notibras.com\/site\/wp-json\/wp\/v2\/comments?post=6524"}],"version-history":[{"count":0,"href":"https:\/\/www.notibras.com\/site\/wp-json\/wp\/v2\/posts\/6524\/revisions"}],"wp:featuredmedia":[{"embeddable":true,"href":"https:\/\/www.notibras.com\/site\/wp-json\/wp\/v2\/media\/6525"}],"wp:attachment":[{"href":"https:\/\/www.notibras.com\/site\/wp-json\/wp\/v2\/media?parent=6524"}],"wp:term":[{"taxonomy":"category","embeddable":true,"href":"https:\/\/www.notibras.com\/site\/wp-json\/wp\/v2\/categories?post=6524"},{"taxonomy":"post_tag","embeddable":true,"href":"https:\/\/www.notibras.com\/site\/wp-json\/wp\/v2\/tags?post=6524"}],"curies":[{"name":"wp","href":"https:\/\/api.w.org\/{rel}","templated":true}]}}