{"id":65241,"date":"2015-08-30T13:54:08","date_gmt":"2015-08-30T16:54:08","guid":{"rendered":"http:\/\/www.notibras.com\/site\/?p=65241"},"modified":"2015-08-30T13:55:39","modified_gmt":"2015-08-30T16:55:39","slug":"gremio-esbarra-na-retranca-do-coritiba-e-nao-sai-do-0-a-0-na-arena","status":"publish","type":"post","link":"https:\/\/www.notibras.com\/site\/gremio-esbarra-na-retranca-do-coritiba-e-nao-sai-do-0-a-0-na-arena\/","title":{"rendered":"Gr\u00eamio para na retranca do Coritiba e n\u00e3o sai do 0 na Arena"},"content":{"rendered":"<p>O Gr\u00eamio tentou muito, mas n\u00e3o conseguiu furar o bloqueio do Coritiba neste domingo (30). O time de Porto Alegre teve chances e at\u00e9 uma bola na trave, mas a 21\u00aa rodada do Brasileir\u00e3o acabou com empate sem gols diante do Coritiba. O resultado mant\u00e9m os visitantes na zona de rebaixamento e os locais em terceiro.<\/p>\n<p>O Tricolor chegou a 38 pontos e fica em terceiro no Brasileir\u00e3o. J\u00e1 o Coritiba est\u00e1, agora, com 22 e ainda entre os que estariam rebaixados para S\u00e9rie B do ano que vem.<\/p>\n<p>Foi o terceiro jogo entre os dois times recentemente. E curiosamente o primeiro sem vit\u00f3ria do Gr\u00eamio. Os donos da casa tiveram boas oportunidades, mas n\u00e3o abriram o placar. Foi o s\u00e9timo jogo sem derrota dos ga\u00fachos entre Brasileiro e Copa do Brasil. Com forte calor em Porto Alegre, o desgaste foi um dos vil\u00f5es da partida, que teve ritmo lento em alguns momentos.<\/p>\n","protected":false},"excerpt":{"rendered":"<p>O Gr\u00eamio tentou muito, mas n\u00e3o conseguiu furar o bloqueio do Coritiba neste domingo (30). O time de Porto Alegre teve chances e at\u00e9 uma bola na trave, mas a 21\u00aa rodada do Brasileir\u00e3o acabou com empate sem gols diante do Coritiba. O resultado mant\u00e9m os visitantes na zona de rebaixamento e os locais em [&hellip;]<\/p>\n","protected":false},"author":2,"featured_media":65242,"comment_status":"open","ping_status":"closed","sticky":false,"template":"","format":"standard","meta":{"_acf_changed":false,"footnotes":""},"categories":[29],"tags":[],"class_list":["post-65241","post","type-post","status-publish","format-standard","has-post-thumbnail","hentry","category-futebol"],"acf":[],"yoast_head":"<!-- This site is optimized with the Yoast SEO plugin v27.2 - https:\/\/yoast.com\/product\/yoast-seo-wordpress\/ -->\n<title>Gr\u00eamio para na retranca do Coritiba e n\u00e3o sai do 0 na Arena - Notibras<\/title>\n<meta name=\"robots\" content=\"index, follow, max-snippet:-1, max-image-preview:large, max-video-preview:-1\" \/>\n<link rel=\"canonical\" href=\"https:\/\/www.notibras.com\/site\/gremio-esbarra-na-retranca-do-coritiba-e-nao-sai-do-0-a-0-na-arena\/\" \/>\n<meta property=\"og:locale\" content=\"pt_BR\" \/>\n<meta property=\"og:type\" content=\"article\" \/>\n<meta property=\"og:title\" content=\"Gr\u00eamio para na retranca do Coritiba e n\u00e3o sai do 0 na Arena - Notibras\" \/>\n<meta property=\"og:description\" content=\"O Gr\u00eamio tentou muito, mas n\u00e3o conseguiu furar o bloqueio do Coritiba neste domingo (30). O time de Porto Alegre teve chances e at\u00e9 uma bola na trave, mas a 21\u00aa rodada do Brasileir\u00e3o acabou com empate sem gols diante do Coritiba. O resultado mant\u00e9m os visitantes na zona de rebaixamento e os locais em [&hellip;]\" \/>\n<meta property=\"og:url\" content=\"https:\/\/www.notibras.com\/site\/gremio-esbarra-na-retranca-do-coritiba-e-nao-sai-do-0-a-0-na-arena\/\" \/>\n<meta property=\"og:site_name\" content=\"Notibras\" \/>\n<meta property=\"article:publisher\" content=\"https:\/\/www.facebook.com\/notibras\/\" \/>\n<meta property=\"article:published_time\" content=\"2015-08-30T16:54:08+00:00\" \/>\n<meta property=\"article:modified_time\" content=\"2015-08-30T16:55:39+00:00\" \/>\n<meta property=\"og:image\" content=\"https:\/\/www.notibras.com\/site\/wp-content\/uploads\/2015\/08\/Coritiba-Campeonato-Brasileiro-GomesRaw-ImageLANCEPress_LANIMA20150830_0057_38.jpg\" \/>\n\t<meta property=\"og:image:width\" content=\"585\" \/>\n\t<meta property=\"og:image:height\" content=\"395\" \/>\n\t<meta property=\"og:image:type\" content=\"image\/jpeg\" \/>\n<meta name=\"author\" content=\"Reda\u00e7\u00e3o\" \/>\n<meta name=\"twitter:card\" content=\"summary_large_image\" \/>\n<meta name=\"twitter:creator\" content=\"@Notibras\" \/>\n<meta name=\"twitter:site\" content=\"@Notibras\" \/>\n<meta name=\"twitter:label1\" content=\"Escrito por\" \/>\n\t<meta name=\"twitter:data1\" content=\"Reda\u00e7\u00e3o\" \/>\n\t<meta name=\"twitter:label2\" content=\"Est. tempo de leitura\" \/>\n\t<meta name=\"twitter:data2\" content=\"1 minuto\" \/>\n<script type=\"application\/ld+json\" class=\"yoast-schema-graph\">{\"@context\":\"https:\/\/schema.org\",\"@graph\":[{\"@type\":\"Article\",\"@id\":\"https:\/\/www.notibras.com\/site\/gremio-esbarra-na-retranca-do-coritiba-e-nao-sai-do-0-a-0-na-arena\/#article\",\"isPartOf\":{\"@id\":\"https:\/\/www.notibras.com\/site\/gremio-esbarra-na-retranca-do-coritiba-e-nao-sai-do-0-a-0-na-arena\/\"},\"author\":{\"name\":\"Reda\u00e7\u00e3o\",\"@id\":\"https:\/\/www.notibras.com\/site\/#\/schema\/person\/36ab0979449956132d3e5b517ea76ac8\"},\"headline\":\"Gr\u00eamio para na retranca do Coritiba e n\u00e3o sai do 0 na Arena\",\"datePublished\":\"2015-08-30T16:54:08+00:00\",\"dateModified\":\"2015-08-30T16:55:39+00:00\",\"mainEntityOfPage\":{\"@id\":\"https:\/\/www.notibras.com\/site\/gremio-esbarra-na-retranca-do-coritiba-e-nao-sai-do-0-a-0-na-arena\/\"},\"wordCount\":175,\"commentCount\":0,\"publisher\":{\"@id\":\"https:\/\/www.notibras.com\/site\/#organization\"},\"image\":{\"@id\":\"https:\/\/www.notibras.com\/site\/gremio-esbarra-na-retranca-do-coritiba-e-nao-sai-do-0-a-0-na-arena\/#primaryimage\"},\"thumbnailUrl\":\"https:\/\/www.notibras.com\/site\/wp-content\/uploads\/2015\/08\/Coritiba-Campeonato-Brasileiro-GomesRaw-ImageLANCEPress_LANIMA20150830_0057_38.jpg\",\"articleSection\":[\"Futebol\"],\"inLanguage\":\"pt-BR\",\"potentialAction\":[{\"@type\":\"CommentAction\",\"name\":\"Comment\",\"target\":[\"https:\/\/www.notibras.com\/site\/gremio-esbarra-na-retranca-do-coritiba-e-nao-sai-do-0-a-0-na-arena\/#respond\"]}]},{\"@type\":\"WebPage\",\"@id\":\"https:\/\/www.notibras.com\/site\/gremio-esbarra-na-retranca-do-coritiba-e-nao-sai-do-0-a-0-na-arena\/\",\"url\":\"https:\/\/www.notibras.com\/site\/gremio-esbarra-na-retranca-do-coritiba-e-nao-sai-do-0-a-0-na-arena\/\",\"name\":\"Gr\u00eamio para na retranca do Coritiba e n\u00e3o sai do 0 na Arena - Notibras\",\"isPartOf\":{\"@id\":\"https:\/\/www.notibras.com\/site\/#website\"},\"primaryImageOfPage\":{\"@id\":\"https:\/\/www.notibras.com\/site\/gremio-esbarra-na-retranca-do-coritiba-e-nao-sai-do-0-a-0-na-arena\/#primaryimage\"},\"image\":{\"@id\":\"https:\/\/www.notibras.com\/site\/gremio-esbarra-na-retranca-do-coritiba-e-nao-sai-do-0-a-0-na-arena\/#primaryimage\"},\"thumbnailUrl\":\"https:\/\/www.notibras.com\/site\/wp-content\/uploads\/2015\/08\/Coritiba-Campeonato-Brasileiro-GomesRaw-ImageLANCEPress_LANIMA20150830_0057_38.jpg\",\"datePublished\":\"2015-08-30T16:54:08+00:00\",\"dateModified\":\"2015-08-30T16:55:39+00:00\",\"breadcrumb\":{\"@id\":\"https:\/\/www.notibras.com\/site\/gremio-esbarra-na-retranca-do-coritiba-e-nao-sai-do-0-a-0-na-arena\/#breadcrumb\"},\"inLanguage\":\"pt-BR\",\"potentialAction\":[{\"@type\":\"ReadAction\",\"target\":[\"https:\/\/www.notibras.com\/site\/gremio-esbarra-na-retranca-do-coritiba-e-nao-sai-do-0-a-0-na-arena\/\"]}]},{\"@type\":\"ImageObject\",\"inLanguage\":\"pt-BR\",\"@id\":\"https:\/\/www.notibras.com\/site\/gremio-esbarra-na-retranca-do-coritiba-e-nao-sai-do-0-a-0-na-arena\/#primaryimage\",\"url\":\"https:\/\/www.notibras.com\/site\/wp-content\/uploads\/2015\/08\/Coritiba-Campeonato-Brasileiro-GomesRaw-ImageLANCEPress_LANIMA20150830_0057_38.jpg\",\"contentUrl\":\"https:\/\/www.notibras.com\/site\/wp-content\/uploads\/2015\/08\/Coritiba-Campeonato-Brasileiro-GomesRaw-ImageLANCEPress_LANIMA20150830_0057_38.jpg\",\"width\":585,\"height\":395},{\"@type\":\"BreadcrumbList\",\"@id\":\"https:\/\/www.notibras.com\/site\/gremio-esbarra-na-retranca-do-coritiba-e-nao-sai-do-0-a-0-na-arena\/#breadcrumb\",\"itemListElement\":[{\"@type\":\"ListItem\",\"position\":1,\"name\":\"In\u00edcio\",\"item\":\"https:\/\/www.notibras.com\/site\/\"},{\"@type\":\"ListItem\",\"position\":2,\"name\":\"Gr\u00eamio para na retranca do Coritiba e n\u00e3o sai do 0 na Arena\"}]},{\"@type\":\"WebSite\",\"@id\":\"https:\/\/www.notibras.com\/site\/#website\",\"url\":\"https:\/\/www.notibras.com\/site\/\",\"name\":\"Notibras\",\"description\":\"Not\u00edcias de Bras\u00edlia, do Brasil e do Mundo\",\"publisher\":{\"@id\":\"https:\/\/www.notibras.com\/site\/#organization\"},\"potentialAction\":[{\"@type\":\"SearchAction\",\"target\":{\"@type\":\"EntryPoint\",\"urlTemplate\":\"https:\/\/www.notibras.com\/site\/?s={search_term_string}\"},\"query-input\":{\"@type\":\"PropertyValueSpecification\",\"valueRequired\":true,\"valueName\":\"search_term_string\"}}],\"inLanguage\":\"pt-BR\"},{\"@type\":\"Organization\",\"@id\":\"https:\/\/www.notibras.com\/site\/#organization\",\"name\":\"Grupo Notibras de Comunica\u00e7\u00e3o\",\"url\":\"https:\/\/www.notibras.com\/site\/\",\"logo\":{\"@type\":\"ImageObject\",\"inLanguage\":\"pt-BR\",\"@id\":\"https:\/\/www.notibras.com\/site\/#\/schema\/logo\/image\/\",\"url\":\"https:\/\/www.notibras.com\/site\/wp-content\/uploads\/2023\/01\/notibras23.png\",\"contentUrl\":\"https:\/\/www.notibras.com\/site\/wp-content\/uploads\/2023\/01\/notibras23.png\",\"width\":350,\"height\":87,\"caption\":\"Grupo Notibras de Comunica\u00e7\u00e3o\"},\"image\":{\"@id\":\"https:\/\/www.notibras.com\/site\/#\/schema\/logo\/image\/\"},\"sameAs\":[\"https:\/\/www.facebook.com\/notibras\/\",\"https:\/\/x.com\/Notibras\",\"https:\/\/www.instagram.com\/notibras\/\"]},{\"@type\":\"Person\",\"@id\":\"https:\/\/www.notibras.com\/site\/#\/schema\/person\/36ab0979449956132d3e5b517ea76ac8\",\"name\":\"Reda\u00e7\u00e3o\",\"image\":{\"@type\":\"ImageObject\",\"inLanguage\":\"pt-BR\",\"@id\":\"https:\/\/secure.gravatar.com\/avatar\/e0a867bdedb85fd243eadf09663511f96fc81e0720a4a42581f334ad4303aa6b?s=96&d=mm&r=g\",\"url\":\"https:\/\/secure.gravatar.com\/avatar\/e0a867bdedb85fd243eadf09663511f96fc81e0720a4a42581f334ad4303aa6b?s=96&d=mm&r=g\",\"contentUrl\":\"https:\/\/secure.gravatar.com\/avatar\/e0a867bdedb85fd243eadf09663511f96fc81e0720a4a42581f334ad4303aa6b?s=96&d=mm&r=g\",\"caption\":\"Reda\u00e7\u00e3o\"}}]}<\/script>\n<!-- \/ Yoast SEO plugin. -->","yoast_head_json":{"title":"Gr\u00eamio para na retranca do Coritiba e n\u00e3o sai do 0 na Arena - Notibras","robots":{"index":"index","follow":"follow","max-snippet":"max-snippet:-1","max-image-preview":"max-image-preview:large","max-video-preview":"max-video-preview:-1"},"canonical":"https:\/\/www.notibras.com\/site\/gremio-esbarra-na-retranca-do-coritiba-e-nao-sai-do-0-a-0-na-arena\/","og_locale":"pt_BR","og_type":"article","og_title":"Gr\u00eamio para na retranca do Coritiba e n\u00e3o sai do 0 na Arena - Notibras","og_description":"O Gr\u00eamio tentou muito, mas n\u00e3o conseguiu furar o bloqueio do Coritiba neste domingo (30). O time de Porto Alegre teve chances e at\u00e9 uma bola na trave, mas a 21\u00aa rodada do Brasileir\u00e3o acabou com empate sem gols diante do Coritiba. O resultado mant\u00e9m os visitantes na zona de rebaixamento e os locais em [&hellip;]","og_url":"https:\/\/www.notibras.com\/site\/gremio-esbarra-na-retranca-do-coritiba-e-nao-sai-do-0-a-0-na-arena\/","og_site_name":"Notibras","article_publisher":"https:\/\/www.facebook.com\/notibras\/","article_published_time":"2015-08-30T16:54:08+00:00","article_modified_time":"2015-08-30T16:55:39+00:00","og_image":[{"width":585,"height":395,"url":"https:\/\/www.notibras.com\/site\/wp-content\/uploads\/2015\/08\/Coritiba-Campeonato-Brasileiro-GomesRaw-ImageLANCEPress_LANIMA20150830_0057_38.jpg","type":"image\/jpeg"}],"author":"Reda\u00e7\u00e3o","twitter_card":"summary_large_image","twitter_creator":"@Notibras","twitter_site":"@Notibras","twitter_misc":{"Escrito por":"Reda\u00e7\u00e3o","Est. tempo de leitura":"1 minuto"},"schema":{"@context":"https:\/\/schema.org","@graph":[{"@type":"Article","@id":"https:\/\/www.notibras.com\/site\/gremio-esbarra-na-retranca-do-coritiba-e-nao-sai-do-0-a-0-na-arena\/#article","isPartOf":{"@id":"https:\/\/www.notibras.com\/site\/gremio-esbarra-na-retranca-do-coritiba-e-nao-sai-do-0-a-0-na-arena\/"},"author":{"name":"Reda\u00e7\u00e3o","@id":"https:\/\/www.notibras.com\/site\/#\/schema\/person\/36ab0979449956132d3e5b517ea76ac8"},"headline":"Gr\u00eamio para na retranca do Coritiba e n\u00e3o sai do 0 na Arena","datePublished":"2015-08-30T16:54:08+00:00","dateModified":"2015-08-30T16:55:39+00:00","mainEntityOfPage":{"@id":"https:\/\/www.notibras.com\/site\/gremio-esbarra-na-retranca-do-coritiba-e-nao-sai-do-0-a-0-na-arena\/"},"wordCount":175,"commentCount":0,"publisher":{"@id":"https:\/\/www.notibras.com\/site\/#organization"},"image":{"@id":"https:\/\/www.notibras.com\/site\/gremio-esbarra-na-retranca-do-coritiba-e-nao-sai-do-0-a-0-na-arena\/#primaryimage"},"thumbnailUrl":"https:\/\/www.notibras.com\/site\/wp-content\/uploads\/2015\/08\/Coritiba-Campeonato-Brasileiro-GomesRaw-ImageLANCEPress_LANIMA20150830_0057_38.jpg","articleSection":["Futebol"],"inLanguage":"pt-BR","potentialAction":[{"@type":"CommentAction","name":"Comment","target":["https:\/\/www.notibras.com\/site\/gremio-esbarra-na-retranca-do-coritiba-e-nao-sai-do-0-a-0-na-arena\/#respond"]}]},{"@type":"WebPage","@id":"https:\/\/www.notibras.com\/site\/gremio-esbarra-na-retranca-do-coritiba-e-nao-sai-do-0-a-0-na-arena\/","url":"https:\/\/www.notibras.com\/site\/gremio-esbarra-na-retranca-do-coritiba-e-nao-sai-do-0-a-0-na-arena\/","name":"Gr\u00eamio para na retranca do Coritiba e n\u00e3o sai do 0 na Arena - Notibras","isPartOf":{"@id":"https:\/\/www.notibras.com\/site\/#website"},"primaryImageOfPage":{"@id":"https:\/\/www.notibras.com\/site\/gremio-esbarra-na-retranca-do-coritiba-e-nao-sai-do-0-a-0-na-arena\/#primaryimage"},"image":{"@id":"https:\/\/www.notibras.com\/site\/gremio-esbarra-na-retranca-do-coritiba-e-nao-sai-do-0-a-0-na-arena\/#primaryimage"},"thumbnailUrl":"https:\/\/www.notibras.com\/site\/wp-content\/uploads\/2015\/08\/Coritiba-Campeonato-Brasileiro-GomesRaw-ImageLANCEPress_LANIMA20150830_0057_38.jpg","datePublished":"2015-08-30T16:54:08+00:00","dateModified":"2015-08-30T16:55:39+00:00","breadcrumb":{"@id":"https:\/\/www.notibras.com\/site\/gremio-esbarra-na-retranca-do-coritiba-e-nao-sai-do-0-a-0-na-arena\/#breadcrumb"},"inLanguage":"pt-BR","potentialAction":[{"@type":"ReadAction","target":["https:\/\/www.notibras.com\/site\/gremio-esbarra-na-retranca-do-coritiba-e-nao-sai-do-0-a-0-na-arena\/"]}]},{"@type":"ImageObject","inLanguage":"pt-BR","@id":"https:\/\/www.notibras.com\/site\/gremio-esbarra-na-retranca-do-coritiba-e-nao-sai-do-0-a-0-na-arena\/#primaryimage","url":"https:\/\/www.notibras.com\/site\/wp-content\/uploads\/2015\/08\/Coritiba-Campeonato-Brasileiro-GomesRaw-ImageLANCEPress_LANIMA20150830_0057_38.jpg","contentUrl":"https:\/\/www.notibras.com\/site\/wp-content\/uploads\/2015\/08\/Coritiba-Campeonato-Brasileiro-GomesRaw-ImageLANCEPress_LANIMA20150830_0057_38.jpg","width":585,"height":395},{"@type":"BreadcrumbList","@id":"https:\/\/www.notibras.com\/site\/gremio-esbarra-na-retranca-do-coritiba-e-nao-sai-do-0-a-0-na-arena\/#breadcrumb","itemListElement":[{"@type":"ListItem","position":1,"name":"In\u00edcio","item":"https:\/\/www.notibras.com\/site\/"},{"@type":"ListItem","position":2,"name":"Gr\u00eamio para na retranca do Coritiba e n\u00e3o sai do 0 na Arena"}]},{"@type":"WebSite","@id":"https:\/\/www.notibras.com\/site\/#website","url":"https:\/\/www.notibras.com\/site\/","name":"Notibras","description":"Not\u00edcias de Bras\u00edlia, do Brasil e do Mundo","publisher":{"@id":"https:\/\/www.notibras.com\/site\/#organization"},"potentialAction":[{"@type":"SearchAction","target":{"@type":"EntryPoint","urlTemplate":"https:\/\/www.notibras.com\/site\/?s={search_term_string}"},"query-input":{"@type":"PropertyValueSpecification","valueRequired":true,"valueName":"search_term_string"}}],"inLanguage":"pt-BR"},{"@type":"Organization","@id":"https:\/\/www.notibras.com\/site\/#organization","name":"Grupo Notibras de Comunica\u00e7\u00e3o","url":"https:\/\/www.notibras.com\/site\/","logo":{"@type":"ImageObject","inLanguage":"pt-BR","@id":"https:\/\/www.notibras.com\/site\/#\/schema\/logo\/image\/","url":"https:\/\/www.notibras.com\/site\/wp-content\/uploads\/2023\/01\/notibras23.png","contentUrl":"https:\/\/www.notibras.com\/site\/wp-content\/uploads\/2023\/01\/notibras23.png","width":350,"height":87,"caption":"Grupo Notibras de Comunica\u00e7\u00e3o"},"image":{"@id":"https:\/\/www.notibras.com\/site\/#\/schema\/logo\/image\/"},"sameAs":["https:\/\/www.facebook.com\/notibras\/","https:\/\/x.com\/Notibras","https:\/\/www.instagram.com\/notibras\/"]},{"@type":"Person","@id":"https:\/\/www.notibras.com\/site\/#\/schema\/person\/36ab0979449956132d3e5b517ea76ac8","name":"Reda\u00e7\u00e3o","image":{"@type":"ImageObject","inLanguage":"pt-BR","@id":"https:\/\/secure.gravatar.com\/avatar\/e0a867bdedb85fd243eadf09663511f96fc81e0720a4a42581f334ad4303aa6b?s=96&d=mm&r=g","url":"https:\/\/secure.gravatar.com\/avatar\/e0a867bdedb85fd243eadf09663511f96fc81e0720a4a42581f334ad4303aa6b?s=96&d=mm&r=g","contentUrl":"https:\/\/secure.gravatar.com\/avatar\/e0a867bdedb85fd243eadf09663511f96fc81e0720a4a42581f334ad4303aa6b?s=96&d=mm&r=g","caption":"Reda\u00e7\u00e3o"}}]}},"amp_enabled":true,"_links":{"self":[{"href":"https:\/\/www.notibras.com\/site\/wp-json\/wp\/v2\/posts\/65241","targetHints":{"allow":["GET"]}}],"collection":[{"href":"https:\/\/www.notibras.com\/site\/wp-json\/wp\/v2\/posts"}],"about":[{"href":"https:\/\/www.notibras.com\/site\/wp-json\/wp\/v2\/types\/post"}],"author":[{"embeddable":true,"href":"https:\/\/www.notibras.com\/site\/wp-json\/wp\/v2\/users\/2"}],"replies":[{"embeddable":true,"href":"https:\/\/www.notibras.com\/site\/wp-json\/wp\/v2\/comments?post=65241"}],"version-history":[{"count":3,"href":"https:\/\/www.notibras.com\/site\/wp-json\/wp\/v2\/posts\/65241\/revisions"}],"predecessor-version":[{"id":65245,"href":"https:\/\/www.notibras.com\/site\/wp-json\/wp\/v2\/posts\/65241\/revisions\/65245"}],"wp:featuredmedia":[{"embeddable":true,"href":"https:\/\/www.notibras.com\/site\/wp-json\/wp\/v2\/media\/65242"}],"wp:attachment":[{"href":"https:\/\/www.notibras.com\/site\/wp-json\/wp\/v2\/media?parent=65241"}],"wp:term":[{"taxonomy":"category","embeddable":true,"href":"https:\/\/www.notibras.com\/site\/wp-json\/wp\/v2\/categories?post=65241"},{"taxonomy":"post_tag","embeddable":true,"href":"https:\/\/www.notibras.com\/site\/wp-json\/wp\/v2\/tags?post=65241"}],"curies":[{"name":"wp","href":"https:\/\/api.w.org\/{rel}","templated":true}]}}