{"id":65256,"date":"2015-08-30T18:11:31","date_gmt":"2015-08-30T21:11:31","guid":{"rendered":"http:\/\/www.notibras.com\/site\/?p=65256"},"modified":"2015-08-30T20:47:00","modified_gmt":"2015-08-30T23:47:00","slug":"jesus-volta-a-brilhar-e-palmeiras-vence-o-joinville-por-3-a-2","status":"publish","type":"post","link":"https:\/\/www.notibras.com\/site\/jesus-volta-a-brilhar-e-palmeiras-vence-o-joinville-por-3-a-2\/","title":{"rendered":"Jesus volta a brilhar e Palmeiras vence o Joinville por 3 a 2 no Allianz Parque"},"content":{"rendered":"<p>A torcida do Palmeiras passou meses pedindo para que Gabriel Jesus tivesse mais chances no time. A cobran\u00e7a n\u00e3o era em v\u00e3o. O jovem atacante novamente foi decisivo para a vit\u00f3ria do time, desta vez no duelo contra o Joinville, neste domingo. O camisa 33 marcou dois gols no triunfo por 3 a 2, no Allianz Parque, pelo Brasileir\u00e3o.<\/p>\n<p>Jesus j\u00e1 havia se destacado com dois gols no meio de semana na vit\u00f3ria contra o Cruzeiro, 3 a 2, pela Copa do Brasil. Foi o segundo jogo consecutivo de Gabriel Jesus entre os titulares.<\/p>\n<p>Com esse triunfo, o Palmeiras retornou ao G-4, com a quarta coloca\u00e7\u00e3o, com 34 pontos.<\/p>\n<p>Os destaques da partida deste domingo, ali\u00e1s, vivem momentos distintos no futebol.<\/p>\n<p>De um lado, a jovem promessa do time paulista: Gabriel Jesus, 18 anos, que abriu o marcador logo a 49 segundos. Do lado do Joinville, o consagrado Marcelinho Para\u00edba, 40 anos, que marcou duas vezes.<\/p>\n<p>A grande atua\u00e7\u00e3o de Gabriel Jesus reparou falhas apresentadas pela defesa do Palmeiras. O segundo gol do Joinville ocorreu ap\u00f3s falha clamorosa da defesa do Palmeiras. Jo\u00e3o Pedro deu chut\u00e3o, mas a bola bateu em Z\u00e9 Roberto, sobrando limpa para Marcelinho marcar.<\/p>\n","protected":false},"excerpt":{"rendered":"<p>A torcida do Palmeiras passou meses pedindo para que Gabriel Jesus tivesse mais chances no time. A cobran\u00e7a n\u00e3o era em v\u00e3o. O jovem atacante novamente foi decisivo para a vit\u00f3ria do time, desta vez no duelo contra o Joinville, neste domingo. O camisa 33 marcou dois gols no triunfo por 3 a 2, no [&hellip;]<\/p>\n","protected":false},"author":2,"featured_media":65257,"comment_status":"open","ping_status":"closed","sticky":false,"template":"","format":"standard","meta":{"_acf_changed":false,"footnotes":""},"categories":[29],"tags":[],"class_list":["post-65256","post","type-post","status-publish","format-standard","has-post-thumbnail","hentry","category-futebol"],"acf":[],"yoast_head":"<!-- This site is optimized with the Yoast SEO plugin v27.2 - https:\/\/yoast.com\/product\/yoast-seo-wordpress\/ -->\n<title>Jesus volta a brilhar e Palmeiras vence o Joinville por 3 a 2 no Allianz Parque - Notibras<\/title>\n<meta name=\"robots\" content=\"index, follow, max-snippet:-1, max-image-preview:large, max-video-preview:-1\" \/>\n<link rel=\"canonical\" href=\"https:\/\/www.notibras.com\/site\/jesus-volta-a-brilhar-e-palmeiras-vence-o-joinville-por-3-a-2\/\" \/>\n<meta property=\"og:locale\" content=\"pt_BR\" \/>\n<meta property=\"og:type\" content=\"article\" \/>\n<meta property=\"og:title\" content=\"Jesus volta a brilhar e Palmeiras vence o Joinville por 3 a 2 no Allianz Parque - Notibras\" \/>\n<meta property=\"og:description\" content=\"A torcida do Palmeiras passou meses pedindo para que Gabriel Jesus tivesse mais chances no time. A cobran\u00e7a n\u00e3o era em v\u00e3o. O jovem atacante novamente foi decisivo para a vit\u00f3ria do time, desta vez no duelo contra o Joinville, neste domingo. O camisa 33 marcou dois gols no triunfo por 3 a 2, no [&hellip;]\" \/>\n<meta property=\"og:url\" content=\"https:\/\/www.notibras.com\/site\/jesus-volta-a-brilhar-e-palmeiras-vence-o-joinville-por-3-a-2\/\" \/>\n<meta property=\"og:site_name\" content=\"Notibras\" \/>\n<meta property=\"article:publisher\" content=\"https:\/\/www.facebook.com\/notibras\/\" \/>\n<meta property=\"article:published_time\" content=\"2015-08-30T21:11:31+00:00\" \/>\n<meta property=\"article:modified_time\" content=\"2015-08-30T23:47:00+00:00\" \/>\n<meta property=\"og:image\" content=\"https:\/\/www.notibras.com\/site\/wp-content\/uploads\/2015\/08\/gabriel-jesus-comemora-o-seu-gol-contra-o-cruzeiro-pela-copa-do-brasil-1440967380275_300x300.jpg\" \/>\n\t<meta property=\"og:image:width\" content=\"300\" \/>\n\t<meta property=\"og:image:height\" content=\"300\" \/>\n\t<meta property=\"og:image:type\" content=\"image\/jpeg\" \/>\n<meta name=\"author\" content=\"Reda\u00e7\u00e3o\" \/>\n<meta name=\"twitter:card\" content=\"summary_large_image\" \/>\n<meta name=\"twitter:creator\" content=\"@Notibras\" \/>\n<meta name=\"twitter:site\" content=\"@Notibras\" \/>\n<meta name=\"twitter:label1\" content=\"Escrito por\" \/>\n\t<meta name=\"twitter:data1\" content=\"Reda\u00e7\u00e3o\" \/>\n\t<meta name=\"twitter:label2\" content=\"Est. tempo de leitura\" \/>\n\t<meta name=\"twitter:data2\" content=\"1 minuto\" \/>\n<script type=\"application\/ld+json\" class=\"yoast-schema-graph\">{\"@context\":\"https:\/\/schema.org\",\"@graph\":[{\"@type\":\"Article\",\"@id\":\"https:\/\/www.notibras.com\/site\/jesus-volta-a-brilhar-e-palmeiras-vence-o-joinville-por-3-a-2\/#article\",\"isPartOf\":{\"@id\":\"https:\/\/www.notibras.com\/site\/jesus-volta-a-brilhar-e-palmeiras-vence-o-joinville-por-3-a-2\/\"},\"author\":{\"name\":\"Reda\u00e7\u00e3o\",\"@id\":\"https:\/\/www.notibras.com\/site\/#\/schema\/person\/36ab0979449956132d3e5b517ea76ac8\"},\"headline\":\"Jesus volta a brilhar e Palmeiras vence o Joinville por 3 a 2 no Allianz Parque\",\"datePublished\":\"2015-08-30T21:11:31+00:00\",\"dateModified\":\"2015-08-30T23:47:00+00:00\",\"mainEntityOfPage\":{\"@id\":\"https:\/\/www.notibras.com\/site\/jesus-volta-a-brilhar-e-palmeiras-vence-o-joinville-por-3-a-2\/\"},\"wordCount\":216,\"commentCount\":0,\"publisher\":{\"@id\":\"https:\/\/www.notibras.com\/site\/#organization\"},\"image\":{\"@id\":\"https:\/\/www.notibras.com\/site\/jesus-volta-a-brilhar-e-palmeiras-vence-o-joinville-por-3-a-2\/#primaryimage\"},\"thumbnailUrl\":\"https:\/\/www.notibras.com\/site\/wp-content\/uploads\/2015\/08\/gabriel-jesus-comemora-o-seu-gol-contra-o-cruzeiro-pela-copa-do-brasil-1440967380275_300x300.jpg\",\"articleSection\":[\"Futebol\"],\"inLanguage\":\"pt-BR\",\"potentialAction\":[{\"@type\":\"CommentAction\",\"name\":\"Comment\",\"target\":[\"https:\/\/www.notibras.com\/site\/jesus-volta-a-brilhar-e-palmeiras-vence-o-joinville-por-3-a-2\/#respond\"]}]},{\"@type\":\"WebPage\",\"@id\":\"https:\/\/www.notibras.com\/site\/jesus-volta-a-brilhar-e-palmeiras-vence-o-joinville-por-3-a-2\/\",\"url\":\"https:\/\/www.notibras.com\/site\/jesus-volta-a-brilhar-e-palmeiras-vence-o-joinville-por-3-a-2\/\",\"name\":\"Jesus volta a brilhar e Palmeiras vence o Joinville por 3 a 2 no Allianz Parque - Notibras\",\"isPartOf\":{\"@id\":\"https:\/\/www.notibras.com\/site\/#website\"},\"primaryImageOfPage\":{\"@id\":\"https:\/\/www.notibras.com\/site\/jesus-volta-a-brilhar-e-palmeiras-vence-o-joinville-por-3-a-2\/#primaryimage\"},\"image\":{\"@id\":\"https:\/\/www.notibras.com\/site\/jesus-volta-a-brilhar-e-palmeiras-vence-o-joinville-por-3-a-2\/#primaryimage\"},\"thumbnailUrl\":\"https:\/\/www.notibras.com\/site\/wp-content\/uploads\/2015\/08\/gabriel-jesus-comemora-o-seu-gol-contra-o-cruzeiro-pela-copa-do-brasil-1440967380275_300x300.jpg\",\"datePublished\":\"2015-08-30T21:11:31+00:00\",\"dateModified\":\"2015-08-30T23:47:00+00:00\",\"breadcrumb\":{\"@id\":\"https:\/\/www.notibras.com\/site\/jesus-volta-a-brilhar-e-palmeiras-vence-o-joinville-por-3-a-2\/#breadcrumb\"},\"inLanguage\":\"pt-BR\",\"potentialAction\":[{\"@type\":\"ReadAction\",\"target\":[\"https:\/\/www.notibras.com\/site\/jesus-volta-a-brilhar-e-palmeiras-vence-o-joinville-por-3-a-2\/\"]}]},{\"@type\":\"ImageObject\",\"inLanguage\":\"pt-BR\",\"@id\":\"https:\/\/www.notibras.com\/site\/jesus-volta-a-brilhar-e-palmeiras-vence-o-joinville-por-3-a-2\/#primaryimage\",\"url\":\"https:\/\/www.notibras.com\/site\/wp-content\/uploads\/2015\/08\/gabriel-jesus-comemora-o-seu-gol-contra-o-cruzeiro-pela-copa-do-brasil-1440967380275_300x300.jpg\",\"contentUrl\":\"https:\/\/www.notibras.com\/site\/wp-content\/uploads\/2015\/08\/gabriel-jesus-comemora-o-seu-gol-contra-o-cruzeiro-pela-copa-do-brasil-1440967380275_300x300.jpg\",\"width\":300,\"height\":300},{\"@type\":\"BreadcrumbList\",\"@id\":\"https:\/\/www.notibras.com\/site\/jesus-volta-a-brilhar-e-palmeiras-vence-o-joinville-por-3-a-2\/#breadcrumb\",\"itemListElement\":[{\"@type\":\"ListItem\",\"position\":1,\"name\":\"In\u00edcio\",\"item\":\"https:\/\/www.notibras.com\/site\/\"},{\"@type\":\"ListItem\",\"position\":2,\"name\":\"Jesus volta a brilhar e Palmeiras vence o Joinville por 3 a 2 no Allianz Parque\"}]},{\"@type\":\"WebSite\",\"@id\":\"https:\/\/www.notibras.com\/site\/#website\",\"url\":\"https:\/\/www.notibras.com\/site\/\",\"name\":\"Notibras\",\"description\":\"Not\u00edcias de Bras\u00edlia, do Brasil e do Mundo\",\"publisher\":{\"@id\":\"https:\/\/www.notibras.com\/site\/#organization\"},\"potentialAction\":[{\"@type\":\"SearchAction\",\"target\":{\"@type\":\"EntryPoint\",\"urlTemplate\":\"https:\/\/www.notibras.com\/site\/?s={search_term_string}\"},\"query-input\":{\"@type\":\"PropertyValueSpecification\",\"valueRequired\":true,\"valueName\":\"search_term_string\"}}],\"inLanguage\":\"pt-BR\"},{\"@type\":\"Organization\",\"@id\":\"https:\/\/www.notibras.com\/site\/#organization\",\"name\":\"Grupo Notibras de Comunica\u00e7\u00e3o\",\"url\":\"https:\/\/www.notibras.com\/site\/\",\"logo\":{\"@type\":\"ImageObject\",\"inLanguage\":\"pt-BR\",\"@id\":\"https:\/\/www.notibras.com\/site\/#\/schema\/logo\/image\/\",\"url\":\"https:\/\/www.notibras.com\/site\/wp-content\/uploads\/2023\/01\/notibras23.png\",\"contentUrl\":\"https:\/\/www.notibras.com\/site\/wp-content\/uploads\/2023\/01\/notibras23.png\",\"width\":350,\"height\":87,\"caption\":\"Grupo Notibras de Comunica\u00e7\u00e3o\"},\"image\":{\"@id\":\"https:\/\/www.notibras.com\/site\/#\/schema\/logo\/image\/\"},\"sameAs\":[\"https:\/\/www.facebook.com\/notibras\/\",\"https:\/\/x.com\/Notibras\",\"https:\/\/www.instagram.com\/notibras\/\"]},{\"@type\":\"Person\",\"@id\":\"https:\/\/www.notibras.com\/site\/#\/schema\/person\/36ab0979449956132d3e5b517ea76ac8\",\"name\":\"Reda\u00e7\u00e3o\",\"image\":{\"@type\":\"ImageObject\",\"inLanguage\":\"pt-BR\",\"@id\":\"https:\/\/secure.gravatar.com\/avatar\/e0a867bdedb85fd243eadf09663511f96fc81e0720a4a42581f334ad4303aa6b?s=96&d=mm&r=g\",\"url\":\"https:\/\/secure.gravatar.com\/avatar\/e0a867bdedb85fd243eadf09663511f96fc81e0720a4a42581f334ad4303aa6b?s=96&d=mm&r=g\",\"contentUrl\":\"https:\/\/secure.gravatar.com\/avatar\/e0a867bdedb85fd243eadf09663511f96fc81e0720a4a42581f334ad4303aa6b?s=96&d=mm&r=g\",\"caption\":\"Reda\u00e7\u00e3o\"}}]}<\/script>\n<!-- \/ Yoast SEO plugin. -->","yoast_head_json":{"title":"Jesus volta a brilhar e Palmeiras vence o Joinville por 3 a 2 no Allianz Parque - Notibras","robots":{"index":"index","follow":"follow","max-snippet":"max-snippet:-1","max-image-preview":"max-image-preview:large","max-video-preview":"max-video-preview:-1"},"canonical":"https:\/\/www.notibras.com\/site\/jesus-volta-a-brilhar-e-palmeiras-vence-o-joinville-por-3-a-2\/","og_locale":"pt_BR","og_type":"article","og_title":"Jesus volta a brilhar e Palmeiras vence o Joinville por 3 a 2 no Allianz Parque - Notibras","og_description":"A torcida do Palmeiras passou meses pedindo para que Gabriel Jesus tivesse mais chances no time. A cobran\u00e7a n\u00e3o era em v\u00e3o. O jovem atacante novamente foi decisivo para a vit\u00f3ria do time, desta vez no duelo contra o Joinville, neste domingo. O camisa 33 marcou dois gols no triunfo por 3 a 2, no [&hellip;]","og_url":"https:\/\/www.notibras.com\/site\/jesus-volta-a-brilhar-e-palmeiras-vence-o-joinville-por-3-a-2\/","og_site_name":"Notibras","article_publisher":"https:\/\/www.facebook.com\/notibras\/","article_published_time":"2015-08-30T21:11:31+00:00","article_modified_time":"2015-08-30T23:47:00+00:00","og_image":[{"width":300,"height":300,"url":"https:\/\/www.notibras.com\/site\/wp-content\/uploads\/2015\/08\/gabriel-jesus-comemora-o-seu-gol-contra-o-cruzeiro-pela-copa-do-brasil-1440967380275_300x300.jpg","type":"image\/jpeg"}],"author":"Reda\u00e7\u00e3o","twitter_card":"summary_large_image","twitter_creator":"@Notibras","twitter_site":"@Notibras","twitter_misc":{"Escrito por":"Reda\u00e7\u00e3o","Est. tempo de leitura":"1 minuto"},"schema":{"@context":"https:\/\/schema.org","@graph":[{"@type":"Article","@id":"https:\/\/www.notibras.com\/site\/jesus-volta-a-brilhar-e-palmeiras-vence-o-joinville-por-3-a-2\/#article","isPartOf":{"@id":"https:\/\/www.notibras.com\/site\/jesus-volta-a-brilhar-e-palmeiras-vence-o-joinville-por-3-a-2\/"},"author":{"name":"Reda\u00e7\u00e3o","@id":"https:\/\/www.notibras.com\/site\/#\/schema\/person\/36ab0979449956132d3e5b517ea76ac8"},"headline":"Jesus volta a brilhar e Palmeiras vence o Joinville por 3 a 2 no Allianz Parque","datePublished":"2015-08-30T21:11:31+00:00","dateModified":"2015-08-30T23:47:00+00:00","mainEntityOfPage":{"@id":"https:\/\/www.notibras.com\/site\/jesus-volta-a-brilhar-e-palmeiras-vence-o-joinville-por-3-a-2\/"},"wordCount":216,"commentCount":0,"publisher":{"@id":"https:\/\/www.notibras.com\/site\/#organization"},"image":{"@id":"https:\/\/www.notibras.com\/site\/jesus-volta-a-brilhar-e-palmeiras-vence-o-joinville-por-3-a-2\/#primaryimage"},"thumbnailUrl":"https:\/\/www.notibras.com\/site\/wp-content\/uploads\/2015\/08\/gabriel-jesus-comemora-o-seu-gol-contra-o-cruzeiro-pela-copa-do-brasil-1440967380275_300x300.jpg","articleSection":["Futebol"],"inLanguage":"pt-BR","potentialAction":[{"@type":"CommentAction","name":"Comment","target":["https:\/\/www.notibras.com\/site\/jesus-volta-a-brilhar-e-palmeiras-vence-o-joinville-por-3-a-2\/#respond"]}]},{"@type":"WebPage","@id":"https:\/\/www.notibras.com\/site\/jesus-volta-a-brilhar-e-palmeiras-vence-o-joinville-por-3-a-2\/","url":"https:\/\/www.notibras.com\/site\/jesus-volta-a-brilhar-e-palmeiras-vence-o-joinville-por-3-a-2\/","name":"Jesus volta a brilhar e Palmeiras vence o Joinville por 3 a 2 no Allianz Parque - Notibras","isPartOf":{"@id":"https:\/\/www.notibras.com\/site\/#website"},"primaryImageOfPage":{"@id":"https:\/\/www.notibras.com\/site\/jesus-volta-a-brilhar-e-palmeiras-vence-o-joinville-por-3-a-2\/#primaryimage"},"image":{"@id":"https:\/\/www.notibras.com\/site\/jesus-volta-a-brilhar-e-palmeiras-vence-o-joinville-por-3-a-2\/#primaryimage"},"thumbnailUrl":"https:\/\/www.notibras.com\/site\/wp-content\/uploads\/2015\/08\/gabriel-jesus-comemora-o-seu-gol-contra-o-cruzeiro-pela-copa-do-brasil-1440967380275_300x300.jpg","datePublished":"2015-08-30T21:11:31+00:00","dateModified":"2015-08-30T23:47:00+00:00","breadcrumb":{"@id":"https:\/\/www.notibras.com\/site\/jesus-volta-a-brilhar-e-palmeiras-vence-o-joinville-por-3-a-2\/#breadcrumb"},"inLanguage":"pt-BR","potentialAction":[{"@type":"ReadAction","target":["https:\/\/www.notibras.com\/site\/jesus-volta-a-brilhar-e-palmeiras-vence-o-joinville-por-3-a-2\/"]}]},{"@type":"ImageObject","inLanguage":"pt-BR","@id":"https:\/\/www.notibras.com\/site\/jesus-volta-a-brilhar-e-palmeiras-vence-o-joinville-por-3-a-2\/#primaryimage","url":"https:\/\/www.notibras.com\/site\/wp-content\/uploads\/2015\/08\/gabriel-jesus-comemora-o-seu-gol-contra-o-cruzeiro-pela-copa-do-brasil-1440967380275_300x300.jpg","contentUrl":"https:\/\/www.notibras.com\/site\/wp-content\/uploads\/2015\/08\/gabriel-jesus-comemora-o-seu-gol-contra-o-cruzeiro-pela-copa-do-brasil-1440967380275_300x300.jpg","width":300,"height":300},{"@type":"BreadcrumbList","@id":"https:\/\/www.notibras.com\/site\/jesus-volta-a-brilhar-e-palmeiras-vence-o-joinville-por-3-a-2\/#breadcrumb","itemListElement":[{"@type":"ListItem","position":1,"name":"In\u00edcio","item":"https:\/\/www.notibras.com\/site\/"},{"@type":"ListItem","position":2,"name":"Jesus volta a brilhar e Palmeiras vence o Joinville por 3 a 2 no Allianz Parque"}]},{"@type":"WebSite","@id":"https:\/\/www.notibras.com\/site\/#website","url":"https:\/\/www.notibras.com\/site\/","name":"Notibras","description":"Not\u00edcias de Bras\u00edlia, do Brasil e do Mundo","publisher":{"@id":"https:\/\/www.notibras.com\/site\/#organization"},"potentialAction":[{"@type":"SearchAction","target":{"@type":"EntryPoint","urlTemplate":"https:\/\/www.notibras.com\/site\/?s={search_term_string}"},"query-input":{"@type":"PropertyValueSpecification","valueRequired":true,"valueName":"search_term_string"}}],"inLanguage":"pt-BR"},{"@type":"Organization","@id":"https:\/\/www.notibras.com\/site\/#organization","name":"Grupo Notibras de Comunica\u00e7\u00e3o","url":"https:\/\/www.notibras.com\/site\/","logo":{"@type":"ImageObject","inLanguage":"pt-BR","@id":"https:\/\/www.notibras.com\/site\/#\/schema\/logo\/image\/","url":"https:\/\/www.notibras.com\/site\/wp-content\/uploads\/2023\/01\/notibras23.png","contentUrl":"https:\/\/www.notibras.com\/site\/wp-content\/uploads\/2023\/01\/notibras23.png","width":350,"height":87,"caption":"Grupo Notibras de Comunica\u00e7\u00e3o"},"image":{"@id":"https:\/\/www.notibras.com\/site\/#\/schema\/logo\/image\/"},"sameAs":["https:\/\/www.facebook.com\/notibras\/","https:\/\/x.com\/Notibras","https:\/\/www.instagram.com\/notibras\/"]},{"@type":"Person","@id":"https:\/\/www.notibras.com\/site\/#\/schema\/person\/36ab0979449956132d3e5b517ea76ac8","name":"Reda\u00e7\u00e3o","image":{"@type":"ImageObject","inLanguage":"pt-BR","@id":"https:\/\/secure.gravatar.com\/avatar\/e0a867bdedb85fd243eadf09663511f96fc81e0720a4a42581f334ad4303aa6b?s=96&d=mm&r=g","url":"https:\/\/secure.gravatar.com\/avatar\/e0a867bdedb85fd243eadf09663511f96fc81e0720a4a42581f334ad4303aa6b?s=96&d=mm&r=g","contentUrl":"https:\/\/secure.gravatar.com\/avatar\/e0a867bdedb85fd243eadf09663511f96fc81e0720a4a42581f334ad4303aa6b?s=96&d=mm&r=g","caption":"Reda\u00e7\u00e3o"}}]}},"amp_enabled":true,"_links":{"self":[{"href":"https:\/\/www.notibras.com\/site\/wp-json\/wp\/v2\/posts\/65256","targetHints":{"allow":["GET"]}}],"collection":[{"href":"https:\/\/www.notibras.com\/site\/wp-json\/wp\/v2\/posts"}],"about":[{"href":"https:\/\/www.notibras.com\/site\/wp-json\/wp\/v2\/types\/post"}],"author":[{"embeddable":true,"href":"https:\/\/www.notibras.com\/site\/wp-json\/wp\/v2\/users\/2"}],"replies":[{"embeddable":true,"href":"https:\/\/www.notibras.com\/site\/wp-json\/wp\/v2\/comments?post=65256"}],"version-history":[{"count":2,"href":"https:\/\/www.notibras.com\/site\/wp-json\/wp\/v2\/posts\/65256\/revisions"}],"predecessor-version":[{"id":65301,"href":"https:\/\/www.notibras.com\/site\/wp-json\/wp\/v2\/posts\/65256\/revisions\/65301"}],"wp:featuredmedia":[{"embeddable":true,"href":"https:\/\/www.notibras.com\/site\/wp-json\/wp\/v2\/media\/65257"}],"wp:attachment":[{"href":"https:\/\/www.notibras.com\/site\/wp-json\/wp\/v2\/media?parent=65256"}],"wp:term":[{"taxonomy":"category","embeddable":true,"href":"https:\/\/www.notibras.com\/site\/wp-json\/wp\/v2\/categories?post=65256"},{"taxonomy":"post_tag","embeddable":true,"href":"https:\/\/www.notibras.com\/site\/wp-json\/wp\/v2\/tags?post=65256"}],"curies":[{"name":"wp","href":"https:\/\/api.w.org\/{rel}","templated":true}]}}