{"id":65259,"date":"2015-08-30T18:00:50","date_gmt":"2015-08-30T21:00:50","guid":{"rendered":"http:\/\/www.notibras.com\/site\/?p=65259"},"modified":"2015-08-30T18:14:14","modified_gmt":"2015-08-30T21:14:14","slug":"flamengo-derrota-o-sport-no-recife-por-1-a-0-e-sobe-quatro-posicoes-na-tabela","status":"publish","type":"post","link":"https:\/\/www.notibras.com\/site\/flamengo-derrota-o-sport-no-recife-por-1-a-0-e-sobe-quatro-posicoes-na-tabela\/","title":{"rendered":"Flamengo derrota o Sport no Recife por 1 a 0 e sobe quatro posi\u00e7\u00f5es na tabela"},"content":{"rendered":"<p>O Flamengo conseguiu importante vit\u00f3ria neste domingo, ao bater o Sport por 1 a 0, na Arena Pernambuco \u2013 gol de Everton. A partida correspondeu \u00e0s expectativas e foi bastante pol\u00eamica. Com apenas 14min de jogo, Samuel Xavier recebeu cart\u00e3o vermelho ap\u00f3s entrada em Alan Patrick. Diego Souza n\u00e3o gostou e reclamou bastante no intervalo dando a entender que a arbitragem \u00e9 benevolente com o time carioca.<\/p>\n<p>Com o resultado, o Flamengo chegou aos 29 pontos e deu grande salto na tabela. Saiu da 13\u00aa para a 9\u00aa posi\u00e7\u00e3o. O Sport, por sua vez, se mant\u00e9m com 31 na 7\u00aa coloca\u00e7\u00e3o. Os cariocas voltam a campo na quarta-feira, quando receber\u00e3o o Ava\u00ed, na Arena Dunas. J\u00e1 os pernambucanos visitam o Coritiba, no Couto Pereira.<\/p>\n<p>Mesmo jogando fora de casa e desfalcado de jogadores importantes como Guerrero e Ederson, o Flamengo tomou conta do jogo desde o primeiro minuto. At\u00e9 por isso, n\u00e3o demorou para abrir o placar com Everton, de cabe\u00e7a, aos 4min. Com grande volume de jogadas, os cariocas controlavam o jogo. O Sport at\u00e9 tentou reagir com uma bola no travess\u00e3o, mas a expuls\u00e3o de Samuel Xavier aos 23min diminuiu o ritmo do duelo. Os visitantes continuaram em cima, enquanto os donos da casa tentavam se reorganizar com um jogador a menos.<\/p>\n<p>O segundo tempo manteve o mesmo panorama. A superioridade num\u00e9rica representou superioridade no volume de jogo. O Sport mal conseguia ficar com a bola e, consequentemente, n\u00e3o criava oportunidades. Enquanto isso, o Flamengo pecava em n\u00e3o matar o duelo. N\u00e3o que tenha havido muitas chances de gols, mas as criadas foram mal conclu\u00eddas.<\/p>\n","protected":false},"excerpt":{"rendered":"<p>O Flamengo conseguiu importante vit\u00f3ria neste domingo, ao bater o Sport por 1 a 0, na Arena Pernambuco \u2013 gol de Everton. A partida correspondeu \u00e0s expectativas e foi bastante pol\u00eamica. Com apenas 14min de jogo, Samuel Xavier recebeu cart\u00e3o vermelho ap\u00f3s entrada em Alan Patrick. Diego Souza n\u00e3o gostou e reclamou bastante no intervalo [&hellip;]<\/p>\n","protected":false},"author":2,"featured_media":65260,"comment_status":"open","ping_status":"closed","sticky":false,"template":"","format":"standard","meta":{"_acf_changed":false,"footnotes":""},"categories":[29],"tags":[],"class_list":["post-65259","post","type-post","status-publish","format-standard","has-post-thumbnail","hentry","category-futebol"],"acf":[],"yoast_head":"<!-- This site is optimized with the Yoast SEO plugin v27.2 - https:\/\/yoast.com\/product\/yoast-seo-wordpress\/ -->\n<title>Flamengo derrota o Sport no Recife por 1 a 0 e sobe quatro posi\u00e7\u00f5es na tabela - Notibras<\/title>\n<meta name=\"robots\" content=\"index, follow, max-snippet:-1, max-image-preview:large, max-video-preview:-1\" \/>\n<link rel=\"canonical\" href=\"https:\/\/www.notibras.com\/site\/flamengo-derrota-o-sport-no-recife-por-1-a-0-e-sobe-quatro-posicoes-na-tabela\/\" \/>\n<meta property=\"og:locale\" content=\"pt_BR\" \/>\n<meta property=\"og:type\" content=\"article\" \/>\n<meta property=\"og:title\" content=\"Flamengo derrota o Sport no Recife por 1 a 0 e sobe quatro posi\u00e7\u00f5es na tabela - Notibras\" \/>\n<meta property=\"og:description\" content=\"O Flamengo conseguiu importante vit\u00f3ria neste domingo, ao bater o Sport por 1 a 0, na Arena Pernambuco \u2013 gol de Everton. A partida correspondeu \u00e0s expectativas e foi bastante pol\u00eamica. Com apenas 14min de jogo, Samuel Xavier recebeu cart\u00e3o vermelho ap\u00f3s entrada em Alan Patrick. Diego Souza n\u00e3o gostou e reclamou bastante no intervalo [&hellip;]\" \/>\n<meta property=\"og:url\" content=\"https:\/\/www.notibras.com\/site\/flamengo-derrota-o-sport-no-recife-por-1-a-0-e-sobe-quatro-posicoes-na-tabela\/\" \/>\n<meta property=\"og:site_name\" content=\"Notibras\" \/>\n<meta property=\"article:publisher\" content=\"https:\/\/www.facebook.com\/notibras\/\" \/>\n<meta property=\"article:published_time\" content=\"2015-08-30T21:00:50+00:00\" \/>\n<meta property=\"article:modified_time\" content=\"2015-08-30T21:14:14+00:00\" \/>\n<meta property=\"og:image\" content=\"https:\/\/www.notibras.com\/site\/wp-content\/uploads\/2015\/08\/flaspo.jpg\" \/>\n\t<meta property=\"og:image:width\" content=\"527\" \/>\n\t<meta property=\"og:image:height\" content=\"307\" \/>\n\t<meta property=\"og:image:type\" content=\"image\/jpeg\" \/>\n<meta name=\"author\" content=\"Reda\u00e7\u00e3o\" \/>\n<meta name=\"twitter:card\" content=\"summary_large_image\" \/>\n<meta name=\"twitter:creator\" content=\"@Notibras\" \/>\n<meta name=\"twitter:site\" content=\"@Notibras\" \/>\n<meta name=\"twitter:label1\" content=\"Escrito por\" \/>\n\t<meta name=\"twitter:data1\" content=\"Reda\u00e7\u00e3o\" \/>\n\t<meta name=\"twitter:label2\" content=\"Est. tempo de leitura\" \/>\n\t<meta name=\"twitter:data2\" content=\"1 minuto\" \/>\n<script type=\"application\/ld+json\" class=\"yoast-schema-graph\">{\"@context\":\"https:\/\/schema.org\",\"@graph\":[{\"@type\":\"Article\",\"@id\":\"https:\/\/www.notibras.com\/site\/flamengo-derrota-o-sport-no-recife-por-1-a-0-e-sobe-quatro-posicoes-na-tabela\/#article\",\"isPartOf\":{\"@id\":\"https:\/\/www.notibras.com\/site\/flamengo-derrota-o-sport-no-recife-por-1-a-0-e-sobe-quatro-posicoes-na-tabela\/\"},\"author\":{\"name\":\"Reda\u00e7\u00e3o\",\"@id\":\"https:\/\/www.notibras.com\/site\/#\/schema\/person\/36ab0979449956132d3e5b517ea76ac8\"},\"headline\":\"Flamengo derrota o Sport no Recife por 1 a 0 e sobe quatro posi\u00e7\u00f5es na tabela\",\"datePublished\":\"2015-08-30T21:00:50+00:00\",\"dateModified\":\"2015-08-30T21:14:14+00:00\",\"mainEntityOfPage\":{\"@id\":\"https:\/\/www.notibras.com\/site\/flamengo-derrota-o-sport-no-recife-por-1-a-0-e-sobe-quatro-posicoes-na-tabela\/\"},\"wordCount\":291,\"commentCount\":0,\"publisher\":{\"@id\":\"https:\/\/www.notibras.com\/site\/#organization\"},\"image\":{\"@id\":\"https:\/\/www.notibras.com\/site\/flamengo-derrota-o-sport-no-recife-por-1-a-0-e-sobe-quatro-posicoes-na-tabela\/#primaryimage\"},\"thumbnailUrl\":\"https:\/\/www.notibras.com\/site\/wp-content\/uploads\/2015\/08\/flaspo.jpg\",\"articleSection\":[\"Futebol\"],\"inLanguage\":\"pt-BR\",\"potentialAction\":[{\"@type\":\"CommentAction\",\"name\":\"Comment\",\"target\":[\"https:\/\/www.notibras.com\/site\/flamengo-derrota-o-sport-no-recife-por-1-a-0-e-sobe-quatro-posicoes-na-tabela\/#respond\"]}]},{\"@type\":\"WebPage\",\"@id\":\"https:\/\/www.notibras.com\/site\/flamengo-derrota-o-sport-no-recife-por-1-a-0-e-sobe-quatro-posicoes-na-tabela\/\",\"url\":\"https:\/\/www.notibras.com\/site\/flamengo-derrota-o-sport-no-recife-por-1-a-0-e-sobe-quatro-posicoes-na-tabela\/\",\"name\":\"Flamengo derrota o Sport no Recife por 1 a 0 e sobe quatro posi\u00e7\u00f5es na tabela - Notibras\",\"isPartOf\":{\"@id\":\"https:\/\/www.notibras.com\/site\/#website\"},\"primaryImageOfPage\":{\"@id\":\"https:\/\/www.notibras.com\/site\/flamengo-derrota-o-sport-no-recife-por-1-a-0-e-sobe-quatro-posicoes-na-tabela\/#primaryimage\"},\"image\":{\"@id\":\"https:\/\/www.notibras.com\/site\/flamengo-derrota-o-sport-no-recife-por-1-a-0-e-sobe-quatro-posicoes-na-tabela\/#primaryimage\"},\"thumbnailUrl\":\"https:\/\/www.notibras.com\/site\/wp-content\/uploads\/2015\/08\/flaspo.jpg\",\"datePublished\":\"2015-08-30T21:00:50+00:00\",\"dateModified\":\"2015-08-30T21:14:14+00:00\",\"breadcrumb\":{\"@id\":\"https:\/\/www.notibras.com\/site\/flamengo-derrota-o-sport-no-recife-por-1-a-0-e-sobe-quatro-posicoes-na-tabela\/#breadcrumb\"},\"inLanguage\":\"pt-BR\",\"potentialAction\":[{\"@type\":\"ReadAction\",\"target\":[\"https:\/\/www.notibras.com\/site\/flamengo-derrota-o-sport-no-recife-por-1-a-0-e-sobe-quatro-posicoes-na-tabela\/\"]}]},{\"@type\":\"ImageObject\",\"inLanguage\":\"pt-BR\",\"@id\":\"https:\/\/www.notibras.com\/site\/flamengo-derrota-o-sport-no-recife-por-1-a-0-e-sobe-quatro-posicoes-na-tabela\/#primaryimage\",\"url\":\"https:\/\/www.notibras.com\/site\/wp-content\/uploads\/2015\/08\/flaspo.jpg\",\"contentUrl\":\"https:\/\/www.notibras.com\/site\/wp-content\/uploads\/2015\/08\/flaspo.jpg\",\"width\":527,\"height\":307},{\"@type\":\"BreadcrumbList\",\"@id\":\"https:\/\/www.notibras.com\/site\/flamengo-derrota-o-sport-no-recife-por-1-a-0-e-sobe-quatro-posicoes-na-tabela\/#breadcrumb\",\"itemListElement\":[{\"@type\":\"ListItem\",\"position\":1,\"name\":\"In\u00edcio\",\"item\":\"https:\/\/www.notibras.com\/site\/\"},{\"@type\":\"ListItem\",\"position\":2,\"name\":\"Flamengo derrota o Sport no Recife por 1 a 0 e sobe quatro posi\u00e7\u00f5es na tabela\"}]},{\"@type\":\"WebSite\",\"@id\":\"https:\/\/www.notibras.com\/site\/#website\",\"url\":\"https:\/\/www.notibras.com\/site\/\",\"name\":\"Notibras\",\"description\":\"Not\u00edcias de Bras\u00edlia, do Brasil e do Mundo\",\"publisher\":{\"@id\":\"https:\/\/www.notibras.com\/site\/#organization\"},\"potentialAction\":[{\"@type\":\"SearchAction\",\"target\":{\"@type\":\"EntryPoint\",\"urlTemplate\":\"https:\/\/www.notibras.com\/site\/?s={search_term_string}\"},\"query-input\":{\"@type\":\"PropertyValueSpecification\",\"valueRequired\":true,\"valueName\":\"search_term_string\"}}],\"inLanguage\":\"pt-BR\"},{\"@type\":\"Organization\",\"@id\":\"https:\/\/www.notibras.com\/site\/#organization\",\"name\":\"Grupo Notibras de Comunica\u00e7\u00e3o\",\"url\":\"https:\/\/www.notibras.com\/site\/\",\"logo\":{\"@type\":\"ImageObject\",\"inLanguage\":\"pt-BR\",\"@id\":\"https:\/\/www.notibras.com\/site\/#\/schema\/logo\/image\/\",\"url\":\"https:\/\/www.notibras.com\/site\/wp-content\/uploads\/2023\/01\/notibras23.png\",\"contentUrl\":\"https:\/\/www.notibras.com\/site\/wp-content\/uploads\/2023\/01\/notibras23.png\",\"width\":350,\"height\":87,\"caption\":\"Grupo Notibras de Comunica\u00e7\u00e3o\"},\"image\":{\"@id\":\"https:\/\/www.notibras.com\/site\/#\/schema\/logo\/image\/\"},\"sameAs\":[\"https:\/\/www.facebook.com\/notibras\/\",\"https:\/\/x.com\/Notibras\",\"https:\/\/www.instagram.com\/notibras\/\"]},{\"@type\":\"Person\",\"@id\":\"https:\/\/www.notibras.com\/site\/#\/schema\/person\/36ab0979449956132d3e5b517ea76ac8\",\"name\":\"Reda\u00e7\u00e3o\",\"image\":{\"@type\":\"ImageObject\",\"inLanguage\":\"pt-BR\",\"@id\":\"https:\/\/secure.gravatar.com\/avatar\/e0a867bdedb85fd243eadf09663511f96fc81e0720a4a42581f334ad4303aa6b?s=96&d=mm&r=g\",\"url\":\"https:\/\/secure.gravatar.com\/avatar\/e0a867bdedb85fd243eadf09663511f96fc81e0720a4a42581f334ad4303aa6b?s=96&d=mm&r=g\",\"contentUrl\":\"https:\/\/secure.gravatar.com\/avatar\/e0a867bdedb85fd243eadf09663511f96fc81e0720a4a42581f334ad4303aa6b?s=96&d=mm&r=g\",\"caption\":\"Reda\u00e7\u00e3o\"}}]}<\/script>\n<!-- \/ Yoast SEO plugin. -->","yoast_head_json":{"title":"Flamengo derrota o Sport no Recife por 1 a 0 e sobe quatro posi\u00e7\u00f5es na tabela - Notibras","robots":{"index":"index","follow":"follow","max-snippet":"max-snippet:-1","max-image-preview":"max-image-preview:large","max-video-preview":"max-video-preview:-1"},"canonical":"https:\/\/www.notibras.com\/site\/flamengo-derrota-o-sport-no-recife-por-1-a-0-e-sobe-quatro-posicoes-na-tabela\/","og_locale":"pt_BR","og_type":"article","og_title":"Flamengo derrota o Sport no Recife por 1 a 0 e sobe quatro posi\u00e7\u00f5es na tabela - Notibras","og_description":"O Flamengo conseguiu importante vit\u00f3ria neste domingo, ao bater o Sport por 1 a 0, na Arena Pernambuco \u2013 gol de Everton. A partida correspondeu \u00e0s expectativas e foi bastante pol\u00eamica. Com apenas 14min de jogo, Samuel Xavier recebeu cart\u00e3o vermelho ap\u00f3s entrada em Alan Patrick. Diego Souza n\u00e3o gostou e reclamou bastante no intervalo [&hellip;]","og_url":"https:\/\/www.notibras.com\/site\/flamengo-derrota-o-sport-no-recife-por-1-a-0-e-sobe-quatro-posicoes-na-tabela\/","og_site_name":"Notibras","article_publisher":"https:\/\/www.facebook.com\/notibras\/","article_published_time":"2015-08-30T21:00:50+00:00","article_modified_time":"2015-08-30T21:14:14+00:00","og_image":[{"width":527,"height":307,"url":"https:\/\/www.notibras.com\/site\/wp-content\/uploads\/2015\/08\/flaspo.jpg","type":"image\/jpeg"}],"author":"Reda\u00e7\u00e3o","twitter_card":"summary_large_image","twitter_creator":"@Notibras","twitter_site":"@Notibras","twitter_misc":{"Escrito por":"Reda\u00e7\u00e3o","Est. tempo de leitura":"1 minuto"},"schema":{"@context":"https:\/\/schema.org","@graph":[{"@type":"Article","@id":"https:\/\/www.notibras.com\/site\/flamengo-derrota-o-sport-no-recife-por-1-a-0-e-sobe-quatro-posicoes-na-tabela\/#article","isPartOf":{"@id":"https:\/\/www.notibras.com\/site\/flamengo-derrota-o-sport-no-recife-por-1-a-0-e-sobe-quatro-posicoes-na-tabela\/"},"author":{"name":"Reda\u00e7\u00e3o","@id":"https:\/\/www.notibras.com\/site\/#\/schema\/person\/36ab0979449956132d3e5b517ea76ac8"},"headline":"Flamengo derrota o Sport no Recife por 1 a 0 e sobe quatro posi\u00e7\u00f5es na tabela","datePublished":"2015-08-30T21:00:50+00:00","dateModified":"2015-08-30T21:14:14+00:00","mainEntityOfPage":{"@id":"https:\/\/www.notibras.com\/site\/flamengo-derrota-o-sport-no-recife-por-1-a-0-e-sobe-quatro-posicoes-na-tabela\/"},"wordCount":291,"commentCount":0,"publisher":{"@id":"https:\/\/www.notibras.com\/site\/#organization"},"image":{"@id":"https:\/\/www.notibras.com\/site\/flamengo-derrota-o-sport-no-recife-por-1-a-0-e-sobe-quatro-posicoes-na-tabela\/#primaryimage"},"thumbnailUrl":"https:\/\/www.notibras.com\/site\/wp-content\/uploads\/2015\/08\/flaspo.jpg","articleSection":["Futebol"],"inLanguage":"pt-BR","potentialAction":[{"@type":"CommentAction","name":"Comment","target":["https:\/\/www.notibras.com\/site\/flamengo-derrota-o-sport-no-recife-por-1-a-0-e-sobe-quatro-posicoes-na-tabela\/#respond"]}]},{"@type":"WebPage","@id":"https:\/\/www.notibras.com\/site\/flamengo-derrota-o-sport-no-recife-por-1-a-0-e-sobe-quatro-posicoes-na-tabela\/","url":"https:\/\/www.notibras.com\/site\/flamengo-derrota-o-sport-no-recife-por-1-a-0-e-sobe-quatro-posicoes-na-tabela\/","name":"Flamengo derrota o Sport no Recife por 1 a 0 e sobe quatro posi\u00e7\u00f5es na tabela - Notibras","isPartOf":{"@id":"https:\/\/www.notibras.com\/site\/#website"},"primaryImageOfPage":{"@id":"https:\/\/www.notibras.com\/site\/flamengo-derrota-o-sport-no-recife-por-1-a-0-e-sobe-quatro-posicoes-na-tabela\/#primaryimage"},"image":{"@id":"https:\/\/www.notibras.com\/site\/flamengo-derrota-o-sport-no-recife-por-1-a-0-e-sobe-quatro-posicoes-na-tabela\/#primaryimage"},"thumbnailUrl":"https:\/\/www.notibras.com\/site\/wp-content\/uploads\/2015\/08\/flaspo.jpg","datePublished":"2015-08-30T21:00:50+00:00","dateModified":"2015-08-30T21:14:14+00:00","breadcrumb":{"@id":"https:\/\/www.notibras.com\/site\/flamengo-derrota-o-sport-no-recife-por-1-a-0-e-sobe-quatro-posicoes-na-tabela\/#breadcrumb"},"inLanguage":"pt-BR","potentialAction":[{"@type":"ReadAction","target":["https:\/\/www.notibras.com\/site\/flamengo-derrota-o-sport-no-recife-por-1-a-0-e-sobe-quatro-posicoes-na-tabela\/"]}]},{"@type":"ImageObject","inLanguage":"pt-BR","@id":"https:\/\/www.notibras.com\/site\/flamengo-derrota-o-sport-no-recife-por-1-a-0-e-sobe-quatro-posicoes-na-tabela\/#primaryimage","url":"https:\/\/www.notibras.com\/site\/wp-content\/uploads\/2015\/08\/flaspo.jpg","contentUrl":"https:\/\/www.notibras.com\/site\/wp-content\/uploads\/2015\/08\/flaspo.jpg","width":527,"height":307},{"@type":"BreadcrumbList","@id":"https:\/\/www.notibras.com\/site\/flamengo-derrota-o-sport-no-recife-por-1-a-0-e-sobe-quatro-posicoes-na-tabela\/#breadcrumb","itemListElement":[{"@type":"ListItem","position":1,"name":"In\u00edcio","item":"https:\/\/www.notibras.com\/site\/"},{"@type":"ListItem","position":2,"name":"Flamengo derrota o Sport no Recife por 1 a 0 e sobe quatro posi\u00e7\u00f5es na tabela"}]},{"@type":"WebSite","@id":"https:\/\/www.notibras.com\/site\/#website","url":"https:\/\/www.notibras.com\/site\/","name":"Notibras","description":"Not\u00edcias de Bras\u00edlia, do Brasil e do Mundo","publisher":{"@id":"https:\/\/www.notibras.com\/site\/#organization"},"potentialAction":[{"@type":"SearchAction","target":{"@type":"EntryPoint","urlTemplate":"https:\/\/www.notibras.com\/site\/?s={search_term_string}"},"query-input":{"@type":"PropertyValueSpecification","valueRequired":true,"valueName":"search_term_string"}}],"inLanguage":"pt-BR"},{"@type":"Organization","@id":"https:\/\/www.notibras.com\/site\/#organization","name":"Grupo Notibras de Comunica\u00e7\u00e3o","url":"https:\/\/www.notibras.com\/site\/","logo":{"@type":"ImageObject","inLanguage":"pt-BR","@id":"https:\/\/www.notibras.com\/site\/#\/schema\/logo\/image\/","url":"https:\/\/www.notibras.com\/site\/wp-content\/uploads\/2023\/01\/notibras23.png","contentUrl":"https:\/\/www.notibras.com\/site\/wp-content\/uploads\/2023\/01\/notibras23.png","width":350,"height":87,"caption":"Grupo Notibras de Comunica\u00e7\u00e3o"},"image":{"@id":"https:\/\/www.notibras.com\/site\/#\/schema\/logo\/image\/"},"sameAs":["https:\/\/www.facebook.com\/notibras\/","https:\/\/x.com\/Notibras","https:\/\/www.instagram.com\/notibras\/"]},{"@type":"Person","@id":"https:\/\/www.notibras.com\/site\/#\/schema\/person\/36ab0979449956132d3e5b517ea76ac8","name":"Reda\u00e7\u00e3o","image":{"@type":"ImageObject","inLanguage":"pt-BR","@id":"https:\/\/secure.gravatar.com\/avatar\/e0a867bdedb85fd243eadf09663511f96fc81e0720a4a42581f334ad4303aa6b?s=96&d=mm&r=g","url":"https:\/\/secure.gravatar.com\/avatar\/e0a867bdedb85fd243eadf09663511f96fc81e0720a4a42581f334ad4303aa6b?s=96&d=mm&r=g","contentUrl":"https:\/\/secure.gravatar.com\/avatar\/e0a867bdedb85fd243eadf09663511f96fc81e0720a4a42581f334ad4303aa6b?s=96&d=mm&r=g","caption":"Reda\u00e7\u00e3o"}}]}},"amp_enabled":true,"_links":{"self":[{"href":"https:\/\/www.notibras.com\/site\/wp-json\/wp\/v2\/posts\/65259","targetHints":{"allow":["GET"]}}],"collection":[{"href":"https:\/\/www.notibras.com\/site\/wp-json\/wp\/v2\/posts"}],"about":[{"href":"https:\/\/www.notibras.com\/site\/wp-json\/wp\/v2\/types\/post"}],"author":[{"embeddable":true,"href":"https:\/\/www.notibras.com\/site\/wp-json\/wp\/v2\/users\/2"}],"replies":[{"embeddable":true,"href":"https:\/\/www.notibras.com\/site\/wp-json\/wp\/v2\/comments?post=65259"}],"version-history":[{"count":1,"href":"https:\/\/www.notibras.com\/site\/wp-json\/wp\/v2\/posts\/65259\/revisions"}],"predecessor-version":[{"id":65261,"href":"https:\/\/www.notibras.com\/site\/wp-json\/wp\/v2\/posts\/65259\/revisions\/65261"}],"wp:featuredmedia":[{"embeddable":true,"href":"https:\/\/www.notibras.com\/site\/wp-json\/wp\/v2\/media\/65260"}],"wp:attachment":[{"href":"https:\/\/www.notibras.com\/site\/wp-json\/wp\/v2\/media?parent=65259"}],"wp:term":[{"taxonomy":"category","embeddable":true,"href":"https:\/\/www.notibras.com\/site\/wp-json\/wp\/v2\/categories?post=65259"},{"taxonomy":"post_tag","embeddable":true,"href":"https:\/\/www.notibras.com\/site\/wp-json\/wp\/v2\/tags?post=65259"}],"curies":[{"name":"wp","href":"https:\/\/api.w.org\/{rel}","templated":true}]}}