{"id":65331,"date":"2015-08-31T09:18:14","date_gmt":"2015-08-31T12:18:14","guid":{"rendered":"http:\/\/www.notibras.com\/site\/?p=65331"},"modified":"2015-08-31T09:18:14","modified_gmt":"2015-08-31T12:18:14","slug":"projecao-para-o-pib-brasileiro-vai-se-esfarelando-e-resultado-deve-ficar-em-menos-226","status":"publish","type":"post","link":"https:\/\/www.notibras.com\/site\/projecao-para-o-pib-brasileiro-vai-se-esfarelando-e-resultado-deve-ficar-em-menos-226\/","title":{"rendered":"Proje\u00e7\u00e3o para o PIB brasileiro vai se esfarelando e resultado deve ficar em menos 2,26%"},"content":{"rendered":"<p>As proje\u00e7\u00f5es de economistas para o PIB (Produto Interno Bruto) pioraram novamente, ap\u00f3s o IBGE (Instituto Brasileiro de Geografia e Estat\u00edstica) divulgar que o PIB do segundo trimestre encolheu 1,9%, e o Brasil est\u00e1 em recess\u00e3o t\u00e9cnica.<\/p>\n<p>A expectativa dos economistas, de acordo com levantamento divulgado nesta segunda-feira (31) pelo Banco Central, \u00e9 de que o PIB registre resultado de -2,26%; na semana anterior, a proje\u00e7\u00e3o era de -2,06%.<\/p>\n<p>Para a infla\u00e7\u00e3o, os analistas diminu\u00edram a previs\u00e3o pela segunda semana. Agora, eles esperam alta de 9,28% nos pre\u00e7os em 2015. A previs\u00e3o anterior era de 9,29%.<\/p>\n<p>A estimativa fica muito acima do limite m\u00e1ximo da meta do governo. O objetivo \u00e9 controlar a alta dos pre\u00e7os em 4,5% ao ano, mas com toler\u00e2ncia de dois pontos para mais ou menos (ou seja, variando de 2,5% a 6,5%).<\/p>\n<p>A pr\u00e9via da infla\u00e7\u00e3o em agosto desacelerou e ficou em 0,43%, mas atingiu 9,57% em 12 meses, segundo o IBGE (Instituto Brasileiro de Geografia e Estat\u00edstica).<\/p>\n<p>Para o d\u00f3lar, a estimativa foi mantida em R$ 3,50; para a Selic, a taxa b\u00e1sica de juros, a previs\u00e3o, de 14,25%, tamb\u00e9m n\u00e3o mudou.<\/p>\n<p>Na \u00faltima reuni\u00e3o, o BC subiu a Selic em 0,5 ponto percentual, de 13,75% para 14,25% ao ano. S\u00e3o os maiores juros em nove anos, desde agosto de 2006, quando a taxa tamb\u00e9m estava em 14,25%.<\/p>\n","protected":false},"excerpt":{"rendered":"<p>As proje\u00e7\u00f5es de economistas para o PIB (Produto Interno Bruto) pioraram novamente, ap\u00f3s o IBGE (Instituto Brasileiro de Geografia e Estat\u00edstica) divulgar que o PIB do segundo trimestre encolheu 1,9%, e o Brasil est\u00e1 em recess\u00e3o t\u00e9cnica. A expectativa dos economistas, de acordo com levantamento divulgado nesta segunda-feira (31) pelo Banco Central, \u00e9 de que [&hellip;]<\/p>\n","protected":false},"author":2,"featured_media":65332,"comment_status":"open","ping_status":"closed","sticky":false,"template":"","format":"standard","meta":{"_acf_changed":false,"footnotes":""},"categories":[16],"tags":[],"class_list":["post-65331","post","type-post","status-publish","format-standard","has-post-thumbnail","hentry","category-brasil"],"acf":[],"yoast_head":"<!-- This site is optimized with the Yoast SEO plugin v27.2 - https:\/\/yoast.com\/product\/yoast-seo-wordpress\/ -->\n<title>Proje\u00e7\u00e3o para o PIB brasileiro vai se esfarelando e resultado deve ficar em menos 2,26% - Notibras<\/title>\n<meta name=\"robots\" content=\"index, follow, max-snippet:-1, max-image-preview:large, max-video-preview:-1\" \/>\n<link rel=\"canonical\" href=\"https:\/\/www.notibras.com\/site\/projecao-para-o-pib-brasileiro-vai-se-esfarelando-e-resultado-deve-ficar-em-menos-226\/\" \/>\n<meta property=\"og:locale\" content=\"pt_BR\" \/>\n<meta property=\"og:type\" content=\"article\" \/>\n<meta property=\"og:title\" content=\"Proje\u00e7\u00e3o para o PIB brasileiro vai se esfarelando e resultado deve ficar em menos 2,26% - Notibras\" \/>\n<meta property=\"og:description\" content=\"As proje\u00e7\u00f5es de economistas para o PIB (Produto Interno Bruto) pioraram novamente, ap\u00f3s o IBGE (Instituto Brasileiro de Geografia e Estat\u00edstica) divulgar que o PIB do segundo trimestre encolheu 1,9%, e o Brasil est\u00e1 em recess\u00e3o t\u00e9cnica. A expectativa dos economistas, de acordo com levantamento divulgado nesta segunda-feira (31) pelo Banco Central, \u00e9 de que [&hellip;]\" \/>\n<meta property=\"og:url\" content=\"https:\/\/www.notibras.com\/site\/projecao-para-o-pib-brasileiro-vai-se-esfarelando-e-resultado-deve-ficar-em-menos-226\/\" \/>\n<meta property=\"og:site_name\" content=\"Notibras\" \/>\n<meta property=\"article:publisher\" content=\"https:\/\/www.facebook.com\/notibras\/\" \/>\n<meta property=\"article:published_time\" content=\"2015-08-31T12:18:14+00:00\" \/>\n<meta property=\"og:image\" content=\"https:\/\/www.notibras.com\/site\/wp-content\/uploads\/2015\/08\/150112143611_inflacao_pobres_economia_624x351_thinkstock_nocredit.jpg\" \/>\n\t<meta property=\"og:image:width\" content=\"624\" \/>\n\t<meta property=\"og:image:height\" content=\"351\" \/>\n\t<meta property=\"og:image:type\" content=\"image\/jpeg\" \/>\n<meta name=\"author\" content=\"Reda\u00e7\u00e3o\" \/>\n<meta name=\"twitter:card\" content=\"summary_large_image\" \/>\n<meta name=\"twitter:creator\" content=\"@Notibras\" \/>\n<meta name=\"twitter:site\" content=\"@Notibras\" \/>\n<meta name=\"twitter:label1\" content=\"Escrito por\" \/>\n\t<meta name=\"twitter:data1\" content=\"Reda\u00e7\u00e3o\" \/>\n\t<meta name=\"twitter:label2\" content=\"Est. tempo de leitura\" \/>\n\t<meta name=\"twitter:data2\" content=\"1 minuto\" \/>\n<script type=\"application\/ld+json\" class=\"yoast-schema-graph\">{\"@context\":\"https:\/\/schema.org\",\"@graph\":[{\"@type\":\"Article\",\"@id\":\"https:\/\/www.notibras.com\/site\/projecao-para-o-pib-brasileiro-vai-se-esfarelando-e-resultado-deve-ficar-em-menos-226\/#article\",\"isPartOf\":{\"@id\":\"https:\/\/www.notibras.com\/site\/projecao-para-o-pib-brasileiro-vai-se-esfarelando-e-resultado-deve-ficar-em-menos-226\/\"},\"author\":{\"name\":\"Reda\u00e7\u00e3o\",\"@id\":\"https:\/\/www.notibras.com\/site\/#\/schema\/person\/36ab0979449956132d3e5b517ea76ac8\"},\"headline\":\"Proje\u00e7\u00e3o para o PIB brasileiro vai se esfarelando e resultado deve ficar em menos 2,26%\",\"datePublished\":\"2015-08-31T12:18:14+00:00\",\"mainEntityOfPage\":{\"@id\":\"https:\/\/www.notibras.com\/site\/projecao-para-o-pib-brasileiro-vai-se-esfarelando-e-resultado-deve-ficar-em-menos-226\/\"},\"wordCount\":244,\"commentCount\":0,\"publisher\":{\"@id\":\"https:\/\/www.notibras.com\/site\/#organization\"},\"image\":{\"@id\":\"https:\/\/www.notibras.com\/site\/projecao-para-o-pib-brasileiro-vai-se-esfarelando-e-resultado-deve-ficar-em-menos-226\/#primaryimage\"},\"thumbnailUrl\":\"https:\/\/www.notibras.com\/site\/wp-content\/uploads\/2015\/08\/150112143611_inflacao_pobres_economia_624x351_thinkstock_nocredit.jpg\",\"articleSection\":[\"Brasil\"],\"inLanguage\":\"pt-BR\",\"potentialAction\":[{\"@type\":\"CommentAction\",\"name\":\"Comment\",\"target\":[\"https:\/\/www.notibras.com\/site\/projecao-para-o-pib-brasileiro-vai-se-esfarelando-e-resultado-deve-ficar-em-menos-226\/#respond\"]}]},{\"@type\":\"WebPage\",\"@id\":\"https:\/\/www.notibras.com\/site\/projecao-para-o-pib-brasileiro-vai-se-esfarelando-e-resultado-deve-ficar-em-menos-226\/\",\"url\":\"https:\/\/www.notibras.com\/site\/projecao-para-o-pib-brasileiro-vai-se-esfarelando-e-resultado-deve-ficar-em-menos-226\/\",\"name\":\"Proje\u00e7\u00e3o para o PIB brasileiro vai se esfarelando e resultado deve ficar em menos 2,26% - Notibras\",\"isPartOf\":{\"@id\":\"https:\/\/www.notibras.com\/site\/#website\"},\"primaryImageOfPage\":{\"@id\":\"https:\/\/www.notibras.com\/site\/projecao-para-o-pib-brasileiro-vai-se-esfarelando-e-resultado-deve-ficar-em-menos-226\/#primaryimage\"},\"image\":{\"@id\":\"https:\/\/www.notibras.com\/site\/projecao-para-o-pib-brasileiro-vai-se-esfarelando-e-resultado-deve-ficar-em-menos-226\/#primaryimage\"},\"thumbnailUrl\":\"https:\/\/www.notibras.com\/site\/wp-content\/uploads\/2015\/08\/150112143611_inflacao_pobres_economia_624x351_thinkstock_nocredit.jpg\",\"datePublished\":\"2015-08-31T12:18:14+00:00\",\"breadcrumb\":{\"@id\":\"https:\/\/www.notibras.com\/site\/projecao-para-o-pib-brasileiro-vai-se-esfarelando-e-resultado-deve-ficar-em-menos-226\/#breadcrumb\"},\"inLanguage\":\"pt-BR\",\"potentialAction\":[{\"@type\":\"ReadAction\",\"target\":[\"https:\/\/www.notibras.com\/site\/projecao-para-o-pib-brasileiro-vai-se-esfarelando-e-resultado-deve-ficar-em-menos-226\/\"]}]},{\"@type\":\"ImageObject\",\"inLanguage\":\"pt-BR\",\"@id\":\"https:\/\/www.notibras.com\/site\/projecao-para-o-pib-brasileiro-vai-se-esfarelando-e-resultado-deve-ficar-em-menos-226\/#primaryimage\",\"url\":\"https:\/\/www.notibras.com\/site\/wp-content\/uploads\/2015\/08\/150112143611_inflacao_pobres_economia_624x351_thinkstock_nocredit.jpg\",\"contentUrl\":\"https:\/\/www.notibras.com\/site\/wp-content\/uploads\/2015\/08\/150112143611_inflacao_pobres_economia_624x351_thinkstock_nocredit.jpg\",\"width\":624,\"height\":351},{\"@type\":\"BreadcrumbList\",\"@id\":\"https:\/\/www.notibras.com\/site\/projecao-para-o-pib-brasileiro-vai-se-esfarelando-e-resultado-deve-ficar-em-menos-226\/#breadcrumb\",\"itemListElement\":[{\"@type\":\"ListItem\",\"position\":1,\"name\":\"In\u00edcio\",\"item\":\"https:\/\/www.notibras.com\/site\/\"},{\"@type\":\"ListItem\",\"position\":2,\"name\":\"Proje\u00e7\u00e3o para o PIB brasileiro vai se esfarelando e resultado deve ficar em menos 2,26%\"}]},{\"@type\":\"WebSite\",\"@id\":\"https:\/\/www.notibras.com\/site\/#website\",\"url\":\"https:\/\/www.notibras.com\/site\/\",\"name\":\"Notibras\",\"description\":\"Not\u00edcias de Bras\u00edlia, do Brasil e do Mundo\",\"publisher\":{\"@id\":\"https:\/\/www.notibras.com\/site\/#organization\"},\"potentialAction\":[{\"@type\":\"SearchAction\",\"target\":{\"@type\":\"EntryPoint\",\"urlTemplate\":\"https:\/\/www.notibras.com\/site\/?s={search_term_string}\"},\"query-input\":{\"@type\":\"PropertyValueSpecification\",\"valueRequired\":true,\"valueName\":\"search_term_string\"}}],\"inLanguage\":\"pt-BR\"},{\"@type\":\"Organization\",\"@id\":\"https:\/\/www.notibras.com\/site\/#organization\",\"name\":\"Grupo Notibras de Comunica\u00e7\u00e3o\",\"url\":\"https:\/\/www.notibras.com\/site\/\",\"logo\":{\"@type\":\"ImageObject\",\"inLanguage\":\"pt-BR\",\"@id\":\"https:\/\/www.notibras.com\/site\/#\/schema\/logo\/image\/\",\"url\":\"https:\/\/www.notibras.com\/site\/wp-content\/uploads\/2023\/01\/notibras23.png\",\"contentUrl\":\"https:\/\/www.notibras.com\/site\/wp-content\/uploads\/2023\/01\/notibras23.png\",\"width\":350,\"height\":87,\"caption\":\"Grupo Notibras de Comunica\u00e7\u00e3o\"},\"image\":{\"@id\":\"https:\/\/www.notibras.com\/site\/#\/schema\/logo\/image\/\"},\"sameAs\":[\"https:\/\/www.facebook.com\/notibras\/\",\"https:\/\/x.com\/Notibras\",\"https:\/\/www.instagram.com\/notibras\/\"]},{\"@type\":\"Person\",\"@id\":\"https:\/\/www.notibras.com\/site\/#\/schema\/person\/36ab0979449956132d3e5b517ea76ac8\",\"name\":\"Reda\u00e7\u00e3o\",\"image\":{\"@type\":\"ImageObject\",\"inLanguage\":\"pt-BR\",\"@id\":\"https:\/\/secure.gravatar.com\/avatar\/e0a867bdedb85fd243eadf09663511f96fc81e0720a4a42581f334ad4303aa6b?s=96&d=mm&r=g\",\"url\":\"https:\/\/secure.gravatar.com\/avatar\/e0a867bdedb85fd243eadf09663511f96fc81e0720a4a42581f334ad4303aa6b?s=96&d=mm&r=g\",\"contentUrl\":\"https:\/\/secure.gravatar.com\/avatar\/e0a867bdedb85fd243eadf09663511f96fc81e0720a4a42581f334ad4303aa6b?s=96&d=mm&r=g\",\"caption\":\"Reda\u00e7\u00e3o\"}}]}<\/script>\n<!-- \/ Yoast SEO plugin. -->","yoast_head_json":{"title":"Proje\u00e7\u00e3o para o PIB brasileiro vai se esfarelando e resultado deve ficar em menos 2,26% - Notibras","robots":{"index":"index","follow":"follow","max-snippet":"max-snippet:-1","max-image-preview":"max-image-preview:large","max-video-preview":"max-video-preview:-1"},"canonical":"https:\/\/www.notibras.com\/site\/projecao-para-o-pib-brasileiro-vai-se-esfarelando-e-resultado-deve-ficar-em-menos-226\/","og_locale":"pt_BR","og_type":"article","og_title":"Proje\u00e7\u00e3o para o PIB brasileiro vai se esfarelando e resultado deve ficar em menos 2,26% - Notibras","og_description":"As proje\u00e7\u00f5es de economistas para o PIB (Produto Interno Bruto) pioraram novamente, ap\u00f3s o IBGE (Instituto Brasileiro de Geografia e Estat\u00edstica) divulgar que o PIB do segundo trimestre encolheu 1,9%, e o Brasil est\u00e1 em recess\u00e3o t\u00e9cnica. A expectativa dos economistas, de acordo com levantamento divulgado nesta segunda-feira (31) pelo Banco Central, \u00e9 de que [&hellip;]","og_url":"https:\/\/www.notibras.com\/site\/projecao-para-o-pib-brasileiro-vai-se-esfarelando-e-resultado-deve-ficar-em-menos-226\/","og_site_name":"Notibras","article_publisher":"https:\/\/www.facebook.com\/notibras\/","article_published_time":"2015-08-31T12:18:14+00:00","og_image":[{"width":624,"height":351,"url":"https:\/\/www.notibras.com\/site\/wp-content\/uploads\/2015\/08\/150112143611_inflacao_pobres_economia_624x351_thinkstock_nocredit.jpg","type":"image\/jpeg"}],"author":"Reda\u00e7\u00e3o","twitter_card":"summary_large_image","twitter_creator":"@Notibras","twitter_site":"@Notibras","twitter_misc":{"Escrito por":"Reda\u00e7\u00e3o","Est. tempo de leitura":"1 minuto"},"schema":{"@context":"https:\/\/schema.org","@graph":[{"@type":"Article","@id":"https:\/\/www.notibras.com\/site\/projecao-para-o-pib-brasileiro-vai-se-esfarelando-e-resultado-deve-ficar-em-menos-226\/#article","isPartOf":{"@id":"https:\/\/www.notibras.com\/site\/projecao-para-o-pib-brasileiro-vai-se-esfarelando-e-resultado-deve-ficar-em-menos-226\/"},"author":{"name":"Reda\u00e7\u00e3o","@id":"https:\/\/www.notibras.com\/site\/#\/schema\/person\/36ab0979449956132d3e5b517ea76ac8"},"headline":"Proje\u00e7\u00e3o para o PIB brasileiro vai se esfarelando e resultado deve ficar em menos 2,26%","datePublished":"2015-08-31T12:18:14+00:00","mainEntityOfPage":{"@id":"https:\/\/www.notibras.com\/site\/projecao-para-o-pib-brasileiro-vai-se-esfarelando-e-resultado-deve-ficar-em-menos-226\/"},"wordCount":244,"commentCount":0,"publisher":{"@id":"https:\/\/www.notibras.com\/site\/#organization"},"image":{"@id":"https:\/\/www.notibras.com\/site\/projecao-para-o-pib-brasileiro-vai-se-esfarelando-e-resultado-deve-ficar-em-menos-226\/#primaryimage"},"thumbnailUrl":"https:\/\/www.notibras.com\/site\/wp-content\/uploads\/2015\/08\/150112143611_inflacao_pobres_economia_624x351_thinkstock_nocredit.jpg","articleSection":["Brasil"],"inLanguage":"pt-BR","potentialAction":[{"@type":"CommentAction","name":"Comment","target":["https:\/\/www.notibras.com\/site\/projecao-para-o-pib-brasileiro-vai-se-esfarelando-e-resultado-deve-ficar-em-menos-226\/#respond"]}]},{"@type":"WebPage","@id":"https:\/\/www.notibras.com\/site\/projecao-para-o-pib-brasileiro-vai-se-esfarelando-e-resultado-deve-ficar-em-menos-226\/","url":"https:\/\/www.notibras.com\/site\/projecao-para-o-pib-brasileiro-vai-se-esfarelando-e-resultado-deve-ficar-em-menos-226\/","name":"Proje\u00e7\u00e3o para o PIB brasileiro vai se esfarelando e resultado deve ficar em menos 2,26% - Notibras","isPartOf":{"@id":"https:\/\/www.notibras.com\/site\/#website"},"primaryImageOfPage":{"@id":"https:\/\/www.notibras.com\/site\/projecao-para-o-pib-brasileiro-vai-se-esfarelando-e-resultado-deve-ficar-em-menos-226\/#primaryimage"},"image":{"@id":"https:\/\/www.notibras.com\/site\/projecao-para-o-pib-brasileiro-vai-se-esfarelando-e-resultado-deve-ficar-em-menos-226\/#primaryimage"},"thumbnailUrl":"https:\/\/www.notibras.com\/site\/wp-content\/uploads\/2015\/08\/150112143611_inflacao_pobres_economia_624x351_thinkstock_nocredit.jpg","datePublished":"2015-08-31T12:18:14+00:00","breadcrumb":{"@id":"https:\/\/www.notibras.com\/site\/projecao-para-o-pib-brasileiro-vai-se-esfarelando-e-resultado-deve-ficar-em-menos-226\/#breadcrumb"},"inLanguage":"pt-BR","potentialAction":[{"@type":"ReadAction","target":["https:\/\/www.notibras.com\/site\/projecao-para-o-pib-brasileiro-vai-se-esfarelando-e-resultado-deve-ficar-em-menos-226\/"]}]},{"@type":"ImageObject","inLanguage":"pt-BR","@id":"https:\/\/www.notibras.com\/site\/projecao-para-o-pib-brasileiro-vai-se-esfarelando-e-resultado-deve-ficar-em-menos-226\/#primaryimage","url":"https:\/\/www.notibras.com\/site\/wp-content\/uploads\/2015\/08\/150112143611_inflacao_pobres_economia_624x351_thinkstock_nocredit.jpg","contentUrl":"https:\/\/www.notibras.com\/site\/wp-content\/uploads\/2015\/08\/150112143611_inflacao_pobres_economia_624x351_thinkstock_nocredit.jpg","width":624,"height":351},{"@type":"BreadcrumbList","@id":"https:\/\/www.notibras.com\/site\/projecao-para-o-pib-brasileiro-vai-se-esfarelando-e-resultado-deve-ficar-em-menos-226\/#breadcrumb","itemListElement":[{"@type":"ListItem","position":1,"name":"In\u00edcio","item":"https:\/\/www.notibras.com\/site\/"},{"@type":"ListItem","position":2,"name":"Proje\u00e7\u00e3o para o PIB brasileiro vai se esfarelando e resultado deve ficar em menos 2,26%"}]},{"@type":"WebSite","@id":"https:\/\/www.notibras.com\/site\/#website","url":"https:\/\/www.notibras.com\/site\/","name":"Notibras","description":"Not\u00edcias de Bras\u00edlia, do Brasil e do Mundo","publisher":{"@id":"https:\/\/www.notibras.com\/site\/#organization"},"potentialAction":[{"@type":"SearchAction","target":{"@type":"EntryPoint","urlTemplate":"https:\/\/www.notibras.com\/site\/?s={search_term_string}"},"query-input":{"@type":"PropertyValueSpecification","valueRequired":true,"valueName":"search_term_string"}}],"inLanguage":"pt-BR"},{"@type":"Organization","@id":"https:\/\/www.notibras.com\/site\/#organization","name":"Grupo Notibras de Comunica\u00e7\u00e3o","url":"https:\/\/www.notibras.com\/site\/","logo":{"@type":"ImageObject","inLanguage":"pt-BR","@id":"https:\/\/www.notibras.com\/site\/#\/schema\/logo\/image\/","url":"https:\/\/www.notibras.com\/site\/wp-content\/uploads\/2023\/01\/notibras23.png","contentUrl":"https:\/\/www.notibras.com\/site\/wp-content\/uploads\/2023\/01\/notibras23.png","width":350,"height":87,"caption":"Grupo Notibras de Comunica\u00e7\u00e3o"},"image":{"@id":"https:\/\/www.notibras.com\/site\/#\/schema\/logo\/image\/"},"sameAs":["https:\/\/www.facebook.com\/notibras\/","https:\/\/x.com\/Notibras","https:\/\/www.instagram.com\/notibras\/"]},{"@type":"Person","@id":"https:\/\/www.notibras.com\/site\/#\/schema\/person\/36ab0979449956132d3e5b517ea76ac8","name":"Reda\u00e7\u00e3o","image":{"@type":"ImageObject","inLanguage":"pt-BR","@id":"https:\/\/secure.gravatar.com\/avatar\/e0a867bdedb85fd243eadf09663511f96fc81e0720a4a42581f334ad4303aa6b?s=96&d=mm&r=g","url":"https:\/\/secure.gravatar.com\/avatar\/e0a867bdedb85fd243eadf09663511f96fc81e0720a4a42581f334ad4303aa6b?s=96&d=mm&r=g","contentUrl":"https:\/\/secure.gravatar.com\/avatar\/e0a867bdedb85fd243eadf09663511f96fc81e0720a4a42581f334ad4303aa6b?s=96&d=mm&r=g","caption":"Reda\u00e7\u00e3o"}}]}},"amp_enabled":true,"_links":{"self":[{"href":"https:\/\/www.notibras.com\/site\/wp-json\/wp\/v2\/posts\/65331","targetHints":{"allow":["GET"]}}],"collection":[{"href":"https:\/\/www.notibras.com\/site\/wp-json\/wp\/v2\/posts"}],"about":[{"href":"https:\/\/www.notibras.com\/site\/wp-json\/wp\/v2\/types\/post"}],"author":[{"embeddable":true,"href":"https:\/\/www.notibras.com\/site\/wp-json\/wp\/v2\/users\/2"}],"replies":[{"embeddable":true,"href":"https:\/\/www.notibras.com\/site\/wp-json\/wp\/v2\/comments?post=65331"}],"version-history":[{"count":1,"href":"https:\/\/www.notibras.com\/site\/wp-json\/wp\/v2\/posts\/65331\/revisions"}],"predecessor-version":[{"id":65333,"href":"https:\/\/www.notibras.com\/site\/wp-json\/wp\/v2\/posts\/65331\/revisions\/65333"}],"wp:featuredmedia":[{"embeddable":true,"href":"https:\/\/www.notibras.com\/site\/wp-json\/wp\/v2\/media\/65332"}],"wp:attachment":[{"href":"https:\/\/www.notibras.com\/site\/wp-json\/wp\/v2\/media?parent=65331"}],"wp:term":[{"taxonomy":"category","embeddable":true,"href":"https:\/\/www.notibras.com\/site\/wp-json\/wp\/v2\/categories?post=65331"},{"taxonomy":"post_tag","embeddable":true,"href":"https:\/\/www.notibras.com\/site\/wp-json\/wp\/v2\/tags?post=65331"}],"curies":[{"name":"wp","href":"https:\/\/api.w.org\/{rel}","templated":true}]}}