{"id":65380,"date":"2015-08-31T14:12:47","date_gmt":"2015-08-31T17:12:47","guid":{"rendered":"http:\/\/www.notibras.com\/site\/?p=65380"},"modified":"2015-08-31T23:34:00","modified_gmt":"2015-09-01T02:34:00","slug":"copa-do-brasil-fica-sem-classicos-estaduais-nas-quartas-de-final","status":"publish","type":"post","link":"https:\/\/www.notibras.com\/site\/copa-do-brasil-fica-sem-classicos-estaduais-nas-quartas-de-final\/","title":{"rendered":"Copa do Brasil fica sem cl\u00e1ssicos estaduais nos jogos das quartas de final"},"content":{"rendered":"<p>As quartas de final da Copa do Brasil n\u00e3o ter\u00e3o cl\u00e1ssicos regionais. Estado com o maior n\u00famero de representantes, S\u00e3o Paulo teve seus tr\u00eas clubes em chaves diferentes: o S\u00e3o Paulo encara o Vasco, o Santos pega o Figueirense e o Palmeiras ter\u00e1 pela frente o Internacional. O confronto foi sorteado nesta segunda-feira (31), na sede da CBF, no Rio de Janeiro.<\/p>\n<p>A possibilidade de cl\u00e1ssicos, no entanto, existe para as semifinais. Isso porque o vencedor de S\u00e3o Paulo x Vasco da Gama enfrentar\u00e1 o ganhador de Figueirense x Santos. No outro lado da chave, o vencedor de Palmeiras x Internacional encara na pr\u00f3xima fase o ganhador de Gr\u00eamio x Fluminense.<\/p>\n<p>Entre os clubes ainda vivos na Copa do Brasil, apenas Figueirense e S\u00e3o Paulo nunca conquistaram o t\u00edtulo da competi\u00e7\u00e3o. Por outro lado, o Gr\u00eamio \u00e9 o maior vencedor do torneio, tendo levantado quatro ta\u00e7as.<\/p>\n<p>&#8220;O Gr\u00eamio sempre gostou de disputar a Copa do Brasil. Ganhou quatro vezes e foi finalista em sete. \u00c9 uma tradi\u00e7\u00e3o do Gr\u00eamio, gostamos da Copa do Brasil&#8221;, afirmou C\u00e9sar Pacheco, vice de futebol do Gr\u00eamio, que comemorou o fato de n\u00e3o ter sido sorteado um confronto contra o Inter.<\/p>\n<p>&#8220;O sorteio nessa fase \u00e9 uma loteria. O importante \u00e9 que n\u00e3o houve um cl\u00e1ssico nessa fase. Quem sabe n\u00e3o aconte\u00e7a na pr\u00f3xima (fase)&#8221;.<\/p>\n","protected":false},"excerpt":{"rendered":"<p>As quartas de final da Copa do Brasil n\u00e3o ter\u00e3o cl\u00e1ssicos regionais. Estado com o maior n\u00famero de representantes, S\u00e3o Paulo teve seus tr\u00eas clubes em chaves diferentes: o S\u00e3o Paulo encara o Vasco, o Santos pega o Figueirense e o Palmeiras ter\u00e1 pela frente o Internacional. O confronto foi sorteado nesta segunda-feira (31), na [&hellip;]<\/p>\n","protected":false},"author":2,"featured_media":0,"comment_status":"open","ping_status":"closed","sticky":false,"template":"","format":"standard","meta":{"_acf_changed":false,"footnotes":""},"categories":[29],"tags":[],"class_list":["post-65380","post","type-post","status-publish","format-standard","hentry","category-futebol"],"acf":[],"yoast_head":"<!-- This site is optimized with the Yoast SEO plugin v27.2 - https:\/\/yoast.com\/product\/yoast-seo-wordpress\/ -->\n<title>Copa do Brasil fica sem cl\u00e1ssicos estaduais nos jogos das quartas de final - Notibras<\/title>\n<meta name=\"robots\" content=\"index, follow, max-snippet:-1, max-image-preview:large, max-video-preview:-1\" \/>\n<link rel=\"canonical\" href=\"https:\/\/www.notibras.com\/site\/copa-do-brasil-fica-sem-classicos-estaduais-nas-quartas-de-final\/\" \/>\n<meta property=\"og:locale\" content=\"pt_BR\" \/>\n<meta property=\"og:type\" content=\"article\" \/>\n<meta property=\"og:title\" content=\"Copa do Brasil fica sem cl\u00e1ssicos estaduais nos jogos das quartas de final - Notibras\" \/>\n<meta property=\"og:description\" content=\"As quartas de final da Copa do Brasil n\u00e3o ter\u00e3o cl\u00e1ssicos regionais. Estado com o maior n\u00famero de representantes, S\u00e3o Paulo teve seus tr\u00eas clubes em chaves diferentes: o S\u00e3o Paulo encara o Vasco, o Santos pega o Figueirense e o Palmeiras ter\u00e1 pela frente o Internacional. O confronto foi sorteado nesta segunda-feira (31), na [&hellip;]\" \/>\n<meta property=\"og:url\" content=\"https:\/\/www.notibras.com\/site\/copa-do-brasil-fica-sem-classicos-estaduais-nas-quartas-de-final\/\" \/>\n<meta property=\"og:site_name\" content=\"Notibras\" \/>\n<meta property=\"article:publisher\" content=\"https:\/\/www.facebook.com\/notibras\/\" \/>\n<meta property=\"article:published_time\" content=\"2015-08-31T17:12:47+00:00\" \/>\n<meta property=\"article:modified_time\" content=\"2015-09-01T02:34:00+00:00\" \/>\n<meta property=\"og:image\" content=\"https:\/\/www.notibras.com\/site\/wp-content\/uploads\/2015\/08\/vasco-saopaulo-marcelosadio-vasco2.jpg\" \/>\n\t<meta property=\"og:image:width\" content=\"620\" \/>\n\t<meta property=\"og:image:height\" content=\"390\" \/>\n\t<meta property=\"og:image:type\" content=\"image\/jpeg\" \/>\n<meta name=\"author\" content=\"Reda\u00e7\u00e3o\" \/>\n<meta name=\"twitter:card\" content=\"summary_large_image\" \/>\n<meta name=\"twitter:creator\" content=\"@Notibras\" \/>\n<meta name=\"twitter:site\" content=\"@Notibras\" \/>\n<meta name=\"twitter:label1\" content=\"Escrito por\" \/>\n\t<meta name=\"twitter:data1\" content=\"Reda\u00e7\u00e3o\" \/>\n\t<meta name=\"twitter:label2\" content=\"Est. tempo de leitura\" \/>\n\t<meta name=\"twitter:data2\" content=\"1 minuto\" \/>\n<script type=\"application\/ld+json\" class=\"yoast-schema-graph\">{\"@context\":\"https:\/\/schema.org\",\"@graph\":[{\"@type\":\"Article\",\"@id\":\"https:\/\/www.notibras.com\/site\/copa-do-brasil-fica-sem-classicos-estaduais-nas-quartas-de-final\/#article\",\"isPartOf\":{\"@id\":\"https:\/\/www.notibras.com\/site\/copa-do-brasil-fica-sem-classicos-estaduais-nas-quartas-de-final\/\"},\"author\":{\"name\":\"Reda\u00e7\u00e3o\",\"@id\":\"https:\/\/www.notibras.com\/site\/#\/schema\/person\/36ab0979449956132d3e5b517ea76ac8\"},\"headline\":\"Copa do Brasil fica sem cl\u00e1ssicos estaduais nos jogos das quartas de final\",\"datePublished\":\"2015-08-31T17:12:47+00:00\",\"dateModified\":\"2015-09-01T02:34:00+00:00\",\"mainEntityOfPage\":{\"@id\":\"https:\/\/www.notibras.com\/site\/copa-do-brasil-fica-sem-classicos-estaduais-nas-quartas-de-final\/\"},\"wordCount\":256,\"commentCount\":0,\"publisher\":{\"@id\":\"https:\/\/www.notibras.com\/site\/#organization\"},\"articleSection\":[\"Futebol\"],\"inLanguage\":\"pt-BR\",\"potentialAction\":[{\"@type\":\"CommentAction\",\"name\":\"Comment\",\"target\":[\"https:\/\/www.notibras.com\/site\/copa-do-brasil-fica-sem-classicos-estaduais-nas-quartas-de-final\/#respond\"]}]},{\"@type\":\"WebPage\",\"@id\":\"https:\/\/www.notibras.com\/site\/copa-do-brasil-fica-sem-classicos-estaduais-nas-quartas-de-final\/\",\"url\":\"https:\/\/www.notibras.com\/site\/copa-do-brasil-fica-sem-classicos-estaduais-nas-quartas-de-final\/\",\"name\":\"Copa do Brasil fica sem cl\u00e1ssicos estaduais nos jogos das quartas de final - Notibras\",\"isPartOf\":{\"@id\":\"https:\/\/www.notibras.com\/site\/#website\"},\"datePublished\":\"2015-08-31T17:12:47+00:00\",\"dateModified\":\"2015-09-01T02:34:00+00:00\",\"breadcrumb\":{\"@id\":\"https:\/\/www.notibras.com\/site\/copa-do-brasil-fica-sem-classicos-estaduais-nas-quartas-de-final\/#breadcrumb\"},\"inLanguage\":\"pt-BR\",\"potentialAction\":[{\"@type\":\"ReadAction\",\"target\":[\"https:\/\/www.notibras.com\/site\/copa-do-brasil-fica-sem-classicos-estaduais-nas-quartas-de-final\/\"]}]},{\"@type\":\"BreadcrumbList\",\"@id\":\"https:\/\/www.notibras.com\/site\/copa-do-brasil-fica-sem-classicos-estaduais-nas-quartas-de-final\/#breadcrumb\",\"itemListElement\":[{\"@type\":\"ListItem\",\"position\":1,\"name\":\"In\u00edcio\",\"item\":\"https:\/\/www.notibras.com\/site\/\"},{\"@type\":\"ListItem\",\"position\":2,\"name\":\"Copa do Brasil fica sem cl\u00e1ssicos estaduais nos jogos das quartas de final\"}]},{\"@type\":\"WebSite\",\"@id\":\"https:\/\/www.notibras.com\/site\/#website\",\"url\":\"https:\/\/www.notibras.com\/site\/\",\"name\":\"Notibras\",\"description\":\"Not\u00edcias de Bras\u00edlia, do Brasil e do Mundo\",\"publisher\":{\"@id\":\"https:\/\/www.notibras.com\/site\/#organization\"},\"potentialAction\":[{\"@type\":\"SearchAction\",\"target\":{\"@type\":\"EntryPoint\",\"urlTemplate\":\"https:\/\/www.notibras.com\/site\/?s={search_term_string}\"},\"query-input\":{\"@type\":\"PropertyValueSpecification\",\"valueRequired\":true,\"valueName\":\"search_term_string\"}}],\"inLanguage\":\"pt-BR\"},{\"@type\":\"Organization\",\"@id\":\"https:\/\/www.notibras.com\/site\/#organization\",\"name\":\"Grupo Notibras de Comunica\u00e7\u00e3o\",\"url\":\"https:\/\/www.notibras.com\/site\/\",\"logo\":{\"@type\":\"ImageObject\",\"inLanguage\":\"pt-BR\",\"@id\":\"https:\/\/www.notibras.com\/site\/#\/schema\/logo\/image\/\",\"url\":\"https:\/\/www.notibras.com\/site\/wp-content\/uploads\/2023\/01\/notibras23.png\",\"contentUrl\":\"https:\/\/www.notibras.com\/site\/wp-content\/uploads\/2023\/01\/notibras23.png\",\"width\":350,\"height\":87,\"caption\":\"Grupo Notibras de Comunica\u00e7\u00e3o\"},\"image\":{\"@id\":\"https:\/\/www.notibras.com\/site\/#\/schema\/logo\/image\/\"},\"sameAs\":[\"https:\/\/www.facebook.com\/notibras\/\",\"https:\/\/x.com\/Notibras\",\"https:\/\/www.instagram.com\/notibras\/\"]},{\"@type\":\"Person\",\"@id\":\"https:\/\/www.notibras.com\/site\/#\/schema\/person\/36ab0979449956132d3e5b517ea76ac8\",\"name\":\"Reda\u00e7\u00e3o\",\"image\":{\"@type\":\"ImageObject\",\"inLanguage\":\"pt-BR\",\"@id\":\"https:\/\/secure.gravatar.com\/avatar\/e0a867bdedb85fd243eadf09663511f96fc81e0720a4a42581f334ad4303aa6b?s=96&d=mm&r=g\",\"url\":\"https:\/\/secure.gravatar.com\/avatar\/e0a867bdedb85fd243eadf09663511f96fc81e0720a4a42581f334ad4303aa6b?s=96&d=mm&r=g\",\"contentUrl\":\"https:\/\/secure.gravatar.com\/avatar\/e0a867bdedb85fd243eadf09663511f96fc81e0720a4a42581f334ad4303aa6b?s=96&d=mm&r=g\",\"caption\":\"Reda\u00e7\u00e3o\"}}]}<\/script>\n<!-- \/ Yoast SEO plugin. -->","yoast_head_json":{"title":"Copa do Brasil fica sem cl\u00e1ssicos estaduais nos jogos das quartas de final - Notibras","robots":{"index":"index","follow":"follow","max-snippet":"max-snippet:-1","max-image-preview":"max-image-preview:large","max-video-preview":"max-video-preview:-1"},"canonical":"https:\/\/www.notibras.com\/site\/copa-do-brasil-fica-sem-classicos-estaduais-nas-quartas-de-final\/","og_locale":"pt_BR","og_type":"article","og_title":"Copa do Brasil fica sem cl\u00e1ssicos estaduais nos jogos das quartas de final - Notibras","og_description":"As quartas de final da Copa do Brasil n\u00e3o ter\u00e3o cl\u00e1ssicos regionais. Estado com o maior n\u00famero de representantes, S\u00e3o Paulo teve seus tr\u00eas clubes em chaves diferentes: o S\u00e3o Paulo encara o Vasco, o Santos pega o Figueirense e o Palmeiras ter\u00e1 pela frente o Internacional. O confronto foi sorteado nesta segunda-feira (31), na [&hellip;]","og_url":"https:\/\/www.notibras.com\/site\/copa-do-brasil-fica-sem-classicos-estaduais-nas-quartas-de-final\/","og_site_name":"Notibras","article_publisher":"https:\/\/www.facebook.com\/notibras\/","article_published_time":"2015-08-31T17:12:47+00:00","article_modified_time":"2015-09-01T02:34:00+00:00","og_image":[{"width":620,"height":390,"url":"https:\/\/www.notibras.com\/site\/wp-content\/uploads\/2015\/08\/vasco-saopaulo-marcelosadio-vasco2.jpg","type":"image\/jpeg"}],"author":"Reda\u00e7\u00e3o","twitter_card":"summary_large_image","twitter_creator":"@Notibras","twitter_site":"@Notibras","twitter_misc":{"Escrito por":"Reda\u00e7\u00e3o","Est. tempo de leitura":"1 minuto"},"schema":{"@context":"https:\/\/schema.org","@graph":[{"@type":"Article","@id":"https:\/\/www.notibras.com\/site\/copa-do-brasil-fica-sem-classicos-estaduais-nas-quartas-de-final\/#article","isPartOf":{"@id":"https:\/\/www.notibras.com\/site\/copa-do-brasil-fica-sem-classicos-estaduais-nas-quartas-de-final\/"},"author":{"name":"Reda\u00e7\u00e3o","@id":"https:\/\/www.notibras.com\/site\/#\/schema\/person\/36ab0979449956132d3e5b517ea76ac8"},"headline":"Copa do Brasil fica sem cl\u00e1ssicos estaduais nos jogos das quartas de final","datePublished":"2015-08-31T17:12:47+00:00","dateModified":"2015-09-01T02:34:00+00:00","mainEntityOfPage":{"@id":"https:\/\/www.notibras.com\/site\/copa-do-brasil-fica-sem-classicos-estaduais-nas-quartas-de-final\/"},"wordCount":256,"commentCount":0,"publisher":{"@id":"https:\/\/www.notibras.com\/site\/#organization"},"articleSection":["Futebol"],"inLanguage":"pt-BR","potentialAction":[{"@type":"CommentAction","name":"Comment","target":["https:\/\/www.notibras.com\/site\/copa-do-brasil-fica-sem-classicos-estaduais-nas-quartas-de-final\/#respond"]}]},{"@type":"WebPage","@id":"https:\/\/www.notibras.com\/site\/copa-do-brasil-fica-sem-classicos-estaduais-nas-quartas-de-final\/","url":"https:\/\/www.notibras.com\/site\/copa-do-brasil-fica-sem-classicos-estaduais-nas-quartas-de-final\/","name":"Copa do Brasil fica sem cl\u00e1ssicos estaduais nos jogos das quartas de final - Notibras","isPartOf":{"@id":"https:\/\/www.notibras.com\/site\/#website"},"datePublished":"2015-08-31T17:12:47+00:00","dateModified":"2015-09-01T02:34:00+00:00","breadcrumb":{"@id":"https:\/\/www.notibras.com\/site\/copa-do-brasil-fica-sem-classicos-estaduais-nas-quartas-de-final\/#breadcrumb"},"inLanguage":"pt-BR","potentialAction":[{"@type":"ReadAction","target":["https:\/\/www.notibras.com\/site\/copa-do-brasil-fica-sem-classicos-estaduais-nas-quartas-de-final\/"]}]},{"@type":"BreadcrumbList","@id":"https:\/\/www.notibras.com\/site\/copa-do-brasil-fica-sem-classicos-estaduais-nas-quartas-de-final\/#breadcrumb","itemListElement":[{"@type":"ListItem","position":1,"name":"In\u00edcio","item":"https:\/\/www.notibras.com\/site\/"},{"@type":"ListItem","position":2,"name":"Copa do Brasil fica sem cl\u00e1ssicos estaduais nos jogos das quartas de final"}]},{"@type":"WebSite","@id":"https:\/\/www.notibras.com\/site\/#website","url":"https:\/\/www.notibras.com\/site\/","name":"Notibras","description":"Not\u00edcias de Bras\u00edlia, do Brasil e do Mundo","publisher":{"@id":"https:\/\/www.notibras.com\/site\/#organization"},"potentialAction":[{"@type":"SearchAction","target":{"@type":"EntryPoint","urlTemplate":"https:\/\/www.notibras.com\/site\/?s={search_term_string}"},"query-input":{"@type":"PropertyValueSpecification","valueRequired":true,"valueName":"search_term_string"}}],"inLanguage":"pt-BR"},{"@type":"Organization","@id":"https:\/\/www.notibras.com\/site\/#organization","name":"Grupo Notibras de Comunica\u00e7\u00e3o","url":"https:\/\/www.notibras.com\/site\/","logo":{"@type":"ImageObject","inLanguage":"pt-BR","@id":"https:\/\/www.notibras.com\/site\/#\/schema\/logo\/image\/","url":"https:\/\/www.notibras.com\/site\/wp-content\/uploads\/2023\/01\/notibras23.png","contentUrl":"https:\/\/www.notibras.com\/site\/wp-content\/uploads\/2023\/01\/notibras23.png","width":350,"height":87,"caption":"Grupo Notibras de Comunica\u00e7\u00e3o"},"image":{"@id":"https:\/\/www.notibras.com\/site\/#\/schema\/logo\/image\/"},"sameAs":["https:\/\/www.facebook.com\/notibras\/","https:\/\/x.com\/Notibras","https:\/\/www.instagram.com\/notibras\/"]},{"@type":"Person","@id":"https:\/\/www.notibras.com\/site\/#\/schema\/person\/36ab0979449956132d3e5b517ea76ac8","name":"Reda\u00e7\u00e3o","image":{"@type":"ImageObject","inLanguage":"pt-BR","@id":"https:\/\/secure.gravatar.com\/avatar\/e0a867bdedb85fd243eadf09663511f96fc81e0720a4a42581f334ad4303aa6b?s=96&d=mm&r=g","url":"https:\/\/secure.gravatar.com\/avatar\/e0a867bdedb85fd243eadf09663511f96fc81e0720a4a42581f334ad4303aa6b?s=96&d=mm&r=g","contentUrl":"https:\/\/secure.gravatar.com\/avatar\/e0a867bdedb85fd243eadf09663511f96fc81e0720a4a42581f334ad4303aa6b?s=96&d=mm&r=g","caption":"Reda\u00e7\u00e3o"}}]}},"amp_enabled":true,"_links":{"self":[{"href":"https:\/\/www.notibras.com\/site\/wp-json\/wp\/v2\/posts\/65380","targetHints":{"allow":["GET"]}}],"collection":[{"href":"https:\/\/www.notibras.com\/site\/wp-json\/wp\/v2\/posts"}],"about":[{"href":"https:\/\/www.notibras.com\/site\/wp-json\/wp\/v2\/types\/post"}],"author":[{"embeddable":true,"href":"https:\/\/www.notibras.com\/site\/wp-json\/wp\/v2\/users\/2"}],"replies":[{"embeddable":true,"href":"https:\/\/www.notibras.com\/site\/wp-json\/wp\/v2\/comments?post=65380"}],"version-history":[{"count":2,"href":"https:\/\/www.notibras.com\/site\/wp-json\/wp\/v2\/posts\/65380\/revisions"}],"predecessor-version":[{"id":65437,"href":"https:\/\/www.notibras.com\/site\/wp-json\/wp\/v2\/posts\/65380\/revisions\/65437"}],"wp:attachment":[{"href":"https:\/\/www.notibras.com\/site\/wp-json\/wp\/v2\/media?parent=65380"}],"wp:term":[{"taxonomy":"category","embeddable":true,"href":"https:\/\/www.notibras.com\/site\/wp-json\/wp\/v2\/categories?post=65380"},{"taxonomy":"post_tag","embeddable":true,"href":"https:\/\/www.notibras.com\/site\/wp-json\/wp\/v2\/tags?post=65380"}],"curies":[{"name":"wp","href":"https:\/\/api.w.org\/{rel}","templated":true}]}}