{"id":65405,"date":"2015-08-31T15:39:37","date_gmt":"2015-08-31T18:39:37","guid":{"rendered":"http:\/\/www.notibras.com\/site\/?p=65405"},"modified":"2015-08-31T23:56:43","modified_gmt":"2015-09-01T02:56:43","slug":"afinal-a-tv-globo-virou-dilmista-ou-so-aparou-as-penas-dos-tucanos","status":"publish","type":"post","link":"https:\/\/www.notibras.com\/site\/afinal-a-tv-globo-virou-dilmista-ou-so-aparou-as-penas-dos-tucanos\/","title":{"rendered":"Afinal, a TV Globo virou dilmista ou s\u00f3 aparou as penas que serviam para inflar o tucanato?"},"content":{"rendered":"<p>As oscila\u00e7\u00f5es no humor da V\u00eanus Platinada est\u00e3o sendo sentidas com for\u00e7a nos \u00faltimos dias. E o que se observa \u00e9 uma ligeira queda pela presidente Dilma Rousseff, em detrimento do velho apoio emprestado \u00e0s for\u00e7as de oposi\u00e7\u00e3o, em particular, dos tucanos do PSDB.<\/p>\n<p>Na realidade, com a nova postura que vai ao ar, a Globo confunde petistas e oposicionistas, segundo opini\u00e3o manifestada por Jeff Ben\u00edcio, em seu blog Sala de TV, incrustado no Terra. O blogueiro observa que antes identificada como pr\u00f3-A\u00e9cio e antipetista, agora a emissora l\u00edder de audi\u00eancia no pa\u00eds tem exibido mat\u00e9rias menos cr\u00edticas ao governo Dilma e, na vis\u00e3o de alguns, at\u00e9 poupado o ex-presidente Lula.<\/p>\n<p>Veja o que escreveu Jeff:<\/p>\n<p>Na sexta-feira (28), o canal (a Globo) baixou as persianas que envolvem o est\u00fadio de vidro de S\u00e3o Paulo para n\u00e3o mostrar nos telejornais da manh\u00e3 o boneco infl\u00e1vel que representa Lula como presidi\u00e1rio, o \u2018Pixuleco\u2019, montado estrategicamente a poucos metros dali, na Ponte Estaiada.<\/p>\n<p>O que poderia ser interpretado como prote\u00e7\u00e3o \u00e0 imagem do l\u00edder do PT foi explicado em nota enviada \u00e0 imprensa pelo canal. \u201cTemos v\u00e1rias angula\u00e7\u00f5es para evitar que grupos tentem vazar algo durante a exibi\u00e7\u00e3o do telejornal. Do contr\u00e1rio, o telejornal seria usado como meio de exibi\u00e7\u00e3o de tudo: marcas comerciais, protestos, cartazes gigantes vendendo produtos\u201d.<\/p>\n<p>\u201cA TV Globo n\u00e3o tem nenhum problema em mostrar protestos: o referido boneco j\u00e1 foi amplamente mostrado em nossos telejornais no dia 16, quando dos protestos contra o Governo Dilma.\u201d O argumento \u00e9 aceit\u00e1vel. Mas n\u00e3o foi bem deglutido pelos manifestantes antipetistas, que se sentiram censurados.<\/p>\n<p>No s\u00e1bado (29) foi a vez dos lulistas ficarem contrariados com a emissora. O Jornal Nacional deu amplo destaque \u00e0 mat\u00e9ria de capa da nova edi\u00e7\u00e3o da revista \u00c9poca, pertencente ao Grupo Globo.<\/p>\n<p>A reportagem denuncia alegada influ\u00eancia do ex-presidente na libera\u00e7\u00e3o de financiamento milion\u00e1rio do BNDES para o Porto de Mariel, em Cuba, constru\u00eddo pela Odebrecht, construtora investigada na Opera\u00e7\u00e3o Lava Jato.<\/p>\n<p>\u00c9 percept\u00edvel a tentativa da Globo de equilibrar o notici\u00e1rio pol\u00edtico para evitar a acusa\u00e7\u00e3o de falta de imparcialidade. A emissora parece ter sentido o impacto das manifesta\u00e7\u00f5es contr\u00e1rias \u00e0 sua linha editoral.<\/p>\n<p>Em quase todos os grandes protestos de rua nos \u00faltimos dois anos, o canal da fam\u00edlia Marinho recebeu cr\u00edticas por meio de cartazes e faixas com dizeres como \u2018O povo n\u00e3o \u00e9 bobo, abaixo a Rede Globo\u2019.<\/p>\n<p>Equipes da emissora foram hostilizadas e alguns profissionais precisaram ser escoltados pela pol\u00edcia para evitar poss\u00edveis agress\u00f5es. Boa parte dos petistas acusou a Globo de fazer parte de uma suposta \u2018m\u00eddia golpista\u2019.<\/p>\n<p>Sem assumir uma posi\u00e7\u00e3o ideol\u00f3gica clara, o canal sinaliza a busca do equil\u00edbrio para agradar gregos e troianos. O efeito, previs\u00edvel, \u00e9 que acaba irritando ambos \u2014 e continua sendo um alvo preferencial na m\u00eddia, neste momento de radicalismo pol\u00edtico no pa\u00eds.<br \/>\nNo domingo (30), no boletim de not\u00edcias das 14h, a GloboNews exibiu mat\u00e9ria da rep\u00f3rter Juliana Rosa gravada na Avenida Paulista.<\/p>\n<p>A jornalista citou a presen\u00e7a do boneco \u2018Pixuleco\u2019, mas n\u00e3o tocou no nome do ex-presidente Lula, como se ele n\u00e3o fosse o personagem retratado pela alegoria.<\/p>\n<p>A associa\u00e7\u00e3o \u00e9 \u00f3bvia dada a semelhan\u00e7a entre ambos. Por\u00e9m ficou a impress\u00e3o de que n\u00e3o citaram Lula intencionalmente, para poup\u00e1-lo do constrangimento do protesto.<\/p>\n<p>Pouco depois, na edi\u00e7\u00e3o das 15h do Jornal GloboNews, a apresentadora Leila Sterenberg interagiu com Juliana Rosa, que entrou ao vivo da Paulista.<\/p>\n<p>As duas conversaram sobre a manifesta\u00e7\u00e3o. Por\u00e9m o nome de Lula n\u00e3o foi mencionado novamente. Nem mostraram a imagem do pol\u00eamico \u2018Pixuleco\u2019.\u00a0Na tela, apenas os manifestantes antipetistas batendo boca com a pol\u00edcia.<\/p>\n","protected":false},"excerpt":{"rendered":"<p>As oscila\u00e7\u00f5es no humor da V\u00eanus Platinada est\u00e3o sendo sentidas com for\u00e7a nos \u00faltimos dias. E o que se observa \u00e9 uma ligeira queda pela presidente Dilma Rousseff, em detrimento do velho apoio emprestado \u00e0s for\u00e7as de oposi\u00e7\u00e3o, em particular, dos tucanos do PSDB. Na realidade, com a nova postura que vai ao ar, a [&hellip;]<\/p>\n","protected":false},"author":2,"featured_media":65406,"comment_status":"open","ping_status":"closed","sticky":false,"template":"","format":"standard","meta":{"_acf_changed":false,"footnotes":""},"categories":[16],"tags":[],"class_list":["post-65405","post","type-post","status-publish","format-standard","has-post-thumbnail","hentry","category-brasil"],"acf":[],"yoast_head":"<!-- This site is optimized with the Yoast SEO plugin v27.2 - https:\/\/yoast.com\/product\/yoast-seo-wordpress\/ -->\n<title>Afinal, a TV Globo virou dilmista ou s\u00f3 aparou as penas que serviam para inflar o tucanato? - Notibras<\/title>\n<meta name=\"robots\" content=\"index, follow, max-snippet:-1, max-image-preview:large, max-video-preview:-1\" \/>\n<link rel=\"canonical\" href=\"https:\/\/www.notibras.com\/site\/afinal-a-tv-globo-virou-dilmista-ou-so-aparou-as-penas-dos-tucanos\/\" \/>\n<meta property=\"og:locale\" content=\"pt_BR\" \/>\n<meta property=\"og:type\" content=\"article\" \/>\n<meta property=\"og:title\" content=\"Afinal, a TV Globo virou dilmista ou s\u00f3 aparou as penas que serviam para inflar o tucanato? - Notibras\" \/>\n<meta property=\"og:description\" content=\"As oscila\u00e7\u00f5es no humor da V\u00eanus Platinada est\u00e3o sendo sentidas com for\u00e7a nos \u00faltimos dias. E o que se observa \u00e9 uma ligeira queda pela presidente Dilma Rousseff, em detrimento do velho apoio emprestado \u00e0s for\u00e7as de oposi\u00e7\u00e3o, em particular, dos tucanos do PSDB. Na realidade, com a nova postura que vai ao ar, a [&hellip;]\" \/>\n<meta property=\"og:url\" content=\"https:\/\/www.notibras.com\/site\/afinal-a-tv-globo-virou-dilmista-ou-so-aparou-as-penas-dos-tucanos\/\" \/>\n<meta property=\"og:site_name\" content=\"Notibras\" \/>\n<meta property=\"article:publisher\" content=\"https:\/\/www.facebook.com\/notibras\/\" \/>\n<meta property=\"article:published_time\" content=\"2015-08-31T18:39:37+00:00\" \/>\n<meta property=\"article:modified_time\" content=\"2015-09-01T02:56:43+00:00\" \/>\n<meta property=\"og:image\" content=\"https:\/\/www.notibras.com\/site\/wp-content\/uploads\/2015\/08\/JN_Globo3.jpg\" \/>\n\t<meta property=\"og:image:width\" content=\"615\" \/>\n\t<meta property=\"og:image:height\" content=\"363\" \/>\n\t<meta property=\"og:image:type\" content=\"image\/jpeg\" \/>\n<meta name=\"author\" content=\"Reda\u00e7\u00e3o\" \/>\n<meta name=\"twitter:card\" content=\"summary_large_image\" \/>\n<meta name=\"twitter:creator\" content=\"@Notibras\" \/>\n<meta name=\"twitter:site\" content=\"@Notibras\" \/>\n<meta name=\"twitter:label1\" content=\"Escrito por\" \/>\n\t<meta name=\"twitter:data1\" content=\"Reda\u00e7\u00e3o\" \/>\n\t<meta name=\"twitter:label2\" content=\"Est. tempo de leitura\" \/>\n\t<meta name=\"twitter:data2\" content=\"3 minutos\" \/>\n<script type=\"application\/ld+json\" class=\"yoast-schema-graph\">{\"@context\":\"https:\/\/schema.org\",\"@graph\":[{\"@type\":\"Article\",\"@id\":\"https:\/\/www.notibras.com\/site\/afinal-a-tv-globo-virou-dilmista-ou-so-aparou-as-penas-dos-tucanos\/#article\",\"isPartOf\":{\"@id\":\"https:\/\/www.notibras.com\/site\/afinal-a-tv-globo-virou-dilmista-ou-so-aparou-as-penas-dos-tucanos\/\"},\"author\":{\"name\":\"Reda\u00e7\u00e3o\",\"@id\":\"https:\/\/www.notibras.com\/site\/#\/schema\/person\/36ab0979449956132d3e5b517ea76ac8\"},\"headline\":\"Afinal, a TV Globo virou dilmista ou s\u00f3 aparou as penas que serviam para inflar o tucanato?\",\"datePublished\":\"2015-08-31T18:39:37+00:00\",\"dateModified\":\"2015-09-01T02:56:43+00:00\",\"mainEntityOfPage\":{\"@id\":\"https:\/\/www.notibras.com\/site\/afinal-a-tv-globo-virou-dilmista-ou-so-aparou-as-penas-dos-tucanos\/\"},\"wordCount\":677,\"commentCount\":0,\"publisher\":{\"@id\":\"https:\/\/www.notibras.com\/site\/#organization\"},\"image\":{\"@id\":\"https:\/\/www.notibras.com\/site\/afinal-a-tv-globo-virou-dilmista-ou-so-aparou-as-penas-dos-tucanos\/#primaryimage\"},\"thumbnailUrl\":\"https:\/\/www.notibras.com\/site\/wp-content\/uploads\/2015\/08\/JN_Globo3.jpg\",\"articleSection\":[\"Brasil\"],\"inLanguage\":\"pt-BR\",\"potentialAction\":[{\"@type\":\"CommentAction\",\"name\":\"Comment\",\"target\":[\"https:\/\/www.notibras.com\/site\/afinal-a-tv-globo-virou-dilmista-ou-so-aparou-as-penas-dos-tucanos\/#respond\"]}]},{\"@type\":\"WebPage\",\"@id\":\"https:\/\/www.notibras.com\/site\/afinal-a-tv-globo-virou-dilmista-ou-so-aparou-as-penas-dos-tucanos\/\",\"url\":\"https:\/\/www.notibras.com\/site\/afinal-a-tv-globo-virou-dilmista-ou-so-aparou-as-penas-dos-tucanos\/\",\"name\":\"Afinal, a TV Globo virou dilmista ou s\u00f3 aparou as penas que serviam para inflar o tucanato? - Notibras\",\"isPartOf\":{\"@id\":\"https:\/\/www.notibras.com\/site\/#website\"},\"primaryImageOfPage\":{\"@id\":\"https:\/\/www.notibras.com\/site\/afinal-a-tv-globo-virou-dilmista-ou-so-aparou-as-penas-dos-tucanos\/#primaryimage\"},\"image\":{\"@id\":\"https:\/\/www.notibras.com\/site\/afinal-a-tv-globo-virou-dilmista-ou-so-aparou-as-penas-dos-tucanos\/#primaryimage\"},\"thumbnailUrl\":\"https:\/\/www.notibras.com\/site\/wp-content\/uploads\/2015\/08\/JN_Globo3.jpg\",\"datePublished\":\"2015-08-31T18:39:37+00:00\",\"dateModified\":\"2015-09-01T02:56:43+00:00\",\"breadcrumb\":{\"@id\":\"https:\/\/www.notibras.com\/site\/afinal-a-tv-globo-virou-dilmista-ou-so-aparou-as-penas-dos-tucanos\/#breadcrumb\"},\"inLanguage\":\"pt-BR\",\"potentialAction\":[{\"@type\":\"ReadAction\",\"target\":[\"https:\/\/www.notibras.com\/site\/afinal-a-tv-globo-virou-dilmista-ou-so-aparou-as-penas-dos-tucanos\/\"]}]},{\"@type\":\"ImageObject\",\"inLanguage\":\"pt-BR\",\"@id\":\"https:\/\/www.notibras.com\/site\/afinal-a-tv-globo-virou-dilmista-ou-so-aparou-as-penas-dos-tucanos\/#primaryimage\",\"url\":\"https:\/\/www.notibras.com\/site\/wp-content\/uploads\/2015\/08\/JN_Globo3.jpg\",\"contentUrl\":\"https:\/\/www.notibras.com\/site\/wp-content\/uploads\/2015\/08\/JN_Globo3.jpg\",\"width\":615,\"height\":363},{\"@type\":\"BreadcrumbList\",\"@id\":\"https:\/\/www.notibras.com\/site\/afinal-a-tv-globo-virou-dilmista-ou-so-aparou-as-penas-dos-tucanos\/#breadcrumb\",\"itemListElement\":[{\"@type\":\"ListItem\",\"position\":1,\"name\":\"In\u00edcio\",\"item\":\"https:\/\/www.notibras.com\/site\/\"},{\"@type\":\"ListItem\",\"position\":2,\"name\":\"Afinal, a TV Globo virou dilmista ou s\u00f3 aparou as penas que serviam para inflar o tucanato?\"}]},{\"@type\":\"WebSite\",\"@id\":\"https:\/\/www.notibras.com\/site\/#website\",\"url\":\"https:\/\/www.notibras.com\/site\/\",\"name\":\"Notibras\",\"description\":\"Not\u00edcias de Bras\u00edlia, do Brasil e do Mundo\",\"publisher\":{\"@id\":\"https:\/\/www.notibras.com\/site\/#organization\"},\"potentialAction\":[{\"@type\":\"SearchAction\",\"target\":{\"@type\":\"EntryPoint\",\"urlTemplate\":\"https:\/\/www.notibras.com\/site\/?s={search_term_string}\"},\"query-input\":{\"@type\":\"PropertyValueSpecification\",\"valueRequired\":true,\"valueName\":\"search_term_string\"}}],\"inLanguage\":\"pt-BR\"},{\"@type\":\"Organization\",\"@id\":\"https:\/\/www.notibras.com\/site\/#organization\",\"name\":\"Grupo Notibras de Comunica\u00e7\u00e3o\",\"url\":\"https:\/\/www.notibras.com\/site\/\",\"logo\":{\"@type\":\"ImageObject\",\"inLanguage\":\"pt-BR\",\"@id\":\"https:\/\/www.notibras.com\/site\/#\/schema\/logo\/image\/\",\"url\":\"https:\/\/www.notibras.com\/site\/wp-content\/uploads\/2023\/01\/notibras23.png\",\"contentUrl\":\"https:\/\/www.notibras.com\/site\/wp-content\/uploads\/2023\/01\/notibras23.png\",\"width\":350,\"height\":87,\"caption\":\"Grupo Notibras de Comunica\u00e7\u00e3o\"},\"image\":{\"@id\":\"https:\/\/www.notibras.com\/site\/#\/schema\/logo\/image\/\"},\"sameAs\":[\"https:\/\/www.facebook.com\/notibras\/\",\"https:\/\/x.com\/Notibras\",\"https:\/\/www.instagram.com\/notibras\/\"]},{\"@type\":\"Person\",\"@id\":\"https:\/\/www.notibras.com\/site\/#\/schema\/person\/36ab0979449956132d3e5b517ea76ac8\",\"name\":\"Reda\u00e7\u00e3o\",\"image\":{\"@type\":\"ImageObject\",\"inLanguage\":\"pt-BR\",\"@id\":\"https:\/\/secure.gravatar.com\/avatar\/e0a867bdedb85fd243eadf09663511f96fc81e0720a4a42581f334ad4303aa6b?s=96&d=mm&r=g\",\"url\":\"https:\/\/secure.gravatar.com\/avatar\/e0a867bdedb85fd243eadf09663511f96fc81e0720a4a42581f334ad4303aa6b?s=96&d=mm&r=g\",\"contentUrl\":\"https:\/\/secure.gravatar.com\/avatar\/e0a867bdedb85fd243eadf09663511f96fc81e0720a4a42581f334ad4303aa6b?s=96&d=mm&r=g\",\"caption\":\"Reda\u00e7\u00e3o\"}}]}<\/script>\n<!-- \/ Yoast SEO plugin. -->","yoast_head_json":{"title":"Afinal, a TV Globo virou dilmista ou s\u00f3 aparou as penas que serviam para inflar o tucanato? - Notibras","robots":{"index":"index","follow":"follow","max-snippet":"max-snippet:-1","max-image-preview":"max-image-preview:large","max-video-preview":"max-video-preview:-1"},"canonical":"https:\/\/www.notibras.com\/site\/afinal-a-tv-globo-virou-dilmista-ou-so-aparou-as-penas-dos-tucanos\/","og_locale":"pt_BR","og_type":"article","og_title":"Afinal, a TV Globo virou dilmista ou s\u00f3 aparou as penas que serviam para inflar o tucanato? - Notibras","og_description":"As oscila\u00e7\u00f5es no humor da V\u00eanus Platinada est\u00e3o sendo sentidas com for\u00e7a nos \u00faltimos dias. E o que se observa \u00e9 uma ligeira queda pela presidente Dilma Rousseff, em detrimento do velho apoio emprestado \u00e0s for\u00e7as de oposi\u00e7\u00e3o, em particular, dos tucanos do PSDB. Na realidade, com a nova postura que vai ao ar, a [&hellip;]","og_url":"https:\/\/www.notibras.com\/site\/afinal-a-tv-globo-virou-dilmista-ou-so-aparou-as-penas-dos-tucanos\/","og_site_name":"Notibras","article_publisher":"https:\/\/www.facebook.com\/notibras\/","article_published_time":"2015-08-31T18:39:37+00:00","article_modified_time":"2015-09-01T02:56:43+00:00","og_image":[{"width":615,"height":363,"url":"https:\/\/www.notibras.com\/site\/wp-content\/uploads\/2015\/08\/JN_Globo3.jpg","type":"image\/jpeg"}],"author":"Reda\u00e7\u00e3o","twitter_card":"summary_large_image","twitter_creator":"@Notibras","twitter_site":"@Notibras","twitter_misc":{"Escrito por":"Reda\u00e7\u00e3o","Est. tempo de leitura":"3 minutos"},"schema":{"@context":"https:\/\/schema.org","@graph":[{"@type":"Article","@id":"https:\/\/www.notibras.com\/site\/afinal-a-tv-globo-virou-dilmista-ou-so-aparou-as-penas-dos-tucanos\/#article","isPartOf":{"@id":"https:\/\/www.notibras.com\/site\/afinal-a-tv-globo-virou-dilmista-ou-so-aparou-as-penas-dos-tucanos\/"},"author":{"name":"Reda\u00e7\u00e3o","@id":"https:\/\/www.notibras.com\/site\/#\/schema\/person\/36ab0979449956132d3e5b517ea76ac8"},"headline":"Afinal, a TV Globo virou dilmista ou s\u00f3 aparou as penas que serviam para inflar o tucanato?","datePublished":"2015-08-31T18:39:37+00:00","dateModified":"2015-09-01T02:56:43+00:00","mainEntityOfPage":{"@id":"https:\/\/www.notibras.com\/site\/afinal-a-tv-globo-virou-dilmista-ou-so-aparou-as-penas-dos-tucanos\/"},"wordCount":677,"commentCount":0,"publisher":{"@id":"https:\/\/www.notibras.com\/site\/#organization"},"image":{"@id":"https:\/\/www.notibras.com\/site\/afinal-a-tv-globo-virou-dilmista-ou-so-aparou-as-penas-dos-tucanos\/#primaryimage"},"thumbnailUrl":"https:\/\/www.notibras.com\/site\/wp-content\/uploads\/2015\/08\/JN_Globo3.jpg","articleSection":["Brasil"],"inLanguage":"pt-BR","potentialAction":[{"@type":"CommentAction","name":"Comment","target":["https:\/\/www.notibras.com\/site\/afinal-a-tv-globo-virou-dilmista-ou-so-aparou-as-penas-dos-tucanos\/#respond"]}]},{"@type":"WebPage","@id":"https:\/\/www.notibras.com\/site\/afinal-a-tv-globo-virou-dilmista-ou-so-aparou-as-penas-dos-tucanos\/","url":"https:\/\/www.notibras.com\/site\/afinal-a-tv-globo-virou-dilmista-ou-so-aparou-as-penas-dos-tucanos\/","name":"Afinal, a TV Globo virou dilmista ou s\u00f3 aparou as penas que serviam para inflar o tucanato? - Notibras","isPartOf":{"@id":"https:\/\/www.notibras.com\/site\/#website"},"primaryImageOfPage":{"@id":"https:\/\/www.notibras.com\/site\/afinal-a-tv-globo-virou-dilmista-ou-so-aparou-as-penas-dos-tucanos\/#primaryimage"},"image":{"@id":"https:\/\/www.notibras.com\/site\/afinal-a-tv-globo-virou-dilmista-ou-so-aparou-as-penas-dos-tucanos\/#primaryimage"},"thumbnailUrl":"https:\/\/www.notibras.com\/site\/wp-content\/uploads\/2015\/08\/JN_Globo3.jpg","datePublished":"2015-08-31T18:39:37+00:00","dateModified":"2015-09-01T02:56:43+00:00","breadcrumb":{"@id":"https:\/\/www.notibras.com\/site\/afinal-a-tv-globo-virou-dilmista-ou-so-aparou-as-penas-dos-tucanos\/#breadcrumb"},"inLanguage":"pt-BR","potentialAction":[{"@type":"ReadAction","target":["https:\/\/www.notibras.com\/site\/afinal-a-tv-globo-virou-dilmista-ou-so-aparou-as-penas-dos-tucanos\/"]}]},{"@type":"ImageObject","inLanguage":"pt-BR","@id":"https:\/\/www.notibras.com\/site\/afinal-a-tv-globo-virou-dilmista-ou-so-aparou-as-penas-dos-tucanos\/#primaryimage","url":"https:\/\/www.notibras.com\/site\/wp-content\/uploads\/2015\/08\/JN_Globo3.jpg","contentUrl":"https:\/\/www.notibras.com\/site\/wp-content\/uploads\/2015\/08\/JN_Globo3.jpg","width":615,"height":363},{"@type":"BreadcrumbList","@id":"https:\/\/www.notibras.com\/site\/afinal-a-tv-globo-virou-dilmista-ou-so-aparou-as-penas-dos-tucanos\/#breadcrumb","itemListElement":[{"@type":"ListItem","position":1,"name":"In\u00edcio","item":"https:\/\/www.notibras.com\/site\/"},{"@type":"ListItem","position":2,"name":"Afinal, a TV Globo virou dilmista ou s\u00f3 aparou as penas que serviam para inflar o tucanato?"}]},{"@type":"WebSite","@id":"https:\/\/www.notibras.com\/site\/#website","url":"https:\/\/www.notibras.com\/site\/","name":"Notibras","description":"Not\u00edcias de Bras\u00edlia, do Brasil e do Mundo","publisher":{"@id":"https:\/\/www.notibras.com\/site\/#organization"},"potentialAction":[{"@type":"SearchAction","target":{"@type":"EntryPoint","urlTemplate":"https:\/\/www.notibras.com\/site\/?s={search_term_string}"},"query-input":{"@type":"PropertyValueSpecification","valueRequired":true,"valueName":"search_term_string"}}],"inLanguage":"pt-BR"},{"@type":"Organization","@id":"https:\/\/www.notibras.com\/site\/#organization","name":"Grupo Notibras de Comunica\u00e7\u00e3o","url":"https:\/\/www.notibras.com\/site\/","logo":{"@type":"ImageObject","inLanguage":"pt-BR","@id":"https:\/\/www.notibras.com\/site\/#\/schema\/logo\/image\/","url":"https:\/\/www.notibras.com\/site\/wp-content\/uploads\/2023\/01\/notibras23.png","contentUrl":"https:\/\/www.notibras.com\/site\/wp-content\/uploads\/2023\/01\/notibras23.png","width":350,"height":87,"caption":"Grupo Notibras de Comunica\u00e7\u00e3o"},"image":{"@id":"https:\/\/www.notibras.com\/site\/#\/schema\/logo\/image\/"},"sameAs":["https:\/\/www.facebook.com\/notibras\/","https:\/\/x.com\/Notibras","https:\/\/www.instagram.com\/notibras\/"]},{"@type":"Person","@id":"https:\/\/www.notibras.com\/site\/#\/schema\/person\/36ab0979449956132d3e5b517ea76ac8","name":"Reda\u00e7\u00e3o","image":{"@type":"ImageObject","inLanguage":"pt-BR","@id":"https:\/\/secure.gravatar.com\/avatar\/e0a867bdedb85fd243eadf09663511f96fc81e0720a4a42581f334ad4303aa6b?s=96&d=mm&r=g","url":"https:\/\/secure.gravatar.com\/avatar\/e0a867bdedb85fd243eadf09663511f96fc81e0720a4a42581f334ad4303aa6b?s=96&d=mm&r=g","contentUrl":"https:\/\/secure.gravatar.com\/avatar\/e0a867bdedb85fd243eadf09663511f96fc81e0720a4a42581f334ad4303aa6b?s=96&d=mm&r=g","caption":"Reda\u00e7\u00e3o"}}]}},"amp_enabled":true,"_links":{"self":[{"href":"https:\/\/www.notibras.com\/site\/wp-json\/wp\/v2\/posts\/65405","targetHints":{"allow":["GET"]}}],"collection":[{"href":"https:\/\/www.notibras.com\/site\/wp-json\/wp\/v2\/posts"}],"about":[{"href":"https:\/\/www.notibras.com\/site\/wp-json\/wp\/v2\/types\/post"}],"author":[{"embeddable":true,"href":"https:\/\/www.notibras.com\/site\/wp-json\/wp\/v2\/users\/2"}],"replies":[{"embeddable":true,"href":"https:\/\/www.notibras.com\/site\/wp-json\/wp\/v2\/comments?post=65405"}],"version-history":[{"count":7,"href":"https:\/\/www.notibras.com\/site\/wp-json\/wp\/v2\/posts\/65405\/revisions"}],"predecessor-version":[{"id":65491,"href":"https:\/\/www.notibras.com\/site\/wp-json\/wp\/v2\/posts\/65405\/revisions\/65491"}],"wp:featuredmedia":[{"embeddable":true,"href":"https:\/\/www.notibras.com\/site\/wp-json\/wp\/v2\/media\/65406"}],"wp:attachment":[{"href":"https:\/\/www.notibras.com\/site\/wp-json\/wp\/v2\/media?parent=65405"}],"wp:term":[{"taxonomy":"category","embeddable":true,"href":"https:\/\/www.notibras.com\/site\/wp-json\/wp\/v2\/categories?post=65405"},{"taxonomy":"post_tag","embeddable":true,"href":"https:\/\/www.notibras.com\/site\/wp-json\/wp\/v2\/tags?post=65405"}],"curies":[{"name":"wp","href":"https:\/\/api.w.org\/{rel}","templated":true}]}}