{"id":65457,"date":"2015-08-31T17:14:50","date_gmt":"2015-08-31T20:14:50","guid":{"rendered":"http:\/\/www.notibras.com\/site\/?p=65457"},"modified":"2015-08-31T23:53:18","modified_gmt":"2015-09-01T02:53:18","slug":"cruzeiro-demite-luxemburgo-e-sai-em-busca-de-recuperacao-para-evitar-a-segundona","status":"publish","type":"post","link":"https:\/\/www.notibras.com\/site\/cruzeiro-demite-luxemburgo-e-sai-em-busca-de-recuperacao-para-evitar-a-segundona\/","title":{"rendered":"Cruzeiro demite Luxemburgo e busca um substituto com medo de cair na Segundona"},"content":{"rendered":"<p>O t\u00e9cnico Vanderlei Luxemburgo n\u00e3o vai comandar mais o Cruzeiro neste Campeonato Brasileiro. Em reuni\u00e3o nesta segunda-feira, ficou decidido que o treinador deixa o\u00a0clube. Al\u00e9m de Luxa, o diretor de futebol, Isa\u00edas Tinoco, tamb\u00e9m se desligou ap\u00f3s pouco mais de um m\u00eas no cargo. Nesta quarta-feira, Deivid dever\u00e1 ser o comandante celeste na partida contra a Ponte Preta, em Campinas. O Cruzeiro ainda estuda a possibilidade de anunciar o novo treinador ap\u00f3s o jogo ou nos dias seguintes.<\/p>\n<p>&#8220;N\u00e3o acho que esse era um momento bom para trocar de treinador, mas eu n\u00e3o podia deixar mais as coisas dessa forma. Vim para a Toca (da Raposa II) mais cedo e conversei com ele (Vanderlei Luxemburgo) sobre o cargo que ele ocupava. O Vanderlei n\u00e3o \u00e9 mais t\u00e9cnico do Cruzeiro e o (Isa\u00edas) Tinoco n\u00e3o \u00e9 mais o diretor de futebol&#8221;, comentou Gilvan de Pinho Tavares, presidente do Cruzeiro.<\/p>\n<p>Vitorioso na primeira passagem pelo clube, entre 2002 e 2004, Luxa n\u00e3o conseguiu repetir o bom desempenho da d\u00e9cada passada e n\u00e3o durou tr\u00eas meses no cargo. Nesse per\u00edodo foram 19 partidas, entre Copa do Brasil e Brasileir\u00e3o, e foram dez derrotas. Nos \u00faltimos dez compromissos, Luxa alcan\u00e7ou somente uma vit\u00f3ria, despertando a ira da torcida cruzeirense, que passou a questionar suas decis\u00f5es e pedir por sua sa\u00edda.Essa foi a segunda demiss\u00e3o do treinador nesse Brasileiro. At\u00e9 a terceira rodada, ele estava no Flamengo.<\/p>\n<p>Contratado para substituir o bicampe\u00e3o Marcelo Oliveira, Luxemburgo chegou no come\u00e7o de junho e venceu as tr\u00eas primeiras partidas, contra Flamengo, o cl\u00e1ssico com o Atl\u00e9tico e o Vasco. A empolga\u00e7\u00e3o inicial deu lugar a uma s\u00e9rie de frustra\u00e7\u00f5es, que come\u00e7ou na derrota para a Chapecoense, no Mineir\u00e3o, mesmo com quase 40 mil torcedores presentes. A meta inicial era de alcan\u00e7ar uma vaga para a Libertadores. No entanto, os resultados n\u00e3o vieram e os objetivos foram mudando, e hoje o principal foco do clube \u00e9 em se manter na primeira divis\u00e3o. O Cruzeiro tem 22 pontos na 16\u00aa coloca\u00e7\u00e3o, superando o Goi\u00e1s e Coritiba, na zona de rebaixamento, somente devido ao saldo de gols.<\/p>\n<p>A partir de agora, o Cruzeiro inicia sua busca por um treinador, ainda sem data para ser anunciado.<\/p>\n<p>&#8220;Ainda n\u00e3o temos um nome definido e n\u00e3o \u00e9 f\u00e1cil um acordo como esse. Pode ser que n\u00e3o se resolva tudo depressa. Conversamos com o Deivid (auxiliar de Luxemburgo) e com o (Ant\u00f4nio, preparado f\u00edsico) Mello para ficarem aqui at\u00e9 que a gente encontre uma solu\u00e7\u00e3o para o nome. Na quarta, o Deivid comanda o time. No domingo, se n\u00e3o tivermos um novo treinador, ele tamb\u00e9m estar\u00e1 no comando&#8221;, acrescentou, Gilvan.<\/p>\n","protected":false},"excerpt":{"rendered":"<p>O t\u00e9cnico Vanderlei Luxemburgo n\u00e3o vai comandar mais o Cruzeiro neste Campeonato Brasileiro. Em reuni\u00e3o nesta segunda-feira, ficou decidido que o treinador deixa o\u00a0clube. Al\u00e9m de Luxa, o diretor de futebol, Isa\u00edas Tinoco, tamb\u00e9m se desligou ap\u00f3s pouco mais de um m\u00eas no cargo. Nesta quarta-feira, Deivid dever\u00e1 ser o comandante celeste na partida contra [&hellip;]<\/p>\n","protected":false},"author":2,"featured_media":65458,"comment_status":"open","ping_status":"closed","sticky":false,"template":"","format":"standard","meta":{"_acf_changed":false,"footnotes":""},"categories":[29],"tags":[],"class_list":["post-65457","post","type-post","status-publish","format-standard","has-post-thumbnail","hentry","category-futebol"],"acf":[],"yoast_head":"<!-- This site is optimized with the Yoast SEO plugin v27.2 - https:\/\/yoast.com\/product\/yoast-seo-wordpress\/ -->\n<title>Cruzeiro demite Luxemburgo e busca um substituto com medo de cair na Segundona - Notibras<\/title>\n<meta name=\"robots\" content=\"index, follow, max-snippet:-1, max-image-preview:large, max-video-preview:-1\" \/>\n<link rel=\"canonical\" href=\"https:\/\/www.notibras.com\/site\/cruzeiro-demite-luxemburgo-e-sai-em-busca-de-recuperacao-para-evitar-a-segundona\/\" \/>\n<meta property=\"og:locale\" content=\"pt_BR\" \/>\n<meta property=\"og:type\" content=\"article\" \/>\n<meta property=\"og:title\" content=\"Cruzeiro demite Luxemburgo e busca um substituto com medo de cair na Segundona - Notibras\" \/>\n<meta property=\"og:description\" content=\"O t\u00e9cnico Vanderlei Luxemburgo n\u00e3o vai comandar mais o Cruzeiro neste Campeonato Brasileiro. Em reuni\u00e3o nesta segunda-feira, ficou decidido que o treinador deixa o\u00a0clube. Al\u00e9m de Luxa, o diretor de futebol, Isa\u00edas Tinoco, tamb\u00e9m se desligou ap\u00f3s pouco mais de um m\u00eas no cargo. Nesta quarta-feira, Deivid dever\u00e1 ser o comandante celeste na partida contra [&hellip;]\" \/>\n<meta property=\"og:url\" content=\"https:\/\/www.notibras.com\/site\/cruzeiro-demite-luxemburgo-e-sai-em-busca-de-recuperacao-para-evitar-a-segundona\/\" \/>\n<meta property=\"og:site_name\" content=\"Notibras\" \/>\n<meta property=\"article:publisher\" content=\"https:\/\/www.facebook.com\/notibras\/\" \/>\n<meta property=\"article:published_time\" content=\"2015-08-31T20:14:50+00:00\" \/>\n<meta property=\"article:modified_time\" content=\"2015-09-01T02:53:18+00:00\" \/>\n<meta property=\"og:image\" content=\"https:\/\/www.notibras.com\/site\/wp-content\/uploads\/2015\/08\/Cruzeiro-Vanderlei-Luxemburgo.jpg\" \/>\n\t<meta property=\"og:image:width\" content=\"400\" \/>\n\t<meta property=\"og:image:height\" content=\"240\" \/>\n\t<meta property=\"og:image:type\" content=\"image\/jpeg\" \/>\n<meta name=\"author\" content=\"Reda\u00e7\u00e3o\" \/>\n<meta name=\"twitter:card\" content=\"summary_large_image\" \/>\n<meta name=\"twitter:creator\" content=\"@Notibras\" \/>\n<meta name=\"twitter:site\" content=\"@Notibras\" \/>\n<meta name=\"twitter:label1\" content=\"Escrito por\" \/>\n\t<meta name=\"twitter:data1\" content=\"Reda\u00e7\u00e3o\" \/>\n\t<meta name=\"twitter:label2\" content=\"Est. tempo de leitura\" \/>\n\t<meta name=\"twitter:data2\" content=\"2 minutos\" \/>\n<script type=\"application\/ld+json\" class=\"yoast-schema-graph\">{\"@context\":\"https:\/\/schema.org\",\"@graph\":[{\"@type\":\"Article\",\"@id\":\"https:\/\/www.notibras.com\/site\/cruzeiro-demite-luxemburgo-e-sai-em-busca-de-recuperacao-para-evitar-a-segundona\/#article\",\"isPartOf\":{\"@id\":\"https:\/\/www.notibras.com\/site\/cruzeiro-demite-luxemburgo-e-sai-em-busca-de-recuperacao-para-evitar-a-segundona\/\"},\"author\":{\"name\":\"Reda\u00e7\u00e3o\",\"@id\":\"https:\/\/www.notibras.com\/site\/#\/schema\/person\/36ab0979449956132d3e5b517ea76ac8\"},\"headline\":\"Cruzeiro demite Luxemburgo e busca um substituto com medo de cair na Segundona\",\"datePublished\":\"2015-08-31T20:14:50+00:00\",\"dateModified\":\"2015-09-01T02:53:18+00:00\",\"mainEntityOfPage\":{\"@id\":\"https:\/\/www.notibras.com\/site\/cruzeiro-demite-luxemburgo-e-sai-em-busca-de-recuperacao-para-evitar-a-segundona\/\"},\"wordCount\":490,\"commentCount\":0,\"publisher\":{\"@id\":\"https:\/\/www.notibras.com\/site\/#organization\"},\"image\":{\"@id\":\"https:\/\/www.notibras.com\/site\/cruzeiro-demite-luxemburgo-e-sai-em-busca-de-recuperacao-para-evitar-a-segundona\/#primaryimage\"},\"thumbnailUrl\":\"https:\/\/www.notibras.com\/site\/wp-content\/uploads\/2015\/08\/Cruzeiro-Vanderlei-Luxemburgo.jpg\",\"articleSection\":[\"Futebol\"],\"inLanguage\":\"pt-BR\",\"potentialAction\":[{\"@type\":\"CommentAction\",\"name\":\"Comment\",\"target\":[\"https:\/\/www.notibras.com\/site\/cruzeiro-demite-luxemburgo-e-sai-em-busca-de-recuperacao-para-evitar-a-segundona\/#respond\"]}]},{\"@type\":\"WebPage\",\"@id\":\"https:\/\/www.notibras.com\/site\/cruzeiro-demite-luxemburgo-e-sai-em-busca-de-recuperacao-para-evitar-a-segundona\/\",\"url\":\"https:\/\/www.notibras.com\/site\/cruzeiro-demite-luxemburgo-e-sai-em-busca-de-recuperacao-para-evitar-a-segundona\/\",\"name\":\"Cruzeiro demite Luxemburgo e busca um substituto com medo de cair na Segundona - Notibras\",\"isPartOf\":{\"@id\":\"https:\/\/www.notibras.com\/site\/#website\"},\"primaryImageOfPage\":{\"@id\":\"https:\/\/www.notibras.com\/site\/cruzeiro-demite-luxemburgo-e-sai-em-busca-de-recuperacao-para-evitar-a-segundona\/#primaryimage\"},\"image\":{\"@id\":\"https:\/\/www.notibras.com\/site\/cruzeiro-demite-luxemburgo-e-sai-em-busca-de-recuperacao-para-evitar-a-segundona\/#primaryimage\"},\"thumbnailUrl\":\"https:\/\/www.notibras.com\/site\/wp-content\/uploads\/2015\/08\/Cruzeiro-Vanderlei-Luxemburgo.jpg\",\"datePublished\":\"2015-08-31T20:14:50+00:00\",\"dateModified\":\"2015-09-01T02:53:18+00:00\",\"breadcrumb\":{\"@id\":\"https:\/\/www.notibras.com\/site\/cruzeiro-demite-luxemburgo-e-sai-em-busca-de-recuperacao-para-evitar-a-segundona\/#breadcrumb\"},\"inLanguage\":\"pt-BR\",\"potentialAction\":[{\"@type\":\"ReadAction\",\"target\":[\"https:\/\/www.notibras.com\/site\/cruzeiro-demite-luxemburgo-e-sai-em-busca-de-recuperacao-para-evitar-a-segundona\/\"]}]},{\"@type\":\"ImageObject\",\"inLanguage\":\"pt-BR\",\"@id\":\"https:\/\/www.notibras.com\/site\/cruzeiro-demite-luxemburgo-e-sai-em-busca-de-recuperacao-para-evitar-a-segundona\/#primaryimage\",\"url\":\"https:\/\/www.notibras.com\/site\/wp-content\/uploads\/2015\/08\/Cruzeiro-Vanderlei-Luxemburgo.jpg\",\"contentUrl\":\"https:\/\/www.notibras.com\/site\/wp-content\/uploads\/2015\/08\/Cruzeiro-Vanderlei-Luxemburgo.jpg\",\"width\":400,\"height\":240},{\"@type\":\"BreadcrumbList\",\"@id\":\"https:\/\/www.notibras.com\/site\/cruzeiro-demite-luxemburgo-e-sai-em-busca-de-recuperacao-para-evitar-a-segundona\/#breadcrumb\",\"itemListElement\":[{\"@type\":\"ListItem\",\"position\":1,\"name\":\"In\u00edcio\",\"item\":\"https:\/\/www.notibras.com\/site\/\"},{\"@type\":\"ListItem\",\"position\":2,\"name\":\"Cruzeiro demite Luxemburgo e busca um substituto com medo de cair na Segundona\"}]},{\"@type\":\"WebSite\",\"@id\":\"https:\/\/www.notibras.com\/site\/#website\",\"url\":\"https:\/\/www.notibras.com\/site\/\",\"name\":\"Notibras\",\"description\":\"Not\u00edcias de Bras\u00edlia, do Brasil e do Mundo\",\"publisher\":{\"@id\":\"https:\/\/www.notibras.com\/site\/#organization\"},\"potentialAction\":[{\"@type\":\"SearchAction\",\"target\":{\"@type\":\"EntryPoint\",\"urlTemplate\":\"https:\/\/www.notibras.com\/site\/?s={search_term_string}\"},\"query-input\":{\"@type\":\"PropertyValueSpecification\",\"valueRequired\":true,\"valueName\":\"search_term_string\"}}],\"inLanguage\":\"pt-BR\"},{\"@type\":\"Organization\",\"@id\":\"https:\/\/www.notibras.com\/site\/#organization\",\"name\":\"Grupo Notibras de Comunica\u00e7\u00e3o\",\"url\":\"https:\/\/www.notibras.com\/site\/\",\"logo\":{\"@type\":\"ImageObject\",\"inLanguage\":\"pt-BR\",\"@id\":\"https:\/\/www.notibras.com\/site\/#\/schema\/logo\/image\/\",\"url\":\"https:\/\/www.notibras.com\/site\/wp-content\/uploads\/2023\/01\/notibras23.png\",\"contentUrl\":\"https:\/\/www.notibras.com\/site\/wp-content\/uploads\/2023\/01\/notibras23.png\",\"width\":350,\"height\":87,\"caption\":\"Grupo Notibras de Comunica\u00e7\u00e3o\"},\"image\":{\"@id\":\"https:\/\/www.notibras.com\/site\/#\/schema\/logo\/image\/\"},\"sameAs\":[\"https:\/\/www.facebook.com\/notibras\/\",\"https:\/\/x.com\/Notibras\",\"https:\/\/www.instagram.com\/notibras\/\"]},{\"@type\":\"Person\",\"@id\":\"https:\/\/www.notibras.com\/site\/#\/schema\/person\/36ab0979449956132d3e5b517ea76ac8\",\"name\":\"Reda\u00e7\u00e3o\",\"image\":{\"@type\":\"ImageObject\",\"inLanguage\":\"pt-BR\",\"@id\":\"https:\/\/secure.gravatar.com\/avatar\/e0a867bdedb85fd243eadf09663511f96fc81e0720a4a42581f334ad4303aa6b?s=96&d=mm&r=g\",\"url\":\"https:\/\/secure.gravatar.com\/avatar\/e0a867bdedb85fd243eadf09663511f96fc81e0720a4a42581f334ad4303aa6b?s=96&d=mm&r=g\",\"contentUrl\":\"https:\/\/secure.gravatar.com\/avatar\/e0a867bdedb85fd243eadf09663511f96fc81e0720a4a42581f334ad4303aa6b?s=96&d=mm&r=g\",\"caption\":\"Reda\u00e7\u00e3o\"}}]}<\/script>\n<!-- \/ Yoast SEO plugin. -->","yoast_head_json":{"title":"Cruzeiro demite Luxemburgo e busca um substituto com medo de cair na Segundona - Notibras","robots":{"index":"index","follow":"follow","max-snippet":"max-snippet:-1","max-image-preview":"max-image-preview:large","max-video-preview":"max-video-preview:-1"},"canonical":"https:\/\/www.notibras.com\/site\/cruzeiro-demite-luxemburgo-e-sai-em-busca-de-recuperacao-para-evitar-a-segundona\/","og_locale":"pt_BR","og_type":"article","og_title":"Cruzeiro demite Luxemburgo e busca um substituto com medo de cair na Segundona - Notibras","og_description":"O t\u00e9cnico Vanderlei Luxemburgo n\u00e3o vai comandar mais o Cruzeiro neste Campeonato Brasileiro. Em reuni\u00e3o nesta segunda-feira, ficou decidido que o treinador deixa o\u00a0clube. Al\u00e9m de Luxa, o diretor de futebol, Isa\u00edas Tinoco, tamb\u00e9m se desligou ap\u00f3s pouco mais de um m\u00eas no cargo. Nesta quarta-feira, Deivid dever\u00e1 ser o comandante celeste na partida contra [&hellip;]","og_url":"https:\/\/www.notibras.com\/site\/cruzeiro-demite-luxemburgo-e-sai-em-busca-de-recuperacao-para-evitar-a-segundona\/","og_site_name":"Notibras","article_publisher":"https:\/\/www.facebook.com\/notibras\/","article_published_time":"2015-08-31T20:14:50+00:00","article_modified_time":"2015-09-01T02:53:18+00:00","og_image":[{"width":400,"height":240,"url":"https:\/\/www.notibras.com\/site\/wp-content\/uploads\/2015\/08\/Cruzeiro-Vanderlei-Luxemburgo.jpg","type":"image\/jpeg"}],"author":"Reda\u00e7\u00e3o","twitter_card":"summary_large_image","twitter_creator":"@Notibras","twitter_site":"@Notibras","twitter_misc":{"Escrito por":"Reda\u00e7\u00e3o","Est. tempo de leitura":"2 minutos"},"schema":{"@context":"https:\/\/schema.org","@graph":[{"@type":"Article","@id":"https:\/\/www.notibras.com\/site\/cruzeiro-demite-luxemburgo-e-sai-em-busca-de-recuperacao-para-evitar-a-segundona\/#article","isPartOf":{"@id":"https:\/\/www.notibras.com\/site\/cruzeiro-demite-luxemburgo-e-sai-em-busca-de-recuperacao-para-evitar-a-segundona\/"},"author":{"name":"Reda\u00e7\u00e3o","@id":"https:\/\/www.notibras.com\/site\/#\/schema\/person\/36ab0979449956132d3e5b517ea76ac8"},"headline":"Cruzeiro demite Luxemburgo e busca um substituto com medo de cair na Segundona","datePublished":"2015-08-31T20:14:50+00:00","dateModified":"2015-09-01T02:53:18+00:00","mainEntityOfPage":{"@id":"https:\/\/www.notibras.com\/site\/cruzeiro-demite-luxemburgo-e-sai-em-busca-de-recuperacao-para-evitar-a-segundona\/"},"wordCount":490,"commentCount":0,"publisher":{"@id":"https:\/\/www.notibras.com\/site\/#organization"},"image":{"@id":"https:\/\/www.notibras.com\/site\/cruzeiro-demite-luxemburgo-e-sai-em-busca-de-recuperacao-para-evitar-a-segundona\/#primaryimage"},"thumbnailUrl":"https:\/\/www.notibras.com\/site\/wp-content\/uploads\/2015\/08\/Cruzeiro-Vanderlei-Luxemburgo.jpg","articleSection":["Futebol"],"inLanguage":"pt-BR","potentialAction":[{"@type":"CommentAction","name":"Comment","target":["https:\/\/www.notibras.com\/site\/cruzeiro-demite-luxemburgo-e-sai-em-busca-de-recuperacao-para-evitar-a-segundona\/#respond"]}]},{"@type":"WebPage","@id":"https:\/\/www.notibras.com\/site\/cruzeiro-demite-luxemburgo-e-sai-em-busca-de-recuperacao-para-evitar-a-segundona\/","url":"https:\/\/www.notibras.com\/site\/cruzeiro-demite-luxemburgo-e-sai-em-busca-de-recuperacao-para-evitar-a-segundona\/","name":"Cruzeiro demite Luxemburgo e busca um substituto com medo de cair na Segundona - Notibras","isPartOf":{"@id":"https:\/\/www.notibras.com\/site\/#website"},"primaryImageOfPage":{"@id":"https:\/\/www.notibras.com\/site\/cruzeiro-demite-luxemburgo-e-sai-em-busca-de-recuperacao-para-evitar-a-segundona\/#primaryimage"},"image":{"@id":"https:\/\/www.notibras.com\/site\/cruzeiro-demite-luxemburgo-e-sai-em-busca-de-recuperacao-para-evitar-a-segundona\/#primaryimage"},"thumbnailUrl":"https:\/\/www.notibras.com\/site\/wp-content\/uploads\/2015\/08\/Cruzeiro-Vanderlei-Luxemburgo.jpg","datePublished":"2015-08-31T20:14:50+00:00","dateModified":"2015-09-01T02:53:18+00:00","breadcrumb":{"@id":"https:\/\/www.notibras.com\/site\/cruzeiro-demite-luxemburgo-e-sai-em-busca-de-recuperacao-para-evitar-a-segundona\/#breadcrumb"},"inLanguage":"pt-BR","potentialAction":[{"@type":"ReadAction","target":["https:\/\/www.notibras.com\/site\/cruzeiro-demite-luxemburgo-e-sai-em-busca-de-recuperacao-para-evitar-a-segundona\/"]}]},{"@type":"ImageObject","inLanguage":"pt-BR","@id":"https:\/\/www.notibras.com\/site\/cruzeiro-demite-luxemburgo-e-sai-em-busca-de-recuperacao-para-evitar-a-segundona\/#primaryimage","url":"https:\/\/www.notibras.com\/site\/wp-content\/uploads\/2015\/08\/Cruzeiro-Vanderlei-Luxemburgo.jpg","contentUrl":"https:\/\/www.notibras.com\/site\/wp-content\/uploads\/2015\/08\/Cruzeiro-Vanderlei-Luxemburgo.jpg","width":400,"height":240},{"@type":"BreadcrumbList","@id":"https:\/\/www.notibras.com\/site\/cruzeiro-demite-luxemburgo-e-sai-em-busca-de-recuperacao-para-evitar-a-segundona\/#breadcrumb","itemListElement":[{"@type":"ListItem","position":1,"name":"In\u00edcio","item":"https:\/\/www.notibras.com\/site\/"},{"@type":"ListItem","position":2,"name":"Cruzeiro demite Luxemburgo e busca um substituto com medo de cair na Segundona"}]},{"@type":"WebSite","@id":"https:\/\/www.notibras.com\/site\/#website","url":"https:\/\/www.notibras.com\/site\/","name":"Notibras","description":"Not\u00edcias de Bras\u00edlia, do Brasil e do Mundo","publisher":{"@id":"https:\/\/www.notibras.com\/site\/#organization"},"potentialAction":[{"@type":"SearchAction","target":{"@type":"EntryPoint","urlTemplate":"https:\/\/www.notibras.com\/site\/?s={search_term_string}"},"query-input":{"@type":"PropertyValueSpecification","valueRequired":true,"valueName":"search_term_string"}}],"inLanguage":"pt-BR"},{"@type":"Organization","@id":"https:\/\/www.notibras.com\/site\/#organization","name":"Grupo Notibras de Comunica\u00e7\u00e3o","url":"https:\/\/www.notibras.com\/site\/","logo":{"@type":"ImageObject","inLanguage":"pt-BR","@id":"https:\/\/www.notibras.com\/site\/#\/schema\/logo\/image\/","url":"https:\/\/www.notibras.com\/site\/wp-content\/uploads\/2023\/01\/notibras23.png","contentUrl":"https:\/\/www.notibras.com\/site\/wp-content\/uploads\/2023\/01\/notibras23.png","width":350,"height":87,"caption":"Grupo Notibras de Comunica\u00e7\u00e3o"},"image":{"@id":"https:\/\/www.notibras.com\/site\/#\/schema\/logo\/image\/"},"sameAs":["https:\/\/www.facebook.com\/notibras\/","https:\/\/x.com\/Notibras","https:\/\/www.instagram.com\/notibras\/"]},{"@type":"Person","@id":"https:\/\/www.notibras.com\/site\/#\/schema\/person\/36ab0979449956132d3e5b517ea76ac8","name":"Reda\u00e7\u00e3o","image":{"@type":"ImageObject","inLanguage":"pt-BR","@id":"https:\/\/secure.gravatar.com\/avatar\/e0a867bdedb85fd243eadf09663511f96fc81e0720a4a42581f334ad4303aa6b?s=96&d=mm&r=g","url":"https:\/\/secure.gravatar.com\/avatar\/e0a867bdedb85fd243eadf09663511f96fc81e0720a4a42581f334ad4303aa6b?s=96&d=mm&r=g","contentUrl":"https:\/\/secure.gravatar.com\/avatar\/e0a867bdedb85fd243eadf09663511f96fc81e0720a4a42581f334ad4303aa6b?s=96&d=mm&r=g","caption":"Reda\u00e7\u00e3o"}}]}},"amp_enabled":true,"_links":{"self":[{"href":"https:\/\/www.notibras.com\/site\/wp-json\/wp\/v2\/posts\/65457","targetHints":{"allow":["GET"]}}],"collection":[{"href":"https:\/\/www.notibras.com\/site\/wp-json\/wp\/v2\/posts"}],"about":[{"href":"https:\/\/www.notibras.com\/site\/wp-json\/wp\/v2\/types\/post"}],"author":[{"embeddable":true,"href":"https:\/\/www.notibras.com\/site\/wp-json\/wp\/v2\/users\/2"}],"replies":[{"embeddable":true,"href":"https:\/\/www.notibras.com\/site\/wp-json\/wp\/v2\/comments?post=65457"}],"version-history":[{"count":4,"href":"https:\/\/www.notibras.com\/site\/wp-json\/wp\/v2\/posts\/65457\/revisions"}],"predecessor-version":[{"id":65488,"href":"https:\/\/www.notibras.com\/site\/wp-json\/wp\/v2\/posts\/65457\/revisions\/65488"}],"wp:featuredmedia":[{"embeddable":true,"href":"https:\/\/www.notibras.com\/site\/wp-json\/wp\/v2\/media\/65458"}],"wp:attachment":[{"href":"https:\/\/www.notibras.com\/site\/wp-json\/wp\/v2\/media?parent=65457"}],"wp:term":[{"taxonomy":"category","embeddable":true,"href":"https:\/\/www.notibras.com\/site\/wp-json\/wp\/v2\/categories?post=65457"},{"taxonomy":"post_tag","embeddable":true,"href":"https:\/\/www.notibras.com\/site\/wp-json\/wp\/v2\/tags?post=65457"}],"curies":[{"name":"wp","href":"https:\/\/api.w.org\/{rel}","templated":true}]}}