{"id":6546,"date":"2014-04-11T08:12:43","date_gmt":"2014-04-11T11:12:43","guid":{"rendered":"http:\/\/www.notibras.com\/site\/?p=6546"},"modified":"2014-04-11T08:12:43","modified_gmt":"2014-04-11T11:12:43","slug":"policia-militar-pega-3-milhoes-para-comprar-cavalo-de-hipismo","status":"publish","type":"post","link":"https:\/\/www.notibras.com\/site\/policia-militar-pega-3-milhoes-para-comprar-cavalo-de-hipismo\/","title":{"rendered":"Pol\u00edcia Militar pega 3 milh\u00f5es para comprar cavalo de hipismo"},"content":{"rendered":"<p>Quando a gente pensa que j\u00e1 viu de tudo somos surpreendidos\u00a0com mais um absurdo na s\u00e9rie gastan\u00e7as do Distrito Federal. N\u00e3o tem muito tempo e o Comandante da Pol\u00edcia Militar foi demitido por gastar uma fortuna na compra de capas de chuva.<\/p>\n<p>Agora a aquisi\u00e7\u00e3o \u00e9 outra mas o gasto milion\u00e1rio \u00e9 exatamente igual. Atrav\u00e9s do preg\u00e3o com registro de pre\u00e7os 23\/2014, cujas propostas v\u00e3o ser abertas no pr\u00f3ximo dia 14 de abril,\u00a0a Pol\u00edcia Militar pretende gastar mais de\u00a03\u00a0milh\u00f5es de reais, repito, mais de 3 milh\u00f5es de reais\u00a0para a aquisi\u00e7\u00e3o de cavalos da ra\u00e7a BH. Esta ra\u00e7a se destina \u00e0 pr\u00e1tica de hipismo na modalidade salto e\u00a0n\u00e3o para o patrulhamento de ruas.<\/p>\n<p>N\u00e3o consta que a PMDF possua algum cavaleiro ou amazona que possa se destacar nas Olimp\u00edadas de 2016, logo, nossa coluna foi ouvir especialistas no mercado de cavalos e por se tratar de uma aquisi\u00e7\u00e3o in\u00e9dita est\u00e1 cercada de mist\u00e9rio.<\/p>\n<p>No DF e no Brasil, poucos s\u00e3o os criadores que disp\u00f5em de uma quantidade t\u00e3o grande de animais\u00a0desta ra\u00e7a,\u00a0para disponibilizar de uma s\u00f3 vez e muito menos\u00a0haras cadastrados\u00a0na forma exigida pela lei de licita\u00e7\u00f5es.\u00a0Em Bras\u00edlia, por exemplo, n\u00e3o tem nenhum.<\/p>\n<p>A suspeita \u00e9 de alguma empresa\u00a0ou entidade\u00a0estar\u00e1 se habilitando para intermediar as aquisi\u00e7\u00f5es e assim atender, conforme a demanda da PM as encomendas que ser\u00e3o feitas, ao que parece na medida, para\u00a0as atividades de lazer esportivo,pois o BH n\u00e3o tem a rusticidade necess\u00e1ria para o patrulhamento de rua.<\/p>\n<p>Ao que parece o governador do Distrito Federal n\u00e3o foi\u00a0informado da aquisi\u00e7\u00e3o e o volume gasto com ra\u00e7\u00e3o no Regimento de Pol\u00edcia Montada do DF, nos \u00faltimos tr\u00eas anos, nem de longe nos permite concluir que estejam a faltar cavalos, a n\u00e3o ser que estejam dando sumi\u00e7o nos que existem ou existiam l\u00e1.<\/p>\n<p>O Minist\u00e9rio P\u00fablico Militar\u00a0e o Tribunal de Contas\u00a0j\u00e1 est\u00e3o de olho na den\u00fancia, que pode envolver militares ativos e reformados da PMDF nesta compra de milh\u00f5es, com o apoio de\u00a0algum grupo de criadores,\u00a0as propostas j\u00e1 foram entregues\u00a0e a quebra dos sigilos telef\u00f4nicos e de e-mails\u00a0dos envolvidos\u00a0pode esclarecer muita coisa.\u00a0\u00c9 esperar para ver.<\/p>\n<p><strong>Celson Bianchi<\/strong><\/p>\n","protected":false},"excerpt":{"rendered":"<p>Quando a gente pensa que j\u00e1 viu de tudo somos surpreendidos\u00a0com mais um absurdo na s\u00e9rie gastan\u00e7as do Distrito Federal. N\u00e3o tem muito tempo e o Comandante da Pol\u00edcia Militar foi demitido por gastar uma fortuna na compra de capas de chuva. Agora a aquisi\u00e7\u00e3o \u00e9 outra mas o gasto milion\u00e1rio \u00e9 exatamente igual. Atrav\u00e9s [&hellip;]<\/p>\n","protected":false},"author":2,"featured_media":6547,"comment_status":"open","ping_status":"closed","sticky":false,"template":"","format":"standard","meta":{"_acf_changed":false,"footnotes":""},"categories":[1],"tags":[],"class_list":["post-6546","post","type-post","status-publish","format-standard","has-post-thumbnail","hentry","category-brasilia"],"acf":[],"yoast_head":"<!-- This site is optimized with the Yoast SEO plugin v27.2 - https:\/\/yoast.com\/product\/yoast-seo-wordpress\/ -->\n<title>Pol\u00edcia Militar pega 3 milh\u00f5es para comprar cavalo de hipismo - Notibras<\/title>\n<meta name=\"robots\" content=\"index, follow, max-snippet:-1, max-image-preview:large, max-video-preview:-1\" \/>\n<link rel=\"canonical\" href=\"https:\/\/www.notibras.com\/site\/policia-militar-pega-3-milhoes-para-comprar-cavalo-de-hipismo\/\" \/>\n<meta property=\"og:locale\" content=\"pt_BR\" \/>\n<meta property=\"og:type\" content=\"article\" \/>\n<meta property=\"og:title\" content=\"Pol\u00edcia Militar pega 3 milh\u00f5es para comprar cavalo de hipismo - Notibras\" \/>\n<meta property=\"og:description\" content=\"Quando a gente pensa que j\u00e1 viu de tudo somos surpreendidos\u00a0com mais um absurdo na s\u00e9rie gastan\u00e7as do Distrito Federal. N\u00e3o tem muito tempo e o Comandante da Pol\u00edcia Militar foi demitido por gastar uma fortuna na compra de capas de chuva. Agora a aquisi\u00e7\u00e3o \u00e9 outra mas o gasto milion\u00e1rio \u00e9 exatamente igual. Atrav\u00e9s [&hellip;]\" \/>\n<meta property=\"og:url\" content=\"https:\/\/www.notibras.com\/site\/policia-militar-pega-3-milhoes-para-comprar-cavalo-de-hipismo\/\" \/>\n<meta property=\"og:site_name\" content=\"Notibras\" \/>\n<meta property=\"article:publisher\" content=\"https:\/\/www.facebook.com\/notibras\/\" \/>\n<meta property=\"article:published_time\" content=\"2014-04-11T11:12:43+00:00\" \/>\n<meta property=\"og:image\" content=\"https:\/\/www.notibras.com\/site\/wp-content\/uploads\/2014\/04\/839_W400Q100I2SASRFHFVRLRRCLCTCRCB.jpg\" \/>\n\t<meta property=\"og:image:width\" content=\"400\" \/>\n\t<meta property=\"og:image:height\" content=\"300\" \/>\n\t<meta property=\"og:image:type\" content=\"image\/jpeg\" \/>\n<meta name=\"author\" content=\"Reda\u00e7\u00e3o\" \/>\n<meta name=\"twitter:card\" content=\"summary_large_image\" \/>\n<meta name=\"twitter:creator\" content=\"@Notibras\" \/>\n<meta name=\"twitter:site\" content=\"@Notibras\" \/>\n<meta name=\"twitter:label1\" content=\"Escrito por\" \/>\n\t<meta name=\"twitter:data1\" content=\"Reda\u00e7\u00e3o\" \/>\n\t<meta name=\"twitter:label2\" content=\"Est. tempo de leitura\" \/>\n\t<meta name=\"twitter:data2\" content=\"2 minutos\" \/>\n<script type=\"application\/ld+json\" class=\"yoast-schema-graph\">{\"@context\":\"https:\/\/schema.org\",\"@graph\":[{\"@type\":\"Article\",\"@id\":\"https:\/\/www.notibras.com\/site\/policia-militar-pega-3-milhoes-para-comprar-cavalo-de-hipismo\/#article\",\"isPartOf\":{\"@id\":\"https:\/\/www.notibras.com\/site\/policia-militar-pega-3-milhoes-para-comprar-cavalo-de-hipismo\/\"},\"author\":{\"name\":\"Reda\u00e7\u00e3o\",\"@id\":\"https:\/\/www.notibras.com\/site\/#\/schema\/person\/36ab0979449956132d3e5b517ea76ac8\"},\"headline\":\"Pol\u00edcia Militar pega 3 milh\u00f5es para comprar cavalo de hipismo\",\"datePublished\":\"2014-04-11T11:12:43+00:00\",\"mainEntityOfPage\":{\"@id\":\"https:\/\/www.notibras.com\/site\/policia-militar-pega-3-milhoes-para-comprar-cavalo-de-hipismo\/\"},\"wordCount\":420,\"commentCount\":0,\"publisher\":{\"@id\":\"https:\/\/www.notibras.com\/site\/#organization\"},\"image\":{\"@id\":\"https:\/\/www.notibras.com\/site\/policia-militar-pega-3-milhoes-para-comprar-cavalo-de-hipismo\/#primaryimage\"},\"thumbnailUrl\":\"https:\/\/www.notibras.com\/site\/wp-content\/uploads\/2014\/04\/839_W400Q100I2SASRFHFVRLRRCLCTCRCB.jpg\",\"articleSection\":[\"Bras\u00edlia\"],\"inLanguage\":\"pt-BR\",\"potentialAction\":[{\"@type\":\"CommentAction\",\"name\":\"Comment\",\"target\":[\"https:\/\/www.notibras.com\/site\/policia-militar-pega-3-milhoes-para-comprar-cavalo-de-hipismo\/#respond\"]}]},{\"@type\":\"WebPage\",\"@id\":\"https:\/\/www.notibras.com\/site\/policia-militar-pega-3-milhoes-para-comprar-cavalo-de-hipismo\/\",\"url\":\"https:\/\/www.notibras.com\/site\/policia-militar-pega-3-milhoes-para-comprar-cavalo-de-hipismo\/\",\"name\":\"Pol\u00edcia Militar pega 3 milh\u00f5es para comprar cavalo de hipismo - Notibras\",\"isPartOf\":{\"@id\":\"https:\/\/www.notibras.com\/site\/#website\"},\"primaryImageOfPage\":{\"@id\":\"https:\/\/www.notibras.com\/site\/policia-militar-pega-3-milhoes-para-comprar-cavalo-de-hipismo\/#primaryimage\"},\"image\":{\"@id\":\"https:\/\/www.notibras.com\/site\/policia-militar-pega-3-milhoes-para-comprar-cavalo-de-hipismo\/#primaryimage\"},\"thumbnailUrl\":\"https:\/\/www.notibras.com\/site\/wp-content\/uploads\/2014\/04\/839_W400Q100I2SASRFHFVRLRRCLCTCRCB.jpg\",\"datePublished\":\"2014-04-11T11:12:43+00:00\",\"breadcrumb\":{\"@id\":\"https:\/\/www.notibras.com\/site\/policia-militar-pega-3-milhoes-para-comprar-cavalo-de-hipismo\/#breadcrumb\"},\"inLanguage\":\"pt-BR\",\"potentialAction\":[{\"@type\":\"ReadAction\",\"target\":[\"https:\/\/www.notibras.com\/site\/policia-militar-pega-3-milhoes-para-comprar-cavalo-de-hipismo\/\"]}]},{\"@type\":\"ImageObject\",\"inLanguage\":\"pt-BR\",\"@id\":\"https:\/\/www.notibras.com\/site\/policia-militar-pega-3-milhoes-para-comprar-cavalo-de-hipismo\/#primaryimage\",\"url\":\"https:\/\/www.notibras.com\/site\/wp-content\/uploads\/2014\/04\/839_W400Q100I2SASRFHFVRLRRCLCTCRCB.jpg\",\"contentUrl\":\"https:\/\/www.notibras.com\/site\/wp-content\/uploads\/2014\/04\/839_W400Q100I2SASRFHFVRLRRCLCTCRCB.jpg\",\"width\":400,\"height\":300},{\"@type\":\"BreadcrumbList\",\"@id\":\"https:\/\/www.notibras.com\/site\/policia-militar-pega-3-milhoes-para-comprar-cavalo-de-hipismo\/#breadcrumb\",\"itemListElement\":[{\"@type\":\"ListItem\",\"position\":1,\"name\":\"In\u00edcio\",\"item\":\"https:\/\/www.notibras.com\/site\/\"},{\"@type\":\"ListItem\",\"position\":2,\"name\":\"Pol\u00edcia Militar pega 3 milh\u00f5es para comprar cavalo de hipismo\"}]},{\"@type\":\"WebSite\",\"@id\":\"https:\/\/www.notibras.com\/site\/#website\",\"url\":\"https:\/\/www.notibras.com\/site\/\",\"name\":\"Notibras\",\"description\":\"Not\u00edcias de Bras\u00edlia, do Brasil e do Mundo\",\"publisher\":{\"@id\":\"https:\/\/www.notibras.com\/site\/#organization\"},\"potentialAction\":[{\"@type\":\"SearchAction\",\"target\":{\"@type\":\"EntryPoint\",\"urlTemplate\":\"https:\/\/www.notibras.com\/site\/?s={search_term_string}\"},\"query-input\":{\"@type\":\"PropertyValueSpecification\",\"valueRequired\":true,\"valueName\":\"search_term_string\"}}],\"inLanguage\":\"pt-BR\"},{\"@type\":\"Organization\",\"@id\":\"https:\/\/www.notibras.com\/site\/#organization\",\"name\":\"Grupo Notibras de Comunica\u00e7\u00e3o\",\"url\":\"https:\/\/www.notibras.com\/site\/\",\"logo\":{\"@type\":\"ImageObject\",\"inLanguage\":\"pt-BR\",\"@id\":\"https:\/\/www.notibras.com\/site\/#\/schema\/logo\/image\/\",\"url\":\"https:\/\/www.notibras.com\/site\/wp-content\/uploads\/2023\/01\/notibras23.png\",\"contentUrl\":\"https:\/\/www.notibras.com\/site\/wp-content\/uploads\/2023\/01\/notibras23.png\",\"width\":350,\"height\":87,\"caption\":\"Grupo Notibras de Comunica\u00e7\u00e3o\"},\"image\":{\"@id\":\"https:\/\/www.notibras.com\/site\/#\/schema\/logo\/image\/\"},\"sameAs\":[\"https:\/\/www.facebook.com\/notibras\/\",\"https:\/\/x.com\/Notibras\",\"https:\/\/www.instagram.com\/notibras\/\"]},{\"@type\":\"Person\",\"@id\":\"https:\/\/www.notibras.com\/site\/#\/schema\/person\/36ab0979449956132d3e5b517ea76ac8\",\"name\":\"Reda\u00e7\u00e3o\",\"image\":{\"@type\":\"ImageObject\",\"inLanguage\":\"pt-BR\",\"@id\":\"https:\/\/secure.gravatar.com\/avatar\/e0a867bdedb85fd243eadf09663511f96fc81e0720a4a42581f334ad4303aa6b?s=96&d=mm&r=g\",\"url\":\"https:\/\/secure.gravatar.com\/avatar\/e0a867bdedb85fd243eadf09663511f96fc81e0720a4a42581f334ad4303aa6b?s=96&d=mm&r=g\",\"contentUrl\":\"https:\/\/secure.gravatar.com\/avatar\/e0a867bdedb85fd243eadf09663511f96fc81e0720a4a42581f334ad4303aa6b?s=96&d=mm&r=g\",\"caption\":\"Reda\u00e7\u00e3o\"}}]}<\/script>\n<!-- \/ Yoast SEO plugin. -->","yoast_head_json":{"title":"Pol\u00edcia Militar pega 3 milh\u00f5es para comprar cavalo de hipismo - Notibras","robots":{"index":"index","follow":"follow","max-snippet":"max-snippet:-1","max-image-preview":"max-image-preview:large","max-video-preview":"max-video-preview:-1"},"canonical":"https:\/\/www.notibras.com\/site\/policia-militar-pega-3-milhoes-para-comprar-cavalo-de-hipismo\/","og_locale":"pt_BR","og_type":"article","og_title":"Pol\u00edcia Militar pega 3 milh\u00f5es para comprar cavalo de hipismo - Notibras","og_description":"Quando a gente pensa que j\u00e1 viu de tudo somos surpreendidos\u00a0com mais um absurdo na s\u00e9rie gastan\u00e7as do Distrito Federal. N\u00e3o tem muito tempo e o Comandante da Pol\u00edcia Militar foi demitido por gastar uma fortuna na compra de capas de chuva. Agora a aquisi\u00e7\u00e3o \u00e9 outra mas o gasto milion\u00e1rio \u00e9 exatamente igual. Atrav\u00e9s [&hellip;]","og_url":"https:\/\/www.notibras.com\/site\/policia-militar-pega-3-milhoes-para-comprar-cavalo-de-hipismo\/","og_site_name":"Notibras","article_publisher":"https:\/\/www.facebook.com\/notibras\/","article_published_time":"2014-04-11T11:12:43+00:00","og_image":[{"width":400,"height":300,"url":"https:\/\/www.notibras.com\/site\/wp-content\/uploads\/2014\/04\/839_W400Q100I2SASRFHFVRLRRCLCTCRCB.jpg","type":"image\/jpeg"}],"author":"Reda\u00e7\u00e3o","twitter_card":"summary_large_image","twitter_creator":"@Notibras","twitter_site":"@Notibras","twitter_misc":{"Escrito por":"Reda\u00e7\u00e3o","Est. tempo de leitura":"2 minutos"},"schema":{"@context":"https:\/\/schema.org","@graph":[{"@type":"Article","@id":"https:\/\/www.notibras.com\/site\/policia-militar-pega-3-milhoes-para-comprar-cavalo-de-hipismo\/#article","isPartOf":{"@id":"https:\/\/www.notibras.com\/site\/policia-militar-pega-3-milhoes-para-comprar-cavalo-de-hipismo\/"},"author":{"name":"Reda\u00e7\u00e3o","@id":"https:\/\/www.notibras.com\/site\/#\/schema\/person\/36ab0979449956132d3e5b517ea76ac8"},"headline":"Pol\u00edcia Militar pega 3 milh\u00f5es para comprar cavalo de hipismo","datePublished":"2014-04-11T11:12:43+00:00","mainEntityOfPage":{"@id":"https:\/\/www.notibras.com\/site\/policia-militar-pega-3-milhoes-para-comprar-cavalo-de-hipismo\/"},"wordCount":420,"commentCount":0,"publisher":{"@id":"https:\/\/www.notibras.com\/site\/#organization"},"image":{"@id":"https:\/\/www.notibras.com\/site\/policia-militar-pega-3-milhoes-para-comprar-cavalo-de-hipismo\/#primaryimage"},"thumbnailUrl":"https:\/\/www.notibras.com\/site\/wp-content\/uploads\/2014\/04\/839_W400Q100I2SASRFHFVRLRRCLCTCRCB.jpg","articleSection":["Bras\u00edlia"],"inLanguage":"pt-BR","potentialAction":[{"@type":"CommentAction","name":"Comment","target":["https:\/\/www.notibras.com\/site\/policia-militar-pega-3-milhoes-para-comprar-cavalo-de-hipismo\/#respond"]}]},{"@type":"WebPage","@id":"https:\/\/www.notibras.com\/site\/policia-militar-pega-3-milhoes-para-comprar-cavalo-de-hipismo\/","url":"https:\/\/www.notibras.com\/site\/policia-militar-pega-3-milhoes-para-comprar-cavalo-de-hipismo\/","name":"Pol\u00edcia Militar pega 3 milh\u00f5es para comprar cavalo de hipismo - Notibras","isPartOf":{"@id":"https:\/\/www.notibras.com\/site\/#website"},"primaryImageOfPage":{"@id":"https:\/\/www.notibras.com\/site\/policia-militar-pega-3-milhoes-para-comprar-cavalo-de-hipismo\/#primaryimage"},"image":{"@id":"https:\/\/www.notibras.com\/site\/policia-militar-pega-3-milhoes-para-comprar-cavalo-de-hipismo\/#primaryimage"},"thumbnailUrl":"https:\/\/www.notibras.com\/site\/wp-content\/uploads\/2014\/04\/839_W400Q100I2SASRFHFVRLRRCLCTCRCB.jpg","datePublished":"2014-04-11T11:12:43+00:00","breadcrumb":{"@id":"https:\/\/www.notibras.com\/site\/policia-militar-pega-3-milhoes-para-comprar-cavalo-de-hipismo\/#breadcrumb"},"inLanguage":"pt-BR","potentialAction":[{"@type":"ReadAction","target":["https:\/\/www.notibras.com\/site\/policia-militar-pega-3-milhoes-para-comprar-cavalo-de-hipismo\/"]}]},{"@type":"ImageObject","inLanguage":"pt-BR","@id":"https:\/\/www.notibras.com\/site\/policia-militar-pega-3-milhoes-para-comprar-cavalo-de-hipismo\/#primaryimage","url":"https:\/\/www.notibras.com\/site\/wp-content\/uploads\/2014\/04\/839_W400Q100I2SASRFHFVRLRRCLCTCRCB.jpg","contentUrl":"https:\/\/www.notibras.com\/site\/wp-content\/uploads\/2014\/04\/839_W400Q100I2SASRFHFVRLRRCLCTCRCB.jpg","width":400,"height":300},{"@type":"BreadcrumbList","@id":"https:\/\/www.notibras.com\/site\/policia-militar-pega-3-milhoes-para-comprar-cavalo-de-hipismo\/#breadcrumb","itemListElement":[{"@type":"ListItem","position":1,"name":"In\u00edcio","item":"https:\/\/www.notibras.com\/site\/"},{"@type":"ListItem","position":2,"name":"Pol\u00edcia Militar pega 3 milh\u00f5es para comprar cavalo de hipismo"}]},{"@type":"WebSite","@id":"https:\/\/www.notibras.com\/site\/#website","url":"https:\/\/www.notibras.com\/site\/","name":"Notibras","description":"Not\u00edcias de Bras\u00edlia, do Brasil e do Mundo","publisher":{"@id":"https:\/\/www.notibras.com\/site\/#organization"},"potentialAction":[{"@type":"SearchAction","target":{"@type":"EntryPoint","urlTemplate":"https:\/\/www.notibras.com\/site\/?s={search_term_string}"},"query-input":{"@type":"PropertyValueSpecification","valueRequired":true,"valueName":"search_term_string"}}],"inLanguage":"pt-BR"},{"@type":"Organization","@id":"https:\/\/www.notibras.com\/site\/#organization","name":"Grupo Notibras de Comunica\u00e7\u00e3o","url":"https:\/\/www.notibras.com\/site\/","logo":{"@type":"ImageObject","inLanguage":"pt-BR","@id":"https:\/\/www.notibras.com\/site\/#\/schema\/logo\/image\/","url":"https:\/\/www.notibras.com\/site\/wp-content\/uploads\/2023\/01\/notibras23.png","contentUrl":"https:\/\/www.notibras.com\/site\/wp-content\/uploads\/2023\/01\/notibras23.png","width":350,"height":87,"caption":"Grupo Notibras de Comunica\u00e7\u00e3o"},"image":{"@id":"https:\/\/www.notibras.com\/site\/#\/schema\/logo\/image\/"},"sameAs":["https:\/\/www.facebook.com\/notibras\/","https:\/\/x.com\/Notibras","https:\/\/www.instagram.com\/notibras\/"]},{"@type":"Person","@id":"https:\/\/www.notibras.com\/site\/#\/schema\/person\/36ab0979449956132d3e5b517ea76ac8","name":"Reda\u00e7\u00e3o","image":{"@type":"ImageObject","inLanguage":"pt-BR","@id":"https:\/\/secure.gravatar.com\/avatar\/e0a867bdedb85fd243eadf09663511f96fc81e0720a4a42581f334ad4303aa6b?s=96&d=mm&r=g","url":"https:\/\/secure.gravatar.com\/avatar\/e0a867bdedb85fd243eadf09663511f96fc81e0720a4a42581f334ad4303aa6b?s=96&d=mm&r=g","contentUrl":"https:\/\/secure.gravatar.com\/avatar\/e0a867bdedb85fd243eadf09663511f96fc81e0720a4a42581f334ad4303aa6b?s=96&d=mm&r=g","caption":"Reda\u00e7\u00e3o"}}]}},"amp_enabled":true,"_links":{"self":[{"href":"https:\/\/www.notibras.com\/site\/wp-json\/wp\/v2\/posts\/6546","targetHints":{"allow":["GET"]}}],"collection":[{"href":"https:\/\/www.notibras.com\/site\/wp-json\/wp\/v2\/posts"}],"about":[{"href":"https:\/\/www.notibras.com\/site\/wp-json\/wp\/v2\/types\/post"}],"author":[{"embeddable":true,"href":"https:\/\/www.notibras.com\/site\/wp-json\/wp\/v2\/users\/2"}],"replies":[{"embeddable":true,"href":"https:\/\/www.notibras.com\/site\/wp-json\/wp\/v2\/comments?post=6546"}],"version-history":[{"count":0,"href":"https:\/\/www.notibras.com\/site\/wp-json\/wp\/v2\/posts\/6546\/revisions"}],"wp:featuredmedia":[{"embeddable":true,"href":"https:\/\/www.notibras.com\/site\/wp-json\/wp\/v2\/media\/6547"}],"wp:attachment":[{"href":"https:\/\/www.notibras.com\/site\/wp-json\/wp\/v2\/media?parent=6546"}],"wp:term":[{"taxonomy":"category","embeddable":true,"href":"https:\/\/www.notibras.com\/site\/wp-json\/wp\/v2\/categories?post=6546"},{"taxonomy":"post_tag","embeddable":true,"href":"https:\/\/www.notibras.com\/site\/wp-json\/wp\/v2\/tags?post=6546"}],"curies":[{"name":"wp","href":"https:\/\/api.w.org\/{rel}","templated":true}]}}