{"id":65479,"date":"2015-08-31T23:41:01","date_gmt":"2015-09-01T02:41:01","guid":{"rendered":"http:\/\/www.notibras.com\/site\/?p=65479"},"modified":"2015-09-01T19:19:23","modified_gmt":"2015-09-01T22:19:23","slug":"gas-de-cozinha-comeca-setembro-custando-15-mais-caro","status":"publish","type":"post","link":"https:\/\/www.notibras.com\/site\/gas-de-cozinha-comeca-setembro-custando-15-mais-caro\/","title":{"rendered":"Petrobras anuncia aumento e g\u00e1s de cozinha inicia m\u00eas custando 15% mais caro"},"content":{"rendered":"<p>A partir desta ter\u00e7a-feira, 1, o g\u00e1s de cozinha fornecido pela Petrobras \u00e0s companhias distribuidoras estar\u00e1 custando 15% mais caro. O reajuste se refere ao g\u00e1s de\u00a0uso residencial, envasado em botij\u00f5es de at\u00e9 13 quilos.<\/p>\n<p>De acordo com o Sindicato Nacional das Empresas Distribuidoras de G\u00e1s Liquefeito de Petr\u00f3leo (Sindigas), o pre\u00e7o atual m\u00e9dio do botij\u00e3o de g\u00e1s de 13 quilos \u00e9 de R$ 46, valor que dever\u00e1 subir de imediato, pois as empresas dever\u00e3o repassar o novo valor ao consumidor.<\/p>\n<p>Segundo o Sindig\u00e1s, atualmente existem 99 milh\u00f5es de botij\u00f5es em circula\u00e7\u00e3o em todo o pa\u00eds e, a cada dia, s\u00e3o entregues 1,5 milh\u00e3o de botij\u00f5es aos consumidores brasileiros.<\/p>\n<p>Sete grandes empresas controlam 96% do mercado brasileiro de GLP, sendo que as quatro maiores s\u00e3o: Ultragaz, com 23,11% do total, Liquigas (22,61%), Supergasbras (20,58%) e Nacional Gas (19,16%).<\/p>\n","protected":false},"excerpt":{"rendered":"<p>A partir desta ter\u00e7a-feira, 1, o g\u00e1s de cozinha fornecido pela Petrobras \u00e0s companhias distribuidoras estar\u00e1 custando 15% mais caro. O reajuste se refere ao g\u00e1s de\u00a0uso residencial, envasado em botij\u00f5es de at\u00e9 13 quilos. De acordo com o Sindicato Nacional das Empresas Distribuidoras de G\u00e1s Liquefeito de Petr\u00f3leo (Sindigas), o pre\u00e7o atual m\u00e9dio do [&hellip;]<\/p>\n","protected":false},"author":2,"featured_media":65480,"comment_status":"open","ping_status":"closed","sticky":false,"template":"","format":"standard","meta":{"_acf_changed":false,"footnotes":""},"categories":[16],"tags":[],"class_list":["post-65479","post","type-post","status-publish","format-standard","has-post-thumbnail","hentry","category-brasil"],"acf":[],"yoast_head":"<!-- This site is optimized with the Yoast SEO plugin v27.2 - https:\/\/yoast.com\/product\/yoast-seo-wordpress\/ -->\n<title>Petrobras anuncia aumento e g\u00e1s de cozinha inicia m\u00eas custando 15% mais caro - Notibras<\/title>\n<meta name=\"robots\" content=\"index, follow, max-snippet:-1, max-image-preview:large, max-video-preview:-1\" \/>\n<link rel=\"canonical\" href=\"https:\/\/www.notibras.com\/site\/gas-de-cozinha-comeca-setembro-custando-15-mais-caro\/\" \/>\n<meta property=\"og:locale\" content=\"pt_BR\" \/>\n<meta property=\"og:type\" content=\"article\" \/>\n<meta property=\"og:title\" content=\"Petrobras anuncia aumento e g\u00e1s de cozinha inicia m\u00eas custando 15% mais caro - Notibras\" \/>\n<meta property=\"og:description\" content=\"A partir desta ter\u00e7a-feira, 1, o g\u00e1s de cozinha fornecido pela Petrobras \u00e0s companhias distribuidoras estar\u00e1 custando 15% mais caro. O reajuste se refere ao g\u00e1s de\u00a0uso residencial, envasado em botij\u00f5es de at\u00e9 13 quilos. De acordo com o Sindicato Nacional das Empresas Distribuidoras de G\u00e1s Liquefeito de Petr\u00f3leo (Sindigas), o pre\u00e7o atual m\u00e9dio do [&hellip;]\" \/>\n<meta property=\"og:url\" content=\"https:\/\/www.notibras.com\/site\/gas-de-cozinha-comeca-setembro-custando-15-mais-caro\/\" \/>\n<meta property=\"og:site_name\" content=\"Notibras\" \/>\n<meta property=\"article:publisher\" content=\"https:\/\/www.facebook.com\/notibras\/\" \/>\n<meta property=\"article:published_time\" content=\"2015-09-01T02:41:01+00:00\" \/>\n<meta property=\"article:modified_time\" content=\"2015-09-01T22:19:23+00:00\" \/>\n<meta property=\"og:image\" content=\"https:\/\/www.notibras.com\/site\/wp-content\/uploads\/2015\/08\/Gas_-_10-10-2013.jpg\" \/>\n\t<meta property=\"og:image:width\" content=\"640\" \/>\n\t<meta property=\"og:image:height\" content=\"480\" \/>\n\t<meta property=\"og:image:type\" content=\"image\/jpeg\" \/>\n<meta name=\"author\" content=\"Reda\u00e7\u00e3o\" \/>\n<meta name=\"twitter:card\" content=\"summary_large_image\" \/>\n<meta name=\"twitter:creator\" content=\"@Notibras\" \/>\n<meta name=\"twitter:site\" content=\"@Notibras\" \/>\n<meta name=\"twitter:label1\" content=\"Escrito por\" \/>\n\t<meta name=\"twitter:data1\" content=\"Reda\u00e7\u00e3o\" \/>\n\t<meta name=\"twitter:label2\" content=\"Est. tempo de leitura\" \/>\n\t<meta name=\"twitter:data2\" content=\"1 minuto\" \/>\n<script type=\"application\/ld+json\" class=\"yoast-schema-graph\">{\"@context\":\"https:\/\/schema.org\",\"@graph\":[{\"@type\":\"Article\",\"@id\":\"https:\/\/www.notibras.com\/site\/gas-de-cozinha-comeca-setembro-custando-15-mais-caro\/#article\",\"isPartOf\":{\"@id\":\"https:\/\/www.notibras.com\/site\/gas-de-cozinha-comeca-setembro-custando-15-mais-caro\/\"},\"author\":{\"name\":\"Reda\u00e7\u00e3o\",\"@id\":\"https:\/\/www.notibras.com\/site\/#\/schema\/person\/36ab0979449956132d3e5b517ea76ac8\"},\"headline\":\"Petrobras anuncia aumento e g\u00e1s de cozinha inicia m\u00eas custando 15% mais caro\",\"datePublished\":\"2015-09-01T02:41:01+00:00\",\"dateModified\":\"2015-09-01T22:19:23+00:00\",\"mainEntityOfPage\":{\"@id\":\"https:\/\/www.notibras.com\/site\/gas-de-cozinha-comeca-setembro-custando-15-mais-caro\/\"},\"wordCount\":160,\"commentCount\":0,\"publisher\":{\"@id\":\"https:\/\/www.notibras.com\/site\/#organization\"},\"image\":{\"@id\":\"https:\/\/www.notibras.com\/site\/gas-de-cozinha-comeca-setembro-custando-15-mais-caro\/#primaryimage\"},\"thumbnailUrl\":\"https:\/\/www.notibras.com\/site\/wp-content\/uploads\/2015\/08\/Gas_-_10-10-2013.jpg\",\"articleSection\":[\"Brasil\"],\"inLanguage\":\"pt-BR\",\"potentialAction\":[{\"@type\":\"CommentAction\",\"name\":\"Comment\",\"target\":[\"https:\/\/www.notibras.com\/site\/gas-de-cozinha-comeca-setembro-custando-15-mais-caro\/#respond\"]}]},{\"@type\":\"WebPage\",\"@id\":\"https:\/\/www.notibras.com\/site\/gas-de-cozinha-comeca-setembro-custando-15-mais-caro\/\",\"url\":\"https:\/\/www.notibras.com\/site\/gas-de-cozinha-comeca-setembro-custando-15-mais-caro\/\",\"name\":\"Petrobras anuncia aumento e g\u00e1s de cozinha inicia m\u00eas custando 15% mais caro - Notibras\",\"isPartOf\":{\"@id\":\"https:\/\/www.notibras.com\/site\/#website\"},\"primaryImageOfPage\":{\"@id\":\"https:\/\/www.notibras.com\/site\/gas-de-cozinha-comeca-setembro-custando-15-mais-caro\/#primaryimage\"},\"image\":{\"@id\":\"https:\/\/www.notibras.com\/site\/gas-de-cozinha-comeca-setembro-custando-15-mais-caro\/#primaryimage\"},\"thumbnailUrl\":\"https:\/\/www.notibras.com\/site\/wp-content\/uploads\/2015\/08\/Gas_-_10-10-2013.jpg\",\"datePublished\":\"2015-09-01T02:41:01+00:00\",\"dateModified\":\"2015-09-01T22:19:23+00:00\",\"breadcrumb\":{\"@id\":\"https:\/\/www.notibras.com\/site\/gas-de-cozinha-comeca-setembro-custando-15-mais-caro\/#breadcrumb\"},\"inLanguage\":\"pt-BR\",\"potentialAction\":[{\"@type\":\"ReadAction\",\"target\":[\"https:\/\/www.notibras.com\/site\/gas-de-cozinha-comeca-setembro-custando-15-mais-caro\/\"]}]},{\"@type\":\"ImageObject\",\"inLanguage\":\"pt-BR\",\"@id\":\"https:\/\/www.notibras.com\/site\/gas-de-cozinha-comeca-setembro-custando-15-mais-caro\/#primaryimage\",\"url\":\"https:\/\/www.notibras.com\/site\/wp-content\/uploads\/2015\/08\/Gas_-_10-10-2013.jpg\",\"contentUrl\":\"https:\/\/www.notibras.com\/site\/wp-content\/uploads\/2015\/08\/Gas_-_10-10-2013.jpg\",\"width\":640,\"height\":480},{\"@type\":\"BreadcrumbList\",\"@id\":\"https:\/\/www.notibras.com\/site\/gas-de-cozinha-comeca-setembro-custando-15-mais-caro\/#breadcrumb\",\"itemListElement\":[{\"@type\":\"ListItem\",\"position\":1,\"name\":\"In\u00edcio\",\"item\":\"https:\/\/www.notibras.com\/site\/\"},{\"@type\":\"ListItem\",\"position\":2,\"name\":\"Petrobras anuncia aumento e g\u00e1s de cozinha inicia m\u00eas custando 15% mais caro\"}]},{\"@type\":\"WebSite\",\"@id\":\"https:\/\/www.notibras.com\/site\/#website\",\"url\":\"https:\/\/www.notibras.com\/site\/\",\"name\":\"Notibras\",\"description\":\"Not\u00edcias de Bras\u00edlia, do Brasil e do Mundo\",\"publisher\":{\"@id\":\"https:\/\/www.notibras.com\/site\/#organization\"},\"potentialAction\":[{\"@type\":\"SearchAction\",\"target\":{\"@type\":\"EntryPoint\",\"urlTemplate\":\"https:\/\/www.notibras.com\/site\/?s={search_term_string}\"},\"query-input\":{\"@type\":\"PropertyValueSpecification\",\"valueRequired\":true,\"valueName\":\"search_term_string\"}}],\"inLanguage\":\"pt-BR\"},{\"@type\":\"Organization\",\"@id\":\"https:\/\/www.notibras.com\/site\/#organization\",\"name\":\"Grupo Notibras de Comunica\u00e7\u00e3o\",\"url\":\"https:\/\/www.notibras.com\/site\/\",\"logo\":{\"@type\":\"ImageObject\",\"inLanguage\":\"pt-BR\",\"@id\":\"https:\/\/www.notibras.com\/site\/#\/schema\/logo\/image\/\",\"url\":\"https:\/\/www.notibras.com\/site\/wp-content\/uploads\/2023\/01\/notibras23.png\",\"contentUrl\":\"https:\/\/www.notibras.com\/site\/wp-content\/uploads\/2023\/01\/notibras23.png\",\"width\":350,\"height\":87,\"caption\":\"Grupo Notibras de Comunica\u00e7\u00e3o\"},\"image\":{\"@id\":\"https:\/\/www.notibras.com\/site\/#\/schema\/logo\/image\/\"},\"sameAs\":[\"https:\/\/www.facebook.com\/notibras\/\",\"https:\/\/x.com\/Notibras\",\"https:\/\/www.instagram.com\/notibras\/\"]},{\"@type\":\"Person\",\"@id\":\"https:\/\/www.notibras.com\/site\/#\/schema\/person\/36ab0979449956132d3e5b517ea76ac8\",\"name\":\"Reda\u00e7\u00e3o\",\"image\":{\"@type\":\"ImageObject\",\"inLanguage\":\"pt-BR\",\"@id\":\"https:\/\/secure.gravatar.com\/avatar\/e0a867bdedb85fd243eadf09663511f96fc81e0720a4a42581f334ad4303aa6b?s=96&d=mm&r=g\",\"url\":\"https:\/\/secure.gravatar.com\/avatar\/e0a867bdedb85fd243eadf09663511f96fc81e0720a4a42581f334ad4303aa6b?s=96&d=mm&r=g\",\"contentUrl\":\"https:\/\/secure.gravatar.com\/avatar\/e0a867bdedb85fd243eadf09663511f96fc81e0720a4a42581f334ad4303aa6b?s=96&d=mm&r=g\",\"caption\":\"Reda\u00e7\u00e3o\"}}]}<\/script>\n<!-- \/ Yoast SEO plugin. -->","yoast_head_json":{"title":"Petrobras anuncia aumento e g\u00e1s de cozinha inicia m\u00eas custando 15% mais caro - Notibras","robots":{"index":"index","follow":"follow","max-snippet":"max-snippet:-1","max-image-preview":"max-image-preview:large","max-video-preview":"max-video-preview:-1"},"canonical":"https:\/\/www.notibras.com\/site\/gas-de-cozinha-comeca-setembro-custando-15-mais-caro\/","og_locale":"pt_BR","og_type":"article","og_title":"Petrobras anuncia aumento e g\u00e1s de cozinha inicia m\u00eas custando 15% mais caro - Notibras","og_description":"A partir desta ter\u00e7a-feira, 1, o g\u00e1s de cozinha fornecido pela Petrobras \u00e0s companhias distribuidoras estar\u00e1 custando 15% mais caro. O reajuste se refere ao g\u00e1s de\u00a0uso residencial, envasado em botij\u00f5es de at\u00e9 13 quilos. De acordo com o Sindicato Nacional das Empresas Distribuidoras de G\u00e1s Liquefeito de Petr\u00f3leo (Sindigas), o pre\u00e7o atual m\u00e9dio do [&hellip;]","og_url":"https:\/\/www.notibras.com\/site\/gas-de-cozinha-comeca-setembro-custando-15-mais-caro\/","og_site_name":"Notibras","article_publisher":"https:\/\/www.facebook.com\/notibras\/","article_published_time":"2015-09-01T02:41:01+00:00","article_modified_time":"2015-09-01T22:19:23+00:00","og_image":[{"width":640,"height":480,"url":"https:\/\/www.notibras.com\/site\/wp-content\/uploads\/2015\/08\/Gas_-_10-10-2013.jpg","type":"image\/jpeg"}],"author":"Reda\u00e7\u00e3o","twitter_card":"summary_large_image","twitter_creator":"@Notibras","twitter_site":"@Notibras","twitter_misc":{"Escrito por":"Reda\u00e7\u00e3o","Est. tempo de leitura":"1 minuto"},"schema":{"@context":"https:\/\/schema.org","@graph":[{"@type":"Article","@id":"https:\/\/www.notibras.com\/site\/gas-de-cozinha-comeca-setembro-custando-15-mais-caro\/#article","isPartOf":{"@id":"https:\/\/www.notibras.com\/site\/gas-de-cozinha-comeca-setembro-custando-15-mais-caro\/"},"author":{"name":"Reda\u00e7\u00e3o","@id":"https:\/\/www.notibras.com\/site\/#\/schema\/person\/36ab0979449956132d3e5b517ea76ac8"},"headline":"Petrobras anuncia aumento e g\u00e1s de cozinha inicia m\u00eas custando 15% mais caro","datePublished":"2015-09-01T02:41:01+00:00","dateModified":"2015-09-01T22:19:23+00:00","mainEntityOfPage":{"@id":"https:\/\/www.notibras.com\/site\/gas-de-cozinha-comeca-setembro-custando-15-mais-caro\/"},"wordCount":160,"commentCount":0,"publisher":{"@id":"https:\/\/www.notibras.com\/site\/#organization"},"image":{"@id":"https:\/\/www.notibras.com\/site\/gas-de-cozinha-comeca-setembro-custando-15-mais-caro\/#primaryimage"},"thumbnailUrl":"https:\/\/www.notibras.com\/site\/wp-content\/uploads\/2015\/08\/Gas_-_10-10-2013.jpg","articleSection":["Brasil"],"inLanguage":"pt-BR","potentialAction":[{"@type":"CommentAction","name":"Comment","target":["https:\/\/www.notibras.com\/site\/gas-de-cozinha-comeca-setembro-custando-15-mais-caro\/#respond"]}]},{"@type":"WebPage","@id":"https:\/\/www.notibras.com\/site\/gas-de-cozinha-comeca-setembro-custando-15-mais-caro\/","url":"https:\/\/www.notibras.com\/site\/gas-de-cozinha-comeca-setembro-custando-15-mais-caro\/","name":"Petrobras anuncia aumento e g\u00e1s de cozinha inicia m\u00eas custando 15% mais caro - Notibras","isPartOf":{"@id":"https:\/\/www.notibras.com\/site\/#website"},"primaryImageOfPage":{"@id":"https:\/\/www.notibras.com\/site\/gas-de-cozinha-comeca-setembro-custando-15-mais-caro\/#primaryimage"},"image":{"@id":"https:\/\/www.notibras.com\/site\/gas-de-cozinha-comeca-setembro-custando-15-mais-caro\/#primaryimage"},"thumbnailUrl":"https:\/\/www.notibras.com\/site\/wp-content\/uploads\/2015\/08\/Gas_-_10-10-2013.jpg","datePublished":"2015-09-01T02:41:01+00:00","dateModified":"2015-09-01T22:19:23+00:00","breadcrumb":{"@id":"https:\/\/www.notibras.com\/site\/gas-de-cozinha-comeca-setembro-custando-15-mais-caro\/#breadcrumb"},"inLanguage":"pt-BR","potentialAction":[{"@type":"ReadAction","target":["https:\/\/www.notibras.com\/site\/gas-de-cozinha-comeca-setembro-custando-15-mais-caro\/"]}]},{"@type":"ImageObject","inLanguage":"pt-BR","@id":"https:\/\/www.notibras.com\/site\/gas-de-cozinha-comeca-setembro-custando-15-mais-caro\/#primaryimage","url":"https:\/\/www.notibras.com\/site\/wp-content\/uploads\/2015\/08\/Gas_-_10-10-2013.jpg","contentUrl":"https:\/\/www.notibras.com\/site\/wp-content\/uploads\/2015\/08\/Gas_-_10-10-2013.jpg","width":640,"height":480},{"@type":"BreadcrumbList","@id":"https:\/\/www.notibras.com\/site\/gas-de-cozinha-comeca-setembro-custando-15-mais-caro\/#breadcrumb","itemListElement":[{"@type":"ListItem","position":1,"name":"In\u00edcio","item":"https:\/\/www.notibras.com\/site\/"},{"@type":"ListItem","position":2,"name":"Petrobras anuncia aumento e g\u00e1s de cozinha inicia m\u00eas custando 15% mais caro"}]},{"@type":"WebSite","@id":"https:\/\/www.notibras.com\/site\/#website","url":"https:\/\/www.notibras.com\/site\/","name":"Notibras","description":"Not\u00edcias de Bras\u00edlia, do Brasil e do Mundo","publisher":{"@id":"https:\/\/www.notibras.com\/site\/#organization"},"potentialAction":[{"@type":"SearchAction","target":{"@type":"EntryPoint","urlTemplate":"https:\/\/www.notibras.com\/site\/?s={search_term_string}"},"query-input":{"@type":"PropertyValueSpecification","valueRequired":true,"valueName":"search_term_string"}}],"inLanguage":"pt-BR"},{"@type":"Organization","@id":"https:\/\/www.notibras.com\/site\/#organization","name":"Grupo Notibras de Comunica\u00e7\u00e3o","url":"https:\/\/www.notibras.com\/site\/","logo":{"@type":"ImageObject","inLanguage":"pt-BR","@id":"https:\/\/www.notibras.com\/site\/#\/schema\/logo\/image\/","url":"https:\/\/www.notibras.com\/site\/wp-content\/uploads\/2023\/01\/notibras23.png","contentUrl":"https:\/\/www.notibras.com\/site\/wp-content\/uploads\/2023\/01\/notibras23.png","width":350,"height":87,"caption":"Grupo Notibras de Comunica\u00e7\u00e3o"},"image":{"@id":"https:\/\/www.notibras.com\/site\/#\/schema\/logo\/image\/"},"sameAs":["https:\/\/www.facebook.com\/notibras\/","https:\/\/x.com\/Notibras","https:\/\/www.instagram.com\/notibras\/"]},{"@type":"Person","@id":"https:\/\/www.notibras.com\/site\/#\/schema\/person\/36ab0979449956132d3e5b517ea76ac8","name":"Reda\u00e7\u00e3o","image":{"@type":"ImageObject","inLanguage":"pt-BR","@id":"https:\/\/secure.gravatar.com\/avatar\/e0a867bdedb85fd243eadf09663511f96fc81e0720a4a42581f334ad4303aa6b?s=96&d=mm&r=g","url":"https:\/\/secure.gravatar.com\/avatar\/e0a867bdedb85fd243eadf09663511f96fc81e0720a4a42581f334ad4303aa6b?s=96&d=mm&r=g","contentUrl":"https:\/\/secure.gravatar.com\/avatar\/e0a867bdedb85fd243eadf09663511f96fc81e0720a4a42581f334ad4303aa6b?s=96&d=mm&r=g","caption":"Reda\u00e7\u00e3o"}}]}},"amp_enabled":true,"_links":{"self":[{"href":"https:\/\/www.notibras.com\/site\/wp-json\/wp\/v2\/posts\/65479","targetHints":{"allow":["GET"]}}],"collection":[{"href":"https:\/\/www.notibras.com\/site\/wp-json\/wp\/v2\/posts"}],"about":[{"href":"https:\/\/www.notibras.com\/site\/wp-json\/wp\/v2\/types\/post"}],"author":[{"embeddable":true,"href":"https:\/\/www.notibras.com\/site\/wp-json\/wp\/v2\/users\/2"}],"replies":[{"embeddable":true,"href":"https:\/\/www.notibras.com\/site\/wp-json\/wp\/v2\/comments?post=65479"}],"version-history":[{"count":5,"href":"https:\/\/www.notibras.com\/site\/wp-json\/wp\/v2\/posts\/65479\/revisions"}],"predecessor-version":[{"id":65498,"href":"https:\/\/www.notibras.com\/site\/wp-json\/wp\/v2\/posts\/65479\/revisions\/65498"}],"wp:featuredmedia":[{"embeddable":true,"href":"https:\/\/www.notibras.com\/site\/wp-json\/wp\/v2\/media\/65480"}],"wp:attachment":[{"href":"https:\/\/www.notibras.com\/site\/wp-json\/wp\/v2\/media?parent=65479"}],"wp:term":[{"taxonomy":"category","embeddable":true,"href":"https:\/\/www.notibras.com\/site\/wp-json\/wp\/v2\/categories?post=65479"},{"taxonomy":"post_tag","embeddable":true,"href":"https:\/\/www.notibras.com\/site\/wp-json\/wp\/v2\/tags?post=65479"}],"curies":[{"name":"wp","href":"https:\/\/api.w.org\/{rel}","templated":true}]}}