{"id":65484,"date":"2015-08-31T23:50:47","date_gmt":"2015-09-01T02:50:47","guid":{"rendered":"http:\/\/www.notibras.com\/site\/?p=65484"},"modified":"2015-08-31T23:50:47","modified_gmt":"2015-09-01T02:50:47","slug":"wallim-recebe-apoio-de-zico-para-disputar-comando-do-flamengo","status":"publish","type":"post","link":"https:\/\/www.notibras.com\/site\/wallim-recebe-apoio-de-zico-para-disputar-comando-do-flamengo\/","title":{"rendered":"Wallim recebe apoio de Zico para disputar comando do Flamengo"},"content":{"rendered":"<p>O candidato \u00e0 presid\u00eancia do Flamengo Wallim Vasconcellos, da chapa Vencer, Vencer, Vencer, reuniu s\u00f3cios, conselheiros e jornalistas em um cinema na Zona Sul do Rio de Janeiro para um coquetel de lan\u00e7amento de sua candidatura ao pleito de dezembro. E contou com o apoio de Zico, eterno camisa 10 da G\u00e1vea.<\/p>\n<p>O Galinho de Quintino falou que tentou a uni\u00e3o com o presidente Eduardo Bandeira de Mello, apesar de n\u00e3o ter tido sucesso.<\/p>\n<p>&#8211; Estive com esse grupo em 2012 e n\u00e3o poderia ser diferente agora. A uni\u00e3o seria o ideal, deixaria o Flamengo mais forte, mas como n\u00e3o foi poss\u00edvel, acredito que o grupo de Wallim Vasconcellos seja o melhor para o futuro do clube. Meu apoio \u00e9 deste grupo &#8211; declarou Zico, que recebeu elogios de Wallim Vasconcellos:<\/p>\n<p>&#8211; \u00c9 um orgulho ter o Zico ao nosso lado. Ele sabe como trabalhamos no Flamengo, participou de algumas reuni\u00f5es nossas, e \u00e9 uma pessoa \u00edmpar para a administra\u00e7\u00e3o de responsabilidade que implementamos nesses dois anos e meio e que queremos continuar no tri\u00eanio 2016-2018 vencendo a elei\u00e7\u00e3o. Vamos estar juntos em todos os nossos projetos, mantendo patrocinadores, construindo o nosso est\u00e1dio e fazendo o Mengo virar Meng\u00e3o.<\/p>\n","protected":false},"excerpt":{"rendered":"<p>O candidato \u00e0 presid\u00eancia do Flamengo Wallim Vasconcellos, da chapa Vencer, Vencer, Vencer, reuniu s\u00f3cios, conselheiros e jornalistas em um cinema na Zona Sul do Rio de Janeiro para um coquetel de lan\u00e7amento de sua candidatura ao pleito de dezembro. E contou com o apoio de Zico, eterno camisa 10 da G\u00e1vea. O Galinho de [&hellip;]<\/p>\n","protected":false},"author":2,"featured_media":65485,"comment_status":"open","ping_status":"closed","sticky":false,"template":"","format":"standard","meta":{"_acf_changed":false,"footnotes":""},"categories":[29],"tags":[],"class_list":["post-65484","post","type-post","status-publish","format-standard","has-post-thumbnail","hentry","category-futebol"],"acf":[],"yoast_head":"<!-- This site is optimized with the Yoast SEO plugin v27.2 - https:\/\/yoast.com\/product\/yoast-seo-wordpress\/ -->\n<title>Wallim recebe apoio de Zico para disputar comando do Flamengo - Notibras<\/title>\n<meta name=\"robots\" content=\"index, follow, max-snippet:-1, max-image-preview:large, max-video-preview:-1\" \/>\n<link rel=\"canonical\" href=\"https:\/\/www.notibras.com\/site\/wallim-recebe-apoio-de-zico-para-disputar-comando-do-flamengo\/\" \/>\n<meta property=\"og:locale\" content=\"pt_BR\" \/>\n<meta property=\"og:type\" content=\"article\" \/>\n<meta property=\"og:title\" content=\"Wallim recebe apoio de Zico para disputar comando do Flamengo - Notibras\" \/>\n<meta property=\"og:description\" content=\"O candidato \u00e0 presid\u00eancia do Flamengo Wallim Vasconcellos, da chapa Vencer, Vencer, Vencer, reuniu s\u00f3cios, conselheiros e jornalistas em um cinema na Zona Sul do Rio de Janeiro para um coquetel de lan\u00e7amento de sua candidatura ao pleito de dezembro. E contou com o apoio de Zico, eterno camisa 10 da G\u00e1vea. O Galinho de [&hellip;]\" \/>\n<meta property=\"og:url\" content=\"https:\/\/www.notibras.com\/site\/wallim-recebe-apoio-de-zico-para-disputar-comando-do-flamengo\/\" \/>\n<meta property=\"og:site_name\" content=\"Notibras\" \/>\n<meta property=\"article:publisher\" content=\"https:\/\/www.facebook.com\/notibras\/\" \/>\n<meta property=\"article:published_time\" content=\"2015-09-01T02:50:47+00:00\" \/>\n<meta property=\"og:image\" content=\"https:\/\/www.notibras.com\/site\/wp-content\/uploads\/2015\/08\/Wallim_Vasconcellos_com_Zico_LANIMA20150831_0182_30.jpg\" \/>\n\t<meta property=\"og:image:width\" content=\"527\" \/>\n\t<meta property=\"og:image:height\" content=\"307\" \/>\n\t<meta property=\"og:image:type\" content=\"image\/jpeg\" \/>\n<meta name=\"author\" content=\"Reda\u00e7\u00e3o\" \/>\n<meta name=\"twitter:card\" content=\"summary_large_image\" \/>\n<meta name=\"twitter:creator\" content=\"@Notibras\" \/>\n<meta name=\"twitter:site\" content=\"@Notibras\" \/>\n<meta name=\"twitter:label1\" content=\"Escrito por\" \/>\n\t<meta name=\"twitter:data1\" content=\"Reda\u00e7\u00e3o\" \/>\n\t<meta name=\"twitter:label2\" content=\"Est. tempo de leitura\" \/>\n\t<meta name=\"twitter:data2\" content=\"1 minuto\" \/>\n<script type=\"application\/ld+json\" class=\"yoast-schema-graph\">{\"@context\":\"https:\/\/schema.org\",\"@graph\":[{\"@type\":\"Article\",\"@id\":\"https:\/\/www.notibras.com\/site\/wallim-recebe-apoio-de-zico-para-disputar-comando-do-flamengo\/#article\",\"isPartOf\":{\"@id\":\"https:\/\/www.notibras.com\/site\/wallim-recebe-apoio-de-zico-para-disputar-comando-do-flamengo\/\"},\"author\":{\"name\":\"Reda\u00e7\u00e3o\",\"@id\":\"https:\/\/www.notibras.com\/site\/#\/schema\/person\/36ab0979449956132d3e5b517ea76ac8\"},\"headline\":\"Wallim recebe apoio de Zico para disputar comando do Flamengo\",\"datePublished\":\"2015-09-01T02:50:47+00:00\",\"mainEntityOfPage\":{\"@id\":\"https:\/\/www.notibras.com\/site\/wallim-recebe-apoio-de-zico-para-disputar-comando-do-flamengo\/\"},\"wordCount\":219,\"commentCount\":0,\"publisher\":{\"@id\":\"https:\/\/www.notibras.com\/site\/#organization\"},\"image\":{\"@id\":\"https:\/\/www.notibras.com\/site\/wallim-recebe-apoio-de-zico-para-disputar-comando-do-flamengo\/#primaryimage\"},\"thumbnailUrl\":\"https:\/\/www.notibras.com\/site\/wp-content\/uploads\/2015\/08\/Wallim_Vasconcellos_com_Zico_LANIMA20150831_0182_30.jpg\",\"articleSection\":[\"Futebol\"],\"inLanguage\":\"pt-BR\",\"potentialAction\":[{\"@type\":\"CommentAction\",\"name\":\"Comment\",\"target\":[\"https:\/\/www.notibras.com\/site\/wallim-recebe-apoio-de-zico-para-disputar-comando-do-flamengo\/#respond\"]}]},{\"@type\":\"WebPage\",\"@id\":\"https:\/\/www.notibras.com\/site\/wallim-recebe-apoio-de-zico-para-disputar-comando-do-flamengo\/\",\"url\":\"https:\/\/www.notibras.com\/site\/wallim-recebe-apoio-de-zico-para-disputar-comando-do-flamengo\/\",\"name\":\"Wallim recebe apoio de Zico para disputar comando do Flamengo - Notibras\",\"isPartOf\":{\"@id\":\"https:\/\/www.notibras.com\/site\/#website\"},\"primaryImageOfPage\":{\"@id\":\"https:\/\/www.notibras.com\/site\/wallim-recebe-apoio-de-zico-para-disputar-comando-do-flamengo\/#primaryimage\"},\"image\":{\"@id\":\"https:\/\/www.notibras.com\/site\/wallim-recebe-apoio-de-zico-para-disputar-comando-do-flamengo\/#primaryimage\"},\"thumbnailUrl\":\"https:\/\/www.notibras.com\/site\/wp-content\/uploads\/2015\/08\/Wallim_Vasconcellos_com_Zico_LANIMA20150831_0182_30.jpg\",\"datePublished\":\"2015-09-01T02:50:47+00:00\",\"breadcrumb\":{\"@id\":\"https:\/\/www.notibras.com\/site\/wallim-recebe-apoio-de-zico-para-disputar-comando-do-flamengo\/#breadcrumb\"},\"inLanguage\":\"pt-BR\",\"potentialAction\":[{\"@type\":\"ReadAction\",\"target\":[\"https:\/\/www.notibras.com\/site\/wallim-recebe-apoio-de-zico-para-disputar-comando-do-flamengo\/\"]}]},{\"@type\":\"ImageObject\",\"inLanguage\":\"pt-BR\",\"@id\":\"https:\/\/www.notibras.com\/site\/wallim-recebe-apoio-de-zico-para-disputar-comando-do-flamengo\/#primaryimage\",\"url\":\"https:\/\/www.notibras.com\/site\/wp-content\/uploads\/2015\/08\/Wallim_Vasconcellos_com_Zico_LANIMA20150831_0182_30.jpg\",\"contentUrl\":\"https:\/\/www.notibras.com\/site\/wp-content\/uploads\/2015\/08\/Wallim_Vasconcellos_com_Zico_LANIMA20150831_0182_30.jpg\",\"width\":527,\"height\":307},{\"@type\":\"BreadcrumbList\",\"@id\":\"https:\/\/www.notibras.com\/site\/wallim-recebe-apoio-de-zico-para-disputar-comando-do-flamengo\/#breadcrumb\",\"itemListElement\":[{\"@type\":\"ListItem\",\"position\":1,\"name\":\"In\u00edcio\",\"item\":\"https:\/\/www.notibras.com\/site\/\"},{\"@type\":\"ListItem\",\"position\":2,\"name\":\"Wallim recebe apoio de Zico para disputar comando do Flamengo\"}]},{\"@type\":\"WebSite\",\"@id\":\"https:\/\/www.notibras.com\/site\/#website\",\"url\":\"https:\/\/www.notibras.com\/site\/\",\"name\":\"Notibras\",\"description\":\"Not\u00edcias de Bras\u00edlia, do Brasil e do Mundo\",\"publisher\":{\"@id\":\"https:\/\/www.notibras.com\/site\/#organization\"},\"potentialAction\":[{\"@type\":\"SearchAction\",\"target\":{\"@type\":\"EntryPoint\",\"urlTemplate\":\"https:\/\/www.notibras.com\/site\/?s={search_term_string}\"},\"query-input\":{\"@type\":\"PropertyValueSpecification\",\"valueRequired\":true,\"valueName\":\"search_term_string\"}}],\"inLanguage\":\"pt-BR\"},{\"@type\":\"Organization\",\"@id\":\"https:\/\/www.notibras.com\/site\/#organization\",\"name\":\"Grupo Notibras de Comunica\u00e7\u00e3o\",\"url\":\"https:\/\/www.notibras.com\/site\/\",\"logo\":{\"@type\":\"ImageObject\",\"inLanguage\":\"pt-BR\",\"@id\":\"https:\/\/www.notibras.com\/site\/#\/schema\/logo\/image\/\",\"url\":\"https:\/\/www.notibras.com\/site\/wp-content\/uploads\/2023\/01\/notibras23.png\",\"contentUrl\":\"https:\/\/www.notibras.com\/site\/wp-content\/uploads\/2023\/01\/notibras23.png\",\"width\":350,\"height\":87,\"caption\":\"Grupo Notibras de Comunica\u00e7\u00e3o\"},\"image\":{\"@id\":\"https:\/\/www.notibras.com\/site\/#\/schema\/logo\/image\/\"},\"sameAs\":[\"https:\/\/www.facebook.com\/notibras\/\",\"https:\/\/x.com\/Notibras\",\"https:\/\/www.instagram.com\/notibras\/\"]},{\"@type\":\"Person\",\"@id\":\"https:\/\/www.notibras.com\/site\/#\/schema\/person\/36ab0979449956132d3e5b517ea76ac8\",\"name\":\"Reda\u00e7\u00e3o\",\"image\":{\"@type\":\"ImageObject\",\"inLanguage\":\"pt-BR\",\"@id\":\"https:\/\/secure.gravatar.com\/avatar\/e0a867bdedb85fd243eadf09663511f96fc81e0720a4a42581f334ad4303aa6b?s=96&d=mm&r=g\",\"url\":\"https:\/\/secure.gravatar.com\/avatar\/e0a867bdedb85fd243eadf09663511f96fc81e0720a4a42581f334ad4303aa6b?s=96&d=mm&r=g\",\"contentUrl\":\"https:\/\/secure.gravatar.com\/avatar\/e0a867bdedb85fd243eadf09663511f96fc81e0720a4a42581f334ad4303aa6b?s=96&d=mm&r=g\",\"caption\":\"Reda\u00e7\u00e3o\"}}]}<\/script>\n<!-- \/ Yoast SEO plugin. -->","yoast_head_json":{"title":"Wallim recebe apoio de Zico para disputar comando do Flamengo - Notibras","robots":{"index":"index","follow":"follow","max-snippet":"max-snippet:-1","max-image-preview":"max-image-preview:large","max-video-preview":"max-video-preview:-1"},"canonical":"https:\/\/www.notibras.com\/site\/wallim-recebe-apoio-de-zico-para-disputar-comando-do-flamengo\/","og_locale":"pt_BR","og_type":"article","og_title":"Wallim recebe apoio de Zico para disputar comando do Flamengo - Notibras","og_description":"O candidato \u00e0 presid\u00eancia do Flamengo Wallim Vasconcellos, da chapa Vencer, Vencer, Vencer, reuniu s\u00f3cios, conselheiros e jornalistas em um cinema na Zona Sul do Rio de Janeiro para um coquetel de lan\u00e7amento de sua candidatura ao pleito de dezembro. E contou com o apoio de Zico, eterno camisa 10 da G\u00e1vea. O Galinho de [&hellip;]","og_url":"https:\/\/www.notibras.com\/site\/wallim-recebe-apoio-de-zico-para-disputar-comando-do-flamengo\/","og_site_name":"Notibras","article_publisher":"https:\/\/www.facebook.com\/notibras\/","article_published_time":"2015-09-01T02:50:47+00:00","og_image":[{"width":527,"height":307,"url":"https:\/\/www.notibras.com\/site\/wp-content\/uploads\/2015\/08\/Wallim_Vasconcellos_com_Zico_LANIMA20150831_0182_30.jpg","type":"image\/jpeg"}],"author":"Reda\u00e7\u00e3o","twitter_card":"summary_large_image","twitter_creator":"@Notibras","twitter_site":"@Notibras","twitter_misc":{"Escrito por":"Reda\u00e7\u00e3o","Est. tempo de leitura":"1 minuto"},"schema":{"@context":"https:\/\/schema.org","@graph":[{"@type":"Article","@id":"https:\/\/www.notibras.com\/site\/wallim-recebe-apoio-de-zico-para-disputar-comando-do-flamengo\/#article","isPartOf":{"@id":"https:\/\/www.notibras.com\/site\/wallim-recebe-apoio-de-zico-para-disputar-comando-do-flamengo\/"},"author":{"name":"Reda\u00e7\u00e3o","@id":"https:\/\/www.notibras.com\/site\/#\/schema\/person\/36ab0979449956132d3e5b517ea76ac8"},"headline":"Wallim recebe apoio de Zico para disputar comando do Flamengo","datePublished":"2015-09-01T02:50:47+00:00","mainEntityOfPage":{"@id":"https:\/\/www.notibras.com\/site\/wallim-recebe-apoio-de-zico-para-disputar-comando-do-flamengo\/"},"wordCount":219,"commentCount":0,"publisher":{"@id":"https:\/\/www.notibras.com\/site\/#organization"},"image":{"@id":"https:\/\/www.notibras.com\/site\/wallim-recebe-apoio-de-zico-para-disputar-comando-do-flamengo\/#primaryimage"},"thumbnailUrl":"https:\/\/www.notibras.com\/site\/wp-content\/uploads\/2015\/08\/Wallim_Vasconcellos_com_Zico_LANIMA20150831_0182_30.jpg","articleSection":["Futebol"],"inLanguage":"pt-BR","potentialAction":[{"@type":"CommentAction","name":"Comment","target":["https:\/\/www.notibras.com\/site\/wallim-recebe-apoio-de-zico-para-disputar-comando-do-flamengo\/#respond"]}]},{"@type":"WebPage","@id":"https:\/\/www.notibras.com\/site\/wallim-recebe-apoio-de-zico-para-disputar-comando-do-flamengo\/","url":"https:\/\/www.notibras.com\/site\/wallim-recebe-apoio-de-zico-para-disputar-comando-do-flamengo\/","name":"Wallim recebe apoio de Zico para disputar comando do Flamengo - Notibras","isPartOf":{"@id":"https:\/\/www.notibras.com\/site\/#website"},"primaryImageOfPage":{"@id":"https:\/\/www.notibras.com\/site\/wallim-recebe-apoio-de-zico-para-disputar-comando-do-flamengo\/#primaryimage"},"image":{"@id":"https:\/\/www.notibras.com\/site\/wallim-recebe-apoio-de-zico-para-disputar-comando-do-flamengo\/#primaryimage"},"thumbnailUrl":"https:\/\/www.notibras.com\/site\/wp-content\/uploads\/2015\/08\/Wallim_Vasconcellos_com_Zico_LANIMA20150831_0182_30.jpg","datePublished":"2015-09-01T02:50:47+00:00","breadcrumb":{"@id":"https:\/\/www.notibras.com\/site\/wallim-recebe-apoio-de-zico-para-disputar-comando-do-flamengo\/#breadcrumb"},"inLanguage":"pt-BR","potentialAction":[{"@type":"ReadAction","target":["https:\/\/www.notibras.com\/site\/wallim-recebe-apoio-de-zico-para-disputar-comando-do-flamengo\/"]}]},{"@type":"ImageObject","inLanguage":"pt-BR","@id":"https:\/\/www.notibras.com\/site\/wallim-recebe-apoio-de-zico-para-disputar-comando-do-flamengo\/#primaryimage","url":"https:\/\/www.notibras.com\/site\/wp-content\/uploads\/2015\/08\/Wallim_Vasconcellos_com_Zico_LANIMA20150831_0182_30.jpg","contentUrl":"https:\/\/www.notibras.com\/site\/wp-content\/uploads\/2015\/08\/Wallim_Vasconcellos_com_Zico_LANIMA20150831_0182_30.jpg","width":527,"height":307},{"@type":"BreadcrumbList","@id":"https:\/\/www.notibras.com\/site\/wallim-recebe-apoio-de-zico-para-disputar-comando-do-flamengo\/#breadcrumb","itemListElement":[{"@type":"ListItem","position":1,"name":"In\u00edcio","item":"https:\/\/www.notibras.com\/site\/"},{"@type":"ListItem","position":2,"name":"Wallim recebe apoio de Zico para disputar comando do Flamengo"}]},{"@type":"WebSite","@id":"https:\/\/www.notibras.com\/site\/#website","url":"https:\/\/www.notibras.com\/site\/","name":"Notibras","description":"Not\u00edcias de Bras\u00edlia, do Brasil e do Mundo","publisher":{"@id":"https:\/\/www.notibras.com\/site\/#organization"},"potentialAction":[{"@type":"SearchAction","target":{"@type":"EntryPoint","urlTemplate":"https:\/\/www.notibras.com\/site\/?s={search_term_string}"},"query-input":{"@type":"PropertyValueSpecification","valueRequired":true,"valueName":"search_term_string"}}],"inLanguage":"pt-BR"},{"@type":"Organization","@id":"https:\/\/www.notibras.com\/site\/#organization","name":"Grupo Notibras de Comunica\u00e7\u00e3o","url":"https:\/\/www.notibras.com\/site\/","logo":{"@type":"ImageObject","inLanguage":"pt-BR","@id":"https:\/\/www.notibras.com\/site\/#\/schema\/logo\/image\/","url":"https:\/\/www.notibras.com\/site\/wp-content\/uploads\/2023\/01\/notibras23.png","contentUrl":"https:\/\/www.notibras.com\/site\/wp-content\/uploads\/2023\/01\/notibras23.png","width":350,"height":87,"caption":"Grupo Notibras de Comunica\u00e7\u00e3o"},"image":{"@id":"https:\/\/www.notibras.com\/site\/#\/schema\/logo\/image\/"},"sameAs":["https:\/\/www.facebook.com\/notibras\/","https:\/\/x.com\/Notibras","https:\/\/www.instagram.com\/notibras\/"]},{"@type":"Person","@id":"https:\/\/www.notibras.com\/site\/#\/schema\/person\/36ab0979449956132d3e5b517ea76ac8","name":"Reda\u00e7\u00e3o","image":{"@type":"ImageObject","inLanguage":"pt-BR","@id":"https:\/\/secure.gravatar.com\/avatar\/e0a867bdedb85fd243eadf09663511f96fc81e0720a4a42581f334ad4303aa6b?s=96&d=mm&r=g","url":"https:\/\/secure.gravatar.com\/avatar\/e0a867bdedb85fd243eadf09663511f96fc81e0720a4a42581f334ad4303aa6b?s=96&d=mm&r=g","contentUrl":"https:\/\/secure.gravatar.com\/avatar\/e0a867bdedb85fd243eadf09663511f96fc81e0720a4a42581f334ad4303aa6b?s=96&d=mm&r=g","caption":"Reda\u00e7\u00e3o"}}]}},"amp_enabled":true,"_links":{"self":[{"href":"https:\/\/www.notibras.com\/site\/wp-json\/wp\/v2\/posts\/65484","targetHints":{"allow":["GET"]}}],"collection":[{"href":"https:\/\/www.notibras.com\/site\/wp-json\/wp\/v2\/posts"}],"about":[{"href":"https:\/\/www.notibras.com\/site\/wp-json\/wp\/v2\/types\/post"}],"author":[{"embeddable":true,"href":"https:\/\/www.notibras.com\/site\/wp-json\/wp\/v2\/users\/2"}],"replies":[{"embeddable":true,"href":"https:\/\/www.notibras.com\/site\/wp-json\/wp\/v2\/comments?post=65484"}],"version-history":[{"count":1,"href":"https:\/\/www.notibras.com\/site\/wp-json\/wp\/v2\/posts\/65484\/revisions"}],"predecessor-version":[{"id":65486,"href":"https:\/\/www.notibras.com\/site\/wp-json\/wp\/v2\/posts\/65484\/revisions\/65486"}],"wp:featuredmedia":[{"embeddable":true,"href":"https:\/\/www.notibras.com\/site\/wp-json\/wp\/v2\/media\/65485"}],"wp:attachment":[{"href":"https:\/\/www.notibras.com\/site\/wp-json\/wp\/v2\/media?parent=65484"}],"wp:term":[{"taxonomy":"category","embeddable":true,"href":"https:\/\/www.notibras.com\/site\/wp-json\/wp\/v2\/categories?post=65484"},{"taxonomy":"post_tag","embeddable":true,"href":"https:\/\/www.notibras.com\/site\/wp-json\/wp\/v2\/tags?post=65484"}],"curies":[{"name":"wp","href":"https:\/\/api.w.org\/{rel}","templated":true}]}}