{"id":65685,"date":"2015-09-01T23:58:39","date_gmt":"2015-09-02T02:58:39","guid":{"rendered":"http:\/\/www.notibras.com\/site\/?p=65685"},"modified":"2015-09-01T23:58:39","modified_gmt":"2015-09-02T02:58:39","slug":"botafogo-faz-4-no-atletico-go-e-recupera-a-ponta-da-segundona","status":"publish","type":"post","link":"https:\/\/www.notibras.com\/site\/botafogo-faz-4-no-atletico-go-e-recupera-a-ponta-da-segundona\/","title":{"rendered":"Botafogo faz 4 no Atl\u00e9tico-GO e recupera a ponta da Segundona"},"content":{"rendered":"<p>Depois de duas chances seguidas desperdi\u00e7adas nas \u00faltimas rodadas, o Botafogo, enfim, se reencontrou com a vit\u00f3ria e recuperou a lideran\u00e7a da S\u00e9rie B do Campeonato Brasileiro nesta ter\u00e7a-feira \u00e0 noite. Com uma atua\u00e7\u00e3o brilhante do atacante uruguaio Navarro, que fez tr\u00eas gols, o Alvinegro goleou o Atl\u00e9tico-GO, por 4 a 0, no Engenh\u00e3o. Willian Ar\u00e3o completou o placar.<\/p>\n<p>Os poucos torcedores (3.241 pagantes e 3.667 presentes) que compareceram em uma noite de garoa do Rio de Janeiro, depois de um dia de sol intenso, puderam assistir ao \u00f3timo desempenho do camisa nove e tamb\u00e9m um bom jogo coletivo, al\u00e9m de comemorar a volta do time carioca \u00e0 primeira coloca\u00e7\u00e3o. Subida na tabela que foi poss\u00edvel gra\u00e7as ao terceiro trope\u00e7o consecutivo do Vit\u00f3ria, que desta vez perdeu para o Bragantino por 2 a 1, e caiu para a segunda posi\u00e7\u00e3o<\/p>\n<p>Ap\u00f3s 22 rodadas disputadas, o Botafogo agora soma 39 pontos, enquanto o Rubro-Negro baiano parou nos 37 pontos. Na parte de baixo da classifica\u00e7\u00e3o, o Atl\u00e9tico-GO, que n\u00e3o perdia h\u00e1 oito jogos, soma 27 pontos e est\u00e1 na 15\u00aa coloca\u00e7\u00e3o.<\/p>\n<p>No s\u00e1bado, o Botafogo faz o confronto direto com o Vit\u00f3ria, valendo a lideran\u00e7a da S\u00e9rie B, no Barrad\u00e3o, em Salvador. J\u00e1 o Atl\u00e9tico-GO volta a campo s\u00f3 na pr\u00f3xima ter\u00e7a-feira, contra o Crici\u00fama, no Serra Dourada, em Goi\u00e2nia.<\/p>\n","protected":false},"excerpt":{"rendered":"<p>Depois de duas chances seguidas desperdi\u00e7adas nas \u00faltimas rodadas, o Botafogo, enfim, se reencontrou com a vit\u00f3ria e recuperou a lideran\u00e7a da S\u00e9rie B do Campeonato Brasileiro nesta ter\u00e7a-feira \u00e0 noite. Com uma atua\u00e7\u00e3o brilhante do atacante uruguaio Navarro, que fez tr\u00eas gols, o Alvinegro goleou o Atl\u00e9tico-GO, por 4 a 0, no Engenh\u00e3o. Willian [&hellip;]<\/p>\n","protected":false},"author":2,"featured_media":65686,"comment_status":"open","ping_status":"closed","sticky":false,"template":"","format":"standard","meta":{"_acf_changed":false,"footnotes":""},"categories":[29],"tags":[],"class_list":["post-65685","post","type-post","status-publish","format-standard","has-post-thumbnail","hentry","category-futebol"],"acf":[],"yoast_head":"<!-- This site is optimized with the Yoast SEO plugin v27.2 - https:\/\/yoast.com\/product\/yoast-seo-wordpress\/ -->\n<title>Botafogo faz 4 no Atl\u00e9tico-GO e recupera a ponta da Segundona - Notibras<\/title>\n<meta name=\"robots\" content=\"index, follow, max-snippet:-1, max-image-preview:large, max-video-preview:-1\" \/>\n<link rel=\"canonical\" href=\"https:\/\/www.notibras.com\/site\/botafogo-faz-4-no-atletico-go-e-recupera-a-ponta-da-segundona\/\" \/>\n<meta property=\"og:locale\" content=\"pt_BR\" \/>\n<meta property=\"og:type\" content=\"article\" \/>\n<meta property=\"og:title\" content=\"Botafogo faz 4 no Atl\u00e9tico-GO e recupera a ponta da Segundona - Notibras\" \/>\n<meta property=\"og:description\" content=\"Depois de duas chances seguidas desperdi\u00e7adas nas \u00faltimas rodadas, o Botafogo, enfim, se reencontrou com a vit\u00f3ria e recuperou a lideran\u00e7a da S\u00e9rie B do Campeonato Brasileiro nesta ter\u00e7a-feira \u00e0 noite. Com uma atua\u00e7\u00e3o brilhante do atacante uruguaio Navarro, que fez tr\u00eas gols, o Alvinegro goleou o Atl\u00e9tico-GO, por 4 a 0, no Engenh\u00e3o. Willian [&hellip;]\" \/>\n<meta property=\"og:url\" content=\"https:\/\/www.notibras.com\/site\/botafogo-faz-4-no-atletico-go-e-recupera-a-ponta-da-segundona\/\" \/>\n<meta property=\"og:site_name\" content=\"Notibras\" \/>\n<meta property=\"article:publisher\" content=\"https:\/\/www.facebook.com\/notibras\/\" \/>\n<meta property=\"article:published_time\" content=\"2015-09-02T02:58:39+00:00\" \/>\n<meta property=\"og:image\" content=\"https:\/\/www.notibras.com\/site\/wp-content\/uploads\/2015\/09\/Botafogo-Atletico-GO-Serie-Wagner-MeierLANCEPress_LANIMA20150901_0250_53.jpg\" \/>\n\t<meta property=\"og:image:width\" content=\"645\" \/>\n\t<meta property=\"og:image:height\" content=\"321\" \/>\n\t<meta property=\"og:image:type\" content=\"image\/jpeg\" \/>\n<meta name=\"author\" content=\"Reda\u00e7\u00e3o\" \/>\n<meta name=\"twitter:card\" content=\"summary_large_image\" \/>\n<meta name=\"twitter:creator\" content=\"@Notibras\" \/>\n<meta name=\"twitter:site\" content=\"@Notibras\" \/>\n<meta name=\"twitter:label1\" content=\"Escrito por\" \/>\n\t<meta name=\"twitter:data1\" content=\"Reda\u00e7\u00e3o\" \/>\n\t<meta name=\"twitter:label2\" content=\"Est. tempo de leitura\" \/>\n\t<meta name=\"twitter:data2\" content=\"1 minuto\" \/>\n<script type=\"application\/ld+json\" class=\"yoast-schema-graph\">{\"@context\":\"https:\/\/schema.org\",\"@graph\":[{\"@type\":\"Article\",\"@id\":\"https:\/\/www.notibras.com\/site\/botafogo-faz-4-no-atletico-go-e-recupera-a-ponta-da-segundona\/#article\",\"isPartOf\":{\"@id\":\"https:\/\/www.notibras.com\/site\/botafogo-faz-4-no-atletico-go-e-recupera-a-ponta-da-segundona\/\"},\"author\":{\"name\":\"Reda\u00e7\u00e3o\",\"@id\":\"https:\/\/www.notibras.com\/site\/#\/schema\/person\/36ab0979449956132d3e5b517ea76ac8\"},\"headline\":\"Botafogo faz 4 no Atl\u00e9tico-GO e recupera a ponta da Segundona\",\"datePublished\":\"2015-09-02T02:58:39+00:00\",\"mainEntityOfPage\":{\"@id\":\"https:\/\/www.notibras.com\/site\/botafogo-faz-4-no-atletico-go-e-recupera-a-ponta-da-segundona\/\"},\"wordCount\":250,\"commentCount\":0,\"publisher\":{\"@id\":\"https:\/\/www.notibras.com\/site\/#organization\"},\"image\":{\"@id\":\"https:\/\/www.notibras.com\/site\/botafogo-faz-4-no-atletico-go-e-recupera-a-ponta-da-segundona\/#primaryimage\"},\"thumbnailUrl\":\"https:\/\/www.notibras.com\/site\/wp-content\/uploads\/2015\/09\/Botafogo-Atletico-GO-Serie-Wagner-MeierLANCEPress_LANIMA20150901_0250_53.jpg\",\"articleSection\":[\"Futebol\"],\"inLanguage\":\"pt-BR\",\"potentialAction\":[{\"@type\":\"CommentAction\",\"name\":\"Comment\",\"target\":[\"https:\/\/www.notibras.com\/site\/botafogo-faz-4-no-atletico-go-e-recupera-a-ponta-da-segundona\/#respond\"]}]},{\"@type\":\"WebPage\",\"@id\":\"https:\/\/www.notibras.com\/site\/botafogo-faz-4-no-atletico-go-e-recupera-a-ponta-da-segundona\/\",\"url\":\"https:\/\/www.notibras.com\/site\/botafogo-faz-4-no-atletico-go-e-recupera-a-ponta-da-segundona\/\",\"name\":\"Botafogo faz 4 no Atl\u00e9tico-GO e recupera a ponta da Segundona - Notibras\",\"isPartOf\":{\"@id\":\"https:\/\/www.notibras.com\/site\/#website\"},\"primaryImageOfPage\":{\"@id\":\"https:\/\/www.notibras.com\/site\/botafogo-faz-4-no-atletico-go-e-recupera-a-ponta-da-segundona\/#primaryimage\"},\"image\":{\"@id\":\"https:\/\/www.notibras.com\/site\/botafogo-faz-4-no-atletico-go-e-recupera-a-ponta-da-segundona\/#primaryimage\"},\"thumbnailUrl\":\"https:\/\/www.notibras.com\/site\/wp-content\/uploads\/2015\/09\/Botafogo-Atletico-GO-Serie-Wagner-MeierLANCEPress_LANIMA20150901_0250_53.jpg\",\"datePublished\":\"2015-09-02T02:58:39+00:00\",\"breadcrumb\":{\"@id\":\"https:\/\/www.notibras.com\/site\/botafogo-faz-4-no-atletico-go-e-recupera-a-ponta-da-segundona\/#breadcrumb\"},\"inLanguage\":\"pt-BR\",\"potentialAction\":[{\"@type\":\"ReadAction\",\"target\":[\"https:\/\/www.notibras.com\/site\/botafogo-faz-4-no-atletico-go-e-recupera-a-ponta-da-segundona\/\"]}]},{\"@type\":\"ImageObject\",\"inLanguage\":\"pt-BR\",\"@id\":\"https:\/\/www.notibras.com\/site\/botafogo-faz-4-no-atletico-go-e-recupera-a-ponta-da-segundona\/#primaryimage\",\"url\":\"https:\/\/www.notibras.com\/site\/wp-content\/uploads\/2015\/09\/Botafogo-Atletico-GO-Serie-Wagner-MeierLANCEPress_LANIMA20150901_0250_53.jpg\",\"contentUrl\":\"https:\/\/www.notibras.com\/site\/wp-content\/uploads\/2015\/09\/Botafogo-Atletico-GO-Serie-Wagner-MeierLANCEPress_LANIMA20150901_0250_53.jpg\",\"width\":645,\"height\":321},{\"@type\":\"BreadcrumbList\",\"@id\":\"https:\/\/www.notibras.com\/site\/botafogo-faz-4-no-atletico-go-e-recupera-a-ponta-da-segundona\/#breadcrumb\",\"itemListElement\":[{\"@type\":\"ListItem\",\"position\":1,\"name\":\"In\u00edcio\",\"item\":\"https:\/\/www.notibras.com\/site\/\"},{\"@type\":\"ListItem\",\"position\":2,\"name\":\"Botafogo faz 4 no Atl\u00e9tico-GO e recupera a ponta da Segundona\"}]},{\"@type\":\"WebSite\",\"@id\":\"https:\/\/www.notibras.com\/site\/#website\",\"url\":\"https:\/\/www.notibras.com\/site\/\",\"name\":\"Notibras\",\"description\":\"Not\u00edcias de Bras\u00edlia, do Brasil e do Mundo\",\"publisher\":{\"@id\":\"https:\/\/www.notibras.com\/site\/#organization\"},\"potentialAction\":[{\"@type\":\"SearchAction\",\"target\":{\"@type\":\"EntryPoint\",\"urlTemplate\":\"https:\/\/www.notibras.com\/site\/?s={search_term_string}\"},\"query-input\":{\"@type\":\"PropertyValueSpecification\",\"valueRequired\":true,\"valueName\":\"search_term_string\"}}],\"inLanguage\":\"pt-BR\"},{\"@type\":\"Organization\",\"@id\":\"https:\/\/www.notibras.com\/site\/#organization\",\"name\":\"Grupo Notibras de Comunica\u00e7\u00e3o\",\"url\":\"https:\/\/www.notibras.com\/site\/\",\"logo\":{\"@type\":\"ImageObject\",\"inLanguage\":\"pt-BR\",\"@id\":\"https:\/\/www.notibras.com\/site\/#\/schema\/logo\/image\/\",\"url\":\"https:\/\/www.notibras.com\/site\/wp-content\/uploads\/2023\/01\/notibras23.png\",\"contentUrl\":\"https:\/\/www.notibras.com\/site\/wp-content\/uploads\/2023\/01\/notibras23.png\",\"width\":350,\"height\":87,\"caption\":\"Grupo Notibras de Comunica\u00e7\u00e3o\"},\"image\":{\"@id\":\"https:\/\/www.notibras.com\/site\/#\/schema\/logo\/image\/\"},\"sameAs\":[\"https:\/\/www.facebook.com\/notibras\/\",\"https:\/\/x.com\/Notibras\",\"https:\/\/www.instagram.com\/notibras\/\"]},{\"@type\":\"Person\",\"@id\":\"https:\/\/www.notibras.com\/site\/#\/schema\/person\/36ab0979449956132d3e5b517ea76ac8\",\"name\":\"Reda\u00e7\u00e3o\",\"image\":{\"@type\":\"ImageObject\",\"inLanguage\":\"pt-BR\",\"@id\":\"https:\/\/secure.gravatar.com\/avatar\/e0a867bdedb85fd243eadf09663511f96fc81e0720a4a42581f334ad4303aa6b?s=96&d=mm&r=g\",\"url\":\"https:\/\/secure.gravatar.com\/avatar\/e0a867bdedb85fd243eadf09663511f96fc81e0720a4a42581f334ad4303aa6b?s=96&d=mm&r=g\",\"contentUrl\":\"https:\/\/secure.gravatar.com\/avatar\/e0a867bdedb85fd243eadf09663511f96fc81e0720a4a42581f334ad4303aa6b?s=96&d=mm&r=g\",\"caption\":\"Reda\u00e7\u00e3o\"}}]}<\/script>\n<!-- \/ Yoast SEO plugin. -->","yoast_head_json":{"title":"Botafogo faz 4 no Atl\u00e9tico-GO e recupera a ponta da Segundona - Notibras","robots":{"index":"index","follow":"follow","max-snippet":"max-snippet:-1","max-image-preview":"max-image-preview:large","max-video-preview":"max-video-preview:-1"},"canonical":"https:\/\/www.notibras.com\/site\/botafogo-faz-4-no-atletico-go-e-recupera-a-ponta-da-segundona\/","og_locale":"pt_BR","og_type":"article","og_title":"Botafogo faz 4 no Atl\u00e9tico-GO e recupera a ponta da Segundona - Notibras","og_description":"Depois de duas chances seguidas desperdi\u00e7adas nas \u00faltimas rodadas, o Botafogo, enfim, se reencontrou com a vit\u00f3ria e recuperou a lideran\u00e7a da S\u00e9rie B do Campeonato Brasileiro nesta ter\u00e7a-feira \u00e0 noite. Com uma atua\u00e7\u00e3o brilhante do atacante uruguaio Navarro, que fez tr\u00eas gols, o Alvinegro goleou o Atl\u00e9tico-GO, por 4 a 0, no Engenh\u00e3o. Willian [&hellip;]","og_url":"https:\/\/www.notibras.com\/site\/botafogo-faz-4-no-atletico-go-e-recupera-a-ponta-da-segundona\/","og_site_name":"Notibras","article_publisher":"https:\/\/www.facebook.com\/notibras\/","article_published_time":"2015-09-02T02:58:39+00:00","og_image":[{"width":645,"height":321,"url":"https:\/\/www.notibras.com\/site\/wp-content\/uploads\/2015\/09\/Botafogo-Atletico-GO-Serie-Wagner-MeierLANCEPress_LANIMA20150901_0250_53.jpg","type":"image\/jpeg"}],"author":"Reda\u00e7\u00e3o","twitter_card":"summary_large_image","twitter_creator":"@Notibras","twitter_site":"@Notibras","twitter_misc":{"Escrito por":"Reda\u00e7\u00e3o","Est. tempo de leitura":"1 minuto"},"schema":{"@context":"https:\/\/schema.org","@graph":[{"@type":"Article","@id":"https:\/\/www.notibras.com\/site\/botafogo-faz-4-no-atletico-go-e-recupera-a-ponta-da-segundona\/#article","isPartOf":{"@id":"https:\/\/www.notibras.com\/site\/botafogo-faz-4-no-atletico-go-e-recupera-a-ponta-da-segundona\/"},"author":{"name":"Reda\u00e7\u00e3o","@id":"https:\/\/www.notibras.com\/site\/#\/schema\/person\/36ab0979449956132d3e5b517ea76ac8"},"headline":"Botafogo faz 4 no Atl\u00e9tico-GO e recupera a ponta da Segundona","datePublished":"2015-09-02T02:58:39+00:00","mainEntityOfPage":{"@id":"https:\/\/www.notibras.com\/site\/botafogo-faz-4-no-atletico-go-e-recupera-a-ponta-da-segundona\/"},"wordCount":250,"commentCount":0,"publisher":{"@id":"https:\/\/www.notibras.com\/site\/#organization"},"image":{"@id":"https:\/\/www.notibras.com\/site\/botafogo-faz-4-no-atletico-go-e-recupera-a-ponta-da-segundona\/#primaryimage"},"thumbnailUrl":"https:\/\/www.notibras.com\/site\/wp-content\/uploads\/2015\/09\/Botafogo-Atletico-GO-Serie-Wagner-MeierLANCEPress_LANIMA20150901_0250_53.jpg","articleSection":["Futebol"],"inLanguage":"pt-BR","potentialAction":[{"@type":"CommentAction","name":"Comment","target":["https:\/\/www.notibras.com\/site\/botafogo-faz-4-no-atletico-go-e-recupera-a-ponta-da-segundona\/#respond"]}]},{"@type":"WebPage","@id":"https:\/\/www.notibras.com\/site\/botafogo-faz-4-no-atletico-go-e-recupera-a-ponta-da-segundona\/","url":"https:\/\/www.notibras.com\/site\/botafogo-faz-4-no-atletico-go-e-recupera-a-ponta-da-segundona\/","name":"Botafogo faz 4 no Atl\u00e9tico-GO e recupera a ponta da Segundona - Notibras","isPartOf":{"@id":"https:\/\/www.notibras.com\/site\/#website"},"primaryImageOfPage":{"@id":"https:\/\/www.notibras.com\/site\/botafogo-faz-4-no-atletico-go-e-recupera-a-ponta-da-segundona\/#primaryimage"},"image":{"@id":"https:\/\/www.notibras.com\/site\/botafogo-faz-4-no-atletico-go-e-recupera-a-ponta-da-segundona\/#primaryimage"},"thumbnailUrl":"https:\/\/www.notibras.com\/site\/wp-content\/uploads\/2015\/09\/Botafogo-Atletico-GO-Serie-Wagner-MeierLANCEPress_LANIMA20150901_0250_53.jpg","datePublished":"2015-09-02T02:58:39+00:00","breadcrumb":{"@id":"https:\/\/www.notibras.com\/site\/botafogo-faz-4-no-atletico-go-e-recupera-a-ponta-da-segundona\/#breadcrumb"},"inLanguage":"pt-BR","potentialAction":[{"@type":"ReadAction","target":["https:\/\/www.notibras.com\/site\/botafogo-faz-4-no-atletico-go-e-recupera-a-ponta-da-segundona\/"]}]},{"@type":"ImageObject","inLanguage":"pt-BR","@id":"https:\/\/www.notibras.com\/site\/botafogo-faz-4-no-atletico-go-e-recupera-a-ponta-da-segundona\/#primaryimage","url":"https:\/\/www.notibras.com\/site\/wp-content\/uploads\/2015\/09\/Botafogo-Atletico-GO-Serie-Wagner-MeierLANCEPress_LANIMA20150901_0250_53.jpg","contentUrl":"https:\/\/www.notibras.com\/site\/wp-content\/uploads\/2015\/09\/Botafogo-Atletico-GO-Serie-Wagner-MeierLANCEPress_LANIMA20150901_0250_53.jpg","width":645,"height":321},{"@type":"BreadcrumbList","@id":"https:\/\/www.notibras.com\/site\/botafogo-faz-4-no-atletico-go-e-recupera-a-ponta-da-segundona\/#breadcrumb","itemListElement":[{"@type":"ListItem","position":1,"name":"In\u00edcio","item":"https:\/\/www.notibras.com\/site\/"},{"@type":"ListItem","position":2,"name":"Botafogo faz 4 no Atl\u00e9tico-GO e recupera a ponta da Segundona"}]},{"@type":"WebSite","@id":"https:\/\/www.notibras.com\/site\/#website","url":"https:\/\/www.notibras.com\/site\/","name":"Notibras","description":"Not\u00edcias de Bras\u00edlia, do Brasil e do Mundo","publisher":{"@id":"https:\/\/www.notibras.com\/site\/#organization"},"potentialAction":[{"@type":"SearchAction","target":{"@type":"EntryPoint","urlTemplate":"https:\/\/www.notibras.com\/site\/?s={search_term_string}"},"query-input":{"@type":"PropertyValueSpecification","valueRequired":true,"valueName":"search_term_string"}}],"inLanguage":"pt-BR"},{"@type":"Organization","@id":"https:\/\/www.notibras.com\/site\/#organization","name":"Grupo Notibras de Comunica\u00e7\u00e3o","url":"https:\/\/www.notibras.com\/site\/","logo":{"@type":"ImageObject","inLanguage":"pt-BR","@id":"https:\/\/www.notibras.com\/site\/#\/schema\/logo\/image\/","url":"https:\/\/www.notibras.com\/site\/wp-content\/uploads\/2023\/01\/notibras23.png","contentUrl":"https:\/\/www.notibras.com\/site\/wp-content\/uploads\/2023\/01\/notibras23.png","width":350,"height":87,"caption":"Grupo Notibras de Comunica\u00e7\u00e3o"},"image":{"@id":"https:\/\/www.notibras.com\/site\/#\/schema\/logo\/image\/"},"sameAs":["https:\/\/www.facebook.com\/notibras\/","https:\/\/x.com\/Notibras","https:\/\/www.instagram.com\/notibras\/"]},{"@type":"Person","@id":"https:\/\/www.notibras.com\/site\/#\/schema\/person\/36ab0979449956132d3e5b517ea76ac8","name":"Reda\u00e7\u00e3o","image":{"@type":"ImageObject","inLanguage":"pt-BR","@id":"https:\/\/secure.gravatar.com\/avatar\/e0a867bdedb85fd243eadf09663511f96fc81e0720a4a42581f334ad4303aa6b?s=96&d=mm&r=g","url":"https:\/\/secure.gravatar.com\/avatar\/e0a867bdedb85fd243eadf09663511f96fc81e0720a4a42581f334ad4303aa6b?s=96&d=mm&r=g","contentUrl":"https:\/\/secure.gravatar.com\/avatar\/e0a867bdedb85fd243eadf09663511f96fc81e0720a4a42581f334ad4303aa6b?s=96&d=mm&r=g","caption":"Reda\u00e7\u00e3o"}}]}},"amp_enabled":true,"_links":{"self":[{"href":"https:\/\/www.notibras.com\/site\/wp-json\/wp\/v2\/posts\/65685","targetHints":{"allow":["GET"]}}],"collection":[{"href":"https:\/\/www.notibras.com\/site\/wp-json\/wp\/v2\/posts"}],"about":[{"href":"https:\/\/www.notibras.com\/site\/wp-json\/wp\/v2\/types\/post"}],"author":[{"embeddable":true,"href":"https:\/\/www.notibras.com\/site\/wp-json\/wp\/v2\/users\/2"}],"replies":[{"embeddable":true,"href":"https:\/\/www.notibras.com\/site\/wp-json\/wp\/v2\/comments?post=65685"}],"version-history":[{"count":1,"href":"https:\/\/www.notibras.com\/site\/wp-json\/wp\/v2\/posts\/65685\/revisions"}],"predecessor-version":[{"id":65687,"href":"https:\/\/www.notibras.com\/site\/wp-json\/wp\/v2\/posts\/65685\/revisions\/65687"}],"wp:featuredmedia":[{"embeddable":true,"href":"https:\/\/www.notibras.com\/site\/wp-json\/wp\/v2\/media\/65686"}],"wp:attachment":[{"href":"https:\/\/www.notibras.com\/site\/wp-json\/wp\/v2\/media?parent=65685"}],"wp:term":[{"taxonomy":"category","embeddable":true,"href":"https:\/\/www.notibras.com\/site\/wp-json\/wp\/v2\/categories?post=65685"},{"taxonomy":"post_tag","embeddable":true,"href":"https:\/\/www.notibras.com\/site\/wp-json\/wp\/v2\/tags?post=65685"}],"curies":[{"name":"wp","href":"https:\/\/api.w.org\/{rel}","templated":true}]}}