{"id":65743,"date":"2015-09-02T09:13:16","date_gmt":"2015-09-02T12:13:16","guid":{"rendered":"http:\/\/www.notibras.com\/site\/?p=65743"},"modified":"2015-09-02T21:40:10","modified_gmt":"2015-09-03T00:40:10","slug":"supremo-pro-dilma-esquece-constituicao-e-vira-puxadinho-do-planalto","status":"publish","type":"post","link":"https:\/\/www.notibras.com\/site\/supremo-pro-dilma-esquece-constituicao-e-vira-puxadinho-do-planalto\/","title":{"rendered":"Supremo pr\u00f3-Dilma esquece o povo para virar novo puxadinho do Pal\u00e1cio do Planalto"},"content":{"rendered":"<p>Quando um dos tr\u00eas poderes \u00e9 escolhido por membro de outro, o sistema de freios e contrapesos sofre um grave vazamento de fluido. A teoria de Montesquieu estabelece que\u00a0cada poder deve controlar o outro, todavia mantendo a independ\u00eancia e harmonia.<\/p>\n<p>N\u00e3o \u00e9 o que vemos quando a Constitui\u00e7\u00e3o prev\u00ea que o chefe do Poder Executivo escolher\u00e1 os\u00a0membros do Poder Judici\u00e1rio. O Supremo Tribunal Federal \u00e9 composto por 11 ministros escolhidos dentre cidad\u00e3os com mais de trinta e cinco e menos de sessenta e cinco anos de\u00a0idade, de not\u00e1vel saber jur\u00eddico e reputa\u00e7\u00e3o ilibada. N\u00e3o se confunda nomea\u00e7\u00e3o com escolha, textualmente descrita na Constitui\u00e7\u00e3o. A nomea\u00e7\u00e3o \u00e9 ato de mero expediente, cumprindo os\u00a0princ\u00edpios da legalidade e publicidade.<\/p>\n<p>J\u00e1 o STJ tem uma forma de ingresso diferente: um ter\u00e7o dentre ju\u00edzes dos Tribunais Regionais Federais e um ter\u00e7o dentre desembargadores dos Tribunais de Justi\u00e7a, indicados em lista\u00a0tr\u00edplice elaborada pelo pr\u00f3prio Tribunal e um ter\u00e7o, em partes iguais, dentre advogados e membros do Minist\u00e9rio P\u00fablico Federal.<\/p>\n<p>Nota-se a diferen\u00e7a de crit\u00e9rios, uma vez que para o STJ \u00e9 exigido que quatro quintos tenham\u00a0exercido a carreira em tribunais e Minist\u00e9rio P\u00fablico, sem todavia desmerecer a advocacia. No STF, n\u00e3o se exige determinada experi\u00eancia.<\/p>\n<p>O ponto em quest\u00e3o \u00e9: O Supremo Tribunal Federal existe para servir ao Poder Executivo ou para servir \u00e0 sociedade? Entendo que uma corte t\u00e3o diminuta, levando em considera\u00e7\u00e3o as\u00a0dimens\u00f5es territoriais e demogr\u00e1ficas do Brasil, existe para proteger o Estado de Direito e a Constitui\u00e7\u00e3o, devendo zelar pela aplica\u00e7\u00e3o da lei em favor da sociedade.<\/p>\n<p>No entanto, enquanto um poder controla outro, acabou-se a democracia. O mesmo se pode afirmar quanto \u00e0s emendas parlamentares ao or\u00e7amento (mas fica pra outra coluna).<\/p>\n<p>J\u00e1 tramita no Senado uma Proposta de Emenda \u00e0 Constitui\u00e7\u00e3o para minimizar temporariamente o desfalque da Corte Suprema. Havendo vac\u00e2ncia no STF, o decano do STJ\u00a0assumiria a vaga interinamente. A PEC dos Decanos visa a manuten\u00e7\u00e3o do n\u00famero \u00edmpar de ministros a fim de evitar o prolongamento de discuss\u00f5es importantes, como foi o caso da Lei\u00a0a Ficha Limpa. Ademais, o Decano do STJ seria provavelmente oriundo de tribunais de justi\u00e7a ou tribunais federais, garantindo-se tamb\u00e9m o requisito do not\u00e1vel saber jur\u00eddico.<\/p>\n<p>Embora a PEC dos Decanos possa minimizar as escolhas nefastas de ministros por parte do executivo, esse quadro n\u00e3o \u00e9 o ideal. Como j\u00e1 dito, a nomea\u00e7\u00e3o \u00e9 mera formalidade, devendo\u00a0a escolha recair sobre a sociedade. Isso mesmo! Elei\u00e7\u00e3o para Ministros do Supremo Tribunal Federal. Cumpridos requisitos m\u00ednimos para ascens\u00e3o ao cargo e havendo um pleito\u00a0devidamente organizado e apartid\u00e1rio, poder-se-ia manter o judici\u00e1rio efetivamente independente.<\/p>\n<p>Iniciativa semelhante j\u00e1 foi posta em pr\u00e1tica na \u00faltima escolha para Desembargador do\u00a0Tribunal de Justi\u00e7a do Distrito Federal e Territ\u00f3rios, quando advogados puderam votar nos candidatos \u00e0 vaga do Quinto Constitucional, cabendo ao final a escolha da Presid\u00eancia da\u00a0Rep\u00fablica.<\/p>\n<p>Um meio termo seriam os decanos dos tribunais estaduais e federais se revezarem nas 11 cadeiras por per\u00edodo determinado, havendo reserva ao MP e Advocacia. Ideias para moralizar\u00a0o judici\u00e1rio n\u00e3o faltam. O que falta \u00e9 coragem e bom senso exercer verdadeiramente a democracia de Montesquieu.<\/p>\n","protected":false},"excerpt":{"rendered":"<p>Quando um dos tr\u00eas poderes \u00e9 escolhido por membro de outro, o sistema de freios e contrapesos sofre um grave vazamento de fluido. A teoria de Montesquieu estabelece que\u00a0cada poder deve controlar o outro, todavia mantendo a independ\u00eancia e harmonia. N\u00e3o \u00e9 o que vemos quando a Constitui\u00e7\u00e3o prev\u00ea que o chefe do Poder Executivo [&hellip;]<\/p>\n","protected":false},"author":2,"featured_media":65744,"comment_status":"open","ping_status":"closed","sticky":false,"template":"","format":"standard","meta":{"_acf_changed":false,"footnotes":""},"categories":[47],"tags":[],"class_list":["post-65743","post","type-post","status-publish","format-standard","has-post-thumbnail","hentry","category-denia"],"acf":[],"yoast_head":"<!-- This site is optimized with the Yoast SEO plugin v27.2 - https:\/\/yoast.com\/product\/yoast-seo-wordpress\/ -->\n<title>Supremo pr\u00f3-Dilma esquece o povo para virar novo puxadinho do Pal\u00e1cio do Planalto - Notibras<\/title>\n<meta name=\"robots\" content=\"index, follow, max-snippet:-1, max-image-preview:large, max-video-preview:-1\" \/>\n<link rel=\"canonical\" href=\"https:\/\/www.notibras.com\/site\/supremo-pro-dilma-esquece-constituicao-e-vira-puxadinho-do-planalto\/\" \/>\n<meta property=\"og:locale\" content=\"pt_BR\" \/>\n<meta property=\"og:type\" content=\"article\" \/>\n<meta property=\"og:title\" content=\"Supremo pr\u00f3-Dilma esquece o povo para virar novo puxadinho do Pal\u00e1cio do Planalto - Notibras\" \/>\n<meta property=\"og:description\" content=\"Quando um dos tr\u00eas poderes \u00e9 escolhido por membro de outro, o sistema de freios e contrapesos sofre um grave vazamento de fluido. A teoria de Montesquieu estabelece que\u00a0cada poder deve controlar o outro, todavia mantendo a independ\u00eancia e harmonia. N\u00e3o \u00e9 o que vemos quando a Constitui\u00e7\u00e3o prev\u00ea que o chefe do Poder Executivo [&hellip;]\" \/>\n<meta property=\"og:url\" content=\"https:\/\/www.notibras.com\/site\/supremo-pro-dilma-esquece-constituicao-e-vira-puxadinho-do-planalto\/\" \/>\n<meta property=\"og:site_name\" content=\"Notibras\" \/>\n<meta property=\"article:publisher\" content=\"https:\/\/www.facebook.com\/notibras\/\" \/>\n<meta property=\"article:published_time\" content=\"2015-09-02T12:13:16+00:00\" \/>\n<meta property=\"article:modified_time\" content=\"2015-09-03T00:40:10+00:00\" \/>\n<meta property=\"og:image\" content=\"https:\/\/www.notibras.com\/site\/wp-content\/uploads\/2015\/09\/stf-2.jpg\" \/>\n\t<meta property=\"og:image:width\" content=\"556\" \/>\n\t<meta property=\"og:image:height\" content=\"386\" \/>\n\t<meta property=\"og:image:type\" content=\"image\/jpeg\" \/>\n<meta name=\"author\" content=\"Reda\u00e7\u00e3o\" \/>\n<meta name=\"twitter:card\" content=\"summary_large_image\" \/>\n<meta name=\"twitter:creator\" content=\"@Notibras\" \/>\n<meta name=\"twitter:site\" content=\"@Notibras\" \/>\n<meta name=\"twitter:label1\" content=\"Escrito por\" \/>\n\t<meta name=\"twitter:data1\" content=\"Reda\u00e7\u00e3o\" \/>\n\t<meta name=\"twitter:label2\" content=\"Est. tempo de leitura\" \/>\n\t<meta name=\"twitter:data2\" content=\"3 minutos\" \/>\n<script type=\"application\/ld+json\" class=\"yoast-schema-graph\">{\"@context\":\"https:\/\/schema.org\",\"@graph\":[{\"@type\":\"Article\",\"@id\":\"https:\/\/www.notibras.com\/site\/supremo-pro-dilma-esquece-constituicao-e-vira-puxadinho-do-planalto\/#article\",\"isPartOf\":{\"@id\":\"https:\/\/www.notibras.com\/site\/supremo-pro-dilma-esquece-constituicao-e-vira-puxadinho-do-planalto\/\"},\"author\":{\"name\":\"Reda\u00e7\u00e3o\",\"@id\":\"https:\/\/www.notibras.com\/site\/#\/schema\/person\/36ab0979449956132d3e5b517ea76ac8\"},\"headline\":\"Supremo pr\u00f3-Dilma esquece o povo para virar novo puxadinho do Pal\u00e1cio do Planalto\",\"datePublished\":\"2015-09-02T12:13:16+00:00\",\"dateModified\":\"2015-09-03T00:40:10+00:00\",\"mainEntityOfPage\":{\"@id\":\"https:\/\/www.notibras.com\/site\/supremo-pro-dilma-esquece-constituicao-e-vira-puxadinho-do-planalto\/\"},\"wordCount\":586,\"commentCount\":0,\"publisher\":{\"@id\":\"https:\/\/www.notibras.com\/site\/#organization\"},\"image\":{\"@id\":\"https:\/\/www.notibras.com\/site\/supremo-pro-dilma-esquece-constituicao-e-vira-puxadinho-do-planalto\/#primaryimage\"},\"thumbnailUrl\":\"https:\/\/www.notibras.com\/site\/wp-content\/uploads\/2015\/09\/stf-2.jpg\",\"articleSection\":[\"D\u00eania Magalh\u00e3es\"],\"inLanguage\":\"pt-BR\",\"potentialAction\":[{\"@type\":\"CommentAction\",\"name\":\"Comment\",\"target\":[\"https:\/\/www.notibras.com\/site\/supremo-pro-dilma-esquece-constituicao-e-vira-puxadinho-do-planalto\/#respond\"]}]},{\"@type\":\"WebPage\",\"@id\":\"https:\/\/www.notibras.com\/site\/supremo-pro-dilma-esquece-constituicao-e-vira-puxadinho-do-planalto\/\",\"url\":\"https:\/\/www.notibras.com\/site\/supremo-pro-dilma-esquece-constituicao-e-vira-puxadinho-do-planalto\/\",\"name\":\"Supremo pr\u00f3-Dilma esquece o povo para virar novo puxadinho do Pal\u00e1cio do Planalto - Notibras\",\"isPartOf\":{\"@id\":\"https:\/\/www.notibras.com\/site\/#website\"},\"primaryImageOfPage\":{\"@id\":\"https:\/\/www.notibras.com\/site\/supremo-pro-dilma-esquece-constituicao-e-vira-puxadinho-do-planalto\/#primaryimage\"},\"image\":{\"@id\":\"https:\/\/www.notibras.com\/site\/supremo-pro-dilma-esquece-constituicao-e-vira-puxadinho-do-planalto\/#primaryimage\"},\"thumbnailUrl\":\"https:\/\/www.notibras.com\/site\/wp-content\/uploads\/2015\/09\/stf-2.jpg\",\"datePublished\":\"2015-09-02T12:13:16+00:00\",\"dateModified\":\"2015-09-03T00:40:10+00:00\",\"breadcrumb\":{\"@id\":\"https:\/\/www.notibras.com\/site\/supremo-pro-dilma-esquece-constituicao-e-vira-puxadinho-do-planalto\/#breadcrumb\"},\"inLanguage\":\"pt-BR\",\"potentialAction\":[{\"@type\":\"ReadAction\",\"target\":[\"https:\/\/www.notibras.com\/site\/supremo-pro-dilma-esquece-constituicao-e-vira-puxadinho-do-planalto\/\"]}]},{\"@type\":\"ImageObject\",\"inLanguage\":\"pt-BR\",\"@id\":\"https:\/\/www.notibras.com\/site\/supremo-pro-dilma-esquece-constituicao-e-vira-puxadinho-do-planalto\/#primaryimage\",\"url\":\"https:\/\/www.notibras.com\/site\/wp-content\/uploads\/2015\/09\/stf-2.jpg\",\"contentUrl\":\"https:\/\/www.notibras.com\/site\/wp-content\/uploads\/2015\/09\/stf-2.jpg\",\"width\":556,\"height\":386},{\"@type\":\"BreadcrumbList\",\"@id\":\"https:\/\/www.notibras.com\/site\/supremo-pro-dilma-esquece-constituicao-e-vira-puxadinho-do-planalto\/#breadcrumb\",\"itemListElement\":[{\"@type\":\"ListItem\",\"position\":1,\"name\":\"In\u00edcio\",\"item\":\"https:\/\/www.notibras.com\/site\/\"},{\"@type\":\"ListItem\",\"position\":2,\"name\":\"Supremo pr\u00f3-Dilma esquece o povo para virar novo puxadinho do Pal\u00e1cio do Planalto\"}]},{\"@type\":\"WebSite\",\"@id\":\"https:\/\/www.notibras.com\/site\/#website\",\"url\":\"https:\/\/www.notibras.com\/site\/\",\"name\":\"Notibras\",\"description\":\"Not\u00edcias de Bras\u00edlia, do Brasil e do Mundo\",\"publisher\":{\"@id\":\"https:\/\/www.notibras.com\/site\/#organization\"},\"potentialAction\":[{\"@type\":\"SearchAction\",\"target\":{\"@type\":\"EntryPoint\",\"urlTemplate\":\"https:\/\/www.notibras.com\/site\/?s={search_term_string}\"},\"query-input\":{\"@type\":\"PropertyValueSpecification\",\"valueRequired\":true,\"valueName\":\"search_term_string\"}}],\"inLanguage\":\"pt-BR\"},{\"@type\":\"Organization\",\"@id\":\"https:\/\/www.notibras.com\/site\/#organization\",\"name\":\"Grupo Notibras de Comunica\u00e7\u00e3o\",\"url\":\"https:\/\/www.notibras.com\/site\/\",\"logo\":{\"@type\":\"ImageObject\",\"inLanguage\":\"pt-BR\",\"@id\":\"https:\/\/www.notibras.com\/site\/#\/schema\/logo\/image\/\",\"url\":\"https:\/\/www.notibras.com\/site\/wp-content\/uploads\/2023\/01\/notibras23.png\",\"contentUrl\":\"https:\/\/www.notibras.com\/site\/wp-content\/uploads\/2023\/01\/notibras23.png\",\"width\":350,\"height\":87,\"caption\":\"Grupo Notibras de Comunica\u00e7\u00e3o\"},\"image\":{\"@id\":\"https:\/\/www.notibras.com\/site\/#\/schema\/logo\/image\/\"},\"sameAs\":[\"https:\/\/www.facebook.com\/notibras\/\",\"https:\/\/x.com\/Notibras\",\"https:\/\/www.instagram.com\/notibras\/\"]},{\"@type\":\"Person\",\"@id\":\"https:\/\/www.notibras.com\/site\/#\/schema\/person\/36ab0979449956132d3e5b517ea76ac8\",\"name\":\"Reda\u00e7\u00e3o\",\"image\":{\"@type\":\"ImageObject\",\"inLanguage\":\"pt-BR\",\"@id\":\"https:\/\/secure.gravatar.com\/avatar\/e0a867bdedb85fd243eadf09663511f96fc81e0720a4a42581f334ad4303aa6b?s=96&d=mm&r=g\",\"url\":\"https:\/\/secure.gravatar.com\/avatar\/e0a867bdedb85fd243eadf09663511f96fc81e0720a4a42581f334ad4303aa6b?s=96&d=mm&r=g\",\"contentUrl\":\"https:\/\/secure.gravatar.com\/avatar\/e0a867bdedb85fd243eadf09663511f96fc81e0720a4a42581f334ad4303aa6b?s=96&d=mm&r=g\",\"caption\":\"Reda\u00e7\u00e3o\"}}]}<\/script>\n<!-- \/ Yoast SEO plugin. -->","yoast_head_json":{"title":"Supremo pr\u00f3-Dilma esquece o povo para virar novo puxadinho do Pal\u00e1cio do Planalto - Notibras","robots":{"index":"index","follow":"follow","max-snippet":"max-snippet:-1","max-image-preview":"max-image-preview:large","max-video-preview":"max-video-preview:-1"},"canonical":"https:\/\/www.notibras.com\/site\/supremo-pro-dilma-esquece-constituicao-e-vira-puxadinho-do-planalto\/","og_locale":"pt_BR","og_type":"article","og_title":"Supremo pr\u00f3-Dilma esquece o povo para virar novo puxadinho do Pal\u00e1cio do Planalto - Notibras","og_description":"Quando um dos tr\u00eas poderes \u00e9 escolhido por membro de outro, o sistema de freios e contrapesos sofre um grave vazamento de fluido. A teoria de Montesquieu estabelece que\u00a0cada poder deve controlar o outro, todavia mantendo a independ\u00eancia e harmonia. N\u00e3o \u00e9 o que vemos quando a Constitui\u00e7\u00e3o prev\u00ea que o chefe do Poder Executivo [&hellip;]","og_url":"https:\/\/www.notibras.com\/site\/supremo-pro-dilma-esquece-constituicao-e-vira-puxadinho-do-planalto\/","og_site_name":"Notibras","article_publisher":"https:\/\/www.facebook.com\/notibras\/","article_published_time":"2015-09-02T12:13:16+00:00","article_modified_time":"2015-09-03T00:40:10+00:00","og_image":[{"width":556,"height":386,"url":"https:\/\/www.notibras.com\/site\/wp-content\/uploads\/2015\/09\/stf-2.jpg","type":"image\/jpeg"}],"author":"Reda\u00e7\u00e3o","twitter_card":"summary_large_image","twitter_creator":"@Notibras","twitter_site":"@Notibras","twitter_misc":{"Escrito por":"Reda\u00e7\u00e3o","Est. tempo de leitura":"3 minutos"},"schema":{"@context":"https:\/\/schema.org","@graph":[{"@type":"Article","@id":"https:\/\/www.notibras.com\/site\/supremo-pro-dilma-esquece-constituicao-e-vira-puxadinho-do-planalto\/#article","isPartOf":{"@id":"https:\/\/www.notibras.com\/site\/supremo-pro-dilma-esquece-constituicao-e-vira-puxadinho-do-planalto\/"},"author":{"name":"Reda\u00e7\u00e3o","@id":"https:\/\/www.notibras.com\/site\/#\/schema\/person\/36ab0979449956132d3e5b517ea76ac8"},"headline":"Supremo pr\u00f3-Dilma esquece o povo para virar novo puxadinho do Pal\u00e1cio do Planalto","datePublished":"2015-09-02T12:13:16+00:00","dateModified":"2015-09-03T00:40:10+00:00","mainEntityOfPage":{"@id":"https:\/\/www.notibras.com\/site\/supremo-pro-dilma-esquece-constituicao-e-vira-puxadinho-do-planalto\/"},"wordCount":586,"commentCount":0,"publisher":{"@id":"https:\/\/www.notibras.com\/site\/#organization"},"image":{"@id":"https:\/\/www.notibras.com\/site\/supremo-pro-dilma-esquece-constituicao-e-vira-puxadinho-do-planalto\/#primaryimage"},"thumbnailUrl":"https:\/\/www.notibras.com\/site\/wp-content\/uploads\/2015\/09\/stf-2.jpg","articleSection":["D\u00eania Magalh\u00e3es"],"inLanguage":"pt-BR","potentialAction":[{"@type":"CommentAction","name":"Comment","target":["https:\/\/www.notibras.com\/site\/supremo-pro-dilma-esquece-constituicao-e-vira-puxadinho-do-planalto\/#respond"]}]},{"@type":"WebPage","@id":"https:\/\/www.notibras.com\/site\/supremo-pro-dilma-esquece-constituicao-e-vira-puxadinho-do-planalto\/","url":"https:\/\/www.notibras.com\/site\/supremo-pro-dilma-esquece-constituicao-e-vira-puxadinho-do-planalto\/","name":"Supremo pr\u00f3-Dilma esquece o povo para virar novo puxadinho do Pal\u00e1cio do Planalto - Notibras","isPartOf":{"@id":"https:\/\/www.notibras.com\/site\/#website"},"primaryImageOfPage":{"@id":"https:\/\/www.notibras.com\/site\/supremo-pro-dilma-esquece-constituicao-e-vira-puxadinho-do-planalto\/#primaryimage"},"image":{"@id":"https:\/\/www.notibras.com\/site\/supremo-pro-dilma-esquece-constituicao-e-vira-puxadinho-do-planalto\/#primaryimage"},"thumbnailUrl":"https:\/\/www.notibras.com\/site\/wp-content\/uploads\/2015\/09\/stf-2.jpg","datePublished":"2015-09-02T12:13:16+00:00","dateModified":"2015-09-03T00:40:10+00:00","breadcrumb":{"@id":"https:\/\/www.notibras.com\/site\/supremo-pro-dilma-esquece-constituicao-e-vira-puxadinho-do-planalto\/#breadcrumb"},"inLanguage":"pt-BR","potentialAction":[{"@type":"ReadAction","target":["https:\/\/www.notibras.com\/site\/supremo-pro-dilma-esquece-constituicao-e-vira-puxadinho-do-planalto\/"]}]},{"@type":"ImageObject","inLanguage":"pt-BR","@id":"https:\/\/www.notibras.com\/site\/supremo-pro-dilma-esquece-constituicao-e-vira-puxadinho-do-planalto\/#primaryimage","url":"https:\/\/www.notibras.com\/site\/wp-content\/uploads\/2015\/09\/stf-2.jpg","contentUrl":"https:\/\/www.notibras.com\/site\/wp-content\/uploads\/2015\/09\/stf-2.jpg","width":556,"height":386},{"@type":"BreadcrumbList","@id":"https:\/\/www.notibras.com\/site\/supremo-pro-dilma-esquece-constituicao-e-vira-puxadinho-do-planalto\/#breadcrumb","itemListElement":[{"@type":"ListItem","position":1,"name":"In\u00edcio","item":"https:\/\/www.notibras.com\/site\/"},{"@type":"ListItem","position":2,"name":"Supremo pr\u00f3-Dilma esquece o povo para virar novo puxadinho do Pal\u00e1cio do Planalto"}]},{"@type":"WebSite","@id":"https:\/\/www.notibras.com\/site\/#website","url":"https:\/\/www.notibras.com\/site\/","name":"Notibras","description":"Not\u00edcias de Bras\u00edlia, do Brasil e do Mundo","publisher":{"@id":"https:\/\/www.notibras.com\/site\/#organization"},"potentialAction":[{"@type":"SearchAction","target":{"@type":"EntryPoint","urlTemplate":"https:\/\/www.notibras.com\/site\/?s={search_term_string}"},"query-input":{"@type":"PropertyValueSpecification","valueRequired":true,"valueName":"search_term_string"}}],"inLanguage":"pt-BR"},{"@type":"Organization","@id":"https:\/\/www.notibras.com\/site\/#organization","name":"Grupo Notibras de Comunica\u00e7\u00e3o","url":"https:\/\/www.notibras.com\/site\/","logo":{"@type":"ImageObject","inLanguage":"pt-BR","@id":"https:\/\/www.notibras.com\/site\/#\/schema\/logo\/image\/","url":"https:\/\/www.notibras.com\/site\/wp-content\/uploads\/2023\/01\/notibras23.png","contentUrl":"https:\/\/www.notibras.com\/site\/wp-content\/uploads\/2023\/01\/notibras23.png","width":350,"height":87,"caption":"Grupo Notibras de Comunica\u00e7\u00e3o"},"image":{"@id":"https:\/\/www.notibras.com\/site\/#\/schema\/logo\/image\/"},"sameAs":["https:\/\/www.facebook.com\/notibras\/","https:\/\/x.com\/Notibras","https:\/\/www.instagram.com\/notibras\/"]},{"@type":"Person","@id":"https:\/\/www.notibras.com\/site\/#\/schema\/person\/36ab0979449956132d3e5b517ea76ac8","name":"Reda\u00e7\u00e3o","image":{"@type":"ImageObject","inLanguage":"pt-BR","@id":"https:\/\/secure.gravatar.com\/avatar\/e0a867bdedb85fd243eadf09663511f96fc81e0720a4a42581f334ad4303aa6b?s=96&d=mm&r=g","url":"https:\/\/secure.gravatar.com\/avatar\/e0a867bdedb85fd243eadf09663511f96fc81e0720a4a42581f334ad4303aa6b?s=96&d=mm&r=g","contentUrl":"https:\/\/secure.gravatar.com\/avatar\/e0a867bdedb85fd243eadf09663511f96fc81e0720a4a42581f334ad4303aa6b?s=96&d=mm&r=g","caption":"Reda\u00e7\u00e3o"}}]}},"amp_enabled":true,"_links":{"self":[{"href":"https:\/\/www.notibras.com\/site\/wp-json\/wp\/v2\/posts\/65743","targetHints":{"allow":["GET"]}}],"collection":[{"href":"https:\/\/www.notibras.com\/site\/wp-json\/wp\/v2\/posts"}],"about":[{"href":"https:\/\/www.notibras.com\/site\/wp-json\/wp\/v2\/types\/post"}],"author":[{"embeddable":true,"href":"https:\/\/www.notibras.com\/site\/wp-json\/wp\/v2\/users\/2"}],"replies":[{"embeddable":true,"href":"https:\/\/www.notibras.com\/site\/wp-json\/wp\/v2\/comments?post=65743"}],"version-history":[{"count":4,"href":"https:\/\/www.notibras.com\/site\/wp-json\/wp\/v2\/posts\/65743\/revisions"}],"predecessor-version":[{"id":65815,"href":"https:\/\/www.notibras.com\/site\/wp-json\/wp\/v2\/posts\/65743\/revisions\/65815"}],"wp:featuredmedia":[{"embeddable":true,"href":"https:\/\/www.notibras.com\/site\/wp-json\/wp\/v2\/media\/65744"}],"wp:attachment":[{"href":"https:\/\/www.notibras.com\/site\/wp-json\/wp\/v2\/media?parent=65743"}],"wp:term":[{"taxonomy":"category","embeddable":true,"href":"https:\/\/www.notibras.com\/site\/wp-json\/wp\/v2\/categories?post=65743"},{"taxonomy":"post_tag","embeddable":true,"href":"https:\/\/www.notibras.com\/site\/wp-json\/wp\/v2\/tags?post=65743"}],"curies":[{"name":"wp","href":"https:\/\/api.w.org\/{rel}","templated":true}]}}