{"id":6582,"date":"2014-04-11T06:48:55","date_gmt":"2014-04-11T09:48:55","guid":{"rendered":"http:\/\/www.notibras.com\/site\/?p=6582"},"modified":"2014-04-11T16:50:44","modified_gmt":"2014-04-11T19:50:44","slug":"cni-abraca-pessimismo-e-ve-economia-crescendo-so-18","status":"publish","type":"post","link":"https:\/\/www.notibras.com\/site\/cni-abraca-pessimismo-e-ve-economia-crescendo-so-18\/","title":{"rendered":"CNI abra\u00e7a pessimismo e v\u00ea economia crescendo s\u00f3 1,8%"},"content":{"rendered":"<p>Depois do Fundo Monet\u00e1rio Internacional (FMI) e do Banco Mundial reduzirem as estimativas de\u00a0 crescimento da economia brasileira, a Confedera\u00e7\u00e3o Nacional da Ind\u00fastria (CNI) anunciou nesta sexta 11 nova proje\u00e7\u00e3o para o indicador, que caiu de 2,1% para 1,8% este ano.<\/p>\n<p>Al\u00e9m do Produto Interno Bruto (PIB, soma de todos os bens e servi\u00e7os produzidos no pa\u00eds), a CNI reduziu a proje\u00e7\u00e3o dos principais indicadores econ\u00f4micos. As estimativas est\u00e3o no <em>Informe Conjuntural<\/em>, relat\u00f3rio trimestral da CNI. A estimativa de crescimento da ind\u00fastria caiu 2% de para 1,7% e a proje\u00e7\u00e3o dos investimentos foi reduzida de 5%, em dezembro, para 2,5% em mar\u00e7o.<\/p>\n<p>A CNI atribui a perspectiva pessimista a fatores como o \u201clongo ciclo da alta dos juros, com a ado\u00e7\u00e3o de uma pol\u00edtica de aperto monet\u00e1rio intensa pelo Banco Central, a revers\u00e3o de algumas desonera\u00e7\u00f5es tribut\u00e1rias, como o Imposto sobre Produtos Industrializados (IPI) para autom\u00f3veis, a prov\u00e1vel intensifica\u00e7\u00e3o do custo de produ\u00e7\u00e3o, por causa do encarecimento da energia el\u00e9trica (pelo d\u00e9ficit h\u00eddrico) e dos insumos importados (pela desvaloriza\u00e7\u00e3o cambial)&#8221;.<\/p>\n<p>O Informe Conjuntural do primeiro trimeste de 2014 tamb\u00e9m destaca o cen\u00e1rio atual, que, para os t\u00e9cnicos da CNI, indica incertezas na economia, com a queda de confian\u00e7a dos empres\u00e1rios e, em consequ\u00eancia, queda na disposi\u00e7\u00e3o de investir.<\/p>\n<p>Para a CNI , o ano de 2014 come\u00e7ou com bons resultados, como o crescimento da produ\u00e7\u00e3o industrial no primeiro bimestre, atribu\u00eddo em parte ao maior n\u00famero de dias \u00fateis em fevereiro, com o feriado de carnaval caindo em mar\u00e7o, mas esse ritmo n\u00e3o deve ser mantido no resto do ano.<\/p>\n<p>O estudo da Confedera\u00e7\u00e3o Nacional da Ind\u00fastria reviu tamb\u00e9m a estimativa de infla\u00e7\u00e3o, de 6%, em dezembro, para 6,4% em mar\u00e7o, bem pr\u00f3xima do teto da meta, 6,5%. No setor externo, a CNI reestimou o super\u00e1vit da balan\u00e7a comercial, que caiu de US$ 9 bilh\u00f5es em dezembro passado para US$ 1,5 bilh\u00e3o em mar\u00e7o. O relat\u00f3rio manteve, contudo, a previs\u00e3o da taxa nominal de c\u00e2mbio em R$ 2,35 na m\u00e9dia de 2014.<\/p>\n","protected":false},"excerpt":{"rendered":"<p>Depois do Fundo Monet\u00e1rio Internacional (FMI) e do Banco Mundial reduzirem as estimativas de\u00a0 crescimento da economia brasileira, a Confedera\u00e7\u00e3o Nacional da Ind\u00fastria (CNI) anunciou nesta sexta 11 nova proje\u00e7\u00e3o para o indicador, que caiu de 2,1% para 1,8% este ano. Al\u00e9m do Produto Interno Bruto (PIB, soma de todos os bens e servi\u00e7os produzidos [&hellip;]<\/p>\n","protected":false},"author":2,"featured_media":6583,"comment_status":"open","ping_status":"closed","sticky":false,"template":"","format":"standard","meta":{"_acf_changed":false,"footnotes":""},"categories":[16],"tags":[],"class_list":["post-6582","post","type-post","status-publish","format-standard","has-post-thumbnail","hentry","category-brasil"],"acf":[],"yoast_head":"<!-- This site is optimized with the Yoast SEO plugin v27.2 - https:\/\/yoast.com\/product\/yoast-seo-wordpress\/ -->\n<title>CNI abra\u00e7a pessimismo e v\u00ea economia crescendo s\u00f3 1,8% - Notibras<\/title>\n<meta name=\"robots\" content=\"index, follow, max-snippet:-1, max-image-preview:large, max-video-preview:-1\" \/>\n<link rel=\"canonical\" href=\"https:\/\/www.notibras.com\/site\/cni-abraca-pessimismo-e-ve-economia-crescendo-so-18\/\" \/>\n<meta property=\"og:locale\" content=\"pt_BR\" \/>\n<meta property=\"og:type\" content=\"article\" \/>\n<meta property=\"og:title\" content=\"CNI abra\u00e7a pessimismo e v\u00ea economia crescendo s\u00f3 1,8% - Notibras\" \/>\n<meta property=\"og:description\" content=\"Depois do Fundo Monet\u00e1rio Internacional (FMI) e do Banco Mundial reduzirem as estimativas de\u00a0 crescimento da economia brasileira, a Confedera\u00e7\u00e3o Nacional da Ind\u00fastria (CNI) anunciou nesta sexta 11 nova proje\u00e7\u00e3o para o indicador, que caiu de 2,1% para 1,8% este ano. Al\u00e9m do Produto Interno Bruto (PIB, soma de todos os bens e servi\u00e7os produzidos [&hellip;]\" \/>\n<meta property=\"og:url\" content=\"https:\/\/www.notibras.com\/site\/cni-abraca-pessimismo-e-ve-economia-crescendo-so-18\/\" \/>\n<meta property=\"og:site_name\" content=\"Notibras\" \/>\n<meta property=\"article:publisher\" content=\"https:\/\/www.facebook.com\/notibras\/\" \/>\n<meta property=\"article:published_time\" content=\"2014-04-11T09:48:55+00:00\" \/>\n<meta property=\"article:modified_time\" content=\"2014-04-11T19:50:44+00:00\" \/>\n<meta property=\"og:image\" content=\"https:\/\/www.notibras.com\/site\/wp-content\/uploads\/2014\/04\/pib.jpg\" \/>\n\t<meta property=\"og:image:width\" content=\"280\" \/>\n\t<meta property=\"og:image:height\" content=\"210\" \/>\n\t<meta property=\"og:image:type\" content=\"image\/jpeg\" \/>\n<meta name=\"author\" content=\"Reda\u00e7\u00e3o\" \/>\n<meta name=\"twitter:card\" content=\"summary_large_image\" \/>\n<meta name=\"twitter:creator\" content=\"@Notibras\" \/>\n<meta name=\"twitter:site\" content=\"@Notibras\" \/>\n<meta name=\"twitter:label1\" content=\"Escrito por\" \/>\n\t<meta name=\"twitter:data1\" content=\"Reda\u00e7\u00e3o\" \/>\n\t<meta name=\"twitter:label2\" content=\"Est. tempo de leitura\" \/>\n\t<meta name=\"twitter:data2\" content=\"2 minutos\" \/>\n<script type=\"application\/ld+json\" class=\"yoast-schema-graph\">{\"@context\":\"https:\/\/schema.org\",\"@graph\":[{\"@type\":\"Article\",\"@id\":\"https:\/\/www.notibras.com\/site\/cni-abraca-pessimismo-e-ve-economia-crescendo-so-18\/#article\",\"isPartOf\":{\"@id\":\"https:\/\/www.notibras.com\/site\/cni-abraca-pessimismo-e-ve-economia-crescendo-so-18\/\"},\"author\":{\"name\":\"Reda\u00e7\u00e3o\",\"@id\":\"https:\/\/www.notibras.com\/site\/#\/schema\/person\/36ab0979449956132d3e5b517ea76ac8\"},\"headline\":\"CNI abra\u00e7a pessimismo e v\u00ea economia crescendo s\u00f3 1,8%\",\"datePublished\":\"2014-04-11T09:48:55+00:00\",\"dateModified\":\"2014-04-11T19:50:44+00:00\",\"mainEntityOfPage\":{\"@id\":\"https:\/\/www.notibras.com\/site\/cni-abraca-pessimismo-e-ve-economia-crescendo-so-18\/\"},\"wordCount\":379,\"commentCount\":0,\"publisher\":{\"@id\":\"https:\/\/www.notibras.com\/site\/#organization\"},\"image\":{\"@id\":\"https:\/\/www.notibras.com\/site\/cni-abraca-pessimismo-e-ve-economia-crescendo-so-18\/#primaryimage\"},\"thumbnailUrl\":\"https:\/\/www.notibras.com\/site\/wp-content\/uploads\/2014\/04\/pib.jpg\",\"articleSection\":[\"Brasil\"],\"inLanguage\":\"pt-BR\",\"potentialAction\":[{\"@type\":\"CommentAction\",\"name\":\"Comment\",\"target\":[\"https:\/\/www.notibras.com\/site\/cni-abraca-pessimismo-e-ve-economia-crescendo-so-18\/#respond\"]}]},{\"@type\":\"WebPage\",\"@id\":\"https:\/\/www.notibras.com\/site\/cni-abraca-pessimismo-e-ve-economia-crescendo-so-18\/\",\"url\":\"https:\/\/www.notibras.com\/site\/cni-abraca-pessimismo-e-ve-economia-crescendo-so-18\/\",\"name\":\"CNI abra\u00e7a pessimismo e v\u00ea economia crescendo s\u00f3 1,8% - Notibras\",\"isPartOf\":{\"@id\":\"https:\/\/www.notibras.com\/site\/#website\"},\"primaryImageOfPage\":{\"@id\":\"https:\/\/www.notibras.com\/site\/cni-abraca-pessimismo-e-ve-economia-crescendo-so-18\/#primaryimage\"},\"image\":{\"@id\":\"https:\/\/www.notibras.com\/site\/cni-abraca-pessimismo-e-ve-economia-crescendo-so-18\/#primaryimage\"},\"thumbnailUrl\":\"https:\/\/www.notibras.com\/site\/wp-content\/uploads\/2014\/04\/pib.jpg\",\"datePublished\":\"2014-04-11T09:48:55+00:00\",\"dateModified\":\"2014-04-11T19:50:44+00:00\",\"breadcrumb\":{\"@id\":\"https:\/\/www.notibras.com\/site\/cni-abraca-pessimismo-e-ve-economia-crescendo-so-18\/#breadcrumb\"},\"inLanguage\":\"pt-BR\",\"potentialAction\":[{\"@type\":\"ReadAction\",\"target\":[\"https:\/\/www.notibras.com\/site\/cni-abraca-pessimismo-e-ve-economia-crescendo-so-18\/\"]}]},{\"@type\":\"ImageObject\",\"inLanguage\":\"pt-BR\",\"@id\":\"https:\/\/www.notibras.com\/site\/cni-abraca-pessimismo-e-ve-economia-crescendo-so-18\/#primaryimage\",\"url\":\"https:\/\/www.notibras.com\/site\/wp-content\/uploads\/2014\/04\/pib.jpg\",\"contentUrl\":\"https:\/\/www.notibras.com\/site\/wp-content\/uploads\/2014\/04\/pib.jpg\",\"width\":280,\"height\":210},{\"@type\":\"BreadcrumbList\",\"@id\":\"https:\/\/www.notibras.com\/site\/cni-abraca-pessimismo-e-ve-economia-crescendo-so-18\/#breadcrumb\",\"itemListElement\":[{\"@type\":\"ListItem\",\"position\":1,\"name\":\"In\u00edcio\",\"item\":\"https:\/\/www.notibras.com\/site\/\"},{\"@type\":\"ListItem\",\"position\":2,\"name\":\"CNI abra\u00e7a pessimismo e v\u00ea economia crescendo s\u00f3 1,8%\"}]},{\"@type\":\"WebSite\",\"@id\":\"https:\/\/www.notibras.com\/site\/#website\",\"url\":\"https:\/\/www.notibras.com\/site\/\",\"name\":\"Notibras\",\"description\":\"Not\u00edcias de Bras\u00edlia, do Brasil e do Mundo\",\"publisher\":{\"@id\":\"https:\/\/www.notibras.com\/site\/#organization\"},\"potentialAction\":[{\"@type\":\"SearchAction\",\"target\":{\"@type\":\"EntryPoint\",\"urlTemplate\":\"https:\/\/www.notibras.com\/site\/?s={search_term_string}\"},\"query-input\":{\"@type\":\"PropertyValueSpecification\",\"valueRequired\":true,\"valueName\":\"search_term_string\"}}],\"inLanguage\":\"pt-BR\"},{\"@type\":\"Organization\",\"@id\":\"https:\/\/www.notibras.com\/site\/#organization\",\"name\":\"Grupo Notibras de Comunica\u00e7\u00e3o\",\"url\":\"https:\/\/www.notibras.com\/site\/\",\"logo\":{\"@type\":\"ImageObject\",\"inLanguage\":\"pt-BR\",\"@id\":\"https:\/\/www.notibras.com\/site\/#\/schema\/logo\/image\/\",\"url\":\"https:\/\/www.notibras.com\/site\/wp-content\/uploads\/2023\/01\/notibras23.png\",\"contentUrl\":\"https:\/\/www.notibras.com\/site\/wp-content\/uploads\/2023\/01\/notibras23.png\",\"width\":350,\"height\":87,\"caption\":\"Grupo Notibras de Comunica\u00e7\u00e3o\"},\"image\":{\"@id\":\"https:\/\/www.notibras.com\/site\/#\/schema\/logo\/image\/\"},\"sameAs\":[\"https:\/\/www.facebook.com\/notibras\/\",\"https:\/\/x.com\/Notibras\",\"https:\/\/www.instagram.com\/notibras\/\"]},{\"@type\":\"Person\",\"@id\":\"https:\/\/www.notibras.com\/site\/#\/schema\/person\/36ab0979449956132d3e5b517ea76ac8\",\"name\":\"Reda\u00e7\u00e3o\",\"image\":{\"@type\":\"ImageObject\",\"inLanguage\":\"pt-BR\",\"@id\":\"https:\/\/secure.gravatar.com\/avatar\/e0a867bdedb85fd243eadf09663511f96fc81e0720a4a42581f334ad4303aa6b?s=96&d=mm&r=g\",\"url\":\"https:\/\/secure.gravatar.com\/avatar\/e0a867bdedb85fd243eadf09663511f96fc81e0720a4a42581f334ad4303aa6b?s=96&d=mm&r=g\",\"contentUrl\":\"https:\/\/secure.gravatar.com\/avatar\/e0a867bdedb85fd243eadf09663511f96fc81e0720a4a42581f334ad4303aa6b?s=96&d=mm&r=g\",\"caption\":\"Reda\u00e7\u00e3o\"}}]}<\/script>\n<!-- \/ Yoast SEO plugin. -->","yoast_head_json":{"title":"CNI abra\u00e7a pessimismo e v\u00ea economia crescendo s\u00f3 1,8% - Notibras","robots":{"index":"index","follow":"follow","max-snippet":"max-snippet:-1","max-image-preview":"max-image-preview:large","max-video-preview":"max-video-preview:-1"},"canonical":"https:\/\/www.notibras.com\/site\/cni-abraca-pessimismo-e-ve-economia-crescendo-so-18\/","og_locale":"pt_BR","og_type":"article","og_title":"CNI abra\u00e7a pessimismo e v\u00ea economia crescendo s\u00f3 1,8% - Notibras","og_description":"Depois do Fundo Monet\u00e1rio Internacional (FMI) e do Banco Mundial reduzirem as estimativas de\u00a0 crescimento da economia brasileira, a Confedera\u00e7\u00e3o Nacional da Ind\u00fastria (CNI) anunciou nesta sexta 11 nova proje\u00e7\u00e3o para o indicador, que caiu de 2,1% para 1,8% este ano. Al\u00e9m do Produto Interno Bruto (PIB, soma de todos os bens e servi\u00e7os produzidos [&hellip;]","og_url":"https:\/\/www.notibras.com\/site\/cni-abraca-pessimismo-e-ve-economia-crescendo-so-18\/","og_site_name":"Notibras","article_publisher":"https:\/\/www.facebook.com\/notibras\/","article_published_time":"2014-04-11T09:48:55+00:00","article_modified_time":"2014-04-11T19:50:44+00:00","og_image":[{"width":280,"height":210,"url":"https:\/\/www.notibras.com\/site\/wp-content\/uploads\/2014\/04\/pib.jpg","type":"image\/jpeg"}],"author":"Reda\u00e7\u00e3o","twitter_card":"summary_large_image","twitter_creator":"@Notibras","twitter_site":"@Notibras","twitter_misc":{"Escrito por":"Reda\u00e7\u00e3o","Est. tempo de leitura":"2 minutos"},"schema":{"@context":"https:\/\/schema.org","@graph":[{"@type":"Article","@id":"https:\/\/www.notibras.com\/site\/cni-abraca-pessimismo-e-ve-economia-crescendo-so-18\/#article","isPartOf":{"@id":"https:\/\/www.notibras.com\/site\/cni-abraca-pessimismo-e-ve-economia-crescendo-so-18\/"},"author":{"name":"Reda\u00e7\u00e3o","@id":"https:\/\/www.notibras.com\/site\/#\/schema\/person\/36ab0979449956132d3e5b517ea76ac8"},"headline":"CNI abra\u00e7a pessimismo e v\u00ea economia crescendo s\u00f3 1,8%","datePublished":"2014-04-11T09:48:55+00:00","dateModified":"2014-04-11T19:50:44+00:00","mainEntityOfPage":{"@id":"https:\/\/www.notibras.com\/site\/cni-abraca-pessimismo-e-ve-economia-crescendo-so-18\/"},"wordCount":379,"commentCount":0,"publisher":{"@id":"https:\/\/www.notibras.com\/site\/#organization"},"image":{"@id":"https:\/\/www.notibras.com\/site\/cni-abraca-pessimismo-e-ve-economia-crescendo-so-18\/#primaryimage"},"thumbnailUrl":"https:\/\/www.notibras.com\/site\/wp-content\/uploads\/2014\/04\/pib.jpg","articleSection":["Brasil"],"inLanguage":"pt-BR","potentialAction":[{"@type":"CommentAction","name":"Comment","target":["https:\/\/www.notibras.com\/site\/cni-abraca-pessimismo-e-ve-economia-crescendo-so-18\/#respond"]}]},{"@type":"WebPage","@id":"https:\/\/www.notibras.com\/site\/cni-abraca-pessimismo-e-ve-economia-crescendo-so-18\/","url":"https:\/\/www.notibras.com\/site\/cni-abraca-pessimismo-e-ve-economia-crescendo-so-18\/","name":"CNI abra\u00e7a pessimismo e v\u00ea economia crescendo s\u00f3 1,8% - Notibras","isPartOf":{"@id":"https:\/\/www.notibras.com\/site\/#website"},"primaryImageOfPage":{"@id":"https:\/\/www.notibras.com\/site\/cni-abraca-pessimismo-e-ve-economia-crescendo-so-18\/#primaryimage"},"image":{"@id":"https:\/\/www.notibras.com\/site\/cni-abraca-pessimismo-e-ve-economia-crescendo-so-18\/#primaryimage"},"thumbnailUrl":"https:\/\/www.notibras.com\/site\/wp-content\/uploads\/2014\/04\/pib.jpg","datePublished":"2014-04-11T09:48:55+00:00","dateModified":"2014-04-11T19:50:44+00:00","breadcrumb":{"@id":"https:\/\/www.notibras.com\/site\/cni-abraca-pessimismo-e-ve-economia-crescendo-so-18\/#breadcrumb"},"inLanguage":"pt-BR","potentialAction":[{"@type":"ReadAction","target":["https:\/\/www.notibras.com\/site\/cni-abraca-pessimismo-e-ve-economia-crescendo-so-18\/"]}]},{"@type":"ImageObject","inLanguage":"pt-BR","@id":"https:\/\/www.notibras.com\/site\/cni-abraca-pessimismo-e-ve-economia-crescendo-so-18\/#primaryimage","url":"https:\/\/www.notibras.com\/site\/wp-content\/uploads\/2014\/04\/pib.jpg","contentUrl":"https:\/\/www.notibras.com\/site\/wp-content\/uploads\/2014\/04\/pib.jpg","width":280,"height":210},{"@type":"BreadcrumbList","@id":"https:\/\/www.notibras.com\/site\/cni-abraca-pessimismo-e-ve-economia-crescendo-so-18\/#breadcrumb","itemListElement":[{"@type":"ListItem","position":1,"name":"In\u00edcio","item":"https:\/\/www.notibras.com\/site\/"},{"@type":"ListItem","position":2,"name":"CNI abra\u00e7a pessimismo e v\u00ea economia crescendo s\u00f3 1,8%"}]},{"@type":"WebSite","@id":"https:\/\/www.notibras.com\/site\/#website","url":"https:\/\/www.notibras.com\/site\/","name":"Notibras","description":"Not\u00edcias de Bras\u00edlia, do Brasil e do Mundo","publisher":{"@id":"https:\/\/www.notibras.com\/site\/#organization"},"potentialAction":[{"@type":"SearchAction","target":{"@type":"EntryPoint","urlTemplate":"https:\/\/www.notibras.com\/site\/?s={search_term_string}"},"query-input":{"@type":"PropertyValueSpecification","valueRequired":true,"valueName":"search_term_string"}}],"inLanguage":"pt-BR"},{"@type":"Organization","@id":"https:\/\/www.notibras.com\/site\/#organization","name":"Grupo Notibras de Comunica\u00e7\u00e3o","url":"https:\/\/www.notibras.com\/site\/","logo":{"@type":"ImageObject","inLanguage":"pt-BR","@id":"https:\/\/www.notibras.com\/site\/#\/schema\/logo\/image\/","url":"https:\/\/www.notibras.com\/site\/wp-content\/uploads\/2023\/01\/notibras23.png","contentUrl":"https:\/\/www.notibras.com\/site\/wp-content\/uploads\/2023\/01\/notibras23.png","width":350,"height":87,"caption":"Grupo Notibras de Comunica\u00e7\u00e3o"},"image":{"@id":"https:\/\/www.notibras.com\/site\/#\/schema\/logo\/image\/"},"sameAs":["https:\/\/www.facebook.com\/notibras\/","https:\/\/x.com\/Notibras","https:\/\/www.instagram.com\/notibras\/"]},{"@type":"Person","@id":"https:\/\/www.notibras.com\/site\/#\/schema\/person\/36ab0979449956132d3e5b517ea76ac8","name":"Reda\u00e7\u00e3o","image":{"@type":"ImageObject","inLanguage":"pt-BR","@id":"https:\/\/secure.gravatar.com\/avatar\/e0a867bdedb85fd243eadf09663511f96fc81e0720a4a42581f334ad4303aa6b?s=96&d=mm&r=g","url":"https:\/\/secure.gravatar.com\/avatar\/e0a867bdedb85fd243eadf09663511f96fc81e0720a4a42581f334ad4303aa6b?s=96&d=mm&r=g","contentUrl":"https:\/\/secure.gravatar.com\/avatar\/e0a867bdedb85fd243eadf09663511f96fc81e0720a4a42581f334ad4303aa6b?s=96&d=mm&r=g","caption":"Reda\u00e7\u00e3o"}}]}},"amp_enabled":true,"_links":{"self":[{"href":"https:\/\/www.notibras.com\/site\/wp-json\/wp\/v2\/posts\/6582","targetHints":{"allow":["GET"]}}],"collection":[{"href":"https:\/\/www.notibras.com\/site\/wp-json\/wp\/v2\/posts"}],"about":[{"href":"https:\/\/www.notibras.com\/site\/wp-json\/wp\/v2\/types\/post"}],"author":[{"embeddable":true,"href":"https:\/\/www.notibras.com\/site\/wp-json\/wp\/v2\/users\/2"}],"replies":[{"embeddable":true,"href":"https:\/\/www.notibras.com\/site\/wp-json\/wp\/v2\/comments?post=6582"}],"version-history":[{"count":0,"href":"https:\/\/www.notibras.com\/site\/wp-json\/wp\/v2\/posts\/6582\/revisions"}],"wp:featuredmedia":[{"embeddable":true,"href":"https:\/\/www.notibras.com\/site\/wp-json\/wp\/v2\/media\/6583"}],"wp:attachment":[{"href":"https:\/\/www.notibras.com\/site\/wp-json\/wp\/v2\/media?parent=6582"}],"wp:term":[{"taxonomy":"category","embeddable":true,"href":"https:\/\/www.notibras.com\/site\/wp-json\/wp\/v2\/categories?post=6582"},{"taxonomy":"post_tag","embeddable":true,"href":"https:\/\/www.notibras.com\/site\/wp-json\/wp\/v2\/tags?post=6582"}],"curies":[{"name":"wp","href":"https:\/\/api.w.org\/{rel}","templated":true}]}}