{"id":6585,"date":"2014-04-11T06:52:08","date_gmt":"2014-04-11T09:52:08","guid":{"rendered":"http:\/\/www.notibras.com\/site\/?p=6585"},"modified":"2014-04-11T16:55:45","modified_gmt":"2014-04-11T19:55:45","slug":"dilma-defende-investimento-e-ve-inflacao-sob-controle","status":"publish","type":"post","link":"https:\/\/www.notibras.com\/site\/dilma-defende-investimento-e-ve-inflacao-sob-controle\/","title":{"rendered":"Dilma defende investimento e garante o controle da infla\u00e7\u00e3o"},"content":{"rendered":"<p>A presidenta Dilma Rousseff defendeu nesta sexta 11 os investimentos que o governo tem feito para a Copa do Mundo e disse que os benef\u00edcios ficar\u00e3o para os brasileiros ap\u00f3s o fim do megaevento. Dilma comparou a melhoria da infraestrutura do pa\u00eds para a Copa aos preparativos para receber convidados em casa.<\/p>\n<p>\u201cAs obras, rigorosamente falando, atendem \u00e0 Copa, mas elas n\u00e3o s\u00e3o para a Copa, elas s\u00e3o para o povo desse pa\u00eds, para o povo desse estado. Quando a gente vai dar uma festa na casa da gente, voc\u00ea d\u00e1 uma melhorada na casa, quando vai ter o casamento, voc\u00ea pode at\u00e9 dar uma ampliada na casa, mas todos os benef\u00edcios ficam para quem mora na casa, e \u00e9 isso que acontece conosco\u201d, comparou, em discurso durante cerim\u00f4nia de inaugura\u00e7\u00e3o de um sistema de tratamento sanit\u00e1rio em Porto Alegre (RS).<\/p>\n<p>Dilma citou as obras dos aeroportos internacionais da capital ga\u00facha e de Bras\u00edlia como exemplos de interven\u00e7\u00f5es motivadas pela realiza\u00e7\u00e3o da Copa, mas que ter\u00e3o impactos posteriores. \u201cN\u00e3o tem a ver\u00a0 com Copa, mas com nossa situa\u00e7\u00e3o concreta. A taxa de crescimento de pessoas que procuram avi\u00e3o \u00e9 bastante significativa. Para voc\u00eas terem uma ideia, hoje, no Brasil, 100 milh\u00f5es de passageiros utilizam por ano esse sistema de transporte\u201d, avaliou.<\/p>\n<p>Ao defender o governo das cr\u00edticas pelos investimentos no Mundial, Dilma disse que no Brasil, \u201cmuitas vezes voc\u00ea \u00e9 criticado por ter um cachorro e outras vezes por n\u00e3o ter o mesmo cachorro\u201d. Ela utilizou a mesma met\u00e1fora para defender outras medidas econ\u00f4micas do governo, entre elas, a desonera\u00e7\u00e3o da folha de pagamento e a expans\u00e3o das pol\u00edticas de financiamento para projetos de infraestrutura.<\/p>\n<p>\u201cMontar uma estrutura de financiamento adequada para investimento em infraestrutura \u00e9 condi\u00e7\u00e3o indispens\u00e1vel para esse projeto sair. N\u00e3o \u00e9 poss\u00edvel criticar simultaneamente por n\u00e3o fazer projetos para melhorar a sa\u00fade p\u00fablica e criticar investimentos em saneamento, n\u00e3o \u00e9 poss\u00edvel, n\u00e3o fecha. A equa\u00e7\u00e3o no Brasil tem que fechar e a\u00ed a responsabilidade de cada um de n\u00f3s tem que aparecer.\u201d<\/p>\n<p>Durante o discurso, a presidenta voltou a afirmar que a infla\u00e7\u00e3o est\u00e1 sob controle, apesar da eleva\u00e7\u00e3o do pre\u00e7o de alguns alimentos, motivada, segundo ela, pelas condi\u00e7\u00f5es clim\u00e1ticas do come\u00e7o do ano.<br \/>\n\u201cMantemos sistematicamente um olho e um controle na infla\u00e7\u00e3o mesmo quando, devido \u00e0 seca que ocorre no Sudeste e \u00e0 chuva torrencial que ocorre no Norte do Brasil e \u00e0 seca que, gra\u00e7as a Deus, parece que estamos saindo dela no Nordeste, tivemos impactos em alguns produtos alimentares. Mas \u00e9 importante olhar, primeiro, que isso \u00e9 moment\u00e2neo, e segundo, que enquanto tem alguns produtos que sobem, outros caem\u201d, avaliou. \u201cA infla\u00e7\u00e3o, n\u00f3s iremos controlar sistematicamente\u201d, repetiu.<\/p>\n<div><strong>Luana Louren\u00e7o, ABr<\/strong><strong><\/strong><\/div>\n","protected":false},"excerpt":{"rendered":"<p>A presidenta Dilma Rousseff defendeu nesta sexta 11 os investimentos que o governo tem feito para a Copa do Mundo e disse que os benef\u00edcios ficar\u00e3o para os brasileiros ap\u00f3s o fim do megaevento. Dilma comparou a melhoria da infraestrutura do pa\u00eds para a Copa aos preparativos para receber convidados em casa. \u201cAs obras, rigorosamente [&hellip;]<\/p>\n","protected":false},"author":2,"featured_media":6586,"comment_status":"open","ping_status":"closed","sticky":false,"template":"","format":"standard","meta":{"_acf_changed":false,"footnotes":""},"categories":[16],"tags":[],"class_list":["post-6585","post","type-post","status-publish","format-standard","has-post-thumbnail","hentry","category-brasil"],"acf":[],"yoast_head":"<!-- This site is optimized with the Yoast SEO plugin v27.2 - https:\/\/yoast.com\/product\/yoast-seo-wordpress\/ -->\n<title>Dilma defende investimento e garante o controle da infla\u00e7\u00e3o - Notibras<\/title>\n<meta name=\"robots\" content=\"index, follow, max-snippet:-1, max-image-preview:large, max-video-preview:-1\" \/>\n<link rel=\"canonical\" href=\"https:\/\/www.notibras.com\/site\/dilma-defende-investimento-e-ve-inflacao-sob-controle\/\" \/>\n<meta property=\"og:locale\" content=\"pt_BR\" \/>\n<meta property=\"og:type\" content=\"article\" \/>\n<meta property=\"og:title\" content=\"Dilma defende investimento e garante o controle da infla\u00e7\u00e3o - Notibras\" \/>\n<meta property=\"og:description\" content=\"A presidenta Dilma Rousseff defendeu nesta sexta 11 os investimentos que o governo tem feito para a Copa do Mundo e disse que os benef\u00edcios ficar\u00e3o para os brasileiros ap\u00f3s o fim do megaevento. Dilma comparou a melhoria da infraestrutura do pa\u00eds para a Copa aos preparativos para receber convidados em casa. \u201cAs obras, rigorosamente [&hellip;]\" \/>\n<meta property=\"og:url\" content=\"https:\/\/www.notibras.com\/site\/dilma-defende-investimento-e-ve-inflacao-sob-controle\/\" \/>\n<meta property=\"og:site_name\" content=\"Notibras\" \/>\n<meta property=\"article:publisher\" content=\"https:\/\/www.facebook.com\/notibras\/\" \/>\n<meta property=\"article:published_time\" content=\"2014-04-11T09:52:08+00:00\" \/>\n<meta property=\"article:modified_time\" content=\"2014-04-11T19:55:45+00:00\" \/>\n<meta property=\"og:image\" content=\"https:\/\/www.notibras.com\/site\/wp-content\/uploads\/2014\/04\/dilma.jpg\" \/>\n\t<meta property=\"og:image:width\" content=\"275\" \/>\n\t<meta property=\"og:image:height\" content=\"183\" \/>\n\t<meta property=\"og:image:type\" content=\"image\/jpeg\" \/>\n<meta name=\"author\" content=\"Reda\u00e7\u00e3o\" \/>\n<meta name=\"twitter:card\" content=\"summary_large_image\" \/>\n<meta name=\"twitter:creator\" content=\"@Notibras\" \/>\n<meta name=\"twitter:site\" content=\"@Notibras\" \/>\n<meta name=\"twitter:label1\" content=\"Escrito por\" \/>\n\t<meta name=\"twitter:data1\" content=\"Reda\u00e7\u00e3o\" \/>\n\t<meta name=\"twitter:label2\" content=\"Est. tempo de leitura\" \/>\n\t<meta name=\"twitter:data2\" content=\"2 minutos\" \/>\n<script type=\"application\/ld+json\" class=\"yoast-schema-graph\">{\"@context\":\"https:\/\/schema.org\",\"@graph\":[{\"@type\":\"Article\",\"@id\":\"https:\/\/www.notibras.com\/site\/dilma-defende-investimento-e-ve-inflacao-sob-controle\/#article\",\"isPartOf\":{\"@id\":\"https:\/\/www.notibras.com\/site\/dilma-defende-investimento-e-ve-inflacao-sob-controle\/\"},\"author\":{\"name\":\"Reda\u00e7\u00e3o\",\"@id\":\"https:\/\/www.notibras.com\/site\/#\/schema\/person\/36ab0979449956132d3e5b517ea76ac8\"},\"headline\":\"Dilma defende investimento e garante o controle da infla\u00e7\u00e3o\",\"datePublished\":\"2014-04-11T09:52:08+00:00\",\"dateModified\":\"2014-04-11T19:55:45+00:00\",\"mainEntityOfPage\":{\"@id\":\"https:\/\/www.notibras.com\/site\/dilma-defende-investimento-e-ve-inflacao-sob-controle\/\"},\"wordCount\":495,\"commentCount\":0,\"publisher\":{\"@id\":\"https:\/\/www.notibras.com\/site\/#organization\"},\"image\":{\"@id\":\"https:\/\/www.notibras.com\/site\/dilma-defende-investimento-e-ve-inflacao-sob-controle\/#primaryimage\"},\"thumbnailUrl\":\"https:\/\/www.notibras.com\/site\/wp-content\/uploads\/2014\/04\/dilma.jpg\",\"articleSection\":[\"Brasil\"],\"inLanguage\":\"pt-BR\",\"potentialAction\":[{\"@type\":\"CommentAction\",\"name\":\"Comment\",\"target\":[\"https:\/\/www.notibras.com\/site\/dilma-defende-investimento-e-ve-inflacao-sob-controle\/#respond\"]}]},{\"@type\":\"WebPage\",\"@id\":\"https:\/\/www.notibras.com\/site\/dilma-defende-investimento-e-ve-inflacao-sob-controle\/\",\"url\":\"https:\/\/www.notibras.com\/site\/dilma-defende-investimento-e-ve-inflacao-sob-controle\/\",\"name\":\"Dilma defende investimento e garante o controle da infla\u00e7\u00e3o - Notibras\",\"isPartOf\":{\"@id\":\"https:\/\/www.notibras.com\/site\/#website\"},\"primaryImageOfPage\":{\"@id\":\"https:\/\/www.notibras.com\/site\/dilma-defende-investimento-e-ve-inflacao-sob-controle\/#primaryimage\"},\"image\":{\"@id\":\"https:\/\/www.notibras.com\/site\/dilma-defende-investimento-e-ve-inflacao-sob-controle\/#primaryimage\"},\"thumbnailUrl\":\"https:\/\/www.notibras.com\/site\/wp-content\/uploads\/2014\/04\/dilma.jpg\",\"datePublished\":\"2014-04-11T09:52:08+00:00\",\"dateModified\":\"2014-04-11T19:55:45+00:00\",\"breadcrumb\":{\"@id\":\"https:\/\/www.notibras.com\/site\/dilma-defende-investimento-e-ve-inflacao-sob-controle\/#breadcrumb\"},\"inLanguage\":\"pt-BR\",\"potentialAction\":[{\"@type\":\"ReadAction\",\"target\":[\"https:\/\/www.notibras.com\/site\/dilma-defende-investimento-e-ve-inflacao-sob-controle\/\"]}]},{\"@type\":\"ImageObject\",\"inLanguage\":\"pt-BR\",\"@id\":\"https:\/\/www.notibras.com\/site\/dilma-defende-investimento-e-ve-inflacao-sob-controle\/#primaryimage\",\"url\":\"https:\/\/www.notibras.com\/site\/wp-content\/uploads\/2014\/04\/dilma.jpg\",\"contentUrl\":\"https:\/\/www.notibras.com\/site\/wp-content\/uploads\/2014\/04\/dilma.jpg\",\"width\":275,\"height\":183},{\"@type\":\"BreadcrumbList\",\"@id\":\"https:\/\/www.notibras.com\/site\/dilma-defende-investimento-e-ve-inflacao-sob-controle\/#breadcrumb\",\"itemListElement\":[{\"@type\":\"ListItem\",\"position\":1,\"name\":\"In\u00edcio\",\"item\":\"https:\/\/www.notibras.com\/site\/\"},{\"@type\":\"ListItem\",\"position\":2,\"name\":\"Dilma defende investimento e garante o controle da infla\u00e7\u00e3o\"}]},{\"@type\":\"WebSite\",\"@id\":\"https:\/\/www.notibras.com\/site\/#website\",\"url\":\"https:\/\/www.notibras.com\/site\/\",\"name\":\"Notibras\",\"description\":\"Not\u00edcias de Bras\u00edlia, do Brasil e do Mundo\",\"publisher\":{\"@id\":\"https:\/\/www.notibras.com\/site\/#organization\"},\"potentialAction\":[{\"@type\":\"SearchAction\",\"target\":{\"@type\":\"EntryPoint\",\"urlTemplate\":\"https:\/\/www.notibras.com\/site\/?s={search_term_string}\"},\"query-input\":{\"@type\":\"PropertyValueSpecification\",\"valueRequired\":true,\"valueName\":\"search_term_string\"}}],\"inLanguage\":\"pt-BR\"},{\"@type\":\"Organization\",\"@id\":\"https:\/\/www.notibras.com\/site\/#organization\",\"name\":\"Grupo Notibras de Comunica\u00e7\u00e3o\",\"url\":\"https:\/\/www.notibras.com\/site\/\",\"logo\":{\"@type\":\"ImageObject\",\"inLanguage\":\"pt-BR\",\"@id\":\"https:\/\/www.notibras.com\/site\/#\/schema\/logo\/image\/\",\"url\":\"https:\/\/www.notibras.com\/site\/wp-content\/uploads\/2023\/01\/notibras23.png\",\"contentUrl\":\"https:\/\/www.notibras.com\/site\/wp-content\/uploads\/2023\/01\/notibras23.png\",\"width\":350,\"height\":87,\"caption\":\"Grupo Notibras de Comunica\u00e7\u00e3o\"},\"image\":{\"@id\":\"https:\/\/www.notibras.com\/site\/#\/schema\/logo\/image\/\"},\"sameAs\":[\"https:\/\/www.facebook.com\/notibras\/\",\"https:\/\/x.com\/Notibras\",\"https:\/\/www.instagram.com\/notibras\/\"]},{\"@type\":\"Person\",\"@id\":\"https:\/\/www.notibras.com\/site\/#\/schema\/person\/36ab0979449956132d3e5b517ea76ac8\",\"name\":\"Reda\u00e7\u00e3o\",\"image\":{\"@type\":\"ImageObject\",\"inLanguage\":\"pt-BR\",\"@id\":\"https:\/\/secure.gravatar.com\/avatar\/e0a867bdedb85fd243eadf09663511f96fc81e0720a4a42581f334ad4303aa6b?s=96&d=mm&r=g\",\"url\":\"https:\/\/secure.gravatar.com\/avatar\/e0a867bdedb85fd243eadf09663511f96fc81e0720a4a42581f334ad4303aa6b?s=96&d=mm&r=g\",\"contentUrl\":\"https:\/\/secure.gravatar.com\/avatar\/e0a867bdedb85fd243eadf09663511f96fc81e0720a4a42581f334ad4303aa6b?s=96&d=mm&r=g\",\"caption\":\"Reda\u00e7\u00e3o\"}}]}<\/script>\n<!-- \/ Yoast SEO plugin. -->","yoast_head_json":{"title":"Dilma defende investimento e garante o controle da infla\u00e7\u00e3o - Notibras","robots":{"index":"index","follow":"follow","max-snippet":"max-snippet:-1","max-image-preview":"max-image-preview:large","max-video-preview":"max-video-preview:-1"},"canonical":"https:\/\/www.notibras.com\/site\/dilma-defende-investimento-e-ve-inflacao-sob-controle\/","og_locale":"pt_BR","og_type":"article","og_title":"Dilma defende investimento e garante o controle da infla\u00e7\u00e3o - Notibras","og_description":"A presidenta Dilma Rousseff defendeu nesta sexta 11 os investimentos que o governo tem feito para a Copa do Mundo e disse que os benef\u00edcios ficar\u00e3o para os brasileiros ap\u00f3s o fim do megaevento. Dilma comparou a melhoria da infraestrutura do pa\u00eds para a Copa aos preparativos para receber convidados em casa. \u201cAs obras, rigorosamente [&hellip;]","og_url":"https:\/\/www.notibras.com\/site\/dilma-defende-investimento-e-ve-inflacao-sob-controle\/","og_site_name":"Notibras","article_publisher":"https:\/\/www.facebook.com\/notibras\/","article_published_time":"2014-04-11T09:52:08+00:00","article_modified_time":"2014-04-11T19:55:45+00:00","og_image":[{"width":275,"height":183,"url":"https:\/\/www.notibras.com\/site\/wp-content\/uploads\/2014\/04\/dilma.jpg","type":"image\/jpeg"}],"author":"Reda\u00e7\u00e3o","twitter_card":"summary_large_image","twitter_creator":"@Notibras","twitter_site":"@Notibras","twitter_misc":{"Escrito por":"Reda\u00e7\u00e3o","Est. tempo de leitura":"2 minutos"},"schema":{"@context":"https:\/\/schema.org","@graph":[{"@type":"Article","@id":"https:\/\/www.notibras.com\/site\/dilma-defende-investimento-e-ve-inflacao-sob-controle\/#article","isPartOf":{"@id":"https:\/\/www.notibras.com\/site\/dilma-defende-investimento-e-ve-inflacao-sob-controle\/"},"author":{"name":"Reda\u00e7\u00e3o","@id":"https:\/\/www.notibras.com\/site\/#\/schema\/person\/36ab0979449956132d3e5b517ea76ac8"},"headline":"Dilma defende investimento e garante o controle da infla\u00e7\u00e3o","datePublished":"2014-04-11T09:52:08+00:00","dateModified":"2014-04-11T19:55:45+00:00","mainEntityOfPage":{"@id":"https:\/\/www.notibras.com\/site\/dilma-defende-investimento-e-ve-inflacao-sob-controle\/"},"wordCount":495,"commentCount":0,"publisher":{"@id":"https:\/\/www.notibras.com\/site\/#organization"},"image":{"@id":"https:\/\/www.notibras.com\/site\/dilma-defende-investimento-e-ve-inflacao-sob-controle\/#primaryimage"},"thumbnailUrl":"https:\/\/www.notibras.com\/site\/wp-content\/uploads\/2014\/04\/dilma.jpg","articleSection":["Brasil"],"inLanguage":"pt-BR","potentialAction":[{"@type":"CommentAction","name":"Comment","target":["https:\/\/www.notibras.com\/site\/dilma-defende-investimento-e-ve-inflacao-sob-controle\/#respond"]}]},{"@type":"WebPage","@id":"https:\/\/www.notibras.com\/site\/dilma-defende-investimento-e-ve-inflacao-sob-controle\/","url":"https:\/\/www.notibras.com\/site\/dilma-defende-investimento-e-ve-inflacao-sob-controle\/","name":"Dilma defende investimento e garante o controle da infla\u00e7\u00e3o - Notibras","isPartOf":{"@id":"https:\/\/www.notibras.com\/site\/#website"},"primaryImageOfPage":{"@id":"https:\/\/www.notibras.com\/site\/dilma-defende-investimento-e-ve-inflacao-sob-controle\/#primaryimage"},"image":{"@id":"https:\/\/www.notibras.com\/site\/dilma-defende-investimento-e-ve-inflacao-sob-controle\/#primaryimage"},"thumbnailUrl":"https:\/\/www.notibras.com\/site\/wp-content\/uploads\/2014\/04\/dilma.jpg","datePublished":"2014-04-11T09:52:08+00:00","dateModified":"2014-04-11T19:55:45+00:00","breadcrumb":{"@id":"https:\/\/www.notibras.com\/site\/dilma-defende-investimento-e-ve-inflacao-sob-controle\/#breadcrumb"},"inLanguage":"pt-BR","potentialAction":[{"@type":"ReadAction","target":["https:\/\/www.notibras.com\/site\/dilma-defende-investimento-e-ve-inflacao-sob-controle\/"]}]},{"@type":"ImageObject","inLanguage":"pt-BR","@id":"https:\/\/www.notibras.com\/site\/dilma-defende-investimento-e-ve-inflacao-sob-controle\/#primaryimage","url":"https:\/\/www.notibras.com\/site\/wp-content\/uploads\/2014\/04\/dilma.jpg","contentUrl":"https:\/\/www.notibras.com\/site\/wp-content\/uploads\/2014\/04\/dilma.jpg","width":275,"height":183},{"@type":"BreadcrumbList","@id":"https:\/\/www.notibras.com\/site\/dilma-defende-investimento-e-ve-inflacao-sob-controle\/#breadcrumb","itemListElement":[{"@type":"ListItem","position":1,"name":"In\u00edcio","item":"https:\/\/www.notibras.com\/site\/"},{"@type":"ListItem","position":2,"name":"Dilma defende investimento e garante o controle da infla\u00e7\u00e3o"}]},{"@type":"WebSite","@id":"https:\/\/www.notibras.com\/site\/#website","url":"https:\/\/www.notibras.com\/site\/","name":"Notibras","description":"Not\u00edcias de Bras\u00edlia, do Brasil e do Mundo","publisher":{"@id":"https:\/\/www.notibras.com\/site\/#organization"},"potentialAction":[{"@type":"SearchAction","target":{"@type":"EntryPoint","urlTemplate":"https:\/\/www.notibras.com\/site\/?s={search_term_string}"},"query-input":{"@type":"PropertyValueSpecification","valueRequired":true,"valueName":"search_term_string"}}],"inLanguage":"pt-BR"},{"@type":"Organization","@id":"https:\/\/www.notibras.com\/site\/#organization","name":"Grupo Notibras de Comunica\u00e7\u00e3o","url":"https:\/\/www.notibras.com\/site\/","logo":{"@type":"ImageObject","inLanguage":"pt-BR","@id":"https:\/\/www.notibras.com\/site\/#\/schema\/logo\/image\/","url":"https:\/\/www.notibras.com\/site\/wp-content\/uploads\/2023\/01\/notibras23.png","contentUrl":"https:\/\/www.notibras.com\/site\/wp-content\/uploads\/2023\/01\/notibras23.png","width":350,"height":87,"caption":"Grupo Notibras de Comunica\u00e7\u00e3o"},"image":{"@id":"https:\/\/www.notibras.com\/site\/#\/schema\/logo\/image\/"},"sameAs":["https:\/\/www.facebook.com\/notibras\/","https:\/\/x.com\/Notibras","https:\/\/www.instagram.com\/notibras\/"]},{"@type":"Person","@id":"https:\/\/www.notibras.com\/site\/#\/schema\/person\/36ab0979449956132d3e5b517ea76ac8","name":"Reda\u00e7\u00e3o","image":{"@type":"ImageObject","inLanguage":"pt-BR","@id":"https:\/\/secure.gravatar.com\/avatar\/e0a867bdedb85fd243eadf09663511f96fc81e0720a4a42581f334ad4303aa6b?s=96&d=mm&r=g","url":"https:\/\/secure.gravatar.com\/avatar\/e0a867bdedb85fd243eadf09663511f96fc81e0720a4a42581f334ad4303aa6b?s=96&d=mm&r=g","contentUrl":"https:\/\/secure.gravatar.com\/avatar\/e0a867bdedb85fd243eadf09663511f96fc81e0720a4a42581f334ad4303aa6b?s=96&d=mm&r=g","caption":"Reda\u00e7\u00e3o"}}]}},"amp_enabled":true,"_links":{"self":[{"href":"https:\/\/www.notibras.com\/site\/wp-json\/wp\/v2\/posts\/6585","targetHints":{"allow":["GET"]}}],"collection":[{"href":"https:\/\/www.notibras.com\/site\/wp-json\/wp\/v2\/posts"}],"about":[{"href":"https:\/\/www.notibras.com\/site\/wp-json\/wp\/v2\/types\/post"}],"author":[{"embeddable":true,"href":"https:\/\/www.notibras.com\/site\/wp-json\/wp\/v2\/users\/2"}],"replies":[{"embeddable":true,"href":"https:\/\/www.notibras.com\/site\/wp-json\/wp\/v2\/comments?post=6585"}],"version-history":[{"count":0,"href":"https:\/\/www.notibras.com\/site\/wp-json\/wp\/v2\/posts\/6585\/revisions"}],"wp:featuredmedia":[{"embeddable":true,"href":"https:\/\/www.notibras.com\/site\/wp-json\/wp\/v2\/media\/6586"}],"wp:attachment":[{"href":"https:\/\/www.notibras.com\/site\/wp-json\/wp\/v2\/media?parent=6585"}],"wp:term":[{"taxonomy":"category","embeddable":true,"href":"https:\/\/www.notibras.com\/site\/wp-json\/wp\/v2\/categories?post=6585"},{"taxonomy":"post_tag","embeddable":true,"href":"https:\/\/www.notibras.com\/site\/wp-json\/wp\/v2\/tags?post=6585"}],"curies":[{"name":"wp","href":"https:\/\/api.w.org\/{rel}","templated":true}]}}