{"id":6593,"date":"2014-04-11T10:06:40","date_gmt":"2014-04-11T13:06:40","guid":{"rendered":"http:\/\/www.notibras.com\/site\/?p=6593"},"modified":"2014-04-11T22:32:06","modified_gmt":"2014-04-12T01:32:06","slug":"professor-tenta-ajudar-alunos-mas-burocracia-da-educacao-arruina-tudo","status":"publish","type":"post","link":"https:\/\/www.notibras.com\/site\/professor-tenta-ajudar-alunos-mas-burocracia-da-educacao-arruina-tudo\/","title":{"rendered":"Professor tenta ajudar alunos, mas burocracia p\u00f5e tudo a perder"},"content":{"rendered":"<p>Incomodado com o calor nas salas de aula em que lecionava em uma escola em Planaltina, o professor de portugu\u00eas Davi Moreira decidiu medir e registrar em um document\u00e1rio as temperaturas alcan\u00e7adas durante o dia. O resultado impressiona, revela o G1: em uma tarde de outubro, a temperatura no ambiente chegou a 39,9\u00b0 C \u2013 as paredes de cimento chegaram a 49\u00b0 C.<\/p>\n<p>Preocupado com o rendimento dos alunos, Moreira conseguiu a doa\u00e7\u00e3o de dez aparelhos de ar-condicionado junto \u00e0 Receita Federal. O equipamento, no entanto, est\u00e1 desde julho do ano passado armazenado no galp\u00e3o da escola porque, antes de mandar instalar os equipamentos, a Secretaria de Educa\u00e7\u00e3o ainda precisa incorpor\u00e1-los ao patrim\u00f4nio da institui\u00e7\u00e3o.<\/p>\n<p>A secretaria informou que uma vistoria j\u00e1 foi realizada na escola para verificar as condi\u00e7\u00f5es el\u00e9tricas e de seguran\u00e7a para instala\u00e7\u00e3o do equipamento, mas afirmou que n\u00e3o \u00e9 poss\u00edvel precisar quando o documento vai ficar pronto.<\/p>\n<div>\n<div>\u201cFoi durante a aplica\u00e7\u00e3o de uma prova, em que os alunos precisaram ficar v\u00e1rias horas na mesma sala, que percebi que eles pegavam a folha de papel, come\u00e7avam a se abanar, e aquilo chamou a minha aten\u00e7\u00e3o. Como um aluno vai conseguir se concentrar para fazer a prova se o ambiente n\u00e3o permite a ele o conforto e a tranquilidade para poder se concentrar?&#8221;<\/div>\n<div>Davi Moreira, professor de portugu\u00eas<\/div>\n<\/div>\n<p>Moreira conta que sempre deu aulas pela noite, mas que, depois que come\u00e7ou a trabalhar \u00e0 tarde, passou a sentir muito calor. \u201cTranspirava muito durante as aulas, mas achava que era coisa minha\u201d, disse. \u201cFoi durante a aplica\u00e7\u00e3o de uma prova, em que os alunos precisaram ficar v\u00e1rias horas na mesma sala, que percebi que eles pegavam a folha de papel, come\u00e7avam a se abanar, e aquilo chamou a minha aten\u00e7\u00e3o. Como um aluno vai conseguir se concentrar para fazer a prova se o ambiente n\u00e3o permite a ele o conforto e a tranquilidade para poder se concentrar?\u201d<\/p>\n<p>Foi neste momento que o professor decidiu comprar um term\u00f4metro e anotar diariamente as temperaturas dentro da sala de aula. Ao pesquisar sobre o assunto, ele descobriu que pelas normas brasileiras, um ambiente ideal para a atividade intelectual deveria ter temperatura entre 20\u00b0 C e 23\u00b0 C.<\/p>\n<p>Segundo Moreira, o problema das altas temperaturas nas salas de aula do DF se deve \u00e0 arquitetura e \u00e0 engenharia padr\u00e3o das constru\u00e7\u00f5es. \u201cQuase no geral, usam material de baixa qualidade, devido ao pre\u00e7o. As telhas s\u00e3o de eternit, cimento ou amianto, e, embaixo dessa telha, para n\u00e3o ficar quente demais, colocam um forro de PVC. A telha ent\u00e3o aquece muito e passa o calor para o forro, que n\u00e3o deixa sair calor de dentro da sala&#8221;, diz.<\/p>\n<p>&#8220;Em algumas escolas, voc\u00ea tem calor excessivo na parede. Ent\u00e3o tem o aquecimento do teto, da parede, da telha, n\u00e3o tem propaga\u00e7\u00e3o de ar interno, mais os corpos que est\u00e3o l\u00e1 dentro. Ao ligar o ventilador, voc\u00ea tem que tipo de ar? Circula ar quente. E isso provoca v\u00e1rios sintomas, como irrita\u00e7\u00e3o, sono, perda da concentra\u00e7\u00e3o, sangramento no nariz. Como \u00e9 que eu, enquanto aluno, vou me concentrar numa situa\u00e7\u00e3o dessas?&#8221;<\/p>\n<p>A primeira campanha do professor para colocar ar-condicionado nas salas de aula n\u00e3o foi bem-sucedida. \u201cEnviamos 160 bilhetes para os pais dos alunos explicando a situa\u00e7\u00e3o e pedimos doa\u00e7\u00f5es de R$ 10 para comprar um aparelho de-ar condicionado. Mas, de todos os bilhetes enviados, s\u00f3 obtive R$ 10. S\u00f3 um pai fez a doa\u00e7\u00e3o.\u201d<\/p>\n<p>No fim de 2012, o professor conseguiu, atrav\u00e9s da Associa\u00e7\u00e3o Brasileira de Cirurgi\u00f5es Dentistas, a doa\u00e7\u00e3o de um aparelho para o Centro Educacional Dona Am\u00e9rica Guimar\u00e3es, que chegou a ser instalado. Meses depois, ele foi transferido para o Centro de Ensino Fundamental 04, tamb\u00e9m em Planaltina, onde voltou a registrar as altas temperaturas nas salas de aula \u2013 que chegaram a 36\u00b0 C em mar\u00e7o.<\/p>\n<p>Em maio o professor ser\u00e1 novamente transferido para outra escola, sem conseguir ver os dez aparelhos em funcionamento. \u201cTodo o per\u00edodo de pico de calor, julho e agosto, ficamos sem ar-condicionado, que est\u00e3o parados at\u00e9 hoje. N\u00e3o h\u00e1 previs\u00e3o de instala\u00e7\u00e3o\u201d, disse.<\/p>\n<p>\u201cTodos os gabinetes e salas dos diretores t\u00eam ar-condicionado, sem exce\u00e7\u00e3o, mas para os alunos, n\u00e3o. N\u00e3o deveria ser assim. Se eu tiver um aluno em um ambiente prop\u00edcio, ele vai dar um resultado muito melhor e vai ter maior aprendizagem\u201d, disse.\u201d<\/p>\n","protected":false},"excerpt":{"rendered":"<p>Incomodado com o calor nas salas de aula em que lecionava em uma escola em Planaltina, o professor de portugu\u00eas Davi Moreira decidiu medir e registrar em um document\u00e1rio as temperaturas alcan\u00e7adas durante o dia. O resultado impressiona, revela o G1: em uma tarde de outubro, a temperatura no ambiente chegou a 39,9\u00b0 C \u2013 [&hellip;]<\/p>\n","protected":false},"author":2,"featured_media":6594,"comment_status":"open","ping_status":"closed","sticky":false,"template":"","format":"standard","meta":{"_acf_changed":false,"footnotes":""},"categories":[1],"tags":[],"class_list":["post-6593","post","type-post","status-publish","format-standard","has-post-thumbnail","hentry","category-brasilia"],"acf":[],"yoast_head":"<!-- This site is optimized with the Yoast SEO plugin v27.2 - https:\/\/yoast.com\/product\/yoast-seo-wordpress\/ -->\n<title>Professor tenta ajudar alunos, mas burocracia p\u00f5e tudo a perder - Notibras<\/title>\n<meta name=\"robots\" content=\"index, follow, max-snippet:-1, max-image-preview:large, max-video-preview:-1\" \/>\n<link rel=\"canonical\" href=\"https:\/\/www.notibras.com\/site\/professor-tenta-ajudar-alunos-mas-burocracia-da-educacao-arruina-tudo\/\" \/>\n<meta property=\"og:locale\" content=\"pt_BR\" \/>\n<meta property=\"og:type\" content=\"article\" \/>\n<meta property=\"og:title\" content=\"Professor tenta ajudar alunos, mas burocracia p\u00f5e tudo a perder - Notibras\" \/>\n<meta property=\"og:description\" content=\"Incomodado com o calor nas salas de aula em que lecionava em uma escola em Planaltina, o professor de portugu\u00eas Davi Moreira decidiu medir e registrar em um document\u00e1rio as temperaturas alcan\u00e7adas durante o dia. O resultado impressiona, revela o G1: em uma tarde de outubro, a temperatura no ambiente chegou a 39,9\u00b0 C \u2013 [&hellip;]\" \/>\n<meta property=\"og:url\" content=\"https:\/\/www.notibras.com\/site\/professor-tenta-ajudar-alunos-mas-burocracia-da-educacao-arruina-tudo\/\" \/>\n<meta property=\"og:site_name\" content=\"Notibras\" \/>\n<meta property=\"article:publisher\" content=\"https:\/\/www.facebook.com\/notibras\/\" \/>\n<meta property=\"article:published_time\" content=\"2014-04-11T13:06:40+00:00\" \/>\n<meta property=\"article:modified_time\" content=\"2014-04-12T01:32:06+00:00\" \/>\n<meta property=\"og:image\" content=\"https:\/\/www.notibras.com\/site\/wp-content\/uploads\/2014\/04\/df11.jpg\" \/>\n\t<meta property=\"og:image:width\" content=\"346\" \/>\n\t<meta property=\"og:image:height\" content=\"260\" \/>\n\t<meta property=\"og:image:type\" content=\"image\/jpeg\" \/>\n<meta name=\"author\" content=\"Reda\u00e7\u00e3o\" \/>\n<meta name=\"twitter:card\" content=\"summary_large_image\" \/>\n<meta name=\"twitter:creator\" content=\"@Notibras\" \/>\n<meta name=\"twitter:site\" content=\"@Notibras\" \/>\n<meta name=\"twitter:label1\" content=\"Escrito por\" \/>\n\t<meta name=\"twitter:data1\" content=\"Reda\u00e7\u00e3o\" \/>\n\t<meta name=\"twitter:label2\" content=\"Est. tempo de leitura\" \/>\n\t<meta name=\"twitter:data2\" content=\"4 minutos\" \/>\n<script type=\"application\/ld+json\" class=\"yoast-schema-graph\">{\"@context\":\"https:\/\/schema.org\",\"@graph\":[{\"@type\":\"Article\",\"@id\":\"https:\/\/www.notibras.com\/site\/professor-tenta-ajudar-alunos-mas-burocracia-da-educacao-arruina-tudo\/#article\",\"isPartOf\":{\"@id\":\"https:\/\/www.notibras.com\/site\/professor-tenta-ajudar-alunos-mas-burocracia-da-educacao-arruina-tudo\/\"},\"author\":{\"name\":\"Reda\u00e7\u00e3o\",\"@id\":\"https:\/\/www.notibras.com\/site\/#\/schema\/person\/36ab0979449956132d3e5b517ea76ac8\"},\"headline\":\"Professor tenta ajudar alunos, mas burocracia p\u00f5e tudo a perder\",\"datePublished\":\"2014-04-11T13:06:40+00:00\",\"dateModified\":\"2014-04-12T01:32:06+00:00\",\"mainEntityOfPage\":{\"@id\":\"https:\/\/www.notibras.com\/site\/professor-tenta-ajudar-alunos-mas-burocracia-da-educacao-arruina-tudo\/\"},\"wordCount\":775,\"commentCount\":0,\"publisher\":{\"@id\":\"https:\/\/www.notibras.com\/site\/#organization\"},\"image\":{\"@id\":\"https:\/\/www.notibras.com\/site\/professor-tenta-ajudar-alunos-mas-burocracia-da-educacao-arruina-tudo\/#primaryimage\"},\"thumbnailUrl\":\"https:\/\/www.notibras.com\/site\/wp-content\/uploads\/2014\/04\/df11.jpg\",\"articleSection\":[\"Bras\u00edlia\"],\"inLanguage\":\"pt-BR\",\"potentialAction\":[{\"@type\":\"CommentAction\",\"name\":\"Comment\",\"target\":[\"https:\/\/www.notibras.com\/site\/professor-tenta-ajudar-alunos-mas-burocracia-da-educacao-arruina-tudo\/#respond\"]}]},{\"@type\":\"WebPage\",\"@id\":\"https:\/\/www.notibras.com\/site\/professor-tenta-ajudar-alunos-mas-burocracia-da-educacao-arruina-tudo\/\",\"url\":\"https:\/\/www.notibras.com\/site\/professor-tenta-ajudar-alunos-mas-burocracia-da-educacao-arruina-tudo\/\",\"name\":\"Professor tenta ajudar alunos, mas burocracia p\u00f5e tudo a perder - Notibras\",\"isPartOf\":{\"@id\":\"https:\/\/www.notibras.com\/site\/#website\"},\"primaryImageOfPage\":{\"@id\":\"https:\/\/www.notibras.com\/site\/professor-tenta-ajudar-alunos-mas-burocracia-da-educacao-arruina-tudo\/#primaryimage\"},\"image\":{\"@id\":\"https:\/\/www.notibras.com\/site\/professor-tenta-ajudar-alunos-mas-burocracia-da-educacao-arruina-tudo\/#primaryimage\"},\"thumbnailUrl\":\"https:\/\/www.notibras.com\/site\/wp-content\/uploads\/2014\/04\/df11.jpg\",\"datePublished\":\"2014-04-11T13:06:40+00:00\",\"dateModified\":\"2014-04-12T01:32:06+00:00\",\"breadcrumb\":{\"@id\":\"https:\/\/www.notibras.com\/site\/professor-tenta-ajudar-alunos-mas-burocracia-da-educacao-arruina-tudo\/#breadcrumb\"},\"inLanguage\":\"pt-BR\",\"potentialAction\":[{\"@type\":\"ReadAction\",\"target\":[\"https:\/\/www.notibras.com\/site\/professor-tenta-ajudar-alunos-mas-burocracia-da-educacao-arruina-tudo\/\"]}]},{\"@type\":\"ImageObject\",\"inLanguage\":\"pt-BR\",\"@id\":\"https:\/\/www.notibras.com\/site\/professor-tenta-ajudar-alunos-mas-burocracia-da-educacao-arruina-tudo\/#primaryimage\",\"url\":\"https:\/\/www.notibras.com\/site\/wp-content\/uploads\/2014\/04\/df11.jpg\",\"contentUrl\":\"https:\/\/www.notibras.com\/site\/wp-content\/uploads\/2014\/04\/df11.jpg\",\"width\":346,\"height\":260},{\"@type\":\"BreadcrumbList\",\"@id\":\"https:\/\/www.notibras.com\/site\/professor-tenta-ajudar-alunos-mas-burocracia-da-educacao-arruina-tudo\/#breadcrumb\",\"itemListElement\":[{\"@type\":\"ListItem\",\"position\":1,\"name\":\"In\u00edcio\",\"item\":\"https:\/\/www.notibras.com\/site\/\"},{\"@type\":\"ListItem\",\"position\":2,\"name\":\"Professor tenta ajudar alunos, mas burocracia p\u00f5e tudo a perder\"}]},{\"@type\":\"WebSite\",\"@id\":\"https:\/\/www.notibras.com\/site\/#website\",\"url\":\"https:\/\/www.notibras.com\/site\/\",\"name\":\"Notibras\",\"description\":\"Not\u00edcias de Bras\u00edlia, do Brasil e do Mundo\",\"publisher\":{\"@id\":\"https:\/\/www.notibras.com\/site\/#organization\"},\"potentialAction\":[{\"@type\":\"SearchAction\",\"target\":{\"@type\":\"EntryPoint\",\"urlTemplate\":\"https:\/\/www.notibras.com\/site\/?s={search_term_string}\"},\"query-input\":{\"@type\":\"PropertyValueSpecification\",\"valueRequired\":true,\"valueName\":\"search_term_string\"}}],\"inLanguage\":\"pt-BR\"},{\"@type\":\"Organization\",\"@id\":\"https:\/\/www.notibras.com\/site\/#organization\",\"name\":\"Grupo Notibras de Comunica\u00e7\u00e3o\",\"url\":\"https:\/\/www.notibras.com\/site\/\",\"logo\":{\"@type\":\"ImageObject\",\"inLanguage\":\"pt-BR\",\"@id\":\"https:\/\/www.notibras.com\/site\/#\/schema\/logo\/image\/\",\"url\":\"https:\/\/www.notibras.com\/site\/wp-content\/uploads\/2023\/01\/notibras23.png\",\"contentUrl\":\"https:\/\/www.notibras.com\/site\/wp-content\/uploads\/2023\/01\/notibras23.png\",\"width\":350,\"height\":87,\"caption\":\"Grupo Notibras de Comunica\u00e7\u00e3o\"},\"image\":{\"@id\":\"https:\/\/www.notibras.com\/site\/#\/schema\/logo\/image\/\"},\"sameAs\":[\"https:\/\/www.facebook.com\/notibras\/\",\"https:\/\/x.com\/Notibras\",\"https:\/\/www.instagram.com\/notibras\/\"]},{\"@type\":\"Person\",\"@id\":\"https:\/\/www.notibras.com\/site\/#\/schema\/person\/36ab0979449956132d3e5b517ea76ac8\",\"name\":\"Reda\u00e7\u00e3o\",\"image\":{\"@type\":\"ImageObject\",\"inLanguage\":\"pt-BR\",\"@id\":\"https:\/\/secure.gravatar.com\/avatar\/e0a867bdedb85fd243eadf09663511f96fc81e0720a4a42581f334ad4303aa6b?s=96&d=mm&r=g\",\"url\":\"https:\/\/secure.gravatar.com\/avatar\/e0a867bdedb85fd243eadf09663511f96fc81e0720a4a42581f334ad4303aa6b?s=96&d=mm&r=g\",\"contentUrl\":\"https:\/\/secure.gravatar.com\/avatar\/e0a867bdedb85fd243eadf09663511f96fc81e0720a4a42581f334ad4303aa6b?s=96&d=mm&r=g\",\"caption\":\"Reda\u00e7\u00e3o\"}}]}<\/script>\n<!-- \/ Yoast SEO plugin. -->","yoast_head_json":{"title":"Professor tenta ajudar alunos, mas burocracia p\u00f5e tudo a perder - Notibras","robots":{"index":"index","follow":"follow","max-snippet":"max-snippet:-1","max-image-preview":"max-image-preview:large","max-video-preview":"max-video-preview:-1"},"canonical":"https:\/\/www.notibras.com\/site\/professor-tenta-ajudar-alunos-mas-burocracia-da-educacao-arruina-tudo\/","og_locale":"pt_BR","og_type":"article","og_title":"Professor tenta ajudar alunos, mas burocracia p\u00f5e tudo a perder - Notibras","og_description":"Incomodado com o calor nas salas de aula em que lecionava em uma escola em Planaltina, o professor de portugu\u00eas Davi Moreira decidiu medir e registrar em um document\u00e1rio as temperaturas alcan\u00e7adas durante o dia. O resultado impressiona, revela o G1: em uma tarde de outubro, a temperatura no ambiente chegou a 39,9\u00b0 C \u2013 [&hellip;]","og_url":"https:\/\/www.notibras.com\/site\/professor-tenta-ajudar-alunos-mas-burocracia-da-educacao-arruina-tudo\/","og_site_name":"Notibras","article_publisher":"https:\/\/www.facebook.com\/notibras\/","article_published_time":"2014-04-11T13:06:40+00:00","article_modified_time":"2014-04-12T01:32:06+00:00","og_image":[{"width":346,"height":260,"url":"https:\/\/www.notibras.com\/site\/wp-content\/uploads\/2014\/04\/df11.jpg","type":"image\/jpeg"}],"author":"Reda\u00e7\u00e3o","twitter_card":"summary_large_image","twitter_creator":"@Notibras","twitter_site":"@Notibras","twitter_misc":{"Escrito por":"Reda\u00e7\u00e3o","Est. tempo de leitura":"4 minutos"},"schema":{"@context":"https:\/\/schema.org","@graph":[{"@type":"Article","@id":"https:\/\/www.notibras.com\/site\/professor-tenta-ajudar-alunos-mas-burocracia-da-educacao-arruina-tudo\/#article","isPartOf":{"@id":"https:\/\/www.notibras.com\/site\/professor-tenta-ajudar-alunos-mas-burocracia-da-educacao-arruina-tudo\/"},"author":{"name":"Reda\u00e7\u00e3o","@id":"https:\/\/www.notibras.com\/site\/#\/schema\/person\/36ab0979449956132d3e5b517ea76ac8"},"headline":"Professor tenta ajudar alunos, mas burocracia p\u00f5e tudo a perder","datePublished":"2014-04-11T13:06:40+00:00","dateModified":"2014-04-12T01:32:06+00:00","mainEntityOfPage":{"@id":"https:\/\/www.notibras.com\/site\/professor-tenta-ajudar-alunos-mas-burocracia-da-educacao-arruina-tudo\/"},"wordCount":775,"commentCount":0,"publisher":{"@id":"https:\/\/www.notibras.com\/site\/#organization"},"image":{"@id":"https:\/\/www.notibras.com\/site\/professor-tenta-ajudar-alunos-mas-burocracia-da-educacao-arruina-tudo\/#primaryimage"},"thumbnailUrl":"https:\/\/www.notibras.com\/site\/wp-content\/uploads\/2014\/04\/df11.jpg","articleSection":["Bras\u00edlia"],"inLanguage":"pt-BR","potentialAction":[{"@type":"CommentAction","name":"Comment","target":["https:\/\/www.notibras.com\/site\/professor-tenta-ajudar-alunos-mas-burocracia-da-educacao-arruina-tudo\/#respond"]}]},{"@type":"WebPage","@id":"https:\/\/www.notibras.com\/site\/professor-tenta-ajudar-alunos-mas-burocracia-da-educacao-arruina-tudo\/","url":"https:\/\/www.notibras.com\/site\/professor-tenta-ajudar-alunos-mas-burocracia-da-educacao-arruina-tudo\/","name":"Professor tenta ajudar alunos, mas burocracia p\u00f5e tudo a perder - Notibras","isPartOf":{"@id":"https:\/\/www.notibras.com\/site\/#website"},"primaryImageOfPage":{"@id":"https:\/\/www.notibras.com\/site\/professor-tenta-ajudar-alunos-mas-burocracia-da-educacao-arruina-tudo\/#primaryimage"},"image":{"@id":"https:\/\/www.notibras.com\/site\/professor-tenta-ajudar-alunos-mas-burocracia-da-educacao-arruina-tudo\/#primaryimage"},"thumbnailUrl":"https:\/\/www.notibras.com\/site\/wp-content\/uploads\/2014\/04\/df11.jpg","datePublished":"2014-04-11T13:06:40+00:00","dateModified":"2014-04-12T01:32:06+00:00","breadcrumb":{"@id":"https:\/\/www.notibras.com\/site\/professor-tenta-ajudar-alunos-mas-burocracia-da-educacao-arruina-tudo\/#breadcrumb"},"inLanguage":"pt-BR","potentialAction":[{"@type":"ReadAction","target":["https:\/\/www.notibras.com\/site\/professor-tenta-ajudar-alunos-mas-burocracia-da-educacao-arruina-tudo\/"]}]},{"@type":"ImageObject","inLanguage":"pt-BR","@id":"https:\/\/www.notibras.com\/site\/professor-tenta-ajudar-alunos-mas-burocracia-da-educacao-arruina-tudo\/#primaryimage","url":"https:\/\/www.notibras.com\/site\/wp-content\/uploads\/2014\/04\/df11.jpg","contentUrl":"https:\/\/www.notibras.com\/site\/wp-content\/uploads\/2014\/04\/df11.jpg","width":346,"height":260},{"@type":"BreadcrumbList","@id":"https:\/\/www.notibras.com\/site\/professor-tenta-ajudar-alunos-mas-burocracia-da-educacao-arruina-tudo\/#breadcrumb","itemListElement":[{"@type":"ListItem","position":1,"name":"In\u00edcio","item":"https:\/\/www.notibras.com\/site\/"},{"@type":"ListItem","position":2,"name":"Professor tenta ajudar alunos, mas burocracia p\u00f5e tudo a perder"}]},{"@type":"WebSite","@id":"https:\/\/www.notibras.com\/site\/#website","url":"https:\/\/www.notibras.com\/site\/","name":"Notibras","description":"Not\u00edcias de Bras\u00edlia, do Brasil e do Mundo","publisher":{"@id":"https:\/\/www.notibras.com\/site\/#organization"},"potentialAction":[{"@type":"SearchAction","target":{"@type":"EntryPoint","urlTemplate":"https:\/\/www.notibras.com\/site\/?s={search_term_string}"},"query-input":{"@type":"PropertyValueSpecification","valueRequired":true,"valueName":"search_term_string"}}],"inLanguage":"pt-BR"},{"@type":"Organization","@id":"https:\/\/www.notibras.com\/site\/#organization","name":"Grupo Notibras de Comunica\u00e7\u00e3o","url":"https:\/\/www.notibras.com\/site\/","logo":{"@type":"ImageObject","inLanguage":"pt-BR","@id":"https:\/\/www.notibras.com\/site\/#\/schema\/logo\/image\/","url":"https:\/\/www.notibras.com\/site\/wp-content\/uploads\/2023\/01\/notibras23.png","contentUrl":"https:\/\/www.notibras.com\/site\/wp-content\/uploads\/2023\/01\/notibras23.png","width":350,"height":87,"caption":"Grupo Notibras de Comunica\u00e7\u00e3o"},"image":{"@id":"https:\/\/www.notibras.com\/site\/#\/schema\/logo\/image\/"},"sameAs":["https:\/\/www.facebook.com\/notibras\/","https:\/\/x.com\/Notibras","https:\/\/www.instagram.com\/notibras\/"]},{"@type":"Person","@id":"https:\/\/www.notibras.com\/site\/#\/schema\/person\/36ab0979449956132d3e5b517ea76ac8","name":"Reda\u00e7\u00e3o","image":{"@type":"ImageObject","inLanguage":"pt-BR","@id":"https:\/\/secure.gravatar.com\/avatar\/e0a867bdedb85fd243eadf09663511f96fc81e0720a4a42581f334ad4303aa6b?s=96&d=mm&r=g","url":"https:\/\/secure.gravatar.com\/avatar\/e0a867bdedb85fd243eadf09663511f96fc81e0720a4a42581f334ad4303aa6b?s=96&d=mm&r=g","contentUrl":"https:\/\/secure.gravatar.com\/avatar\/e0a867bdedb85fd243eadf09663511f96fc81e0720a4a42581f334ad4303aa6b?s=96&d=mm&r=g","caption":"Reda\u00e7\u00e3o"}}]}},"amp_enabled":true,"_links":{"self":[{"href":"https:\/\/www.notibras.com\/site\/wp-json\/wp\/v2\/posts\/6593","targetHints":{"allow":["GET"]}}],"collection":[{"href":"https:\/\/www.notibras.com\/site\/wp-json\/wp\/v2\/posts"}],"about":[{"href":"https:\/\/www.notibras.com\/site\/wp-json\/wp\/v2\/types\/post"}],"author":[{"embeddable":true,"href":"https:\/\/www.notibras.com\/site\/wp-json\/wp\/v2\/users\/2"}],"replies":[{"embeddable":true,"href":"https:\/\/www.notibras.com\/site\/wp-json\/wp\/v2\/comments?post=6593"}],"version-history":[{"count":0,"href":"https:\/\/www.notibras.com\/site\/wp-json\/wp\/v2\/posts\/6593\/revisions"}],"wp:featuredmedia":[{"embeddable":true,"href":"https:\/\/www.notibras.com\/site\/wp-json\/wp\/v2\/media\/6594"}],"wp:attachment":[{"href":"https:\/\/www.notibras.com\/site\/wp-json\/wp\/v2\/media?parent=6593"}],"wp:term":[{"taxonomy":"category","embeddable":true,"href":"https:\/\/www.notibras.com\/site\/wp-json\/wp\/v2\/categories?post=6593"},{"taxonomy":"post_tag","embeddable":true,"href":"https:\/\/www.notibras.com\/site\/wp-json\/wp\/v2\/tags?post=6593"}],"curies":[{"name":"wp","href":"https:\/\/api.w.org\/{rel}","templated":true}]}}