{"id":66017,"date":"2015-09-03T12:13:51","date_gmt":"2015-09-03T15:13:51","guid":{"rendered":"http:\/\/www.notibras.com\/site\/?p=66017"},"modified":"2015-09-03T18:06:23","modified_gmt":"2015-09-03T21:06:23","slug":"imprudente-rafael-esquece-brasilia-para-tentar-unificar-os-arabes","status":"publish","type":"post","link":"https:\/\/www.notibras.com\/site\/imprudente-rafael-esquece-brasilia-para-tentar-unificar-os-arabes\/","title":{"rendered":"Imprudente, Rafael esquece Bras\u00edlia para unificar os \u00e1rabes"},"content":{"rendered":"<p>No Oriente M\u00e9dio uma na\u00e7\u00e3o abriga tr\u00eas tesouros: a segunda maior reserva de petr\u00f3leo do mundo e as duas mais importantes mesquitas isl\u00e2micas, localizadas nas cidades de Meca e Medina. Quase a totalidade da popula\u00e7\u00e3o (97%) de 16 milh\u00f5es de sauditas reza voltada para Meca diariamente. A Pen\u00ednsula Ar\u00e1bica \u00e9 promissora e o pa\u00eds representa 80% daquele territ\u00f3rio, ao lado de reinos menores, mas igualmente ricos.<\/p>\n<p>Bem diferente da Pen\u00ednsula dos Ministros, no Lago Sul de Bras\u00edlia, onde a maioria invade \u00e1reas p\u00fablicas. L\u00e1 eles t\u00eam o h\u00e1bito de erguer constru\u00e7\u00f5es magn\u00edficas como as torres de Dubai, cidade do vizinho Emirados, que atrai milh\u00f5es de turistas todos os anos. Aqui as constru\u00e7\u00f5es s\u00e3o demolidas e aterradas. E abandonadas. Mas cada um reza na cartilha que bem entende.<\/p>\n<p>No dia 23 de setembro ser\u00e1 comemorado o Dia da Ar\u00e1bia Saudita. Devemos aplaudir, embora o petr\u00f3leo por aqui esteja paralisando pessoas muito mais do que fazendo com que saiam do mesmo lugar: a cadeia.<\/p>\n<p>O que parece piada pronta \u00e9 oficial. Est\u00e1 na pauta da CLDF proposta de uma Audi\u00eancia P\u00fablica para, acreditem, discutir a unifica\u00e7\u00e3o da Ar\u00e1bia Saudita. \u00d4pa, o governo de Riade est\u00e1 desunido? O pa\u00eds est\u00e1 dividido? \u00c9 preciso avisar a CNN.<\/p>\n<p>\u00c9 claro que a inten\u00e7\u00e3o do ilustre deputado distrital Rafael Prudente foi mal entendida provavelmente pela sua assessoria, ou quem sabe pelo servidor que digitou a pauta nas vias eletr\u00f4nicas. Mas que est\u00e1 l\u00e1 no s\u00edtio da nossa honrada C\u00e2mara Legislativa, ah, isso t\u00e1. Corra para ver.<\/p>\n<p>O fundador daquele deserto promissor, Abdul Aziz Al Saud, nos anos trinta, deve ter sonhado com essa importante colabora\u00e7\u00e3o candanga. Nossos parlamentares n\u00e3o recebem nenhuma demanda local porque em Bras\u00edlia tudo est\u00e1 muito bem resolvido. Ent\u00e3o vamos trocar de problema, tratar de assuntos intercontinentais, bem longe do Lago Parano\u00e1, \u00e0s margens do Mar Vermelho.<\/p>\n<p>Ao longo dos anos, desde que a primeira legislatura foi constitu\u00edda, a C\u00e2mara do DF produziu centenas de bizarrices, distribuiu incont\u00e1veis t\u00edtulos de Cidad\u00e3o Honor\u00e1rio a muitos cidad\u00e3os nem tanto honor\u00e1veis; paralisou governos, e teve seus membros envolvidos em inconfess\u00e1veis manobras e negociatas.<\/p>\n<p>Mas as fronteiras de suas a\u00e7\u00f5es e leis sempre estiveram delimitadas pelo tra\u00e7ado retangular sugerido pelo belga Louis Ferdinand Cruls, quando indicou, ainda no S\u00e9culo XIX, onde deveria ser instalada Bras\u00edlia.<\/p>\n<p>As bancadas de deputados pret\u00e9ritas eram mais modestas, promoviam audi\u00eancias p\u00fablicas para tratar da caixa d&#8217;\u00e1gua da Estrutural, de um posto de sa\u00fade em Vicente Pires e outros temas distritais, digamos assim.<\/p>\n<p>Para entender a piada \u00e9 necess\u00e1rio explicar o que \u00e9 uma audi\u00eancia p\u00fablica. \u00c9 um modelo derivado do dispositivo da Constitui\u00e7\u00e3o de 1988, que instituiu uma forma plebiscit\u00e1ria de decidir, promovendo o enfrentamento das opini\u00f5es da sociedade e do poder p\u00fablico. Em territ\u00f3rio nacional, \u00e9 claro. E para benef\u00edcio dos habitantes nacionais.<\/p>\n<p>Nas audi\u00eancias p\u00fablicas, teoricamente, qualquer brasileiro pode comparecer, dar sua opini\u00e3o sobre as decis\u00f5es do governo, ser contra ou a favor etc e tal.<\/p>\n<p>Ent\u00e3o vamos imaginar a audi\u00eancia p\u00fablica marcada para 23 de setembro, em Bras\u00edlia, bem longe de Riade. O que os deputados distritais v\u00e3o propor para a unifica\u00e7\u00e3o surpresa da Ar\u00e1bia Saudita e qual a opini\u00e3o dos eleitores candangos sobre o importante tema que atinge diretamente a sua vida, certamente ser\u00e1 o conte\u00fado da ocasi\u00e3o. Ou pode ser que haja uma nova instru\u00e7\u00e3o sobre o que deve ser uma audi\u00eancia p\u00fablica.<\/p>\n<p>Sinal dos tempos. Estamos elegendo parlamentares com mais poderes do que imagin\u00e1vamos&#8230; A Constitui\u00e7\u00e3o garante a liberdade de express\u00e3o. Pode rir.<\/p>\n","protected":false},"excerpt":{"rendered":"<p>No Oriente M\u00e9dio uma na\u00e7\u00e3o abriga tr\u00eas tesouros: a segunda maior reserva de petr\u00f3leo do mundo e as duas mais importantes mesquitas isl\u00e2micas, localizadas nas cidades de Meca e Medina. Quase a totalidade da popula\u00e7\u00e3o (97%) de 16 milh\u00f5es de sauditas reza voltada para Meca diariamente. A Pen\u00ednsula Ar\u00e1bica \u00e9 promissora e o pa\u00eds representa [&hellip;]<\/p>\n","protected":false},"author":2,"featured_media":66018,"comment_status":"open","ping_status":"closed","sticky":false,"template":"","format":"standard","meta":{"_acf_changed":false,"footnotes":""},"categories":[48],"tags":[],"class_list":["post-66017","post","type-post","status-publish","format-standard","has-post-thumbnail","hentry","category-ferriche"],"acf":[],"yoast_head":"<!-- This site is optimized with the Yoast SEO plugin v27.2 - https:\/\/yoast.com\/product\/yoast-seo-wordpress\/ -->\n<title>Imprudente, Rafael esquece Bras\u00edlia para unificar os \u00e1rabes - Notibras<\/title>\n<meta name=\"robots\" content=\"index, follow, max-snippet:-1, max-image-preview:large, max-video-preview:-1\" \/>\n<link rel=\"canonical\" href=\"https:\/\/www.notibras.com\/site\/imprudente-rafael-esquece-brasilia-para-tentar-unificar-os-arabes\/\" \/>\n<meta property=\"og:locale\" content=\"pt_BR\" \/>\n<meta property=\"og:type\" content=\"article\" \/>\n<meta property=\"og:title\" content=\"Imprudente, Rafael esquece Bras\u00edlia para unificar os \u00e1rabes - Notibras\" \/>\n<meta property=\"og:description\" content=\"No Oriente M\u00e9dio uma na\u00e7\u00e3o abriga tr\u00eas tesouros: a segunda maior reserva de petr\u00f3leo do mundo e as duas mais importantes mesquitas isl\u00e2micas, localizadas nas cidades de Meca e Medina. Quase a totalidade da popula\u00e7\u00e3o (97%) de 16 milh\u00f5es de sauditas reza voltada para Meca diariamente. A Pen\u00ednsula Ar\u00e1bica \u00e9 promissora e o pa\u00eds representa [&hellip;]\" \/>\n<meta property=\"og:url\" content=\"https:\/\/www.notibras.com\/site\/imprudente-rafael-esquece-brasilia-para-tentar-unificar-os-arabes\/\" \/>\n<meta property=\"og:site_name\" content=\"Notibras\" \/>\n<meta property=\"article:publisher\" content=\"https:\/\/www.facebook.com\/notibras\/\" \/>\n<meta property=\"article:published_time\" content=\"2015-09-03T15:13:51+00:00\" \/>\n<meta property=\"article:modified_time\" content=\"2015-09-03T21:06:23+00:00\" \/>\n<meta property=\"og:image\" content=\"https:\/\/www.notibras.com\/site\/wp-content\/uploads\/2015\/09\/rpara.jpg\" \/>\n\t<meta property=\"og:image:width\" content=\"685\" \/>\n\t<meta property=\"og:image:height\" content=\"518\" \/>\n\t<meta property=\"og:image:type\" content=\"image\/jpeg\" \/>\n<meta name=\"author\" content=\"Reda\u00e7\u00e3o\" \/>\n<meta name=\"twitter:card\" content=\"summary_large_image\" \/>\n<meta name=\"twitter:creator\" content=\"@Notibras\" \/>\n<meta name=\"twitter:site\" content=\"@Notibras\" \/>\n<meta name=\"twitter:label1\" content=\"Escrito por\" \/>\n\t<meta name=\"twitter:data1\" content=\"Reda\u00e7\u00e3o\" \/>\n\t<meta name=\"twitter:label2\" content=\"Est. tempo de leitura\" \/>\n\t<meta name=\"twitter:data2\" content=\"3 minutos\" \/>\n<script type=\"application\/ld+json\" class=\"yoast-schema-graph\">{\"@context\":\"https:\/\/schema.org\",\"@graph\":[{\"@type\":\"Article\",\"@id\":\"https:\/\/www.notibras.com\/site\/imprudente-rafael-esquece-brasilia-para-tentar-unificar-os-arabes\/#article\",\"isPartOf\":{\"@id\":\"https:\/\/www.notibras.com\/site\/imprudente-rafael-esquece-brasilia-para-tentar-unificar-os-arabes\/\"},\"author\":{\"name\":\"Reda\u00e7\u00e3o\",\"@id\":\"https:\/\/www.notibras.com\/site\/#\/schema\/person\/36ab0979449956132d3e5b517ea76ac8\"},\"headline\":\"Imprudente, Rafael esquece Bras\u00edlia para unificar os \u00e1rabes\",\"datePublished\":\"2015-09-03T15:13:51+00:00\",\"dateModified\":\"2015-09-03T21:06:23+00:00\",\"mainEntityOfPage\":{\"@id\":\"https:\/\/www.notibras.com\/site\/imprudente-rafael-esquece-brasilia-para-tentar-unificar-os-arabes\/\"},\"wordCount\":655,\"commentCount\":0,\"publisher\":{\"@id\":\"https:\/\/www.notibras.com\/site\/#organization\"},\"image\":{\"@id\":\"https:\/\/www.notibras.com\/site\/imprudente-rafael-esquece-brasilia-para-tentar-unificar-os-arabes\/#primaryimage\"},\"thumbnailUrl\":\"https:\/\/www.notibras.com\/site\/wp-content\/uploads\/2015\/09\/rpara.jpg\",\"articleSection\":[\"Kleber Ferriche\"],\"inLanguage\":\"pt-BR\",\"potentialAction\":[{\"@type\":\"CommentAction\",\"name\":\"Comment\",\"target\":[\"https:\/\/www.notibras.com\/site\/imprudente-rafael-esquece-brasilia-para-tentar-unificar-os-arabes\/#respond\"]}]},{\"@type\":\"WebPage\",\"@id\":\"https:\/\/www.notibras.com\/site\/imprudente-rafael-esquece-brasilia-para-tentar-unificar-os-arabes\/\",\"url\":\"https:\/\/www.notibras.com\/site\/imprudente-rafael-esquece-brasilia-para-tentar-unificar-os-arabes\/\",\"name\":\"Imprudente, Rafael esquece Bras\u00edlia para unificar os \u00e1rabes - Notibras\",\"isPartOf\":{\"@id\":\"https:\/\/www.notibras.com\/site\/#website\"},\"primaryImageOfPage\":{\"@id\":\"https:\/\/www.notibras.com\/site\/imprudente-rafael-esquece-brasilia-para-tentar-unificar-os-arabes\/#primaryimage\"},\"image\":{\"@id\":\"https:\/\/www.notibras.com\/site\/imprudente-rafael-esquece-brasilia-para-tentar-unificar-os-arabes\/#primaryimage\"},\"thumbnailUrl\":\"https:\/\/www.notibras.com\/site\/wp-content\/uploads\/2015\/09\/rpara.jpg\",\"datePublished\":\"2015-09-03T15:13:51+00:00\",\"dateModified\":\"2015-09-03T21:06:23+00:00\",\"breadcrumb\":{\"@id\":\"https:\/\/www.notibras.com\/site\/imprudente-rafael-esquece-brasilia-para-tentar-unificar-os-arabes\/#breadcrumb\"},\"inLanguage\":\"pt-BR\",\"potentialAction\":[{\"@type\":\"ReadAction\",\"target\":[\"https:\/\/www.notibras.com\/site\/imprudente-rafael-esquece-brasilia-para-tentar-unificar-os-arabes\/\"]}]},{\"@type\":\"ImageObject\",\"inLanguage\":\"pt-BR\",\"@id\":\"https:\/\/www.notibras.com\/site\/imprudente-rafael-esquece-brasilia-para-tentar-unificar-os-arabes\/#primaryimage\",\"url\":\"https:\/\/www.notibras.com\/site\/wp-content\/uploads\/2015\/09\/rpara.jpg\",\"contentUrl\":\"https:\/\/www.notibras.com\/site\/wp-content\/uploads\/2015\/09\/rpara.jpg\",\"width\":685,\"height\":518},{\"@type\":\"BreadcrumbList\",\"@id\":\"https:\/\/www.notibras.com\/site\/imprudente-rafael-esquece-brasilia-para-tentar-unificar-os-arabes\/#breadcrumb\",\"itemListElement\":[{\"@type\":\"ListItem\",\"position\":1,\"name\":\"In\u00edcio\",\"item\":\"https:\/\/www.notibras.com\/site\/\"},{\"@type\":\"ListItem\",\"position\":2,\"name\":\"Imprudente, Rafael esquece Bras\u00edlia para unificar os \u00e1rabes\"}]},{\"@type\":\"WebSite\",\"@id\":\"https:\/\/www.notibras.com\/site\/#website\",\"url\":\"https:\/\/www.notibras.com\/site\/\",\"name\":\"Notibras\",\"description\":\"Not\u00edcias de Bras\u00edlia, do Brasil e do Mundo\",\"publisher\":{\"@id\":\"https:\/\/www.notibras.com\/site\/#organization\"},\"potentialAction\":[{\"@type\":\"SearchAction\",\"target\":{\"@type\":\"EntryPoint\",\"urlTemplate\":\"https:\/\/www.notibras.com\/site\/?s={search_term_string}\"},\"query-input\":{\"@type\":\"PropertyValueSpecification\",\"valueRequired\":true,\"valueName\":\"search_term_string\"}}],\"inLanguage\":\"pt-BR\"},{\"@type\":\"Organization\",\"@id\":\"https:\/\/www.notibras.com\/site\/#organization\",\"name\":\"Grupo Notibras de Comunica\u00e7\u00e3o\",\"url\":\"https:\/\/www.notibras.com\/site\/\",\"logo\":{\"@type\":\"ImageObject\",\"inLanguage\":\"pt-BR\",\"@id\":\"https:\/\/www.notibras.com\/site\/#\/schema\/logo\/image\/\",\"url\":\"https:\/\/www.notibras.com\/site\/wp-content\/uploads\/2023\/01\/notibras23.png\",\"contentUrl\":\"https:\/\/www.notibras.com\/site\/wp-content\/uploads\/2023\/01\/notibras23.png\",\"width\":350,\"height\":87,\"caption\":\"Grupo Notibras de Comunica\u00e7\u00e3o\"},\"image\":{\"@id\":\"https:\/\/www.notibras.com\/site\/#\/schema\/logo\/image\/\"},\"sameAs\":[\"https:\/\/www.facebook.com\/notibras\/\",\"https:\/\/x.com\/Notibras\",\"https:\/\/www.instagram.com\/notibras\/\"]},{\"@type\":\"Person\",\"@id\":\"https:\/\/www.notibras.com\/site\/#\/schema\/person\/36ab0979449956132d3e5b517ea76ac8\",\"name\":\"Reda\u00e7\u00e3o\",\"image\":{\"@type\":\"ImageObject\",\"inLanguage\":\"pt-BR\",\"@id\":\"https:\/\/secure.gravatar.com\/avatar\/e0a867bdedb85fd243eadf09663511f96fc81e0720a4a42581f334ad4303aa6b?s=96&d=mm&r=g\",\"url\":\"https:\/\/secure.gravatar.com\/avatar\/e0a867bdedb85fd243eadf09663511f96fc81e0720a4a42581f334ad4303aa6b?s=96&d=mm&r=g\",\"contentUrl\":\"https:\/\/secure.gravatar.com\/avatar\/e0a867bdedb85fd243eadf09663511f96fc81e0720a4a42581f334ad4303aa6b?s=96&d=mm&r=g\",\"caption\":\"Reda\u00e7\u00e3o\"}}]}<\/script>\n<!-- \/ Yoast SEO plugin. -->","yoast_head_json":{"title":"Imprudente, Rafael esquece Bras\u00edlia para unificar os \u00e1rabes - Notibras","robots":{"index":"index","follow":"follow","max-snippet":"max-snippet:-1","max-image-preview":"max-image-preview:large","max-video-preview":"max-video-preview:-1"},"canonical":"https:\/\/www.notibras.com\/site\/imprudente-rafael-esquece-brasilia-para-tentar-unificar-os-arabes\/","og_locale":"pt_BR","og_type":"article","og_title":"Imprudente, Rafael esquece Bras\u00edlia para unificar os \u00e1rabes - Notibras","og_description":"No Oriente M\u00e9dio uma na\u00e7\u00e3o abriga tr\u00eas tesouros: a segunda maior reserva de petr\u00f3leo do mundo e as duas mais importantes mesquitas isl\u00e2micas, localizadas nas cidades de Meca e Medina. Quase a totalidade da popula\u00e7\u00e3o (97%) de 16 milh\u00f5es de sauditas reza voltada para Meca diariamente. A Pen\u00ednsula Ar\u00e1bica \u00e9 promissora e o pa\u00eds representa [&hellip;]","og_url":"https:\/\/www.notibras.com\/site\/imprudente-rafael-esquece-brasilia-para-tentar-unificar-os-arabes\/","og_site_name":"Notibras","article_publisher":"https:\/\/www.facebook.com\/notibras\/","article_published_time":"2015-09-03T15:13:51+00:00","article_modified_time":"2015-09-03T21:06:23+00:00","og_image":[{"width":685,"height":518,"url":"https:\/\/www.notibras.com\/site\/wp-content\/uploads\/2015\/09\/rpara.jpg","type":"image\/jpeg"}],"author":"Reda\u00e7\u00e3o","twitter_card":"summary_large_image","twitter_creator":"@Notibras","twitter_site":"@Notibras","twitter_misc":{"Escrito por":"Reda\u00e7\u00e3o","Est. tempo de leitura":"3 minutos"},"schema":{"@context":"https:\/\/schema.org","@graph":[{"@type":"Article","@id":"https:\/\/www.notibras.com\/site\/imprudente-rafael-esquece-brasilia-para-tentar-unificar-os-arabes\/#article","isPartOf":{"@id":"https:\/\/www.notibras.com\/site\/imprudente-rafael-esquece-brasilia-para-tentar-unificar-os-arabes\/"},"author":{"name":"Reda\u00e7\u00e3o","@id":"https:\/\/www.notibras.com\/site\/#\/schema\/person\/36ab0979449956132d3e5b517ea76ac8"},"headline":"Imprudente, Rafael esquece Bras\u00edlia para unificar os \u00e1rabes","datePublished":"2015-09-03T15:13:51+00:00","dateModified":"2015-09-03T21:06:23+00:00","mainEntityOfPage":{"@id":"https:\/\/www.notibras.com\/site\/imprudente-rafael-esquece-brasilia-para-tentar-unificar-os-arabes\/"},"wordCount":655,"commentCount":0,"publisher":{"@id":"https:\/\/www.notibras.com\/site\/#organization"},"image":{"@id":"https:\/\/www.notibras.com\/site\/imprudente-rafael-esquece-brasilia-para-tentar-unificar-os-arabes\/#primaryimage"},"thumbnailUrl":"https:\/\/www.notibras.com\/site\/wp-content\/uploads\/2015\/09\/rpara.jpg","articleSection":["Kleber Ferriche"],"inLanguage":"pt-BR","potentialAction":[{"@type":"CommentAction","name":"Comment","target":["https:\/\/www.notibras.com\/site\/imprudente-rafael-esquece-brasilia-para-tentar-unificar-os-arabes\/#respond"]}]},{"@type":"WebPage","@id":"https:\/\/www.notibras.com\/site\/imprudente-rafael-esquece-brasilia-para-tentar-unificar-os-arabes\/","url":"https:\/\/www.notibras.com\/site\/imprudente-rafael-esquece-brasilia-para-tentar-unificar-os-arabes\/","name":"Imprudente, Rafael esquece Bras\u00edlia para unificar os \u00e1rabes - Notibras","isPartOf":{"@id":"https:\/\/www.notibras.com\/site\/#website"},"primaryImageOfPage":{"@id":"https:\/\/www.notibras.com\/site\/imprudente-rafael-esquece-brasilia-para-tentar-unificar-os-arabes\/#primaryimage"},"image":{"@id":"https:\/\/www.notibras.com\/site\/imprudente-rafael-esquece-brasilia-para-tentar-unificar-os-arabes\/#primaryimage"},"thumbnailUrl":"https:\/\/www.notibras.com\/site\/wp-content\/uploads\/2015\/09\/rpara.jpg","datePublished":"2015-09-03T15:13:51+00:00","dateModified":"2015-09-03T21:06:23+00:00","breadcrumb":{"@id":"https:\/\/www.notibras.com\/site\/imprudente-rafael-esquece-brasilia-para-tentar-unificar-os-arabes\/#breadcrumb"},"inLanguage":"pt-BR","potentialAction":[{"@type":"ReadAction","target":["https:\/\/www.notibras.com\/site\/imprudente-rafael-esquece-brasilia-para-tentar-unificar-os-arabes\/"]}]},{"@type":"ImageObject","inLanguage":"pt-BR","@id":"https:\/\/www.notibras.com\/site\/imprudente-rafael-esquece-brasilia-para-tentar-unificar-os-arabes\/#primaryimage","url":"https:\/\/www.notibras.com\/site\/wp-content\/uploads\/2015\/09\/rpara.jpg","contentUrl":"https:\/\/www.notibras.com\/site\/wp-content\/uploads\/2015\/09\/rpara.jpg","width":685,"height":518},{"@type":"BreadcrumbList","@id":"https:\/\/www.notibras.com\/site\/imprudente-rafael-esquece-brasilia-para-tentar-unificar-os-arabes\/#breadcrumb","itemListElement":[{"@type":"ListItem","position":1,"name":"In\u00edcio","item":"https:\/\/www.notibras.com\/site\/"},{"@type":"ListItem","position":2,"name":"Imprudente, Rafael esquece Bras\u00edlia para unificar os \u00e1rabes"}]},{"@type":"WebSite","@id":"https:\/\/www.notibras.com\/site\/#website","url":"https:\/\/www.notibras.com\/site\/","name":"Notibras","description":"Not\u00edcias de Bras\u00edlia, do Brasil e do Mundo","publisher":{"@id":"https:\/\/www.notibras.com\/site\/#organization"},"potentialAction":[{"@type":"SearchAction","target":{"@type":"EntryPoint","urlTemplate":"https:\/\/www.notibras.com\/site\/?s={search_term_string}"},"query-input":{"@type":"PropertyValueSpecification","valueRequired":true,"valueName":"search_term_string"}}],"inLanguage":"pt-BR"},{"@type":"Organization","@id":"https:\/\/www.notibras.com\/site\/#organization","name":"Grupo Notibras de Comunica\u00e7\u00e3o","url":"https:\/\/www.notibras.com\/site\/","logo":{"@type":"ImageObject","inLanguage":"pt-BR","@id":"https:\/\/www.notibras.com\/site\/#\/schema\/logo\/image\/","url":"https:\/\/www.notibras.com\/site\/wp-content\/uploads\/2023\/01\/notibras23.png","contentUrl":"https:\/\/www.notibras.com\/site\/wp-content\/uploads\/2023\/01\/notibras23.png","width":350,"height":87,"caption":"Grupo Notibras de Comunica\u00e7\u00e3o"},"image":{"@id":"https:\/\/www.notibras.com\/site\/#\/schema\/logo\/image\/"},"sameAs":["https:\/\/www.facebook.com\/notibras\/","https:\/\/x.com\/Notibras","https:\/\/www.instagram.com\/notibras\/"]},{"@type":"Person","@id":"https:\/\/www.notibras.com\/site\/#\/schema\/person\/36ab0979449956132d3e5b517ea76ac8","name":"Reda\u00e7\u00e3o","image":{"@type":"ImageObject","inLanguage":"pt-BR","@id":"https:\/\/secure.gravatar.com\/avatar\/e0a867bdedb85fd243eadf09663511f96fc81e0720a4a42581f334ad4303aa6b?s=96&d=mm&r=g","url":"https:\/\/secure.gravatar.com\/avatar\/e0a867bdedb85fd243eadf09663511f96fc81e0720a4a42581f334ad4303aa6b?s=96&d=mm&r=g","contentUrl":"https:\/\/secure.gravatar.com\/avatar\/e0a867bdedb85fd243eadf09663511f96fc81e0720a4a42581f334ad4303aa6b?s=96&d=mm&r=g","caption":"Reda\u00e7\u00e3o"}}]}},"amp_enabled":true,"_links":{"self":[{"href":"https:\/\/www.notibras.com\/site\/wp-json\/wp\/v2\/posts\/66017","targetHints":{"allow":["GET"]}}],"collection":[{"href":"https:\/\/www.notibras.com\/site\/wp-json\/wp\/v2\/posts"}],"about":[{"href":"https:\/\/www.notibras.com\/site\/wp-json\/wp\/v2\/types\/post"}],"author":[{"embeddable":true,"href":"https:\/\/www.notibras.com\/site\/wp-json\/wp\/v2\/users\/2"}],"replies":[{"embeddable":true,"href":"https:\/\/www.notibras.com\/site\/wp-json\/wp\/v2\/comments?post=66017"}],"version-history":[{"count":2,"href":"https:\/\/www.notibras.com\/site\/wp-json\/wp\/v2\/posts\/66017\/revisions"}],"predecessor-version":[{"id":66020,"href":"https:\/\/www.notibras.com\/site\/wp-json\/wp\/v2\/posts\/66017\/revisions\/66020"}],"wp:featuredmedia":[{"embeddable":true,"href":"https:\/\/www.notibras.com\/site\/wp-json\/wp\/v2\/media\/66018"}],"wp:attachment":[{"href":"https:\/\/www.notibras.com\/site\/wp-json\/wp\/v2\/media?parent=66017"}],"wp:term":[{"taxonomy":"category","embeddable":true,"href":"https:\/\/www.notibras.com\/site\/wp-json\/wp\/v2\/categories?post=66017"},{"taxonomy":"post_tag","embeddable":true,"href":"https:\/\/www.notibras.com\/site\/wp-json\/wp\/v2\/tags?post=66017"}],"curies":[{"name":"wp","href":"https:\/\/api.w.org\/{rel}","templated":true}]}}