{"id":66040,"date":"2015-09-03T22:04:20","date_gmt":"2015-09-04T01:04:20","guid":{"rendered":"http:\/\/www.notibras.com\/site\/?p=66040"},"modified":"2015-09-04T21:51:35","modified_gmt":"2015-09-05T00:51:35","slug":"modelo-economico-de-dilma-fracassa-e-joga-o-brasil-na-lona","status":"publish","type":"post","link":"https:\/\/www.notibras.com\/site\/modelo-economico-de-dilma-fracassa-e-joga-o-brasil-na-lona\/","title":{"rendered":"Modelo econ\u00f4mico de Dilma fracassa, \u00e9 nocauteado e joga o Brasil de vez na lona"},"content":{"rendered":"<p>A economia brasileira desabou. Encolheu 1,9% no segundo trimestre (abril, maio e junho), o pior resultado desde o in\u00edcio de 2009. No primeiro trimestre (janeiro, fevereiro e mar\u00e7o) a retra\u00e7\u00e3o foi de 0,7%. Os especialistas em economia estimam que no terceiro trimestre (julho, agosto e setembro), o PIB fique negativo entre 0,5% a 2%. As proje\u00e7\u00f5es apontam para contra\u00e7\u00e3o neste ano entre 2,5% e 3%. Para 2016, a previs\u00e3o \u00e9 uma queda pr\u00f3xima de 1%. Assim, tecnicamente, o Brasil est\u00e1 em recess\u00e3o.<\/p>\n<p>Confirmando todas essas estimativas do IBGE, ser\u00e1 a primeira vez, em 85 anos, que o Brasil ter\u00e1 retra\u00e7\u00e3o da economia por dois anos seguidos. A \u00faltima vez que isso aconteceu foi em 1930 e 1931, per\u00edodo do golpe que conduziu Get\u00falio Vargas ao Poder.<\/p>\n<p>O Banco Central divulgou na semana passada que as contas de todo o setor p\u00fablico, incluindo o governo federal, estados e munic\u00edpios, registraram nova deteriora\u00e7\u00e3o no m\u00eas de julho. Houve d\u00e9ficit prim\u00e1rio (receitas menos despesas) de R$ 10 bilh\u00f5es, ou seja, o governo gastou mais do que arrecadou. \u00c9 o ajuste fiscal indo para o ralo.<\/p>\n<p>Segundo previs\u00f5es dos economistas e cientistas pol\u00edticos, para ser recolocado nos trilhos do crescimento o Brasil precisar\u00e1 de pelo menos tr\u00eas anos de pol\u00edticas econ\u00f4micas severas e respons\u00e1veis. Mas eles tamb\u00e9m entendem ser muito dif\u00edcil isso acontecer se a presidente Dilma continuar \u00e0 frente do governo.<\/p>\n<p>Com a economia na lona, o Brasil ficou mal no ranking mundial de crescimento. Em uma lista de 35 na\u00e7\u00f5es ficou na frente apenas da R\u00fassia, que tombou 4,6% devido ao embargo econ\u00f4mico ao qual foi submetida, e da Ucr\u00e2nia, que encolheu 14,7% ao ser devastada por uma guerra civil. O Brasil est\u00e1 caminhando para uma crise semelhante \u00e0 Grande Depress\u00e3o dos anos 1930.<\/p>\n<p>Esse rombo espetacular da nossa economia resulta dos problemas criados pela presidente Dilma e sua equipe econ\u00f4mica, chefiada por Guido Mantega no seu primeiro governo. E, claro, mais as promessas n\u00e3o cumpridas feitas durante a campanha da reelei\u00e7\u00e3o em 2014, culminando com a atual e grave crise pol\u00edtica brasileira.<\/p>\n<p>O Brasil vive hoje a perversa combina\u00e7\u00e3o da infla\u00e7\u00e3o voraz (chegando a 10%), juros elevados, contas p\u00fablicas em frangalhos, cr\u00e9dito escasso, fuga dos investimentos, somada a crescente impopularidade da presente Dilma.<\/p>\n","protected":false},"excerpt":{"rendered":"<p>A economia brasileira desabou. Encolheu 1,9% no segundo trimestre (abril, maio e junho), o pior resultado desde o in\u00edcio de 2009. No primeiro trimestre (janeiro, fevereiro e mar\u00e7o) a retra\u00e7\u00e3o foi de 0,7%. Os especialistas em economia estimam que no terceiro trimestre (julho, agosto e setembro), o PIB fique negativo entre 0,5% a 2%. As [&hellip;]<\/p>\n","protected":false},"author":2,"featured_media":66041,"comment_status":"open","ping_status":"closed","sticky":false,"template":"","format":"standard","meta":{"_acf_changed":false,"footnotes":""},"categories":[42],"tags":[],"class_list":["post-66040","post","type-post","status-publish","format-standard","has-post-thumbnail","hentry","category-coletti"],"acf":[],"yoast_head":"<!-- This site is optimized with the Yoast SEO plugin v27.2 - https:\/\/yoast.com\/product\/yoast-seo-wordpress\/ -->\n<title>Modelo econ\u00f4mico de Dilma fracassa, \u00e9 nocauteado e joga o Brasil de vez na lona - Notibras<\/title>\n<meta name=\"robots\" content=\"index, follow, max-snippet:-1, max-image-preview:large, max-video-preview:-1\" \/>\n<link rel=\"canonical\" href=\"https:\/\/www.notibras.com\/site\/modelo-economico-de-dilma-fracassa-e-joga-o-brasil-na-lona\/\" \/>\n<meta property=\"og:locale\" content=\"pt_BR\" \/>\n<meta property=\"og:type\" content=\"article\" \/>\n<meta property=\"og:title\" content=\"Modelo econ\u00f4mico de Dilma fracassa, \u00e9 nocauteado e joga o Brasil de vez na lona - Notibras\" \/>\n<meta property=\"og:description\" content=\"A economia brasileira desabou. Encolheu 1,9% no segundo trimestre (abril, maio e junho), o pior resultado desde o in\u00edcio de 2009. No primeiro trimestre (janeiro, fevereiro e mar\u00e7o) a retra\u00e7\u00e3o foi de 0,7%. Os especialistas em economia estimam que no terceiro trimestre (julho, agosto e setembro), o PIB fique negativo entre 0,5% a 2%. As [&hellip;]\" \/>\n<meta property=\"og:url\" content=\"https:\/\/www.notibras.com\/site\/modelo-economico-de-dilma-fracassa-e-joga-o-brasil-na-lona\/\" \/>\n<meta property=\"og:site_name\" content=\"Notibras\" \/>\n<meta property=\"article:publisher\" content=\"https:\/\/www.facebook.com\/notibras\/\" \/>\n<meta property=\"article:published_time\" content=\"2015-09-04T01:04:20+00:00\" \/>\n<meta property=\"article:modified_time\" content=\"2015-09-05T00:51:35+00:00\" \/>\n<meta property=\"og:image\" content=\"https:\/\/www.notibras.com\/site\/wp-content\/uploads\/2015\/09\/crise-bovespa-g-20090930.jpg\" \/>\n\t<meta property=\"og:image:width\" content=\"450\" \/>\n\t<meta property=\"og:image:height\" content=\"338\" \/>\n\t<meta property=\"og:image:type\" content=\"image\/jpeg\" \/>\n<meta name=\"author\" content=\"Reda\u00e7\u00e3o\" \/>\n<meta name=\"twitter:card\" content=\"summary_large_image\" \/>\n<meta name=\"twitter:creator\" content=\"@Notibras\" \/>\n<meta name=\"twitter:site\" content=\"@Notibras\" \/>\n<meta name=\"twitter:label1\" content=\"Escrito por\" \/>\n\t<meta name=\"twitter:data1\" content=\"Reda\u00e7\u00e3o\" \/>\n\t<meta name=\"twitter:label2\" content=\"Est. tempo de leitura\" \/>\n\t<meta name=\"twitter:data2\" content=\"2 minutos\" \/>\n<script type=\"application\/ld+json\" class=\"yoast-schema-graph\">{\"@context\":\"https:\/\/schema.org\",\"@graph\":[{\"@type\":\"Article\",\"@id\":\"https:\/\/www.notibras.com\/site\/modelo-economico-de-dilma-fracassa-e-joga-o-brasil-na-lona\/#article\",\"isPartOf\":{\"@id\":\"https:\/\/www.notibras.com\/site\/modelo-economico-de-dilma-fracassa-e-joga-o-brasil-na-lona\/\"},\"author\":{\"name\":\"Reda\u00e7\u00e3o\",\"@id\":\"https:\/\/www.notibras.com\/site\/#\/schema\/person\/36ab0979449956132d3e5b517ea76ac8\"},\"headline\":\"Modelo econ\u00f4mico de Dilma fracassa, \u00e9 nocauteado e joga o Brasil de vez na lona\",\"datePublished\":\"2015-09-04T01:04:20+00:00\",\"dateModified\":\"2015-09-05T00:51:35+00:00\",\"mainEntityOfPage\":{\"@id\":\"https:\/\/www.notibras.com\/site\/modelo-economico-de-dilma-fracassa-e-joga-o-brasil-na-lona\/\"},\"wordCount\":403,\"commentCount\":0,\"publisher\":{\"@id\":\"https:\/\/www.notibras.com\/site\/#organization\"},\"image\":{\"@id\":\"https:\/\/www.notibras.com\/site\/modelo-economico-de-dilma-fracassa-e-joga-o-brasil-na-lona\/#primaryimage\"},\"thumbnailUrl\":\"https:\/\/www.notibras.com\/site\/wp-content\/uploads\/2015\/09\/crise-bovespa-g-20090930.jpg\",\"articleSection\":[\"Cl\u00e1udio Coletti\"],\"inLanguage\":\"pt-BR\",\"potentialAction\":[{\"@type\":\"CommentAction\",\"name\":\"Comment\",\"target\":[\"https:\/\/www.notibras.com\/site\/modelo-economico-de-dilma-fracassa-e-joga-o-brasil-na-lona\/#respond\"]}]},{\"@type\":\"WebPage\",\"@id\":\"https:\/\/www.notibras.com\/site\/modelo-economico-de-dilma-fracassa-e-joga-o-brasil-na-lona\/\",\"url\":\"https:\/\/www.notibras.com\/site\/modelo-economico-de-dilma-fracassa-e-joga-o-brasil-na-lona\/\",\"name\":\"Modelo econ\u00f4mico de Dilma fracassa, \u00e9 nocauteado e joga o Brasil de vez na lona - Notibras\",\"isPartOf\":{\"@id\":\"https:\/\/www.notibras.com\/site\/#website\"},\"primaryImageOfPage\":{\"@id\":\"https:\/\/www.notibras.com\/site\/modelo-economico-de-dilma-fracassa-e-joga-o-brasil-na-lona\/#primaryimage\"},\"image\":{\"@id\":\"https:\/\/www.notibras.com\/site\/modelo-economico-de-dilma-fracassa-e-joga-o-brasil-na-lona\/#primaryimage\"},\"thumbnailUrl\":\"https:\/\/www.notibras.com\/site\/wp-content\/uploads\/2015\/09\/crise-bovespa-g-20090930.jpg\",\"datePublished\":\"2015-09-04T01:04:20+00:00\",\"dateModified\":\"2015-09-05T00:51:35+00:00\",\"breadcrumb\":{\"@id\":\"https:\/\/www.notibras.com\/site\/modelo-economico-de-dilma-fracassa-e-joga-o-brasil-na-lona\/#breadcrumb\"},\"inLanguage\":\"pt-BR\",\"potentialAction\":[{\"@type\":\"ReadAction\",\"target\":[\"https:\/\/www.notibras.com\/site\/modelo-economico-de-dilma-fracassa-e-joga-o-brasil-na-lona\/\"]}]},{\"@type\":\"ImageObject\",\"inLanguage\":\"pt-BR\",\"@id\":\"https:\/\/www.notibras.com\/site\/modelo-economico-de-dilma-fracassa-e-joga-o-brasil-na-lona\/#primaryimage\",\"url\":\"https:\/\/www.notibras.com\/site\/wp-content\/uploads\/2015\/09\/crise-bovespa-g-20090930.jpg\",\"contentUrl\":\"https:\/\/www.notibras.com\/site\/wp-content\/uploads\/2015\/09\/crise-bovespa-g-20090930.jpg\",\"width\":450,\"height\":338},{\"@type\":\"BreadcrumbList\",\"@id\":\"https:\/\/www.notibras.com\/site\/modelo-economico-de-dilma-fracassa-e-joga-o-brasil-na-lona\/#breadcrumb\",\"itemListElement\":[{\"@type\":\"ListItem\",\"position\":1,\"name\":\"In\u00edcio\",\"item\":\"https:\/\/www.notibras.com\/site\/\"},{\"@type\":\"ListItem\",\"position\":2,\"name\":\"Modelo econ\u00f4mico de Dilma fracassa, \u00e9 nocauteado e joga o Brasil de vez na lona\"}]},{\"@type\":\"WebSite\",\"@id\":\"https:\/\/www.notibras.com\/site\/#website\",\"url\":\"https:\/\/www.notibras.com\/site\/\",\"name\":\"Notibras\",\"description\":\"Not\u00edcias de Bras\u00edlia, do Brasil e do Mundo\",\"publisher\":{\"@id\":\"https:\/\/www.notibras.com\/site\/#organization\"},\"potentialAction\":[{\"@type\":\"SearchAction\",\"target\":{\"@type\":\"EntryPoint\",\"urlTemplate\":\"https:\/\/www.notibras.com\/site\/?s={search_term_string}\"},\"query-input\":{\"@type\":\"PropertyValueSpecification\",\"valueRequired\":true,\"valueName\":\"search_term_string\"}}],\"inLanguage\":\"pt-BR\"},{\"@type\":\"Organization\",\"@id\":\"https:\/\/www.notibras.com\/site\/#organization\",\"name\":\"Grupo Notibras de Comunica\u00e7\u00e3o\",\"url\":\"https:\/\/www.notibras.com\/site\/\",\"logo\":{\"@type\":\"ImageObject\",\"inLanguage\":\"pt-BR\",\"@id\":\"https:\/\/www.notibras.com\/site\/#\/schema\/logo\/image\/\",\"url\":\"https:\/\/www.notibras.com\/site\/wp-content\/uploads\/2023\/01\/notibras23.png\",\"contentUrl\":\"https:\/\/www.notibras.com\/site\/wp-content\/uploads\/2023\/01\/notibras23.png\",\"width\":350,\"height\":87,\"caption\":\"Grupo Notibras de Comunica\u00e7\u00e3o\"},\"image\":{\"@id\":\"https:\/\/www.notibras.com\/site\/#\/schema\/logo\/image\/\"},\"sameAs\":[\"https:\/\/www.facebook.com\/notibras\/\",\"https:\/\/x.com\/Notibras\",\"https:\/\/www.instagram.com\/notibras\/\"]},{\"@type\":\"Person\",\"@id\":\"https:\/\/www.notibras.com\/site\/#\/schema\/person\/36ab0979449956132d3e5b517ea76ac8\",\"name\":\"Reda\u00e7\u00e3o\",\"image\":{\"@type\":\"ImageObject\",\"inLanguage\":\"pt-BR\",\"@id\":\"https:\/\/secure.gravatar.com\/avatar\/e0a867bdedb85fd243eadf09663511f96fc81e0720a4a42581f334ad4303aa6b?s=96&d=mm&r=g\",\"url\":\"https:\/\/secure.gravatar.com\/avatar\/e0a867bdedb85fd243eadf09663511f96fc81e0720a4a42581f334ad4303aa6b?s=96&d=mm&r=g\",\"contentUrl\":\"https:\/\/secure.gravatar.com\/avatar\/e0a867bdedb85fd243eadf09663511f96fc81e0720a4a42581f334ad4303aa6b?s=96&d=mm&r=g\",\"caption\":\"Reda\u00e7\u00e3o\"}}]}<\/script>\n<!-- \/ Yoast SEO plugin. -->","yoast_head_json":{"title":"Modelo econ\u00f4mico de Dilma fracassa, \u00e9 nocauteado e joga o Brasil de vez na lona - Notibras","robots":{"index":"index","follow":"follow","max-snippet":"max-snippet:-1","max-image-preview":"max-image-preview:large","max-video-preview":"max-video-preview:-1"},"canonical":"https:\/\/www.notibras.com\/site\/modelo-economico-de-dilma-fracassa-e-joga-o-brasil-na-lona\/","og_locale":"pt_BR","og_type":"article","og_title":"Modelo econ\u00f4mico de Dilma fracassa, \u00e9 nocauteado e joga o Brasil de vez na lona - Notibras","og_description":"A economia brasileira desabou. Encolheu 1,9% no segundo trimestre (abril, maio e junho), o pior resultado desde o in\u00edcio de 2009. No primeiro trimestre (janeiro, fevereiro e mar\u00e7o) a retra\u00e7\u00e3o foi de 0,7%. Os especialistas em economia estimam que no terceiro trimestre (julho, agosto e setembro), o PIB fique negativo entre 0,5% a 2%. As [&hellip;]","og_url":"https:\/\/www.notibras.com\/site\/modelo-economico-de-dilma-fracassa-e-joga-o-brasil-na-lona\/","og_site_name":"Notibras","article_publisher":"https:\/\/www.facebook.com\/notibras\/","article_published_time":"2015-09-04T01:04:20+00:00","article_modified_time":"2015-09-05T00:51:35+00:00","og_image":[{"width":450,"height":338,"url":"https:\/\/www.notibras.com\/site\/wp-content\/uploads\/2015\/09\/crise-bovespa-g-20090930.jpg","type":"image\/jpeg"}],"author":"Reda\u00e7\u00e3o","twitter_card":"summary_large_image","twitter_creator":"@Notibras","twitter_site":"@Notibras","twitter_misc":{"Escrito por":"Reda\u00e7\u00e3o","Est. tempo de leitura":"2 minutos"},"schema":{"@context":"https:\/\/schema.org","@graph":[{"@type":"Article","@id":"https:\/\/www.notibras.com\/site\/modelo-economico-de-dilma-fracassa-e-joga-o-brasil-na-lona\/#article","isPartOf":{"@id":"https:\/\/www.notibras.com\/site\/modelo-economico-de-dilma-fracassa-e-joga-o-brasil-na-lona\/"},"author":{"name":"Reda\u00e7\u00e3o","@id":"https:\/\/www.notibras.com\/site\/#\/schema\/person\/36ab0979449956132d3e5b517ea76ac8"},"headline":"Modelo econ\u00f4mico de Dilma fracassa, \u00e9 nocauteado e joga o Brasil de vez na lona","datePublished":"2015-09-04T01:04:20+00:00","dateModified":"2015-09-05T00:51:35+00:00","mainEntityOfPage":{"@id":"https:\/\/www.notibras.com\/site\/modelo-economico-de-dilma-fracassa-e-joga-o-brasil-na-lona\/"},"wordCount":403,"commentCount":0,"publisher":{"@id":"https:\/\/www.notibras.com\/site\/#organization"},"image":{"@id":"https:\/\/www.notibras.com\/site\/modelo-economico-de-dilma-fracassa-e-joga-o-brasil-na-lona\/#primaryimage"},"thumbnailUrl":"https:\/\/www.notibras.com\/site\/wp-content\/uploads\/2015\/09\/crise-bovespa-g-20090930.jpg","articleSection":["Cl\u00e1udio Coletti"],"inLanguage":"pt-BR","potentialAction":[{"@type":"CommentAction","name":"Comment","target":["https:\/\/www.notibras.com\/site\/modelo-economico-de-dilma-fracassa-e-joga-o-brasil-na-lona\/#respond"]}]},{"@type":"WebPage","@id":"https:\/\/www.notibras.com\/site\/modelo-economico-de-dilma-fracassa-e-joga-o-brasil-na-lona\/","url":"https:\/\/www.notibras.com\/site\/modelo-economico-de-dilma-fracassa-e-joga-o-brasil-na-lona\/","name":"Modelo econ\u00f4mico de Dilma fracassa, \u00e9 nocauteado e joga o Brasil de vez na lona - Notibras","isPartOf":{"@id":"https:\/\/www.notibras.com\/site\/#website"},"primaryImageOfPage":{"@id":"https:\/\/www.notibras.com\/site\/modelo-economico-de-dilma-fracassa-e-joga-o-brasil-na-lona\/#primaryimage"},"image":{"@id":"https:\/\/www.notibras.com\/site\/modelo-economico-de-dilma-fracassa-e-joga-o-brasil-na-lona\/#primaryimage"},"thumbnailUrl":"https:\/\/www.notibras.com\/site\/wp-content\/uploads\/2015\/09\/crise-bovespa-g-20090930.jpg","datePublished":"2015-09-04T01:04:20+00:00","dateModified":"2015-09-05T00:51:35+00:00","breadcrumb":{"@id":"https:\/\/www.notibras.com\/site\/modelo-economico-de-dilma-fracassa-e-joga-o-brasil-na-lona\/#breadcrumb"},"inLanguage":"pt-BR","potentialAction":[{"@type":"ReadAction","target":["https:\/\/www.notibras.com\/site\/modelo-economico-de-dilma-fracassa-e-joga-o-brasil-na-lona\/"]}]},{"@type":"ImageObject","inLanguage":"pt-BR","@id":"https:\/\/www.notibras.com\/site\/modelo-economico-de-dilma-fracassa-e-joga-o-brasil-na-lona\/#primaryimage","url":"https:\/\/www.notibras.com\/site\/wp-content\/uploads\/2015\/09\/crise-bovespa-g-20090930.jpg","contentUrl":"https:\/\/www.notibras.com\/site\/wp-content\/uploads\/2015\/09\/crise-bovespa-g-20090930.jpg","width":450,"height":338},{"@type":"BreadcrumbList","@id":"https:\/\/www.notibras.com\/site\/modelo-economico-de-dilma-fracassa-e-joga-o-brasil-na-lona\/#breadcrumb","itemListElement":[{"@type":"ListItem","position":1,"name":"In\u00edcio","item":"https:\/\/www.notibras.com\/site\/"},{"@type":"ListItem","position":2,"name":"Modelo econ\u00f4mico de Dilma fracassa, \u00e9 nocauteado e joga o Brasil de vez na lona"}]},{"@type":"WebSite","@id":"https:\/\/www.notibras.com\/site\/#website","url":"https:\/\/www.notibras.com\/site\/","name":"Notibras","description":"Not\u00edcias de Bras\u00edlia, do Brasil e do Mundo","publisher":{"@id":"https:\/\/www.notibras.com\/site\/#organization"},"potentialAction":[{"@type":"SearchAction","target":{"@type":"EntryPoint","urlTemplate":"https:\/\/www.notibras.com\/site\/?s={search_term_string}"},"query-input":{"@type":"PropertyValueSpecification","valueRequired":true,"valueName":"search_term_string"}}],"inLanguage":"pt-BR"},{"@type":"Organization","@id":"https:\/\/www.notibras.com\/site\/#organization","name":"Grupo Notibras de Comunica\u00e7\u00e3o","url":"https:\/\/www.notibras.com\/site\/","logo":{"@type":"ImageObject","inLanguage":"pt-BR","@id":"https:\/\/www.notibras.com\/site\/#\/schema\/logo\/image\/","url":"https:\/\/www.notibras.com\/site\/wp-content\/uploads\/2023\/01\/notibras23.png","contentUrl":"https:\/\/www.notibras.com\/site\/wp-content\/uploads\/2023\/01\/notibras23.png","width":350,"height":87,"caption":"Grupo Notibras de Comunica\u00e7\u00e3o"},"image":{"@id":"https:\/\/www.notibras.com\/site\/#\/schema\/logo\/image\/"},"sameAs":["https:\/\/www.facebook.com\/notibras\/","https:\/\/x.com\/Notibras","https:\/\/www.instagram.com\/notibras\/"]},{"@type":"Person","@id":"https:\/\/www.notibras.com\/site\/#\/schema\/person\/36ab0979449956132d3e5b517ea76ac8","name":"Reda\u00e7\u00e3o","image":{"@type":"ImageObject","inLanguage":"pt-BR","@id":"https:\/\/secure.gravatar.com\/avatar\/e0a867bdedb85fd243eadf09663511f96fc81e0720a4a42581f334ad4303aa6b?s=96&d=mm&r=g","url":"https:\/\/secure.gravatar.com\/avatar\/e0a867bdedb85fd243eadf09663511f96fc81e0720a4a42581f334ad4303aa6b?s=96&d=mm&r=g","contentUrl":"https:\/\/secure.gravatar.com\/avatar\/e0a867bdedb85fd243eadf09663511f96fc81e0720a4a42581f334ad4303aa6b?s=96&d=mm&r=g","caption":"Reda\u00e7\u00e3o"}}]}},"amp_enabled":true,"_links":{"self":[{"href":"https:\/\/www.notibras.com\/site\/wp-json\/wp\/v2\/posts\/66040","targetHints":{"allow":["GET"]}}],"collection":[{"href":"https:\/\/www.notibras.com\/site\/wp-json\/wp\/v2\/posts"}],"about":[{"href":"https:\/\/www.notibras.com\/site\/wp-json\/wp\/v2\/types\/post"}],"author":[{"embeddable":true,"href":"https:\/\/www.notibras.com\/site\/wp-json\/wp\/v2\/users\/2"}],"replies":[{"embeddable":true,"href":"https:\/\/www.notibras.com\/site\/wp-json\/wp\/v2\/comments?post=66040"}],"version-history":[{"count":3,"href":"https:\/\/www.notibras.com\/site\/wp-json\/wp\/v2\/posts\/66040\/revisions"}],"predecessor-version":[{"id":66150,"href":"https:\/\/www.notibras.com\/site\/wp-json\/wp\/v2\/posts\/66040\/revisions\/66150"}],"wp:featuredmedia":[{"embeddable":true,"href":"https:\/\/www.notibras.com\/site\/wp-json\/wp\/v2\/media\/66041"}],"wp:attachment":[{"href":"https:\/\/www.notibras.com\/site\/wp-json\/wp\/v2\/media?parent=66040"}],"wp:term":[{"taxonomy":"category","embeddable":true,"href":"https:\/\/www.notibras.com\/site\/wp-json\/wp\/v2\/categories?post=66040"},{"taxonomy":"post_tag","embeddable":true,"href":"https:\/\/www.notibras.com\/site\/wp-json\/wp\/v2\/tags?post=66040"}],"curies":[{"name":"wp","href":"https:\/\/api.w.org\/{rel}","templated":true}]}}